{"id":76028,"date":"2013-11-05T17:38:16","date_gmt":"2013-11-05T16:38:16","guid":{"rendered":"http:\/\/www.visit-ulcinj.com\/blog\/?p=76028"},"modified":"2013-11-05T17:38:16","modified_gmt":"2013-11-05T16:38:16","slug":"klubi-karatese-ulqini-mori-pjese-ne-tre-turne-nderkombetare","status":"publish","type":"post","link":"https:\/\/www.visit-ulcinj.com\/blog\/2013\/11\/05\/klubi-karatese-ulqini-mori-pjese-ne-tre-turne-nderkombetare\/","title":{"rendered":"Klubi i Karates\u00eb \u201cUlqini\u201d mori pjes\u00eb n\u00eb tre turne nd\u00ebrkomb\u00ebtar\u00eb"},"content":{"rendered":"<p><a href=\"http:\/\/www.visit-ulcinj.com\/blog\/wp-content\/uploads\/2013\/11\/Klubi-Karates-Ulqini.jpg\"><img loading=\"lazy\" class=\"alignleft  wp-image-76029\" alt=\"Klubi-Karates-Ulqini\" src=\"http:\/\/www.visit-ulcinj.com\/blog\/wp-content\/uploads\/2013\/11\/Klubi-Karates-Ulqini.jpg\" width=\"508\" height=\"360\" \/><\/a>Klubi i Karates\u00eb \u201cUlqini\u201d mori pjes\u00eb n\u00eb tre turne nd\u00ebrkomb\u00ebtar\u00eb KK \u201cULQINI\u201d S\u2019KA T\u00cb NDALUR &#8211; SHK\u00cbLQEN SI \u00c7DO HER\u00cb M\u00eb 26 tetor 2013 n\u00eb Tivar u mbajt u Turneu IV nd\u00ebrkomb\u00ebtar i karates\u00eb \u201cTrofeu i Tivarit 2013\u201d. Klubi i karates\u00eb \u201cUlqini\u201d u paraqit me 17 garues, t\u00eb cil\u00ebt arrit\u00ebn t\u00eb fitojn\u00eb 15 medalje: 2 medalje t\u00eb arta, 2 t\u00eb argjendta, 11t\u00eb bronzta dhe 2 kupa p\u00ebr 2 vendet e par\u00eb. Me medalje t\u00eb art\u00eb u kuror\u00ebzuan Ronald Jacoviq dhe Diell\u00ebza Rama, nd\u00ebrsa me medalje t\u00eb argjendta u kuror\u00ebzuan Pjeter Hota dhe Antigona Rama. Me nga disa medalje t\u00eb tjera u shp\u00ebrblyen edhe k\u00ebta garues: Ensar Marshiq, Mark Daboviq, Ibrahim Zogaj, Mensur Ceka, Kristian Junkoviq dhe Emill Kallaba. M\u00eb 27 tetor 2013 n\u00eb Gjilan u mbajt u Turneu VIII nd\u00ebrkomb\u00ebtar i karates\u00eb \u201cKatana Open 2013\u201d.<\/p>\n<p>Klubi i karates\u00eb \u201cUlqini\u201d n\u00eb k\u00ebt\u00eb turne u paraqit me 5 garues, t\u00eb cil\u00ebt arrit\u00ebn t\u00eb fitojn\u00eb 5 medalje: 4 medalje t\u00eb arta, 1 t\u00eb bronzt\u00eb dhe 4 kupa p\u00ebr vendet e para. N\u00eb k\u00ebt\u00eb turne me medalje t\u00eb arta u kuror\u00ebzuan Seida Suma &#8211; kata individuale (seniore), Albion Duraku &#8211; luft\u00ebra individuale (junior), Edin Kraja &#8211; luft\u00ebra individuale (junior), Lavdim Tula &#8211; luft\u00ebra individuale (junior) dhe Edin Kraja u kuror\u00ebzua me nj\u00eb medalje t\u00eb bronzt\u00eb n\u00eb luft\u00ebra individuale (senior). Po ashtu, organizatori Maliq Maliqi na nderoi me nj\u00eb kup\u00eb fal\u00ebnderimi p\u00ebr pjes\u00ebmarrje. Udh\u00ebheq\u00ebsia e klubit e fal\u00ebnderon Maliq Maliqin p\u00ebr respektin dhe mikpritjen. M\u00eb 1 n\u00ebntor 2013 n\u00eb Orllan t\u00eb Kosov\u00ebs u mbajt Turneu VIII memorial \u201cZahir Pajaziti\u201d, ku klubi i karates\u00eb \u201cUlqini\u201d u paraqit me 1 garues, Seida Sum\u00ebn, e cila arriti t\u00eb kuror\u00ebzohet me 2 medalje: nj\u00eb t\u00eb art\u00eb, nj\u00eb t\u00eb argjendt\u00eb dhe me nj\u00eb kup\u00eb n\u00eb shenj fal\u00ebnderimi p\u00ebr pjes\u00ebmarrje nga organizatori i k\u00ebtij turneu, Safet Ramadani, t\u00eb cilin e fal\u00ebnderojm\u00eb p\u00ebr mikpritje.<\/p>\n<p>&#8211; \u00cbsht\u00eb ky nj\u00eb vazhdim i sukseseve tona, por ne nuk do t\u00eb ndalemi k\u00ebtu, pasi q\u00eb na presin dhe shum\u00eb sfida t\u00eb tjera, prej t\u00eb cilave me siguri do t\u00eb dalim fitimtar\u00eb, si\u00e7 jan\u00eb Kampionati i Malit t\u00eb Zi p\u00ebr Kadet\u00eb dhe Junior\u00eb dhe Kupa e Malit t\u00eb Zi p\u00ebr Senior\u00eb t\u00eb Rinj, pastaj Turneu Nd\u00ebrkomb\u00ebtar n\u00eb Budapest, Bosnje, Maqedoni, Kroaci etj., &#8211; shprehen trajner\u00ebt e klubit Naim Duraku, Anell Beganoviq, Blerim Sukaliq, Kujtim Sukaliq, Ruzhdi Rama dhe udh\u00ebheq\u00ebsi i ekipit profesinal t\u00eb trajner\u00ebve Gjergj Daboviq. Udh\u00ebheq\u00ebsia m\u00eb e lart\u00eb e klubit n\u00eb krye me kryetarin Loro Nrekiq shprehin k\u00ebnaq\u00ebsin\u00eb e tyre me pun\u00ebn e trajner\u00ebve dhe rezultatet e shk\u00eblqyeshme t\u00eb garuesve t\u00eb tyre: -Kemi nj\u00eb ekip profesionist\u00ebsh t\u00eb trajner\u00ebve dhe kjo \u00ebsht\u00eb edhe nj\u00eb aryse q\u00eb edhe n\u00eb t\u00eb ardhmen t\u2019i ndihmojm\u00eb edhe m\u00eb tep\u00ebr k\u00ebta t\u00eb rinj. Drejtori i marketingut Skender Tahiri apelon te t\u00eb gjith\u00eb institucionet publike dhe ato private dhe te t\u00eb gjith\u00eb qytetar\u00ebt q\u00eb t\u00eb ndihmojn\u00eb t\u00eb rinjt\u00eb, t\u00eb ndihmojn\u00eb sportin, se kjo \u00ebsht\u00eb rruga e duhur p\u00ebr rinin\u00eb ton\u00eb.<\/p>\n<p>SH\u00cbRBIMI INFORMATIV I KLUBIT T\u00cb KARATES\u00cb \u201cULQINI\u201d<\/p>\n","protected":false},"excerpt":{"rendered":"<p>Klubi i Karates\u00eb \u201cUlqini\u201d mori pjes\u00eb n\u00eb tre turne nd\u00ebrkomb\u00ebtar\u00eb KK \u201cULQINI\u201d S\u2019KA T\u00cb NDALUR &#8211; SHK\u00cbLQEN SI \u00c7DO HER\u00cb M\u00eb 26 tetor 2013 n\u00eb Tivar u mbajt u Turneu IV nd\u00ebrkomb\u00ebtar i karates\u00eb \u201cTrofeu i Tivarit 2013\u201d. Klubi i karates\u00eb \u201cUlqini\u201d u paraqit me 17 garues, t\u00eb cil\u00ebt arrit\u00ebn t\u00eb fitojn\u00eb 15 medalje: 2 [&hellip;]<\/p>\n","protected":false},"author":1,"featured_media":0,"comment_status":"closed","ping_status":"closed","sticky":false,"template":"","format":"standard","meta":{"spay_email":"","jetpack_publicize_message":"","jetpack_is_tweetstorm":false,"jetpack_publicize_feature_enabled":true},"categories":[3],"tags":[],"jetpack_publicize_connections":[],"yoast_head":"<!-- This site is optimized with the Yoast SEO plugin v19.1 - https:\/\/yoast.com\/wordpress\/plugins\/seo\/ -->\n<title>Klubi i Karates\u00eb \u201cUlqini\u201d mori pjes\u00eb n\u00eb tre turne nd\u00ebrkomb\u00ebtar\u00eb - Lajme nga Ulqini<\/title>\n<meta name=\"description\" content=\"Klubi i Karates\u00eb \u201cUlqini\u201d mori pjes\u00eb n\u00eb tre turne nd\u00ebrkomb\u00ebtar\u00eb KK \u201cULQINI\u201d S\u2019KA T\u00cb NDALUR - SHK\u00cbLQEN SI \u00c7DO HER\u00cb M\u00eb 26 tetor 2013 n\u00eb Tivar u mbajt u\" \/>\n<meta name=\"robots\" content=\"index, follow, max-snippet:-1, max-image-preview:large, max-video-preview:-1\" \/>\n<link rel=\"canonical\" href=\"https:\/\/www.visit-ulcinj.com\/blog\/2013\/11\/05\/klubi-karatese-ulqini-mori-pjese-ne-tre-turne-nderkombetare\/\" \/>\n<meta property=\"og:locale\" content=\"en_US\" \/>\n<meta property=\"og:type\" content=\"article\" \/>\n<meta property=\"og:title\" content=\"Klubi i Karates\u00eb \u201cUlqini\u201d mori pjes\u00eb n\u00eb tre turne nd\u00ebrkomb\u00ebtar\u00eb - Lajme nga Ulqini\" \/>\n<meta property=\"og:description\" content=\"Klubi i Karates\u00eb \u201cUlqini\u201d mori pjes\u00eb n\u00eb tre turne nd\u00ebrkomb\u00ebtar\u00eb KK \u201cULQINI\u201d S\u2019KA T\u00cb NDALUR - SHK\u00cbLQEN SI \u00c7DO HER\u00cb M\u00eb 26 tetor 2013 n\u00eb Tivar u mbajt u\" \/>\n<meta property=\"og:url\" content=\"https:\/\/www.visit-ulcinj.com\/blog\/2013\/11\/05\/klubi-karatese-ulqini-mori-pjese-ne-tre-turne-nderkombetare\/\" \/>\n<meta property=\"og:site_name\" content=\"Lajme nga Ulqini\" \/>\n<meta property=\"article:published_time\" content=\"2013-11-05T16:38:16+00:00\" \/>\n<meta property=\"og:image\" content=\"http:\/\/www.visit-ulcinj.com\/blog\/wp-content\/uploads\/2013\/11\/Klubi-Karates-Ulqini.jpg\" \/>\n<meta name=\"twitter:label1\" content=\"Written by\" \/>\n\t<meta name=\"twitter:data1\" content=\"ulqini\" \/>\n\t<meta name=\"twitter:label2\" content=\"Est. reading time\" \/>\n\t<meta name=\"twitter:data2\" content=\"3 minutes\" \/>\n<script type=\"application\/ld+json\" class=\"yoast-schema-graph\">{\"@context\":\"https:\/\/schema.org\",\"@graph\":[{\"@type\":\"WebSite\",\"@id\":\"https:\/\/www.visit-ulcinj.com\/blog\/#website\",\"url\":\"https:\/\/www.visit-ulcinj.com\/blog\/\",\"name\":\"Lajme nga Ulqini\",\"description\":\"Lajme,Vijesti,Ulqini,Ulqin,Crna Gora,Mali i Zi\",\"potentialAction\":[{\"@type\":\"SearchAction\",\"target\":{\"@type\":\"EntryPoint\",\"urlTemplate\":\"https:\/\/www.visit-ulcinj.com\/blog\/?s={search_term_string}\"},\"query-input\":\"required name=search_term_string\"}],\"inLanguage\":\"en-US\"},{\"@type\":\"ImageObject\",\"inLanguage\":\"en-US\",\"@id\":\"https:\/\/www.visit-ulcinj.com\/blog\/2013\/11\/05\/klubi-karatese-ulqini-mori-pjese-ne-tre-turne-nderkombetare\/#primaryimage\",\"url\":\"https:\/\/www.visit-ulcinj.com\/blog\/wp-content\/uploads\/2013\/11\/Klubi-Karates-Ulqini.jpg\",\"contentUrl\":\"https:\/\/www.visit-ulcinj.com\/blog\/wp-content\/uploads\/2013\/11\/Klubi-Karates-Ulqini.jpg\",\"width\":960,\"height\":717},{\"@type\":\"WebPage\",\"@id\":\"https:\/\/www.visit-ulcinj.com\/blog\/2013\/11\/05\/klubi-karatese-ulqini-mori-pjese-ne-tre-turne-nderkombetare\/#webpage\",\"url\":\"https:\/\/www.visit-ulcinj.com\/blog\/2013\/11\/05\/klubi-karatese-ulqini-mori-pjese-ne-tre-turne-nderkombetare\/\",\"name\":\"Klubi i Karates\u00eb \u201cUlqini\u201d mori pjes\u00eb n\u00eb tre turne nd\u00ebrkomb\u00ebtar\u00eb - Lajme nga Ulqini\",\"isPartOf\":{\"@id\":\"https:\/\/www.visit-ulcinj.com\/blog\/#website\"},\"primaryImageOfPage\":{\"@id\":\"https:\/\/www.visit-ulcinj.com\/blog\/2013\/11\/05\/klubi-karatese-ulqini-mori-pjese-ne-tre-turne-nderkombetare\/#primaryimage\"},\"datePublished\":\"2013-11-05T16:38:16+00:00\",\"dateModified\":\"2013-11-05T16:38:16+00:00\",\"author\":{\"@id\":\"https:\/\/www.visit-ulcinj.com\/blog\/#\/schema\/person\/dcab619c614d3038751c63bc2aadc06d\"},\"description\":\"Klubi i Karates\u00eb \u201cUlqini\u201d mori pjes\u00eb n\u00eb tre turne nd\u00ebrkomb\u00ebtar\u00eb KK \u201cULQINI\u201d S\u2019KA T\u00cb NDALUR - SHK\u00cbLQEN SI \u00c7DO HER\u00cb M\u00eb 26 tetor 2013 n\u00eb Tivar u mbajt u\",\"breadcrumb\":{\"@id\":\"https:\/\/www.visit-ulcinj.com\/blog\/2013\/11\/05\/klubi-karatese-ulqini-mori-pjese-ne-tre-turne-nderkombetare\/#breadcrumb\"},\"inLanguage\":\"en-US\",\"potentialAction\":[{\"@type\":\"ReadAction\",\"target\":[\"https:\/\/www.visit-ulcinj.com\/blog\/2013\/11\/05\/klubi-karatese-ulqini-mori-pjese-ne-tre-turne-nderkombetare\/\"]}]},{\"@type\":\"BreadcrumbList\",\"@id\":\"https:\/\/www.visit-ulcinj.com\/blog\/2013\/11\/05\/klubi-karatese-ulqini-mori-pjese-ne-tre-turne-nderkombetare\/#breadcrumb\",\"itemListElement\":[{\"@type\":\"ListItem\",\"position\":1,\"name\":\"Klubi i Karates\u00eb \u201cUlqini\u201d mori pjes\u00eb n\u00eb tre turne nd\u00ebrkomb\u00ebtar\u00eb\"}]},{\"@type\":\"Person\",\"@id\":\"https:\/\/www.visit-ulcinj.com\/blog\/#\/schema\/person\/dcab619c614d3038751c63bc2aadc06d\",\"name\":\"ulqini\",\"sameAs\":[\"http:\/\/www.visit-ulcinj.com\"],\"url\":\"https:\/\/www.visit-ulcinj.com\/blog\/author\/admin\/\"}]}<\/script>\n<!-- \/ Yoast SEO plugin. -->","yoast_head_json":{"title":"Klubi i Karates\u00eb \u201cUlqini\u201d mori pjes\u00eb n\u00eb tre turne nd\u00ebrkomb\u00ebtar\u00eb - Lajme nga Ulqini","description":"Klubi i Karates\u00eb \u201cUlqini\u201d mori pjes\u00eb n\u00eb tre turne nd\u00ebrkomb\u00ebtar\u00eb KK \u201cULQINI\u201d S\u2019KA T\u00cb NDALUR - SHK\u00cbLQEN SI \u00c7DO HER\u00cb M\u00eb 26 tetor 2013 n\u00eb Tivar u mbajt u","robots":{"index":"index","follow":"follow","max-snippet":"max-snippet:-1","max-image-preview":"max-image-preview:large","max-video-preview":"max-video-preview:-1"},"canonical":"https:\/\/www.visit-ulcinj.com\/blog\/2013\/11\/05\/klubi-karatese-ulqini-mori-pjese-ne-tre-turne-nderkombetare\/","og_locale":"en_US","og_type":"article","og_title":"Klubi i Karates\u00eb \u201cUlqini\u201d mori pjes\u00eb n\u00eb tre turne nd\u00ebrkomb\u00ebtar\u00eb - Lajme nga Ulqini","og_description":"Klubi i Karates\u00eb \u201cUlqini\u201d mori pjes\u00eb n\u00eb tre turne nd\u00ebrkomb\u00ebtar\u00eb KK \u201cULQINI\u201d S\u2019KA T\u00cb NDALUR - SHK\u00cbLQEN SI \u00c7DO HER\u00cb M\u00eb 26 tetor 2013 n\u00eb Tivar u mbajt u","og_url":"https:\/\/www.visit-ulcinj.com\/blog\/2013\/11\/05\/klubi-karatese-ulqini-mori-pjese-ne-tre-turne-nderkombetare\/","og_site_name":"Lajme nga Ulqini","article_published_time":"2013-11-05T16:38:16+00:00","og_image":[{"url":"http:\/\/www.visit-ulcinj.com\/blog\/wp-content\/uploads\/2013\/11\/Klubi-Karates-Ulqini.jpg"}],"twitter_misc":{"Written by":"ulqini","Est. reading time":"3 minutes"},"schema":{"@context":"https:\/\/schema.org","@graph":[{"@type":"WebSite","@id":"https:\/\/www.visit-ulcinj.com\/blog\/#website","url":"https:\/\/www.visit-ulcinj.com\/blog\/","name":"Lajme nga Ulqini","description":"Lajme,Vijesti,Ulqini,Ulqin,Crna Gora,Mali i Zi","potentialAction":[{"@type":"SearchAction","target":{"@type":"EntryPoint","urlTemplate":"https:\/\/www.visit-ulcinj.com\/blog\/?s={search_term_string}"},"query-input":"required name=search_term_string"}],"inLanguage":"en-US"},{"@type":"ImageObject","inLanguage":"en-US","@id":"https:\/\/www.visit-ulcinj.com\/blog\/2013\/11\/05\/klubi-karatese-ulqini-mori-pjese-ne-tre-turne-nderkombetare\/#primaryimage","url":"https:\/\/www.visit-ulcinj.com\/blog\/wp-content\/uploads\/2013\/11\/Klubi-Karates-Ulqini.jpg","contentUrl":"https:\/\/www.visit-ulcinj.com\/blog\/wp-content\/uploads\/2013\/11\/Klubi-Karates-Ulqini.jpg","width":960,"height":717},{"@type":"WebPage","@id":"https:\/\/www.visit-ulcinj.com\/blog\/2013\/11\/05\/klubi-karatese-ulqini-mori-pjese-ne-tre-turne-nderkombetare\/#webpage","url":"https:\/\/www.visit-ulcinj.com\/blog\/2013\/11\/05\/klubi-karatese-ulqini-mori-pjese-ne-tre-turne-nderkombetare\/","name":"Klubi i Karates\u00eb \u201cUlqini\u201d mori pjes\u00eb n\u00eb tre turne nd\u00ebrkomb\u00ebtar\u00eb - Lajme nga Ulqini","isPartOf":{"@id":"https:\/\/www.visit-ulcinj.com\/blog\/#website"},"primaryImageOfPage":{"@id":"https:\/\/www.visit-ulcinj.com\/blog\/2013\/11\/05\/klubi-karatese-ulqini-mori-pjese-ne-tre-turne-nderkombetare\/#primaryimage"},"datePublished":"2013-11-05T16:38:16+00:00","dateModified":"2013-11-05T16:38:16+00:00","author":{"@id":"https:\/\/www.visit-ulcinj.com\/blog\/#\/schema\/person\/dcab619c614d3038751c63bc2aadc06d"},"description":"Klubi i Karates\u00eb \u201cUlqini\u201d mori pjes\u00eb n\u00eb tre turne nd\u00ebrkomb\u00ebtar\u00eb KK \u201cULQINI\u201d S\u2019KA T\u00cb NDALUR - SHK\u00cbLQEN SI \u00c7DO HER\u00cb M\u00eb 26 tetor 2013 n\u00eb Tivar u mbajt u","breadcrumb":{"@id":"https:\/\/www.visit-ulcinj.com\/blog\/2013\/11\/05\/klubi-karatese-ulqini-mori-pjese-ne-tre-turne-nderkombetare\/#breadcrumb"},"inLanguage":"en-US","potentialAction":[{"@type":"ReadAction","target":["https:\/\/www.visit-ulcinj.com\/blog\/2013\/11\/05\/klubi-karatese-ulqini-mori-pjese-ne-tre-turne-nderkombetare\/"]}]},{"@type":"BreadcrumbList","@id":"https:\/\/www.visit-ulcinj.com\/blog\/2013\/11\/05\/klubi-karatese-ulqini-mori-pjese-ne-tre-turne-nderkombetare\/#breadcrumb","itemListElement":[{"@type":"ListItem","position":1,"name":"Klubi i Karates\u00eb \u201cUlqini\u201d mori pjes\u00eb n\u00eb tre turne nd\u00ebrkomb\u00ebtar\u00eb"}]},{"@type":"Person","@id":"https:\/\/www.visit-ulcinj.com\/blog\/#\/schema\/person\/dcab619c614d3038751c63bc2aadc06d","name":"ulqini","sameAs":["http:\/\/www.visit-ulcinj.com"],"url":"https:\/\/www.visit-ulcinj.com\/blog\/author\/admin\/"}]}},"jetpack_featured_media_url":"","jetpack_sharing_enabled":true,"jetpack_shortlink":"https:\/\/wp.me\/pe6lTn-jMg","_links":{"self":[{"href":"https:\/\/www.visit-ulcinj.com\/blog\/wp-json\/wp\/v2\/posts\/76028"}],"collection":[{"href":"https:\/\/www.visit-ulcinj.com\/blog\/wp-json\/wp\/v2\/posts"}],"about":[{"href":"https:\/\/www.visit-ulcinj.com\/blog\/wp-json\/wp\/v2\/types\/post"}],"author":[{"embeddable":true,"href":"https:\/\/www.visit-ulcinj.com\/blog\/wp-json\/wp\/v2\/users\/1"}],"replies":[{"embeddable":true,"href":"https:\/\/www.visit-ulcinj.com\/blog\/wp-json\/wp\/v2\/comments?post=76028"}],"version-history":[{"count":1,"href":"https:\/\/www.visit-ulcinj.com\/blog\/wp-json\/wp\/v2\/posts\/76028\/revisions"}],"predecessor-version":[{"id":76030,"href":"https:\/\/www.visit-ulcinj.com\/blog\/wp-json\/wp\/v2\/posts\/76028\/revisions\/76030"}],"wp:attachment":[{"href":"https:\/\/www.visit-ulcinj.com\/blog\/wp-json\/wp\/v2\/media?parent=76028"}],"wp:term":[{"taxonomy":"category","embeddable":true,"href":"https:\/\/www.visit-ulcinj.com\/blog\/wp-json\/wp\/v2\/categories?post=76028"},{"taxonomy":"post_tag","embeddable":true,"href":"https:\/\/www.visit-ulcinj.com\/blog\/wp-json\/wp\/v2\/tags?post=76028"}],"curies":[{"name":"wp","href":"https:\/\/api.w.org\/{rel}","templated":true}]}}