{"id":76039,"date":"2013-11-05T19:22:12","date_gmt":"2013-11-05T18:22:12","guid":{"rendered":"http:\/\/www.visit-ulcinj.com\/blog\/?p=76039"},"modified":"2013-11-05T19:22:12","modified_gmt":"2013-11-05T18:22:12","slug":"grom-udario-minaret-dzamije-pomoraca-u-ulcinj","status":"publish","type":"post","link":"https:\/\/www.visit-ulcinj.com\/blog\/2013\/11\/05\/grom-udario-minaret-dzamije-pomoraca-u-ulcinj\/","title":{"rendered":"Grom udario minaret &#8220;D\u017eamije Pomoraca&#8221; u Ulcinj"},"content":{"rendered":"<p><a href=\"http:\/\/www.visit-ulcinj.com\/blog\/wp-content\/uploads\/2013\/11\/Rrufeja-godet-minaren-e-Xhamis-se-detar\u00ebve-ne-Ulqin-2.jpg\"><img loading=\"lazy\" class=\"alignleft  wp-image-76033\" alt=\"Rrufeja godet minaren e Xhamis se detar\u00ebve ne Ulqin-2\" src=\"http:\/\/www.visit-ulcinj.com\/blog\/wp-content\/uploads\/2013\/11\/Rrufeja-godet-minaren-e-Xhamis-se-detar\u00ebve-ne-Ulqin-2.jpg\" width=\"508\" height=\"360\" \/><\/a><strong>Foto: <a id=\"js_6\" href=\"https:\/\/www.facebook.com\/ismet.karamanaga\" data-hovercard=\"\/ajax\/hovercard\/user.php?id=1359492972\">Ismet Karamanaga<\/a> Facebook<\/strong><\/p>\n<p>Iz Islamske zajednice naveli da na d\u017eamiji postoji gromobran, ali da \u201co\u010digledno nije bio funkcionalan\u201d<\/p>\n<p>Vrh minareta D\u017eamije pomoraca, koja se nalazi na \u0161etali\u0161tu uz obalu u Ulcinju, o\u0161te\u0107en je od udara groma, saop\u0161teno je iz Islamske zajednice u tom crnogorskom primorskom gradu.<\/p>\n<p>Iz Islamske zajednice su, kako prenose podgori\u010dki mediji, naveli da na d\u017eamiji postoji gromobran, ali da \u201co\u010digledno nije bio funkcionalan\u201d.<\/p>\n<p>\u201cTek \u0107e naknadna analiza pokazati koji su bili razlozi za ovu nesre\u0107u\u201d, naveli su iz te institucije.\u00a0D\u017eamija pomoraca u Ulcinju obnovljena je 2012. godine.<\/p>\n<p><strong>Izvor: Kurir.rs<\/strong><\/p>\n","protected":false},"excerpt":{"rendered":"<p>Foto: Ismet Karamanaga Facebook Iz Islamske zajednice naveli da na d\u017eamiji postoji gromobran, ali da \u201co\u010digledno nije bio funkcionalan\u201d Vrh minareta D\u017eamije pomoraca, koja se nalazi na \u0161etali\u0161tu uz obalu u Ulcinju, o\u0161te\u0107en je od udara groma, saop\u0161teno je iz Islamske zajednice u tom crnogorskom primorskom gradu. Iz Islamske zajednice su, kako prenose podgori\u010dki mediji, [&hellip;]<\/p>\n","protected":false},"author":1,"featured_media":0,"comment_status":"closed","ping_status":"closed","sticky":false,"template":"","format":"standard","meta":{"spay_email":"","jetpack_publicize_message":"","jetpack_is_tweetstorm":false,"jetpack_publicize_feature_enabled":true},"categories":[8337],"tags":[],"jetpack_publicize_connections":[],"yoast_head":"<!-- This site is optimized with the Yoast SEO plugin v19.1 - https:\/\/yoast.com\/wordpress\/plugins\/seo\/ -->\n<title>Grom udario minaret &quot;D\u017eamije Pomoraca&quot; u Ulcinj - Lajme nga Ulqini<\/title>\n<meta name=\"description\" content=\"Foto: Ismet Karamanaga Facebook Iz Islamske zajednice naveli da na d\u017eamiji postoji gromobran, ali da \u201co\u010digledno nije bio funkcionalan\u201d Vrh minareta\" \/>\n<meta name=\"robots\" content=\"index, follow, max-snippet:-1, max-image-preview:large, max-video-preview:-1\" \/>\n<link rel=\"canonical\" href=\"https:\/\/www.visit-ulcinj.com\/blog\/2013\/11\/05\/grom-udario-minaret-dzamije-pomoraca-u-ulcinj\/\" \/>\n<meta property=\"og:locale\" content=\"en_US\" \/>\n<meta property=\"og:type\" content=\"article\" \/>\n<meta property=\"og:title\" content=\"Grom udario minaret &quot;D\u017eamije Pomoraca&quot; u Ulcinj - Lajme nga Ulqini\" \/>\n<meta property=\"og:description\" content=\"Foto: Ismet Karamanaga Facebook Iz Islamske zajednice naveli da na d\u017eamiji postoji gromobran, ali da \u201co\u010digledno nije bio funkcionalan\u201d Vrh minareta\" \/>\n<meta property=\"og:url\" content=\"https:\/\/www.visit-ulcinj.com\/blog\/2013\/11\/05\/grom-udario-minaret-dzamije-pomoraca-u-ulcinj\/\" \/>\n<meta property=\"og:site_name\" content=\"Lajme nga Ulqini\" \/>\n<meta property=\"article:published_time\" content=\"2013-11-05T18:22:12+00:00\" \/>\n<meta name=\"twitter:label1\" content=\"Written by\" \/>\n\t<meta name=\"twitter:data1\" content=\"ulqini\" \/>\n\t<meta name=\"twitter:label2\" content=\"Est. reading time\" \/>\n\t<meta name=\"twitter:data2\" content=\"1 minute\" \/>\n<script type=\"application\/ld+json\" class=\"yoast-schema-graph\">{\"@context\":\"https:\/\/schema.org\",\"@graph\":[{\"@type\":\"WebSite\",\"@id\":\"https:\/\/www.visit-ulcinj.com\/blog\/#website\",\"url\":\"https:\/\/www.visit-ulcinj.com\/blog\/\",\"name\":\"Lajme nga Ulqini\",\"description\":\"Lajme,Vijesti,Ulqini,Ulqin,Crna Gora,Mali i Zi\",\"potentialAction\":[{\"@type\":\"SearchAction\",\"target\":{\"@type\":\"EntryPoint\",\"urlTemplate\":\"https:\/\/www.visit-ulcinj.com\/blog\/?s={search_term_string}\"},\"query-input\":\"required name=search_term_string\"}],\"inLanguage\":\"en-US\"},{\"@type\":\"WebPage\",\"@id\":\"https:\/\/www.visit-ulcinj.com\/blog\/2013\/11\/05\/grom-udario-minaret-dzamije-pomoraca-u-ulcinj\/#webpage\",\"url\":\"https:\/\/www.visit-ulcinj.com\/blog\/2013\/11\/05\/grom-udario-minaret-dzamije-pomoraca-u-ulcinj\/\",\"name\":\"Grom udario minaret \\\"D\u017eamije Pomoraca\\\" u Ulcinj - Lajme nga Ulqini\",\"isPartOf\":{\"@id\":\"https:\/\/www.visit-ulcinj.com\/blog\/#website\"},\"datePublished\":\"2013-11-05T18:22:12+00:00\",\"dateModified\":\"2013-11-05T18:22:12+00:00\",\"author\":{\"@id\":\"https:\/\/www.visit-ulcinj.com\/blog\/#\/schema\/person\/dcab619c614d3038751c63bc2aadc06d\"},\"description\":\"Foto: Ismet Karamanaga Facebook Iz Islamske zajednice naveli da na d\u017eamiji postoji gromobran, ali da \u201co\u010digledno nije bio funkcionalan\u201d Vrh minareta\",\"breadcrumb\":{\"@id\":\"https:\/\/www.visit-ulcinj.com\/blog\/2013\/11\/05\/grom-udario-minaret-dzamije-pomoraca-u-ulcinj\/#breadcrumb\"},\"inLanguage\":\"en-US\",\"potentialAction\":[{\"@type\":\"ReadAction\",\"target\":[\"https:\/\/www.visit-ulcinj.com\/blog\/2013\/11\/05\/grom-udario-minaret-dzamije-pomoraca-u-ulcinj\/\"]}]},{\"@type\":\"BreadcrumbList\",\"@id\":\"https:\/\/www.visit-ulcinj.com\/blog\/2013\/11\/05\/grom-udario-minaret-dzamije-pomoraca-u-ulcinj\/#breadcrumb\",\"itemListElement\":[{\"@type\":\"ListItem\",\"position\":1,\"name\":\"Grom udario minaret &#8220;D\u017eamije Pomoraca&#8221; u Ulcinj\"}]},{\"@type\":\"Person\",\"@id\":\"https:\/\/www.visit-ulcinj.com\/blog\/#\/schema\/person\/dcab619c614d3038751c63bc2aadc06d\",\"name\":\"ulqini\",\"sameAs\":[\"http:\/\/www.visit-ulcinj.com\"],\"url\":\"https:\/\/www.visit-ulcinj.com\/blog\/author\/admin\/\"}]}<\/script>\n<!-- \/ Yoast SEO plugin. -->","yoast_head_json":{"title":"Grom udario minaret \"D\u017eamije Pomoraca\" u Ulcinj - Lajme nga Ulqini","description":"Foto: Ismet Karamanaga Facebook Iz Islamske zajednice naveli da na d\u017eamiji postoji gromobran, ali da \u201co\u010digledno nije bio funkcionalan\u201d Vrh minareta","robots":{"index":"index","follow":"follow","max-snippet":"max-snippet:-1","max-image-preview":"max-image-preview:large","max-video-preview":"max-video-preview:-1"},"canonical":"https:\/\/www.visit-ulcinj.com\/blog\/2013\/11\/05\/grom-udario-minaret-dzamije-pomoraca-u-ulcinj\/","og_locale":"en_US","og_type":"article","og_title":"Grom udario minaret \"D\u017eamije Pomoraca\" u Ulcinj - Lajme nga Ulqini","og_description":"Foto: Ismet Karamanaga Facebook Iz Islamske zajednice naveli da na d\u017eamiji postoji gromobran, ali da \u201co\u010digledno nije bio funkcionalan\u201d Vrh minareta","og_url":"https:\/\/www.visit-ulcinj.com\/blog\/2013\/11\/05\/grom-udario-minaret-dzamije-pomoraca-u-ulcinj\/","og_site_name":"Lajme nga Ulqini","article_published_time":"2013-11-05T18:22:12+00:00","twitter_misc":{"Written by":"ulqini","Est. reading time":"1 minute"},"schema":{"@context":"https:\/\/schema.org","@graph":[{"@type":"WebSite","@id":"https:\/\/www.visit-ulcinj.com\/blog\/#website","url":"https:\/\/www.visit-ulcinj.com\/blog\/","name":"Lajme nga Ulqini","description":"Lajme,Vijesti,Ulqini,Ulqin,Crna Gora,Mali i Zi","potentialAction":[{"@type":"SearchAction","target":{"@type":"EntryPoint","urlTemplate":"https:\/\/www.visit-ulcinj.com\/blog\/?s={search_term_string}"},"query-input":"required name=search_term_string"}],"inLanguage":"en-US"},{"@type":"WebPage","@id":"https:\/\/www.visit-ulcinj.com\/blog\/2013\/11\/05\/grom-udario-minaret-dzamije-pomoraca-u-ulcinj\/#webpage","url":"https:\/\/www.visit-ulcinj.com\/blog\/2013\/11\/05\/grom-udario-minaret-dzamije-pomoraca-u-ulcinj\/","name":"Grom udario minaret \"D\u017eamije Pomoraca\" u Ulcinj - Lajme nga Ulqini","isPartOf":{"@id":"https:\/\/www.visit-ulcinj.com\/blog\/#website"},"datePublished":"2013-11-05T18:22:12+00:00","dateModified":"2013-11-05T18:22:12+00:00","author":{"@id":"https:\/\/www.visit-ulcinj.com\/blog\/#\/schema\/person\/dcab619c614d3038751c63bc2aadc06d"},"description":"Foto: Ismet Karamanaga Facebook Iz Islamske zajednice naveli da na d\u017eamiji postoji gromobran, ali da \u201co\u010digledno nije bio funkcionalan\u201d Vrh minareta","breadcrumb":{"@id":"https:\/\/www.visit-ulcinj.com\/blog\/2013\/11\/05\/grom-udario-minaret-dzamije-pomoraca-u-ulcinj\/#breadcrumb"},"inLanguage":"en-US","potentialAction":[{"@type":"ReadAction","target":["https:\/\/www.visit-ulcinj.com\/blog\/2013\/11\/05\/grom-udario-minaret-dzamije-pomoraca-u-ulcinj\/"]}]},{"@type":"BreadcrumbList","@id":"https:\/\/www.visit-ulcinj.com\/blog\/2013\/11\/05\/grom-udario-minaret-dzamije-pomoraca-u-ulcinj\/#breadcrumb","itemListElement":[{"@type":"ListItem","position":1,"name":"Grom udario minaret &#8220;D\u017eamije Pomoraca&#8221; u Ulcinj"}]},{"@type":"Person","@id":"https:\/\/www.visit-ulcinj.com\/blog\/#\/schema\/person\/dcab619c614d3038751c63bc2aadc06d","name":"ulqini","sameAs":["http:\/\/www.visit-ulcinj.com"],"url":"https:\/\/www.visit-ulcinj.com\/blog\/author\/admin\/"}]}},"jetpack_featured_media_url":"","jetpack_sharing_enabled":true,"jetpack_shortlink":"https:\/\/wp.me\/pe6lTn-jMr","_links":{"self":[{"href":"https:\/\/www.visit-ulcinj.com\/blog\/wp-json\/wp\/v2\/posts\/76039"}],"collection":[{"href":"https:\/\/www.visit-ulcinj.com\/blog\/wp-json\/wp\/v2\/posts"}],"about":[{"href":"https:\/\/www.visit-ulcinj.com\/blog\/wp-json\/wp\/v2\/types\/post"}],"author":[{"embeddable":true,"href":"https:\/\/www.visit-ulcinj.com\/blog\/wp-json\/wp\/v2\/users\/1"}],"replies":[{"embeddable":true,"href":"https:\/\/www.visit-ulcinj.com\/blog\/wp-json\/wp\/v2\/comments?post=76039"}],"version-history":[{"count":1,"href":"https:\/\/www.visit-ulcinj.com\/blog\/wp-json\/wp\/v2\/posts\/76039\/revisions"}],"predecessor-version":[{"id":76040,"href":"https:\/\/www.visit-ulcinj.com\/blog\/wp-json\/wp\/v2\/posts\/76039\/revisions\/76040"}],"wp:attachment":[{"href":"https:\/\/www.visit-ulcinj.com\/blog\/wp-json\/wp\/v2\/media?parent=76039"}],"wp:term":[{"taxonomy":"category","embeddable":true,"href":"https:\/\/www.visit-ulcinj.com\/blog\/wp-json\/wp\/v2\/categories?post=76039"},{"taxonomy":"post_tag","embeddable":true,"href":"https:\/\/www.visit-ulcinj.com\/blog\/wp-json\/wp\/v2\/tags?post=76039"}],"curies":[{"name":"wp","href":"https:\/\/api.w.org\/{rel}","templated":true}]}}