{"id":76043,"date":"2013-11-06T07:27:59","date_gmt":"2013-11-06T06:27:59","guid":{"rendered":"http:\/\/www.visit-ulcinj.com\/blog\/?p=76043"},"modified":"2013-11-06T07:27:59","modified_gmt":"2013-11-06T06:27:59","slug":"radnici-solane-traze-osam-plata","status":"publish","type":"post","link":"https:\/\/www.visit-ulcinj.com\/blog\/2013\/11\/06\/radnici-solane-traze-osam-plata\/","title":{"rendered":"Radnici Solane tra\u017ee osam plata"},"content":{"rendered":"<p><a href=\"http:\/\/www.visit-ulcinj.com\/blog\/wp-content\/uploads\/2013\/11\/Radnici-ulcinjske-Solane.jpg\"><img loading=\"lazy\" class=\"alignleft  wp-image-76044\" alt=\"Radnici-ulcinjske-Solane\" src=\"http:\/\/www.visit-ulcinj.com\/blog\/wp-content\/uploads\/2013\/11\/Radnici-ulcinjske-Solane.jpg\" width=\"508\" height=\"360\" \/><\/a><strong>Foto: Ul-info<br \/>\n<\/strong>Ne\u0107emo preuzeti rje\u0161enja o prestanku radnog odnosa, sve dok nam firma ne isplati sav dug i ne pove\u017ee radni sta\u017e, odlu\u010dilo je ju\u010de 20 otpu\u0161tenih radnika Solane. Oni su se okupili pred kapijom preduze\u0107a, kako bi izrazili protest zbog otkaza, koji su im uru\u010deni u petak, nakon isteka \u010detvoromjese\u010dnih ugovora.<br \/>\n\u2013 Ne\u0107emo se micati odavde dok nam neko ne objasni za\u0161to smo ba\u0161 mi ostali bez posla, ko je pravio spisak i po kojim kriterijumima. Za\u0161to je od 20 otpu\u0161tenih 19 Albanaca. Imam pravo da sumnjam da je sve ura\u0111eno po nacionalnoj osnovi. Pri\u010da se o multinacionalnosti, a samo nas otpu\u0161taju \u2013 rekao je D\u017eavid Cucovi\u0107, poslovo\u0111a koji je bez posla ostao nakon 25 godina rada u Solani. On je kazao da su od direktora Ratka Prenti\u0107a tra\u017eili obja\u0161njenje, ali ih je on uputio na odsutnog ste\u010dajnog upravnika Ognjena Jovovi\u0107a.<br \/>\n\u2013 Imamo pravo da znamo razloge i ho\u0107emo isplatu duga. Do tada, protestova\u0107emo i legitimnim sredstvima se boriti za na\u0161a prava \u2013 kazao je Cucovi\u0107.<br \/>\nSmailj \u010cau\u0161i, koji ima 31 godinu sta\u017ea u Solani, dodaje da su spremni za \u0161trajk gla\u0111u, kako bi se izborili za prava.<br \/>\n\u2013 Sta\u017e nam nije povezan od 2009. godine, plate nismo primali od marta, a tu je i dug koji je u\u0161ao u ste\u010dajnu masu. Ako ve\u0107 treba da odemo, neka nam isplate dug, jer i na\u0161e porodice moraju od ne\u010dega da \u017eive. Ako misle da \u0107emo pristati da odemo na ovakav na\u010din, grdno se varaju \u2013 kategori\u010dan je \u010cau\u0161i.<br \/>\nPredsjednik sindikalne organizacije Marko Miranovi\u0107 kazao je da su nezadovoljni radnici tra\u017eili prijem kod ste\u010dajnog upravnika, ali ih je, zbog njegovog odsustva, primio izvr\u0161ni direktor.<br \/>\n\u2013 Saop\u0161teno nam je da je zbog smanjenja obima posla prestala potreba za odre\u0111enim brojem zaposlenih, te da su rje\u0161enja o otkazu donesena na osnovu Zakona o insolventnosti privrednih dru\u0161tava i ste\u010daja u kojem se Solana nalazi ve\u0107 nekoliko godina. Nismo dobili odgovor po kom kriterijumu su odabrani radnici za otkaz \u2013 kazao je Miranovi\u0107 i istakao da su odlu\u010dili da se ponovo okupe i razgovaraju sa ste\u010dajnim upravnikom.<br \/>\n\u2013 Sve do tada niko ne\u0107e podi\u0107i rje\u0161enje \u2013 kazao je Miranovi\u0107 i dodao kako otpu\u0161tanje 20 radnika predstavlja najavu likvidacije Solane.<br \/>\n\u2013 Iako nam je ranije u vi\u0161e navrata obe\u0107avano da proizvodnja soli ne\u0107e stati i da \u0107e biti investicija, izvjesno je da se radi na zatvaranju fabrike. Da se radi na revitalizaciji firme, do ovoga ne bi do\u0161lo. Stanje je svakim danom gore tako da, barem po potezima odgovornih, nema govora o budu\u0107nosti preduze\u0107a \u2013 rekao je Miranovi\u0107.<br \/>\nSte\u010dajni upravnik ranije je izjavio da Solana mo\u017ee imati stotinu radnika, ali im treba obezbijediti plate.<br \/>\n\u2013 U ovom trenutku minimum potrebnih radnika je 46, jer za toliko mo\u017eemo obezbijediti plate \u2013 rekao je Jovovi\u0107, najavljuju\u0107i izradu programa rada za narednu godinu, na osnovu koga \u0107e uprava radnicima ponuditi nove ugovore, a prednost pri zapo\u0161ljavanju ima\u0107e 20 otpu\u0161tenih radnika.<br \/>\n<strong>M. Kne\u017eevi\u0107 <\/strong><\/p>\n<p><strong> Radni\u010dke zarade neopravdani tro\u0161kovi<\/strong><\/p>\n<p>U obrazlo\u017eenju otkaza, koji je potpisao ste\u010dajni upravnik Ognjen Jovovi\u0107, izme\u0111u ostalog, stoji da su zbog ste\u010dajnog postupka koji traje od 2005. ( neuspjeli ste\u010daj kroz reorganizaciju), odnosno 2011. godine ( klasi\u010dni ste\u010daj), preduzete mjere i radnje na utvr\u0111ivanju broja nu\u017enih izvr\u0161ilaca poslova, koji su neophodni za obavljanje zapo\u010detih poslova.<br \/>\n\u2013 Ste\u010dajni upravnik je posebno cijenio prestanak realne potrebe za zadr\u017eavanjem na radu imenovanog na poslovima na koja je raspore\u0111en, te bi se svakim zadr\u017eavanjem na radu uve\u0107avali tro\u0161kovi koji u konkretnom slu\u010daju nemaju realnog opravdanja \u2013 navodi se u obrazlo\u017eenju ve\u0107ine rje\u0161enja o prestanku radnog odnosa.<\/p>\n<p><strong>Izvor: DAN<\/strong><\/p>\n","protected":false},"excerpt":{"rendered":"<p>Foto: Ul-info Ne\u0107emo preuzeti rje\u0161enja o prestanku radnog odnosa, sve dok nam firma ne isplati sav dug i ne pove\u017ee radni sta\u017e, odlu\u010dilo je ju\u010de 20 otpu\u0161tenih radnika Solane. Oni su se okupili pred kapijom preduze\u0107a, kako bi izrazili protest zbog otkaza, koji su im uru\u010deni u petak, nakon isteka \u010detvoromjese\u010dnih ugovora. \u2013 Ne\u0107emo se [&hellip;]<\/p>\n","protected":false},"author":1,"featured_media":0,"comment_status":"closed","ping_status":"closed","sticky":false,"template":"","format":"standard","meta":{"spay_email":"","jetpack_publicize_message":"","jetpack_is_tweetstorm":false,"jetpack_publicize_feature_enabled":true},"categories":[8337],"tags":[],"jetpack_publicize_connections":[],"yoast_head":"<!-- This site is optimized with the Yoast SEO plugin v19.1 - https:\/\/yoast.com\/wordpress\/plugins\/seo\/ -->\n<title>Radnici Solane tra\u017ee osam plata - Lajme nga Ulqini<\/title>\n<meta name=\"description\" content=\"Foto: Ul-info Ne\u0107emo preuzeti rje\u0161enja o prestanku radnog odnosa, sve dok nam firma ne isplati sav dug i ne pove\u017ee radni sta\u017e, odlu\u010dilo je ju\u010de 20\" \/>\n<meta name=\"robots\" content=\"index, follow, max-snippet:-1, max-image-preview:large, max-video-preview:-1\" \/>\n<link rel=\"canonical\" href=\"https:\/\/www.visit-ulcinj.com\/blog\/2013\/11\/06\/radnici-solane-traze-osam-plata\/\" \/>\n<meta property=\"og:locale\" content=\"en_US\" \/>\n<meta property=\"og:type\" content=\"article\" \/>\n<meta property=\"og:title\" content=\"Radnici Solane tra\u017ee osam plata - Lajme nga Ulqini\" \/>\n<meta property=\"og:description\" content=\"Foto: Ul-info Ne\u0107emo preuzeti rje\u0161enja o prestanku radnog odnosa, sve dok nam firma ne isplati sav dug i ne pove\u017ee radni sta\u017e, odlu\u010dilo je ju\u010de 20\" \/>\n<meta property=\"og:url\" content=\"https:\/\/www.visit-ulcinj.com\/blog\/2013\/11\/06\/radnici-solane-traze-osam-plata\/\" \/>\n<meta property=\"og:site_name\" content=\"Lajme nga Ulqini\" \/>\n<meta property=\"article:published_time\" content=\"2013-11-06T06:27:59+00:00\" \/>\n<meta property=\"og:image\" content=\"http:\/\/www.visit-ulcinj.com\/blog\/wp-content\/uploads\/2013\/11\/Radnici-ulcinjske-Solane.jpg\" \/>\n<meta name=\"twitter:label1\" content=\"Written by\" \/>\n\t<meta name=\"twitter:data1\" content=\"ulqini\" \/>\n\t<meta name=\"twitter:label2\" content=\"Est. reading time\" \/>\n\t<meta name=\"twitter:data2\" content=\"3 minutes\" \/>\n<script type=\"application\/ld+json\" class=\"yoast-schema-graph\">{\"@context\":\"https:\/\/schema.org\",\"@graph\":[{\"@type\":\"WebSite\",\"@id\":\"https:\/\/www.visit-ulcinj.com\/blog\/#website\",\"url\":\"https:\/\/www.visit-ulcinj.com\/blog\/\",\"name\":\"Lajme nga Ulqini\",\"description\":\"Lajme,Vijesti,Ulqini,Ulqin,Crna Gora,Mali i Zi\",\"potentialAction\":[{\"@type\":\"SearchAction\",\"target\":{\"@type\":\"EntryPoint\",\"urlTemplate\":\"https:\/\/www.visit-ulcinj.com\/blog\/?s={search_term_string}\"},\"query-input\":\"required name=search_term_string\"}],\"inLanguage\":\"en-US\"},{\"@type\":\"ImageObject\",\"inLanguage\":\"en-US\",\"@id\":\"https:\/\/www.visit-ulcinj.com\/blog\/2013\/11\/06\/radnici-solane-traze-osam-plata\/#primaryimage\",\"url\":\"https:\/\/www.visit-ulcinj.com\/blog\/wp-content\/uploads\/2013\/11\/Radnici-ulcinjske-Solane.jpg\",\"contentUrl\":\"https:\/\/www.visit-ulcinj.com\/blog\/wp-content\/uploads\/2013\/11\/Radnici-ulcinjske-Solane.jpg\",\"width\":640,\"height\":480},{\"@type\":\"WebPage\",\"@id\":\"https:\/\/www.visit-ulcinj.com\/blog\/2013\/11\/06\/radnici-solane-traze-osam-plata\/#webpage\",\"url\":\"https:\/\/www.visit-ulcinj.com\/blog\/2013\/11\/06\/radnici-solane-traze-osam-plata\/\",\"name\":\"Radnici Solane tra\u017ee osam plata - Lajme nga Ulqini\",\"isPartOf\":{\"@id\":\"https:\/\/www.visit-ulcinj.com\/blog\/#website\"},\"primaryImageOfPage\":{\"@id\":\"https:\/\/www.visit-ulcinj.com\/blog\/2013\/11\/06\/radnici-solane-traze-osam-plata\/#primaryimage\"},\"datePublished\":\"2013-11-06T06:27:59+00:00\",\"dateModified\":\"2013-11-06T06:27:59+00:00\",\"author\":{\"@id\":\"https:\/\/www.visit-ulcinj.com\/blog\/#\/schema\/person\/dcab619c614d3038751c63bc2aadc06d\"},\"description\":\"Foto: Ul-info Ne\u0107emo preuzeti rje\u0161enja o prestanku radnog odnosa, sve dok nam firma ne isplati sav dug i ne pove\u017ee radni sta\u017e, odlu\u010dilo je ju\u010de 20\",\"breadcrumb\":{\"@id\":\"https:\/\/www.visit-ulcinj.com\/blog\/2013\/11\/06\/radnici-solane-traze-osam-plata\/#breadcrumb\"},\"inLanguage\":\"en-US\",\"potentialAction\":[{\"@type\":\"ReadAction\",\"target\":[\"https:\/\/www.visit-ulcinj.com\/blog\/2013\/11\/06\/radnici-solane-traze-osam-plata\/\"]}]},{\"@type\":\"BreadcrumbList\",\"@id\":\"https:\/\/www.visit-ulcinj.com\/blog\/2013\/11\/06\/radnici-solane-traze-osam-plata\/#breadcrumb\",\"itemListElement\":[{\"@type\":\"ListItem\",\"position\":1,\"name\":\"Radnici Solane tra\u017ee osam plata\"}]},{\"@type\":\"Person\",\"@id\":\"https:\/\/www.visit-ulcinj.com\/blog\/#\/schema\/person\/dcab619c614d3038751c63bc2aadc06d\",\"name\":\"ulqini\",\"sameAs\":[\"http:\/\/www.visit-ulcinj.com\"],\"url\":\"https:\/\/www.visit-ulcinj.com\/blog\/author\/admin\/\"}]}<\/script>\n<!-- \/ Yoast SEO plugin. -->","yoast_head_json":{"title":"Radnici Solane tra\u017ee osam plata - Lajme nga Ulqini","description":"Foto: Ul-info Ne\u0107emo preuzeti rje\u0161enja o prestanku radnog odnosa, sve dok nam firma ne isplati sav dug i ne pove\u017ee radni sta\u017e, odlu\u010dilo je ju\u010de 20","robots":{"index":"index","follow":"follow","max-snippet":"max-snippet:-1","max-image-preview":"max-image-preview:large","max-video-preview":"max-video-preview:-1"},"canonical":"https:\/\/www.visit-ulcinj.com\/blog\/2013\/11\/06\/radnici-solane-traze-osam-plata\/","og_locale":"en_US","og_type":"article","og_title":"Radnici Solane tra\u017ee osam plata - Lajme nga Ulqini","og_description":"Foto: Ul-info Ne\u0107emo preuzeti rje\u0161enja o prestanku radnog odnosa, sve dok nam firma ne isplati sav dug i ne pove\u017ee radni sta\u017e, odlu\u010dilo je ju\u010de 20","og_url":"https:\/\/www.visit-ulcinj.com\/blog\/2013\/11\/06\/radnici-solane-traze-osam-plata\/","og_site_name":"Lajme nga Ulqini","article_published_time":"2013-11-06T06:27:59+00:00","og_image":[{"url":"http:\/\/www.visit-ulcinj.com\/blog\/wp-content\/uploads\/2013\/11\/Radnici-ulcinjske-Solane.jpg"}],"twitter_misc":{"Written by":"ulqini","Est. reading time":"3 minutes"},"schema":{"@context":"https:\/\/schema.org","@graph":[{"@type":"WebSite","@id":"https:\/\/www.visit-ulcinj.com\/blog\/#website","url":"https:\/\/www.visit-ulcinj.com\/blog\/","name":"Lajme nga Ulqini","description":"Lajme,Vijesti,Ulqini,Ulqin,Crna Gora,Mali i Zi","potentialAction":[{"@type":"SearchAction","target":{"@type":"EntryPoint","urlTemplate":"https:\/\/www.visit-ulcinj.com\/blog\/?s={search_term_string}"},"query-input":"required name=search_term_string"}],"inLanguage":"en-US"},{"@type":"ImageObject","inLanguage":"en-US","@id":"https:\/\/www.visit-ulcinj.com\/blog\/2013\/11\/06\/radnici-solane-traze-osam-plata\/#primaryimage","url":"https:\/\/www.visit-ulcinj.com\/blog\/wp-content\/uploads\/2013\/11\/Radnici-ulcinjske-Solane.jpg","contentUrl":"https:\/\/www.visit-ulcinj.com\/blog\/wp-content\/uploads\/2013\/11\/Radnici-ulcinjske-Solane.jpg","width":640,"height":480},{"@type":"WebPage","@id":"https:\/\/www.visit-ulcinj.com\/blog\/2013\/11\/06\/radnici-solane-traze-osam-plata\/#webpage","url":"https:\/\/www.visit-ulcinj.com\/blog\/2013\/11\/06\/radnici-solane-traze-osam-plata\/","name":"Radnici Solane tra\u017ee osam plata - Lajme nga Ulqini","isPartOf":{"@id":"https:\/\/www.visit-ulcinj.com\/blog\/#website"},"primaryImageOfPage":{"@id":"https:\/\/www.visit-ulcinj.com\/blog\/2013\/11\/06\/radnici-solane-traze-osam-plata\/#primaryimage"},"datePublished":"2013-11-06T06:27:59+00:00","dateModified":"2013-11-06T06:27:59+00:00","author":{"@id":"https:\/\/www.visit-ulcinj.com\/blog\/#\/schema\/person\/dcab619c614d3038751c63bc2aadc06d"},"description":"Foto: Ul-info Ne\u0107emo preuzeti rje\u0161enja o prestanku radnog odnosa, sve dok nam firma ne isplati sav dug i ne pove\u017ee radni sta\u017e, odlu\u010dilo je ju\u010de 20","breadcrumb":{"@id":"https:\/\/www.visit-ulcinj.com\/blog\/2013\/11\/06\/radnici-solane-traze-osam-plata\/#breadcrumb"},"inLanguage":"en-US","potentialAction":[{"@type":"ReadAction","target":["https:\/\/www.visit-ulcinj.com\/blog\/2013\/11\/06\/radnici-solane-traze-osam-plata\/"]}]},{"@type":"BreadcrumbList","@id":"https:\/\/www.visit-ulcinj.com\/blog\/2013\/11\/06\/radnici-solane-traze-osam-plata\/#breadcrumb","itemListElement":[{"@type":"ListItem","position":1,"name":"Radnici Solane tra\u017ee osam plata"}]},{"@type":"Person","@id":"https:\/\/www.visit-ulcinj.com\/blog\/#\/schema\/person\/dcab619c614d3038751c63bc2aadc06d","name":"ulqini","sameAs":["http:\/\/www.visit-ulcinj.com"],"url":"https:\/\/www.visit-ulcinj.com\/blog\/author\/admin\/"}]}},"jetpack_featured_media_url":"","jetpack_sharing_enabled":true,"jetpack_shortlink":"https:\/\/wp.me\/pe6lTn-jMv","_links":{"self":[{"href":"https:\/\/www.visit-ulcinj.com\/blog\/wp-json\/wp\/v2\/posts\/76043"}],"collection":[{"href":"https:\/\/www.visit-ulcinj.com\/blog\/wp-json\/wp\/v2\/posts"}],"about":[{"href":"https:\/\/www.visit-ulcinj.com\/blog\/wp-json\/wp\/v2\/types\/post"}],"author":[{"embeddable":true,"href":"https:\/\/www.visit-ulcinj.com\/blog\/wp-json\/wp\/v2\/users\/1"}],"replies":[{"embeddable":true,"href":"https:\/\/www.visit-ulcinj.com\/blog\/wp-json\/wp\/v2\/comments?post=76043"}],"version-history":[{"count":1,"href":"https:\/\/www.visit-ulcinj.com\/blog\/wp-json\/wp\/v2\/posts\/76043\/revisions"}],"predecessor-version":[{"id":76045,"href":"https:\/\/www.visit-ulcinj.com\/blog\/wp-json\/wp\/v2\/posts\/76043\/revisions\/76045"}],"wp:attachment":[{"href":"https:\/\/www.visit-ulcinj.com\/blog\/wp-json\/wp\/v2\/media?parent=76043"}],"wp:term":[{"taxonomy":"category","embeddable":true,"href":"https:\/\/www.visit-ulcinj.com\/blog\/wp-json\/wp\/v2\/categories?post=76043"},{"taxonomy":"post_tag","embeddable":true,"href":"https:\/\/www.visit-ulcinj.com\/blog\/wp-json\/wp\/v2\/tags?post=76043"}],"curies":[{"name":"wp","href":"https:\/\/api.w.org\/{rel}","templated":true}]}}