{"id":76055,"date":"2013-11-07T14:30:00","date_gmt":"2013-11-07T13:30:00","guid":{"rendered":"http:\/\/www.visit-ulcinj.com\/blog\/?p=76055"},"modified":"2013-11-07T14:30:00","modified_gmt":"2013-11-07T13:30:00","slug":"nimanbegu-merr-pjese-ne-mbledhjen-e-50-te-te-cosac-ut-ne-lituani","status":"publish","type":"post","link":"https:\/\/www.visit-ulcinj.com\/blog\/2013\/11\/07\/nimanbegu-merr-pjese-ne-mbledhjen-e-50-te-te-cosac-ut-ne-lituani\/","title":{"rendered":"Nimanbegu merr pjes\u00eb n\u00eb mbledhjen e 50-t\u00eb t\u00eb COSAC-ut n\u00eb Lituani"},"content":{"rendered":"<p><a href=\"http:\/\/www.visit-ulcinj.com\/blog\/wp-content\/uploads\/2013\/11\/GenciNimanbegu-Cosac-Lituania.jpg\"><img loading=\"lazy\" class=\"alignleft  wp-image-76056\" alt=\"GenciNimanbegu-Cosac-Lituania\" src=\"http:\/\/www.visit-ulcinj.com\/blog\/wp-content\/uploads\/2013\/11\/GenciNimanbegu-Cosac-Lituania.jpg\" width=\"508\" height=\"360\" \/><\/a>Deputeti i FORCES,Genci Nimanbegu me 28 dhe 29 tetor mori pjese n\u00eb Vilnus te Lituanise ne mbledhjen e 50-t\u00eb t\u00eb COSAC-ut.<\/p>\n<p>Gjate takimit n\u00eb dit\u00ebn e par\u00eb \u00a0u shqyrtuan shum\u00eb tema t\u00eb r\u00ebnd\u00ebsishme si\u00e7 jan\u00eb\u00a0 procesi i implementimit t\u00eb Strategjis\u00eb Evropa 2020 si dhe\u00a0 zgjedhjet e Parlamentit Evropian t\u00eb cilat do t\u00eb mbahen n\u00eb maj t\u00eb vitit 2014.<\/p>\n<p>N\u00eb dit\u00ebn e dyt\u00eb punuese \u00ebsht\u00eb mbajtur\u00a0 takimi i \u00a0Forumit t\u00eb gruas s\u00eb COSAC-ut,si dhe takimet tjera n\u00eb t\u00eb cilat jan\u00eb shqyrtuar \u00a0legjitimiteti demokratik n\u00eb kuad\u00ebr t\u00eb UE-se,roli i parlamenteve nacionale an\u00ebtare t\u00eb UE-s\u00eb dhe sfidat e perspektiva e Agjend\u00ebs digjitale.<\/p>\n<p>Deputeti\u00a0 Nimanbegu, \u00a0lidhur me sfidat dhe perspektiv\u00ebn e Agjendes digjitale tha se pret q\u00eb Agjenda digjitale do t\u00eb ndihmoj\u00eb ekonomin\u00eb e UE-s\u00eb dhe rritjen e mun\u00ebsis\u00eb s\u00eb qytetar\u00ebve dhe nd\u00ebrmarrjeve evropiane\u00a0 q\u00eb t\u00eb arrijn\u00eb maksimumin nga teknologjit\u00eb e reja digjitale duke theksuar se ekosistemi digjital ka rritje m\u00eb shum\u00eb se \u00e7do fush\u00eb tjet\u00ebr n\u00eb shoq\u00ebri.<\/p>\n<p>Ne fund t\u00eb takimit dyditor jan\u00eb miratuar edhe p\u00ebrfundimet n\u00eb t\u00eb cilat potencohet \u00a0angazhimi dhe pjesmarrja e qytetar\u00ebve\u00a0 n\u00eb zgjedhjet evropiane vitin e ardhshem.<\/p>\n<p>&nbsp;<\/p>\n","protected":false},"excerpt":{"rendered":"<p>Deputeti i FORCES,Genci Nimanbegu me 28 dhe 29 tetor mori pjese n\u00eb Vilnus te Lituanise ne mbledhjen e 50-t\u00eb t\u00eb COSAC-ut. Gjate takimit n\u00eb dit\u00ebn e par\u00eb \u00a0u shqyrtuan shum\u00eb tema t\u00eb r\u00ebnd\u00ebsishme si\u00e7 jan\u00eb\u00a0 procesi i implementimit t\u00eb Strategjis\u00eb Evropa 2020 si dhe\u00a0 zgjedhjet e Parlamentit Evropian t\u00eb cilat do t\u00eb mbahen n\u00eb maj [&hellip;]<\/p>\n","protected":false},"author":1,"featured_media":0,"comment_status":"closed","ping_status":"closed","sticky":false,"template":"","format":"standard","meta":{"spay_email":"","jetpack_publicize_message":"","jetpack_is_tweetstorm":false,"jetpack_publicize_feature_enabled":true},"categories":[6],"tags":[],"jetpack_publicize_connections":[],"yoast_head":"<!-- This site is optimized with the Yoast SEO plugin v19.1 - https:\/\/yoast.com\/wordpress\/plugins\/seo\/ -->\n<title>Nimanbegu merr pjes\u00eb n\u00eb mbledhjen e 50-t\u00eb t\u00eb COSAC-ut n\u00eb Lituani - Lajme nga Ulqini<\/title>\n<meta name=\"description\" content=\"Deputeti i FORCES,Genci Nimanbegu me 28 dhe 29 tetor mori pjese n\u00eb Vilnus te Lituanise ne mbledhjen e 50-t\u00eb t\u00eb COSAC-ut. Gjate takimit n\u00eb dit\u00ebn e par\u00eb \u00a0u\" \/>\n<meta name=\"robots\" content=\"index, follow, max-snippet:-1, max-image-preview:large, max-video-preview:-1\" \/>\n<link rel=\"canonical\" href=\"https:\/\/www.visit-ulcinj.com\/blog\/2013\/11\/07\/nimanbegu-merr-pjese-ne-mbledhjen-e-50-te-te-cosac-ut-ne-lituani\/\" \/>\n<meta property=\"og:locale\" content=\"en_US\" \/>\n<meta property=\"og:type\" content=\"article\" \/>\n<meta property=\"og:title\" content=\"Nimanbegu merr pjes\u00eb n\u00eb mbledhjen e 50-t\u00eb t\u00eb COSAC-ut n\u00eb Lituani - Lajme nga Ulqini\" \/>\n<meta property=\"og:description\" content=\"Deputeti i FORCES,Genci Nimanbegu me 28 dhe 29 tetor mori pjese n\u00eb Vilnus te Lituanise ne mbledhjen e 50-t\u00eb t\u00eb COSAC-ut. Gjate takimit n\u00eb dit\u00ebn e par\u00eb \u00a0u\" \/>\n<meta property=\"og:url\" content=\"https:\/\/www.visit-ulcinj.com\/blog\/2013\/11\/07\/nimanbegu-merr-pjese-ne-mbledhjen-e-50-te-te-cosac-ut-ne-lituani\/\" \/>\n<meta property=\"og:site_name\" content=\"Lajme nga Ulqini\" \/>\n<meta property=\"article:published_time\" content=\"2013-11-07T13:30:00+00:00\" \/>\n<meta property=\"og:image\" content=\"http:\/\/www.visit-ulcinj.com\/blog\/wp-content\/uploads\/2013\/11\/GenciNimanbegu-Cosac-Lituania.jpg\" \/>\n<meta name=\"twitter:label1\" content=\"Written by\" \/>\n\t<meta name=\"twitter:data1\" content=\"ulqini\" \/>\n\t<meta name=\"twitter:label2\" content=\"Est. reading time\" \/>\n\t<meta name=\"twitter:data2\" content=\"1 minute\" \/>\n<script type=\"application\/ld+json\" class=\"yoast-schema-graph\">{\"@context\":\"https:\/\/schema.org\",\"@graph\":[{\"@type\":\"WebSite\",\"@id\":\"https:\/\/www.visit-ulcinj.com\/blog\/#website\",\"url\":\"https:\/\/www.visit-ulcinj.com\/blog\/\",\"name\":\"Lajme nga Ulqini\",\"description\":\"Lajme,Vijesti,Ulqini,Ulqin,Crna Gora,Mali i Zi\",\"potentialAction\":[{\"@type\":\"SearchAction\",\"target\":{\"@type\":\"EntryPoint\",\"urlTemplate\":\"https:\/\/www.visit-ulcinj.com\/blog\/?s={search_term_string}\"},\"query-input\":\"required name=search_term_string\"}],\"inLanguage\":\"en-US\"},{\"@type\":\"ImageObject\",\"inLanguage\":\"en-US\",\"@id\":\"https:\/\/www.visit-ulcinj.com\/blog\/2013\/11\/07\/nimanbegu-merr-pjese-ne-mbledhjen-e-50-te-te-cosac-ut-ne-lituani\/#primaryimage\",\"url\":\"https:\/\/www.visit-ulcinj.com\/blog\/wp-content\/uploads\/2013\/11\/GenciNimanbegu-Cosac-Lituania.jpg\",\"contentUrl\":\"https:\/\/www.visit-ulcinj.com\/blog\/wp-content\/uploads\/2013\/11\/GenciNimanbegu-Cosac-Lituania.jpg\",\"width\":720,\"height\":540},{\"@type\":\"WebPage\",\"@id\":\"https:\/\/www.visit-ulcinj.com\/blog\/2013\/11\/07\/nimanbegu-merr-pjese-ne-mbledhjen-e-50-te-te-cosac-ut-ne-lituani\/#webpage\",\"url\":\"https:\/\/www.visit-ulcinj.com\/blog\/2013\/11\/07\/nimanbegu-merr-pjese-ne-mbledhjen-e-50-te-te-cosac-ut-ne-lituani\/\",\"name\":\"Nimanbegu merr pjes\u00eb n\u00eb mbledhjen e 50-t\u00eb t\u00eb COSAC-ut n\u00eb Lituani - Lajme nga Ulqini\",\"isPartOf\":{\"@id\":\"https:\/\/www.visit-ulcinj.com\/blog\/#website\"},\"primaryImageOfPage\":{\"@id\":\"https:\/\/www.visit-ulcinj.com\/blog\/2013\/11\/07\/nimanbegu-merr-pjese-ne-mbledhjen-e-50-te-te-cosac-ut-ne-lituani\/#primaryimage\"},\"datePublished\":\"2013-11-07T13:30:00+00:00\",\"dateModified\":\"2013-11-07T13:30:00+00:00\",\"author\":{\"@id\":\"https:\/\/www.visit-ulcinj.com\/blog\/#\/schema\/person\/dcab619c614d3038751c63bc2aadc06d\"},\"description\":\"Deputeti i FORCES,Genci Nimanbegu me 28 dhe 29 tetor mori pjese n\u00eb Vilnus te Lituanise ne mbledhjen e 50-t\u00eb t\u00eb COSAC-ut. Gjate takimit n\u00eb dit\u00ebn e par\u00eb \u00a0u\",\"breadcrumb\":{\"@id\":\"https:\/\/www.visit-ulcinj.com\/blog\/2013\/11\/07\/nimanbegu-merr-pjese-ne-mbledhjen-e-50-te-te-cosac-ut-ne-lituani\/#breadcrumb\"},\"inLanguage\":\"en-US\",\"potentialAction\":[{\"@type\":\"ReadAction\",\"target\":[\"https:\/\/www.visit-ulcinj.com\/blog\/2013\/11\/07\/nimanbegu-merr-pjese-ne-mbledhjen-e-50-te-te-cosac-ut-ne-lituani\/\"]}]},{\"@type\":\"BreadcrumbList\",\"@id\":\"https:\/\/www.visit-ulcinj.com\/blog\/2013\/11\/07\/nimanbegu-merr-pjese-ne-mbledhjen-e-50-te-te-cosac-ut-ne-lituani\/#breadcrumb\",\"itemListElement\":[{\"@type\":\"ListItem\",\"position\":1,\"name\":\"Nimanbegu merr pjes\u00eb n\u00eb mbledhjen e 50-t\u00eb t\u00eb COSAC-ut n\u00eb Lituani\"}]},{\"@type\":\"Person\",\"@id\":\"https:\/\/www.visit-ulcinj.com\/blog\/#\/schema\/person\/dcab619c614d3038751c63bc2aadc06d\",\"name\":\"ulqini\",\"sameAs\":[\"http:\/\/www.visit-ulcinj.com\"],\"url\":\"https:\/\/www.visit-ulcinj.com\/blog\/author\/admin\/\"}]}<\/script>\n<!-- \/ Yoast SEO plugin. -->","yoast_head_json":{"title":"Nimanbegu merr pjes\u00eb n\u00eb mbledhjen e 50-t\u00eb t\u00eb COSAC-ut n\u00eb Lituani - Lajme nga Ulqini","description":"Deputeti i FORCES,Genci Nimanbegu me 28 dhe 29 tetor mori pjese n\u00eb Vilnus te Lituanise ne mbledhjen e 50-t\u00eb t\u00eb COSAC-ut. Gjate takimit n\u00eb dit\u00ebn e par\u00eb \u00a0u","robots":{"index":"index","follow":"follow","max-snippet":"max-snippet:-1","max-image-preview":"max-image-preview:large","max-video-preview":"max-video-preview:-1"},"canonical":"https:\/\/www.visit-ulcinj.com\/blog\/2013\/11\/07\/nimanbegu-merr-pjese-ne-mbledhjen-e-50-te-te-cosac-ut-ne-lituani\/","og_locale":"en_US","og_type":"article","og_title":"Nimanbegu merr pjes\u00eb n\u00eb mbledhjen e 50-t\u00eb t\u00eb COSAC-ut n\u00eb Lituani - Lajme nga Ulqini","og_description":"Deputeti i FORCES,Genci Nimanbegu me 28 dhe 29 tetor mori pjese n\u00eb Vilnus te Lituanise ne mbledhjen e 50-t\u00eb t\u00eb COSAC-ut. Gjate takimit n\u00eb dit\u00ebn e par\u00eb \u00a0u","og_url":"https:\/\/www.visit-ulcinj.com\/blog\/2013\/11\/07\/nimanbegu-merr-pjese-ne-mbledhjen-e-50-te-te-cosac-ut-ne-lituani\/","og_site_name":"Lajme nga Ulqini","article_published_time":"2013-11-07T13:30:00+00:00","og_image":[{"url":"http:\/\/www.visit-ulcinj.com\/blog\/wp-content\/uploads\/2013\/11\/GenciNimanbegu-Cosac-Lituania.jpg"}],"twitter_misc":{"Written by":"ulqini","Est. reading time":"1 minute"},"schema":{"@context":"https:\/\/schema.org","@graph":[{"@type":"WebSite","@id":"https:\/\/www.visit-ulcinj.com\/blog\/#website","url":"https:\/\/www.visit-ulcinj.com\/blog\/","name":"Lajme nga Ulqini","description":"Lajme,Vijesti,Ulqini,Ulqin,Crna Gora,Mali i Zi","potentialAction":[{"@type":"SearchAction","target":{"@type":"EntryPoint","urlTemplate":"https:\/\/www.visit-ulcinj.com\/blog\/?s={search_term_string}"},"query-input":"required name=search_term_string"}],"inLanguage":"en-US"},{"@type":"ImageObject","inLanguage":"en-US","@id":"https:\/\/www.visit-ulcinj.com\/blog\/2013\/11\/07\/nimanbegu-merr-pjese-ne-mbledhjen-e-50-te-te-cosac-ut-ne-lituani\/#primaryimage","url":"https:\/\/www.visit-ulcinj.com\/blog\/wp-content\/uploads\/2013\/11\/GenciNimanbegu-Cosac-Lituania.jpg","contentUrl":"https:\/\/www.visit-ulcinj.com\/blog\/wp-content\/uploads\/2013\/11\/GenciNimanbegu-Cosac-Lituania.jpg","width":720,"height":540},{"@type":"WebPage","@id":"https:\/\/www.visit-ulcinj.com\/blog\/2013\/11\/07\/nimanbegu-merr-pjese-ne-mbledhjen-e-50-te-te-cosac-ut-ne-lituani\/#webpage","url":"https:\/\/www.visit-ulcinj.com\/blog\/2013\/11\/07\/nimanbegu-merr-pjese-ne-mbledhjen-e-50-te-te-cosac-ut-ne-lituani\/","name":"Nimanbegu merr pjes\u00eb n\u00eb mbledhjen e 50-t\u00eb t\u00eb COSAC-ut n\u00eb Lituani - Lajme nga Ulqini","isPartOf":{"@id":"https:\/\/www.visit-ulcinj.com\/blog\/#website"},"primaryImageOfPage":{"@id":"https:\/\/www.visit-ulcinj.com\/blog\/2013\/11\/07\/nimanbegu-merr-pjese-ne-mbledhjen-e-50-te-te-cosac-ut-ne-lituani\/#primaryimage"},"datePublished":"2013-11-07T13:30:00+00:00","dateModified":"2013-11-07T13:30:00+00:00","author":{"@id":"https:\/\/www.visit-ulcinj.com\/blog\/#\/schema\/person\/dcab619c614d3038751c63bc2aadc06d"},"description":"Deputeti i FORCES,Genci Nimanbegu me 28 dhe 29 tetor mori pjese n\u00eb Vilnus te Lituanise ne mbledhjen e 50-t\u00eb t\u00eb COSAC-ut. Gjate takimit n\u00eb dit\u00ebn e par\u00eb \u00a0u","breadcrumb":{"@id":"https:\/\/www.visit-ulcinj.com\/blog\/2013\/11\/07\/nimanbegu-merr-pjese-ne-mbledhjen-e-50-te-te-cosac-ut-ne-lituani\/#breadcrumb"},"inLanguage":"en-US","potentialAction":[{"@type":"ReadAction","target":["https:\/\/www.visit-ulcinj.com\/blog\/2013\/11\/07\/nimanbegu-merr-pjese-ne-mbledhjen-e-50-te-te-cosac-ut-ne-lituani\/"]}]},{"@type":"BreadcrumbList","@id":"https:\/\/www.visit-ulcinj.com\/blog\/2013\/11\/07\/nimanbegu-merr-pjese-ne-mbledhjen-e-50-te-te-cosac-ut-ne-lituani\/#breadcrumb","itemListElement":[{"@type":"ListItem","position":1,"name":"Nimanbegu merr pjes\u00eb n\u00eb mbledhjen e 50-t\u00eb t\u00eb COSAC-ut n\u00eb Lituani"}]},{"@type":"Person","@id":"https:\/\/www.visit-ulcinj.com\/blog\/#\/schema\/person\/dcab619c614d3038751c63bc2aadc06d","name":"ulqini","sameAs":["http:\/\/www.visit-ulcinj.com"],"url":"https:\/\/www.visit-ulcinj.com\/blog\/author\/admin\/"}]}},"jetpack_featured_media_url":"","jetpack_sharing_enabled":true,"jetpack_shortlink":"https:\/\/wp.me\/pe6lTn-jMH","_links":{"self":[{"href":"https:\/\/www.visit-ulcinj.com\/blog\/wp-json\/wp\/v2\/posts\/76055"}],"collection":[{"href":"https:\/\/www.visit-ulcinj.com\/blog\/wp-json\/wp\/v2\/posts"}],"about":[{"href":"https:\/\/www.visit-ulcinj.com\/blog\/wp-json\/wp\/v2\/types\/post"}],"author":[{"embeddable":true,"href":"https:\/\/www.visit-ulcinj.com\/blog\/wp-json\/wp\/v2\/users\/1"}],"replies":[{"embeddable":true,"href":"https:\/\/www.visit-ulcinj.com\/blog\/wp-json\/wp\/v2\/comments?post=76055"}],"version-history":[{"count":1,"href":"https:\/\/www.visit-ulcinj.com\/blog\/wp-json\/wp\/v2\/posts\/76055\/revisions"}],"predecessor-version":[{"id":76057,"href":"https:\/\/www.visit-ulcinj.com\/blog\/wp-json\/wp\/v2\/posts\/76055\/revisions\/76057"}],"wp:attachment":[{"href":"https:\/\/www.visit-ulcinj.com\/blog\/wp-json\/wp\/v2\/media?parent=76055"}],"wp:term":[{"taxonomy":"category","embeddable":true,"href":"https:\/\/www.visit-ulcinj.com\/blog\/wp-json\/wp\/v2\/categories?post=76055"},{"taxonomy":"post_tag","embeddable":true,"href":"https:\/\/www.visit-ulcinj.com\/blog\/wp-json\/wp\/v2\/tags?post=76055"}],"curies":[{"name":"wp","href":"https:\/\/api.w.org\/{rel}","templated":true}]}}