{"id":76059,"date":"2013-11-07T19:19:13","date_gmt":"2013-11-07T18:19:13","guid":{"rendered":"http:\/\/www.visit-ulcinj.com\/blog\/?p=76059"},"modified":"2013-11-07T19:19:51","modified_gmt":"2013-11-07T18:19:51","slug":"stefan-fule-mbeshtet-jugosllavine-e-re-2","status":"publish","type":"post","link":"https:\/\/www.visit-ulcinj.com\/blog\/2013\/11\/07\/stefan-fule-mbeshtet-jugosllavine-e-re-2\/","title":{"rendered":"Stefan Fule mb\u00ebshtet &#8216;Jugosllavin\u00eb e re&#8217;"},"content":{"rendered":"<p><a href=\"http:\/\/www.visit-ulcinj.com\/blog\/wp-content\/uploads\/2013\/11\/stafan-fule-Lukshiq.jpg\"><img loading=\"lazy\" class=\"alignleft  wp-image-76060\" alt=\"stafan-fule-Lukshiq\" src=\"http:\/\/www.visit-ulcinj.com\/blog\/wp-content\/uploads\/2013\/11\/stafan-fule-Lukshiq.jpg\" width=\"508\" height=\"351\" \/><\/a>Komisioneri i BE&#8217;s\u00eb p\u00ebr zgjerim Stefan Fule i ka dh\u00ebn\u00eb mb\u00ebshtetje formimit t\u00eb federat\u00ebs s\u00eb 6 vendeve ballkanike n\u00ebp\u00ebrmjet s\u00eb cil\u00ebs do t\u00eb p\u00ebrshpejtoheshin integrimet e europiane t\u00eb k\u00ebsaj pjese t\u00eb Europ\u00ebs.<\/p>\n<p>Fule gjat\u00eb nj\u00eb takimi n\u00eb Budapest kur ka biseduar me 6 lider\u00eb t\u00eb partive n\u00eb Bosnj\u00eb e Hercegovin\u00eb, Ministrat e Jasht\u00ebm t\u00eb Ballkanit Per\u00ebndim dhe shefat e diplomacive t\u00eb grupit t\u00eb Vishegradit, q\u00eb p\u00ebrb\u00ebhet nga Hungaria, Sllovakia, Cekia, Polonia, ka th\u00ebn\u00eb se ideja e Igor Luksic \u00ebsht\u00eb e mir\u00eb dhe meriton p\u00ebrkrahje.<\/p>\n<p>&#8220;N\u00eb k\u00ebt\u00eb iniciativ\u00eb \u00ebsht\u00eb ve\u00e7mas interesante ideja q\u00eb shtetet an\u00ebtare t\u00eb saj t\u00eb avancoj\u00eb n\u00eb fushat q\u00eb kan\u00eb nd\u00ebrlidhen me legjislacionin eBE&#8217;s\u00eb&#8221; ka th\u00ebn\u00eb Fule.<\/p>\n<p>Luksic \u00ebsht\u00eb shprehur i k\u00ebnaqur me p\u00ebrkrahjen q\u00eb e ka marr\u00eb nga BE.<\/p>\n<p>Nj\u00eb nj\u00eb prononcim p\u00ebr &#8220;Dnevni Avaz&#8221;, Luksic ka th\u00ebn\u00eb se Mali i Zi, Bosnja dhe Hercegovina, Shqip\u00ebria, Kosova, Serbia dhe Mali i Zi duhet t\u00eb punojn\u00eb n\u00eb projekte t\u00eb p\u00ebrbashk\u00ebta infrastrukturore, p\u00ebrforcimin e mekanizmave n\u00eb luft\u00eb kund\u00ebr krimit t\u00eb organizuar dhe korrupsionit dhe eliminimin e barrierave t\u00eb biznesit q\u00eb do t\u00eb mund\u00ebsojn\u00eb zvog\u00eblimin e shpenzimeve p\u00ebr qytetar\u00ebt dhe ekonomis\u00eb dhe forcimin e konkurrenc\u00ebs t\u00eb vendeve t\u00eb rajonit.<\/p>\n<p>&#8220;Kabineti i Komisionerit Fule e ka vler\u00ebsuar dokumentin kualitativ nd\u00ebrsa idet\u00eb e ofruara me fokus n\u00eb temat e integrimeve europiane t\u00eb secilit shtet, duke marr\u00eb parasysh faktin se t\u00eb gjitha ato ndodhen n\u00eb faza t\u00eb ndryshme t\u00eb k\u00ebtij procesi. \u00ebsht\u00eb theksuar edhe aktualiteti duke marr\u00eb n\u00eb konsiderat\u00eb t\u00eb gjitha rrjedhat m\u00eb t\u00eb r\u00ebnd\u00ebsishme n\u00eb Ballkan. Duhet t\u00eb theksohet se edhe K\u00ebshilli p\u00ebr bashk\u00ebpunim rajonal dhe sekretari i tij Gjeneral Goran Svilanovic e mb\u00ebshtesin k\u00ebt\u00eb koncept rajonal. Aktualisht po punohet n\u00eb definimin e list\u00ebs s\u00eb projekteve dhe aktiviteteve p\u00ebr t\u00eb cilat do t\u00eb mund t\u00eb kishte konsensus t\u00eb vendeve t\u00eb rajonit dhe t\u00eb cilat do t\u00eb mund t\u00eb materializoheshin nga kjo form\u00eb e bashl\u00ebpunimit rajonal&#8221; ka th\u00ebn\u00eb Luksic.<\/p>\n<p>Propozimi i Luksic ishte kund\u00ebrshtuar nga pala kosovare. Ministri Enver Hoxhaj kishte th\u00ebn\u00eb se pala kosovare ka pasur shqet\u00ebsime edhe lidhur me draft-dokumentin e k\u00ebsaj iniciative, projektet e propozuara, qendrat e ndryshme institucionale, prej bashk\u00ebpunimit parlamentar, policis\u00eb dhe sundimit t\u00eb ligjit e deri te bashk\u00ebpunimi kulturor dhe arsimor.<\/p>\n<p>Sipas ministrit Hoxhaj, po krijohet p\u00ebrshtypja e nj\u00eb p\u00ebrqendrimi dhe shp\u00ebrndarje jo t\u00eb balancuar n\u00eb mes shteteve. \u201cKonkretisht t\u00eb gjitha projektet jan\u00eb t\u00eb koncentruara kryesisht n\u00eb Mal t\u00eb Zi, Bosnj\u00eb Hercegovin\u00eb dhe n\u00eb Serbi\u201d, kishte deklareuar ai.<\/p>\n<p>Si rrjedhoj\u00eb, Hoxhaj thot\u00eb se pik\u00ebnisja e pal\u00ebs kosovare n\u00eb k\u00ebt\u00eb takim ka qen\u00eb se duhet t\u00eb ket\u00eb kujdes, sepse nismat e tilla n\u00eb rrafshin funksional mund t\u00eb krijojm\u00eb dublifikime t\u00eb iniciativave ekzistuese dhe n\u00eb rrafshin e opinionit publik krijojn\u00eb keqkuptim p\u00ebr q\u00ebllimin e tyre<\/p>\n<p>\u201cNe kemi mbajtur q\u00ebndrimin se kjo nism\u00eb t\u00eb mos jet\u00eb vendimmarr\u00ebse dhe t\u00eb mos ket\u00eb institucione q\u00eb do t\u00eb linin p\u00ebrshtypjen e nj\u00eb integrim koheziv t\u00eb k\u00ebtyre shteteve t\u00eb Ballkanit Per\u00ebndimor. T\u00eb gjitha k\u00ebto shtete duhet t\u00eb integrohen n\u00eb BE si adres\u00eb e vetme\u201d, kishte th\u00ebn\u00eb Hoxhaj.<\/p>\n<p>&nbsp;<\/p>\n<p><strong>Burimi: 24-ore<\/strong><\/p>\n","protected":false},"excerpt":{"rendered":"<p>Komisioneri i BE&#8217;s\u00eb p\u00ebr zgjerim Stefan Fule i ka dh\u00ebn\u00eb mb\u00ebshtetje formimit t\u00eb federat\u00ebs s\u00eb 6 vendeve ballkanike n\u00ebp\u00ebrmjet s\u00eb cil\u00ebs do t\u00eb p\u00ebrshpejtoheshin integrimet e europiane t\u00eb k\u00ebsaj pjese t\u00eb Europ\u00ebs. Fule gjat\u00eb nj\u00eb takimi n\u00eb Budapest kur ka biseduar me 6 lider\u00eb t\u00eb partive n\u00eb Bosnj\u00eb e Hercegovin\u00eb, Ministrat e Jasht\u00ebm t\u00eb Ballkanit [&hellip;]<\/p>\n","protected":false},"author":1,"featured_media":0,"comment_status":"closed","ping_status":"closed","sticky":false,"template":"","format":"standard","meta":{"spay_email":"","jetpack_publicize_message":"","jetpack_is_tweetstorm":false,"jetpack_publicize_feature_enabled":true},"categories":[12],"tags":[],"jetpack_publicize_connections":[],"yoast_head":"<!-- This site is optimized with the Yoast SEO plugin v19.1 - https:\/\/yoast.com\/wordpress\/plugins\/seo\/ -->\n<title>Stefan Fule mb\u00ebshtet &#039;Jugosllavin\u00eb e re&#039; - Lajme nga Ulqini<\/title>\n<meta name=\"description\" content=\"Komisioneri i BE&#039;s\u00eb p\u00ebr zgjerim Stefan Fule i ka dh\u00ebn\u00eb mb\u00ebshtetje formimit t\u00eb federat\u00ebs s\u00eb 6 vendeve ballkanike n\u00ebp\u00ebrmjet s\u00eb cil\u00ebs do t\u00eb p\u00ebrshpejtoheshin\" \/>\n<meta name=\"robots\" content=\"index, follow, max-snippet:-1, max-image-preview:large, max-video-preview:-1\" \/>\n<link rel=\"canonical\" href=\"https:\/\/www.visit-ulcinj.com\/blog\/2013\/11\/07\/stefan-fule-mbeshtet-jugosllavine-e-re-2\/\" \/>\n<meta property=\"og:locale\" content=\"en_US\" \/>\n<meta property=\"og:type\" content=\"article\" \/>\n<meta property=\"og:title\" content=\"Stefan Fule mb\u00ebshtet &#039;Jugosllavin\u00eb e re&#039; - Lajme nga Ulqini\" \/>\n<meta property=\"og:description\" content=\"Komisioneri i BE&#039;s\u00eb p\u00ebr zgjerim Stefan Fule i ka dh\u00ebn\u00eb mb\u00ebshtetje formimit t\u00eb federat\u00ebs s\u00eb 6 vendeve ballkanike n\u00ebp\u00ebrmjet s\u00eb cil\u00ebs do t\u00eb p\u00ebrshpejtoheshin\" \/>\n<meta property=\"og:url\" content=\"https:\/\/www.visit-ulcinj.com\/blog\/2013\/11\/07\/stefan-fule-mbeshtet-jugosllavine-e-re-2\/\" \/>\n<meta property=\"og:site_name\" content=\"Lajme nga Ulqini\" \/>\n<meta property=\"article:published_time\" content=\"2013-11-07T18:19:13+00:00\" \/>\n<meta property=\"article:modified_time\" content=\"2013-11-07T18:19:51+00:00\" \/>\n<meta property=\"og:image\" content=\"http:\/\/www.visit-ulcinj.com\/blog\/wp-content\/uploads\/2013\/11\/stafan-fule-Lukshiq.jpg\" \/>\n<meta name=\"twitter:label1\" content=\"Written by\" \/>\n\t<meta name=\"twitter:data1\" content=\"ulqini\" \/>\n\t<meta name=\"twitter:label2\" content=\"Est. reading time\" \/>\n\t<meta name=\"twitter:data2\" content=\"3 minutes\" \/>\n<script type=\"application\/ld+json\" class=\"yoast-schema-graph\">{\"@context\":\"https:\/\/schema.org\",\"@graph\":[{\"@type\":\"WebSite\",\"@id\":\"https:\/\/www.visit-ulcinj.com\/blog\/#website\",\"url\":\"https:\/\/www.visit-ulcinj.com\/blog\/\",\"name\":\"Lajme nga Ulqini\",\"description\":\"Lajme,Vijesti,Ulqini,Ulqin,Crna Gora,Mali i Zi\",\"potentialAction\":[{\"@type\":\"SearchAction\",\"target\":{\"@type\":\"EntryPoint\",\"urlTemplate\":\"https:\/\/www.visit-ulcinj.com\/blog\/?s={search_term_string}\"},\"query-input\":\"required name=search_term_string\"}],\"inLanguage\":\"en-US\"},{\"@type\":\"ImageObject\",\"inLanguage\":\"en-US\",\"@id\":\"https:\/\/www.visit-ulcinj.com\/blog\/2013\/11\/07\/stefan-fule-mbeshtet-jugosllavine-e-re-2\/#primaryimage\",\"url\":\"https:\/\/www.visit-ulcinj.com\/blog\/wp-content\/uploads\/2013\/11\/stafan-fule-Lukshiq.jpg\",\"contentUrl\":\"https:\/\/www.visit-ulcinj.com\/blog\/wp-content\/uploads\/2013\/11\/stafan-fule-Lukshiq.jpg\",\"width\":640,\"height\":351},{\"@type\":\"WebPage\",\"@id\":\"https:\/\/www.visit-ulcinj.com\/blog\/2013\/11\/07\/stefan-fule-mbeshtet-jugosllavine-e-re-2\/#webpage\",\"url\":\"https:\/\/www.visit-ulcinj.com\/blog\/2013\/11\/07\/stefan-fule-mbeshtet-jugosllavine-e-re-2\/\",\"name\":\"Stefan Fule mb\u00ebshtet 'Jugosllavin\u00eb e re' - Lajme nga Ulqini\",\"isPartOf\":{\"@id\":\"https:\/\/www.visit-ulcinj.com\/blog\/#website\"},\"primaryImageOfPage\":{\"@id\":\"https:\/\/www.visit-ulcinj.com\/blog\/2013\/11\/07\/stefan-fule-mbeshtet-jugosllavine-e-re-2\/#primaryimage\"},\"datePublished\":\"2013-11-07T18:19:13+00:00\",\"dateModified\":\"2013-11-07T18:19:51+00:00\",\"author\":{\"@id\":\"https:\/\/www.visit-ulcinj.com\/blog\/#\/schema\/person\/dcab619c614d3038751c63bc2aadc06d\"},\"description\":\"Komisioneri i BE's\u00eb p\u00ebr zgjerim Stefan Fule i ka dh\u00ebn\u00eb mb\u00ebshtetje formimit t\u00eb federat\u00ebs s\u00eb 6 vendeve ballkanike n\u00ebp\u00ebrmjet s\u00eb cil\u00ebs do t\u00eb p\u00ebrshpejtoheshin\",\"breadcrumb\":{\"@id\":\"https:\/\/www.visit-ulcinj.com\/blog\/2013\/11\/07\/stefan-fule-mbeshtet-jugosllavine-e-re-2\/#breadcrumb\"},\"inLanguage\":\"en-US\",\"potentialAction\":[{\"@type\":\"ReadAction\",\"target\":[\"https:\/\/www.visit-ulcinj.com\/blog\/2013\/11\/07\/stefan-fule-mbeshtet-jugosllavine-e-re-2\/\"]}]},{\"@type\":\"BreadcrumbList\",\"@id\":\"https:\/\/www.visit-ulcinj.com\/blog\/2013\/11\/07\/stefan-fule-mbeshtet-jugosllavine-e-re-2\/#breadcrumb\",\"itemListElement\":[{\"@type\":\"ListItem\",\"position\":1,\"name\":\"Stefan Fule mb\u00ebshtet &#8216;Jugosllavin\u00eb e re&#8217;\"}]},{\"@type\":\"Person\",\"@id\":\"https:\/\/www.visit-ulcinj.com\/blog\/#\/schema\/person\/dcab619c614d3038751c63bc2aadc06d\",\"name\":\"ulqini\",\"sameAs\":[\"http:\/\/www.visit-ulcinj.com\"],\"url\":\"https:\/\/www.visit-ulcinj.com\/blog\/author\/admin\/\"}]}<\/script>\n<!-- \/ Yoast SEO plugin. -->","yoast_head_json":{"title":"Stefan Fule mb\u00ebshtet 'Jugosllavin\u00eb e re' - Lajme nga Ulqini","description":"Komisioneri i BE's\u00eb p\u00ebr zgjerim Stefan Fule i ka dh\u00ebn\u00eb mb\u00ebshtetje formimit t\u00eb federat\u00ebs s\u00eb 6 vendeve ballkanike n\u00ebp\u00ebrmjet s\u00eb cil\u00ebs do t\u00eb p\u00ebrshpejtoheshin","robots":{"index":"index","follow":"follow","max-snippet":"max-snippet:-1","max-image-preview":"max-image-preview:large","max-video-preview":"max-video-preview:-1"},"canonical":"https:\/\/www.visit-ulcinj.com\/blog\/2013\/11\/07\/stefan-fule-mbeshtet-jugosllavine-e-re-2\/","og_locale":"en_US","og_type":"article","og_title":"Stefan Fule mb\u00ebshtet 'Jugosllavin\u00eb e re' - Lajme nga Ulqini","og_description":"Komisioneri i BE's\u00eb p\u00ebr zgjerim Stefan Fule i ka dh\u00ebn\u00eb mb\u00ebshtetje formimit t\u00eb federat\u00ebs s\u00eb 6 vendeve ballkanike n\u00ebp\u00ebrmjet s\u00eb cil\u00ebs do t\u00eb p\u00ebrshpejtoheshin","og_url":"https:\/\/www.visit-ulcinj.com\/blog\/2013\/11\/07\/stefan-fule-mbeshtet-jugosllavine-e-re-2\/","og_site_name":"Lajme nga Ulqini","article_published_time":"2013-11-07T18:19:13+00:00","article_modified_time":"2013-11-07T18:19:51+00:00","og_image":[{"url":"http:\/\/www.visit-ulcinj.com\/blog\/wp-content\/uploads\/2013\/11\/stafan-fule-Lukshiq.jpg"}],"twitter_misc":{"Written by":"ulqini","Est. reading time":"3 minutes"},"schema":{"@context":"https:\/\/schema.org","@graph":[{"@type":"WebSite","@id":"https:\/\/www.visit-ulcinj.com\/blog\/#website","url":"https:\/\/www.visit-ulcinj.com\/blog\/","name":"Lajme nga Ulqini","description":"Lajme,Vijesti,Ulqini,Ulqin,Crna Gora,Mali i Zi","potentialAction":[{"@type":"SearchAction","target":{"@type":"EntryPoint","urlTemplate":"https:\/\/www.visit-ulcinj.com\/blog\/?s={search_term_string}"},"query-input":"required name=search_term_string"}],"inLanguage":"en-US"},{"@type":"ImageObject","inLanguage":"en-US","@id":"https:\/\/www.visit-ulcinj.com\/blog\/2013\/11\/07\/stefan-fule-mbeshtet-jugosllavine-e-re-2\/#primaryimage","url":"https:\/\/www.visit-ulcinj.com\/blog\/wp-content\/uploads\/2013\/11\/stafan-fule-Lukshiq.jpg","contentUrl":"https:\/\/www.visit-ulcinj.com\/blog\/wp-content\/uploads\/2013\/11\/stafan-fule-Lukshiq.jpg","width":640,"height":351},{"@type":"WebPage","@id":"https:\/\/www.visit-ulcinj.com\/blog\/2013\/11\/07\/stefan-fule-mbeshtet-jugosllavine-e-re-2\/#webpage","url":"https:\/\/www.visit-ulcinj.com\/blog\/2013\/11\/07\/stefan-fule-mbeshtet-jugosllavine-e-re-2\/","name":"Stefan Fule mb\u00ebshtet 'Jugosllavin\u00eb e re' - Lajme nga Ulqini","isPartOf":{"@id":"https:\/\/www.visit-ulcinj.com\/blog\/#website"},"primaryImageOfPage":{"@id":"https:\/\/www.visit-ulcinj.com\/blog\/2013\/11\/07\/stefan-fule-mbeshtet-jugosllavine-e-re-2\/#primaryimage"},"datePublished":"2013-11-07T18:19:13+00:00","dateModified":"2013-11-07T18:19:51+00:00","author":{"@id":"https:\/\/www.visit-ulcinj.com\/blog\/#\/schema\/person\/dcab619c614d3038751c63bc2aadc06d"},"description":"Komisioneri i BE's\u00eb p\u00ebr zgjerim Stefan Fule i ka dh\u00ebn\u00eb mb\u00ebshtetje formimit t\u00eb federat\u00ebs s\u00eb 6 vendeve ballkanike n\u00ebp\u00ebrmjet s\u00eb cil\u00ebs do t\u00eb p\u00ebrshpejtoheshin","breadcrumb":{"@id":"https:\/\/www.visit-ulcinj.com\/blog\/2013\/11\/07\/stefan-fule-mbeshtet-jugosllavine-e-re-2\/#breadcrumb"},"inLanguage":"en-US","potentialAction":[{"@type":"ReadAction","target":["https:\/\/www.visit-ulcinj.com\/blog\/2013\/11\/07\/stefan-fule-mbeshtet-jugosllavine-e-re-2\/"]}]},{"@type":"BreadcrumbList","@id":"https:\/\/www.visit-ulcinj.com\/blog\/2013\/11\/07\/stefan-fule-mbeshtet-jugosllavine-e-re-2\/#breadcrumb","itemListElement":[{"@type":"ListItem","position":1,"name":"Stefan Fule mb\u00ebshtet &#8216;Jugosllavin\u00eb e re&#8217;"}]},{"@type":"Person","@id":"https:\/\/www.visit-ulcinj.com\/blog\/#\/schema\/person\/dcab619c614d3038751c63bc2aadc06d","name":"ulqini","sameAs":["http:\/\/www.visit-ulcinj.com"],"url":"https:\/\/www.visit-ulcinj.com\/blog\/author\/admin\/"}]}},"jetpack_featured_media_url":"","jetpack_sharing_enabled":true,"jetpack_shortlink":"https:\/\/wp.me\/pe6lTn-jML","_links":{"self":[{"href":"https:\/\/www.visit-ulcinj.com\/blog\/wp-json\/wp\/v2\/posts\/76059"}],"collection":[{"href":"https:\/\/www.visit-ulcinj.com\/blog\/wp-json\/wp\/v2\/posts"}],"about":[{"href":"https:\/\/www.visit-ulcinj.com\/blog\/wp-json\/wp\/v2\/types\/post"}],"author":[{"embeddable":true,"href":"https:\/\/www.visit-ulcinj.com\/blog\/wp-json\/wp\/v2\/users\/1"}],"replies":[{"embeddable":true,"href":"https:\/\/www.visit-ulcinj.com\/blog\/wp-json\/wp\/v2\/comments?post=76059"}],"version-history":[{"count":2,"href":"https:\/\/www.visit-ulcinj.com\/blog\/wp-json\/wp\/v2\/posts\/76059\/revisions"}],"predecessor-version":[{"id":76062,"href":"https:\/\/www.visit-ulcinj.com\/blog\/wp-json\/wp\/v2\/posts\/76059\/revisions\/76062"}],"wp:attachment":[{"href":"https:\/\/www.visit-ulcinj.com\/blog\/wp-json\/wp\/v2\/media?parent=76059"}],"wp:term":[{"taxonomy":"category","embeddable":true,"href":"https:\/\/www.visit-ulcinj.com\/blog\/wp-json\/wp\/v2\/categories?post=76059"},{"taxonomy":"post_tag","embeddable":true,"href":"https:\/\/www.visit-ulcinj.com\/blog\/wp-json\/wp\/v2\/tags?post=76059"}],"curies":[{"name":"wp","href":"https:\/\/api.w.org\/{rel}","templated":true}]}}