{"id":76063,"date":"2013-11-07T19:29:07","date_gmt":"2013-11-07T18:29:07","guid":{"rendered":"http:\/\/www.visit-ulcinj.com\/blog\/?p=76063"},"modified":"2013-11-07T19:29:07","modified_gmt":"2013-11-07T18:29:07","slug":"otpusteni-radnici-traze-pomoc-od-cungua","status":"publish","type":"post","link":"https:\/\/www.visit-ulcinj.com\/blog\/2013\/11\/07\/otpusteni-radnici-traze-pomoc-od-cungua\/","title":{"rendered":"Otpu\u0161teni radnici tra\u017ee pomo\u0107 od Cungua"},"content":{"rendered":"<p><strong><a href=\"http:\/\/www.visit-ulcinj.com\/blog\/wp-content\/uploads\/2013\/11\/Solana-Ulcinj1.jpg\"><img loading=\"lazy\" class=\"alignleft  wp-image-76064\" alt=\"Solana Ulcinj\" src=\"http:\/\/www.visit-ulcinj.com\/blog\/wp-content\/uploads\/2013\/11\/Solana-Ulcinj1.jpg\" width=\"508\" height=\"360\" \/><\/a>ULCINJ \u2013 Predsjedik op\u0161tine Ulcinj Nazif Cungu primio je u srijedu na sastanak predstavnike radnika Solane povodom posljednjih de\u0161avanja u ovom preduze\u0107u. Poslovodstvo Solane odlu\u010dilo je da 20 od ukupno 66 radnika vi\u0161e ne mo\u017ee da zaklju\u010di novi ugovor o radu, \u0161to zna\u010di da je skoro tre\u0107ina zaposlenih u ovom preduze\u0107u ostala bez posla. Radnici kojima je produ\u017een ugovor o radu, ovi ugovori isti\u010du 31. decembra.<\/strong><\/p>\n<p>Od predsjednika op\u0161tine radnici su tra\u017eili podr\u0161ku u pronala\u017eenju prihvatljivog rje\u0161enja za otpu\u0161tene radnike. Naime, za radnike su i dalje nejasni planovi vlasnika sa Solanom uzimaju\u0107i u obzir njihovu procjenu da sa umanjenim brojem radnika proizvodnja ne mo\u017ee da se realizuje i na ovaj na\u010din Solana ne mo\u017ee da opstane.<\/p>\n<p>Predsjednik Cungu je predlo\u017eio sastanak na kojem \u0107e se pozvati predstavnici sindikata, vlasnik i ste\u010dajni upravnik i izlo\u017eiti konkretni zahtjevi radnika i poku\u0161ati posti\u0107i prihvatljivo rje\u0161enje za trenutnu situaciju u Solani, saop\u0161teno je iz kabineta predsjednika op\u0161tine Ulcinj Nazifa Cungua.<\/p>\n<p><em><strong>A. \u017d.<\/strong><\/em><\/p>\n<p><strong>Izvor: POBJEDA<\/strong><\/p>\n","protected":false},"excerpt":{"rendered":"<p>ULCINJ \u2013 Predsjedik op\u0161tine Ulcinj Nazif Cungu primio je u srijedu na sastanak predstavnike radnika Solane povodom posljednjih de\u0161avanja u ovom preduze\u0107u. Poslovodstvo Solane odlu\u010dilo je da 20 od ukupno 66 radnika vi\u0161e ne mo\u017ee da zaklju\u010di novi ugovor o radu, \u0161to zna\u010di da je skoro tre\u0107ina zaposlenih u ovom preduze\u0107u ostala bez posla. Radnici [&hellip;]<\/p>\n","protected":false},"author":1,"featured_media":0,"comment_status":"closed","ping_status":"closed","sticky":false,"template":"","format":"standard","meta":{"spay_email":"","jetpack_publicize_message":"","jetpack_is_tweetstorm":false,"jetpack_publicize_feature_enabled":true},"categories":[6950],"tags":[],"jetpack_publicize_connections":[],"yoast_head":"<!-- This site is optimized with the Yoast SEO plugin v19.1 - https:\/\/yoast.com\/wordpress\/plugins\/seo\/ -->\n<title>Otpu\u0161teni radnici tra\u017ee pomo\u0107 od Cungua - Lajme nga Ulqini<\/title>\n<meta name=\"description\" content=\"ULCINJ \u2013 Predsjedik op\u0161tine Ulcinj Nazif Cungu primio je u srijedu na sastanak predstavnike radnika Solane povodom posljednjih de\u0161avanja u ovom preduze\u0107u.\" \/>\n<meta name=\"robots\" content=\"index, follow, max-snippet:-1, max-image-preview:large, max-video-preview:-1\" \/>\n<link rel=\"canonical\" href=\"https:\/\/www.visit-ulcinj.com\/blog\/2013\/11\/07\/otpusteni-radnici-traze-pomoc-od-cungua\/\" \/>\n<meta property=\"og:locale\" content=\"en_US\" \/>\n<meta property=\"og:type\" content=\"article\" \/>\n<meta property=\"og:title\" content=\"Otpu\u0161teni radnici tra\u017ee pomo\u0107 od Cungua - Lajme nga Ulqini\" \/>\n<meta property=\"og:description\" content=\"ULCINJ \u2013 Predsjedik op\u0161tine Ulcinj Nazif Cungu primio je u srijedu na sastanak predstavnike radnika Solane povodom posljednjih de\u0161avanja u ovom preduze\u0107u.\" \/>\n<meta property=\"og:url\" content=\"https:\/\/www.visit-ulcinj.com\/blog\/2013\/11\/07\/otpusteni-radnici-traze-pomoc-od-cungua\/\" \/>\n<meta property=\"og:site_name\" content=\"Lajme nga Ulqini\" \/>\n<meta property=\"article:published_time\" content=\"2013-11-07T18:29:07+00:00\" \/>\n<meta property=\"og:image\" content=\"http:\/\/www.visit-ulcinj.com\/blog\/wp-content\/uploads\/2013\/11\/Solana-Ulcinj1.jpg\" \/>\n<meta name=\"twitter:label1\" content=\"Written by\" \/>\n\t<meta name=\"twitter:data1\" content=\"ulqini\" \/>\n\t<meta name=\"twitter:label2\" content=\"Est. reading time\" \/>\n\t<meta name=\"twitter:data2\" content=\"1 minute\" \/>\n<script type=\"application\/ld+json\" class=\"yoast-schema-graph\">{\"@context\":\"https:\/\/schema.org\",\"@graph\":[{\"@type\":\"WebSite\",\"@id\":\"https:\/\/www.visit-ulcinj.com\/blog\/#website\",\"url\":\"https:\/\/www.visit-ulcinj.com\/blog\/\",\"name\":\"Lajme nga Ulqini\",\"description\":\"Lajme,Vijesti,Ulqini,Ulqin,Crna Gora,Mali i Zi\",\"potentialAction\":[{\"@type\":\"SearchAction\",\"target\":{\"@type\":\"EntryPoint\",\"urlTemplate\":\"https:\/\/www.visit-ulcinj.com\/blog\/?s={search_term_string}\"},\"query-input\":\"required name=search_term_string\"}],\"inLanguage\":\"en-US\"},{\"@type\":\"ImageObject\",\"inLanguage\":\"en-US\",\"@id\":\"https:\/\/www.visit-ulcinj.com\/blog\/2013\/11\/07\/otpusteni-radnici-traze-pomoc-od-cungua\/#primaryimage\",\"url\":\"https:\/\/www.visit-ulcinj.com\/blog\/wp-content\/uploads\/2013\/11\/Solana-Ulcinj1.jpg\",\"contentUrl\":\"https:\/\/www.visit-ulcinj.com\/blog\/wp-content\/uploads\/2013\/11\/Solana-Ulcinj1.jpg\",\"width\":960,\"height\":720},{\"@type\":\"WebPage\",\"@id\":\"https:\/\/www.visit-ulcinj.com\/blog\/2013\/11\/07\/otpusteni-radnici-traze-pomoc-od-cungua\/#webpage\",\"url\":\"https:\/\/www.visit-ulcinj.com\/blog\/2013\/11\/07\/otpusteni-radnici-traze-pomoc-od-cungua\/\",\"name\":\"Otpu\u0161teni radnici tra\u017ee pomo\u0107 od Cungua - Lajme nga Ulqini\",\"isPartOf\":{\"@id\":\"https:\/\/www.visit-ulcinj.com\/blog\/#website\"},\"primaryImageOfPage\":{\"@id\":\"https:\/\/www.visit-ulcinj.com\/blog\/2013\/11\/07\/otpusteni-radnici-traze-pomoc-od-cungua\/#primaryimage\"},\"datePublished\":\"2013-11-07T18:29:07+00:00\",\"dateModified\":\"2013-11-07T18:29:07+00:00\",\"author\":{\"@id\":\"https:\/\/www.visit-ulcinj.com\/blog\/#\/schema\/person\/dcab619c614d3038751c63bc2aadc06d\"},\"description\":\"ULCINJ \u2013 Predsjedik op\u0161tine Ulcinj Nazif Cungu primio je u srijedu na sastanak predstavnike radnika Solane povodom posljednjih de\u0161avanja u ovom preduze\u0107u.\",\"breadcrumb\":{\"@id\":\"https:\/\/www.visit-ulcinj.com\/blog\/2013\/11\/07\/otpusteni-radnici-traze-pomoc-od-cungua\/#breadcrumb\"},\"inLanguage\":\"en-US\",\"potentialAction\":[{\"@type\":\"ReadAction\",\"target\":[\"https:\/\/www.visit-ulcinj.com\/blog\/2013\/11\/07\/otpusteni-radnici-traze-pomoc-od-cungua\/\"]}]},{\"@type\":\"BreadcrumbList\",\"@id\":\"https:\/\/www.visit-ulcinj.com\/blog\/2013\/11\/07\/otpusteni-radnici-traze-pomoc-od-cungua\/#breadcrumb\",\"itemListElement\":[{\"@type\":\"ListItem\",\"position\":1,\"name\":\"Otpu\u0161teni radnici tra\u017ee pomo\u0107 od Cungua\"}]},{\"@type\":\"Person\",\"@id\":\"https:\/\/www.visit-ulcinj.com\/blog\/#\/schema\/person\/dcab619c614d3038751c63bc2aadc06d\",\"name\":\"ulqini\",\"sameAs\":[\"http:\/\/www.visit-ulcinj.com\"],\"url\":\"https:\/\/www.visit-ulcinj.com\/blog\/author\/admin\/\"}]}<\/script>\n<!-- \/ Yoast SEO plugin. -->","yoast_head_json":{"title":"Otpu\u0161teni radnici tra\u017ee pomo\u0107 od Cungua - Lajme nga Ulqini","description":"ULCINJ \u2013 Predsjedik op\u0161tine Ulcinj Nazif Cungu primio je u srijedu na sastanak predstavnike radnika Solane povodom posljednjih de\u0161avanja u ovom preduze\u0107u.","robots":{"index":"index","follow":"follow","max-snippet":"max-snippet:-1","max-image-preview":"max-image-preview:large","max-video-preview":"max-video-preview:-1"},"canonical":"https:\/\/www.visit-ulcinj.com\/blog\/2013\/11\/07\/otpusteni-radnici-traze-pomoc-od-cungua\/","og_locale":"en_US","og_type":"article","og_title":"Otpu\u0161teni radnici tra\u017ee pomo\u0107 od Cungua - Lajme nga Ulqini","og_description":"ULCINJ \u2013 Predsjedik op\u0161tine Ulcinj Nazif Cungu primio je u srijedu na sastanak predstavnike radnika Solane povodom posljednjih de\u0161avanja u ovom preduze\u0107u.","og_url":"https:\/\/www.visit-ulcinj.com\/blog\/2013\/11\/07\/otpusteni-radnici-traze-pomoc-od-cungua\/","og_site_name":"Lajme nga Ulqini","article_published_time":"2013-11-07T18:29:07+00:00","og_image":[{"url":"http:\/\/www.visit-ulcinj.com\/blog\/wp-content\/uploads\/2013\/11\/Solana-Ulcinj1.jpg"}],"twitter_misc":{"Written by":"ulqini","Est. reading time":"1 minute"},"schema":{"@context":"https:\/\/schema.org","@graph":[{"@type":"WebSite","@id":"https:\/\/www.visit-ulcinj.com\/blog\/#website","url":"https:\/\/www.visit-ulcinj.com\/blog\/","name":"Lajme nga Ulqini","description":"Lajme,Vijesti,Ulqini,Ulqin,Crna Gora,Mali i Zi","potentialAction":[{"@type":"SearchAction","target":{"@type":"EntryPoint","urlTemplate":"https:\/\/www.visit-ulcinj.com\/blog\/?s={search_term_string}"},"query-input":"required name=search_term_string"}],"inLanguage":"en-US"},{"@type":"ImageObject","inLanguage":"en-US","@id":"https:\/\/www.visit-ulcinj.com\/blog\/2013\/11\/07\/otpusteni-radnici-traze-pomoc-od-cungua\/#primaryimage","url":"https:\/\/www.visit-ulcinj.com\/blog\/wp-content\/uploads\/2013\/11\/Solana-Ulcinj1.jpg","contentUrl":"https:\/\/www.visit-ulcinj.com\/blog\/wp-content\/uploads\/2013\/11\/Solana-Ulcinj1.jpg","width":960,"height":720},{"@type":"WebPage","@id":"https:\/\/www.visit-ulcinj.com\/blog\/2013\/11\/07\/otpusteni-radnici-traze-pomoc-od-cungua\/#webpage","url":"https:\/\/www.visit-ulcinj.com\/blog\/2013\/11\/07\/otpusteni-radnici-traze-pomoc-od-cungua\/","name":"Otpu\u0161teni radnici tra\u017ee pomo\u0107 od Cungua - Lajme nga Ulqini","isPartOf":{"@id":"https:\/\/www.visit-ulcinj.com\/blog\/#website"},"primaryImageOfPage":{"@id":"https:\/\/www.visit-ulcinj.com\/blog\/2013\/11\/07\/otpusteni-radnici-traze-pomoc-od-cungua\/#primaryimage"},"datePublished":"2013-11-07T18:29:07+00:00","dateModified":"2013-11-07T18:29:07+00:00","author":{"@id":"https:\/\/www.visit-ulcinj.com\/blog\/#\/schema\/person\/dcab619c614d3038751c63bc2aadc06d"},"description":"ULCINJ \u2013 Predsjedik op\u0161tine Ulcinj Nazif Cungu primio je u srijedu na sastanak predstavnike radnika Solane povodom posljednjih de\u0161avanja u ovom preduze\u0107u.","breadcrumb":{"@id":"https:\/\/www.visit-ulcinj.com\/blog\/2013\/11\/07\/otpusteni-radnici-traze-pomoc-od-cungua\/#breadcrumb"},"inLanguage":"en-US","potentialAction":[{"@type":"ReadAction","target":["https:\/\/www.visit-ulcinj.com\/blog\/2013\/11\/07\/otpusteni-radnici-traze-pomoc-od-cungua\/"]}]},{"@type":"BreadcrumbList","@id":"https:\/\/www.visit-ulcinj.com\/blog\/2013\/11\/07\/otpusteni-radnici-traze-pomoc-od-cungua\/#breadcrumb","itemListElement":[{"@type":"ListItem","position":1,"name":"Otpu\u0161teni radnici tra\u017ee pomo\u0107 od Cungua"}]},{"@type":"Person","@id":"https:\/\/www.visit-ulcinj.com\/blog\/#\/schema\/person\/dcab619c614d3038751c63bc2aadc06d","name":"ulqini","sameAs":["http:\/\/www.visit-ulcinj.com"],"url":"https:\/\/www.visit-ulcinj.com\/blog\/author\/admin\/"}]}},"jetpack_featured_media_url":"","jetpack_sharing_enabled":true,"jetpack_shortlink":"https:\/\/wp.me\/pe6lTn-jMP","_links":{"self":[{"href":"https:\/\/www.visit-ulcinj.com\/blog\/wp-json\/wp\/v2\/posts\/76063"}],"collection":[{"href":"https:\/\/www.visit-ulcinj.com\/blog\/wp-json\/wp\/v2\/posts"}],"about":[{"href":"https:\/\/www.visit-ulcinj.com\/blog\/wp-json\/wp\/v2\/types\/post"}],"author":[{"embeddable":true,"href":"https:\/\/www.visit-ulcinj.com\/blog\/wp-json\/wp\/v2\/users\/1"}],"replies":[{"embeddable":true,"href":"https:\/\/www.visit-ulcinj.com\/blog\/wp-json\/wp\/v2\/comments?post=76063"}],"version-history":[{"count":1,"href":"https:\/\/www.visit-ulcinj.com\/blog\/wp-json\/wp\/v2\/posts\/76063\/revisions"}],"predecessor-version":[{"id":76065,"href":"https:\/\/www.visit-ulcinj.com\/blog\/wp-json\/wp\/v2\/posts\/76063\/revisions\/76065"}],"wp:attachment":[{"href":"https:\/\/www.visit-ulcinj.com\/blog\/wp-json\/wp\/v2\/media?parent=76063"}],"wp:term":[{"taxonomy":"category","embeddable":true,"href":"https:\/\/www.visit-ulcinj.com\/blog\/wp-json\/wp\/v2\/categories?post=76063"},{"taxonomy":"post_tag","embeddable":true,"href":"https:\/\/www.visit-ulcinj.com\/blog\/wp-json\/wp\/v2\/tags?post=76063"}],"curies":[{"name":"wp","href":"https:\/\/api.w.org\/{rel}","templated":true}]}}