{"id":76066,"date":"2013-11-08T00:05:01","date_gmt":"2013-11-07T23:05:01","guid":{"rendered":"http:\/\/www.visit-ulcinj.com\/blog\/?p=76066"},"modified":"2013-11-08T19:59:57","modified_gmt":"2013-11-08T18:59:57","slug":"qyteza-e-katerkolles","status":"publish","type":"post","link":"https:\/\/www.visit-ulcinj.com\/blog\/2013\/11\/08\/qyteza-e-katerkolles\/","title":{"rendered":"Qyteza e Kat\u00ebrkoll\u00ebs nga Sabri Salaj"},"content":{"rendered":"<p><strong><a href=\"http:\/\/www.visit-ulcinj.com\/blog\/wp-content\/uploads\/2013\/11\/Sabri-Salaj.jpg\"><img loading=\"lazy\" class=\"alignleft  wp-image-76067\" alt=\"Sabri Salaj\" src=\"http:\/\/www.visit-ulcinj.com\/blog\/wp-content\/uploads\/2013\/11\/Sabri-Salaj.jpg\" width=\"508\" height=\"360\" \/><\/a>Shkruan: Mr. Sabri Salaj<\/strong><\/p>\n<p>Qyteza e Katerkoll\u00ebs, si pjes\u00eb e sistemit administrative t\u00eb Komun\u00ebs s\u00eb Ulqinit, shtrihet n\u00eb\u00a0 Rajonin e An\u00ebs s\u00eb Malit me nj\u00eb territor n\u00eb t\u00eb cil\u00ebn gravitojn\u00eb mbi 20 fshatra\u00a0 me nj\u00eb popullsi mbi 6 mij\u00eb banor\u00eb, ku p\u00ebrfshir\u00eb\u00a0 migrimin dhe emigrimin kap nj\u00eb shifer mbi 30 mij\u00eb banor\u00eb. Rajoni i An\u00ebs s\u00eb Malit \u00a0shtrihet n\u00eb nj\u00eb fush\u00eb t\u00eb begat pjellore \u00a0n\u00eb mes t\u00eb Liqenit t\u00eb Shkodr\u00ebs, Liqenit t\u00eb\u00a0 Shasit, Lumit Buna dhe Detin Adreatik kurse Qyteza Kat\u00ebrkoll\u00eb si qend\u00ebr urbane e k\u00ebtij rajoni ishte dhe vazhdon t\u00eb jet\u00eb potencial i rend\u00ebsish\u00ebm\u00a0 ekonomik, administrativ, kulturor , turistik e sportive p\u00ebr t\u00ebr\u00eb k\u00ebt\u00eb rajon , n\u00eb Komun\u00ebn e Ulqinit.<\/p>\n<p>N\u00eb qytez\u00ebn e Katerkoll\u00ebs, veprojn\u00eb dhe kan\u00eb selin\u00eb e vet Qendra Sh\u00ebndetsore, Elektrodistribucioni, Posta, Kino Salla , Bibloteka , Bashk\u00ebsia Lokale, Regjistri i Gjendjes Civile, Shkolla 9 vjecare, Kopshti p\u00ebr f\u00ebmij, N.P.Ujesjell\u00ebs dhe Kanalizimi, N.P.Veprimtarit\u00eb Komunale, , Partit\u00eb Politike , Qendra e f\u00ebmij\u00ebve psiko-edukative,,Ylber Shpres\u00eb\u2019\u2019Shoqatat jo qeveritare , Polici i zon\u00ebs,Policia kufitare, Tregu i Gjelb\u00ebrt, Tregu i Bag\u00ebtive dhe terreni sportiv. K\u00ebto institucione t\u00eb cilat\u00a0 ishin me kompetenca t\u00eb plota administrative sot vazhdojn\u00eb t\u00eb degradohen, nga mungesa e mjeteve financiare por \u00a0edhe nga neglizhenca e organeve mbik\u00ebqyrese kompetente , pavar\u00ebsisht se disa vazhdojn\u00eb t\u00eb punojn\u00eb \u00a0n\u00eb sh\u00ebrbim t\u00eb qytetar\u00ebve,edhe pse jasht\u00eb \u00e7do standarti dhe n\u00eb kushte t\u00eb v\u00ebshtira.<\/p>\n<p>&nbsp;<\/p>\n<p>Dikur\u2026<\/p>\n<p>N\u00eb biseda m\u00eb banor\u00ebt e vendit, p\u00ebr\u00a0 t\u00eb kaluar\u00ebn e k\u00ebsaj qyteze , v\u00ebren qart\u00eb pasionin dhe dashurin\u00eb\u00a0 e madhe q\u00eb kan\u00eb t\u00eb flasin p\u00ebr k\u00ebt\u00eb zon\u00eb, ku me nj\u00eb nostalgji t\u00eb madhe secili bised\u00ebn e vet e fillon m\u00eb Shkoll\u00ebn e Vjet\u00ebr , fanar i dijes dhe arsimit t\u00eb par\u00eb shqip p\u00ebr k\u00ebto treva.<\/p>\n<p>Gjat\u00eb koh\u00ebs s\u00eb Austro-Hungaris\u00eb n\u00eb k\u00ebto treva, \u00a0fillon edhe nd\u00ebrtimi i par\u00eb i rrug\u00ebs q\u00eb lidh Shkodr\u00ebn m\u00eb Tivarin duke kaluar n\u00ebp\u00ebr qend\u00ebr t\u00eb Katerkoll\u00ebs. Kjo rrug\u00eb nd\u00ebrtohet p\u00ebr\u00a0 zhvillimin e k\u00ebsaj zone , dhe e gjith\u00eb rruga \u00ebsht\u00eb e nd\u00ebrtuar m\u00eb pun\u00eb t\u00eb detyruar t\u00eb popullit , dhe ka qen\u00eb e nd\u00ebrtuar kalldram. Gjat\u00eb koh\u00ebs s\u00eb Italis\u00eb n\u00eb k\u00ebto treva, p\u00ebr vizit\u00eb n\u00eb Shkoll\u00ebn e Vjet\u00ebr vjen Viktor Emanueli i III i cili pritet nga nxen\u00ebsit e shkoll\u00ebs dhe personeli i saj.<\/p>\n<p>P\u00ebr karvanet t\u00eb cil\u00ebt kalonin n\u00ebp\u00ebr k\u00ebt\u00eb rrug\u00eb , dhe vinin nga t\u00eb gjitha an\u00ebt ,p\u00ebr tregti dhe vizita\u00a0 sh\u00ebrbente Hani i Maxharreve , q\u00eb kishte odat p\u00ebr fjetje , lokalin p\u00ebr pushim si dhe vendin p\u00ebr kafsh\u00eb.Hani kryente edhe funksione tjera ku ushtori i cili ka qene rojtari i tok\u00ebs,\u00a0 n\u00eb rast se kafsh\u00ebt e dikuj tjet\u00ebr kan\u00eb b\u00ebr\u00eb d\u00ebm n\u00eb territorin e tij ,ushtori \u00a0ka qen\u00eb i detyruar q\u00eb t\u2019i d\u00ebrgoj n\u00eb Han , ku pronari i kafsh\u00ebve ka paguar pastaj d\u00ebmin e shkaktuar dhe sh\u00ebrbimin e Hanit. Ushtori\u00a0 p\u00ebr tokat n\u00eb Shas ka qen\u00eb Hysni Lam Salaj.<\/p>\n<p>Furnizimi m\u00eb rrym\u00eb p\u00ebr Katerkoll\u00eb vinte nga centrala e cila ishte sjell nga Ulqini, punonte m\u00eb naft\u00eb dhe kishte bazenin p\u00ebr ftohje, ku orari i dritave ishte deri n\u00eb ora 10 t\u00eb mbr\u00ebmjes , ku jepej sinjal tri her\u00eb ndizej-fikej p\u00ebrpara se mu ndal q\u00eb banor\u00ebt t\u00eb p\u00ebrgadit\u00ebshin p\u00ebr fjetje. Banor\u00ebt e zon\u00ebs vesheshin m\u00eb tesha komb\u00ebtare dhe me pekta t\u00eb qepura n\u00eb tezjeh ku mjeshter i njohur i k\u00ebtyre artizanaleve ishte Shaqir Kaleziqi kurse p\u00ebr ngjyrosjen e pelhurave dhe xhamadanave shkonin n\u00eb Bojk. Darsmat jan\u00eb b\u00ebr\u00eb dy net\u00eb e dy dit\u00eb , ku instrumentet popullore q\u00eb jan\u00eb p\u00ebrdor kan\u00eb qen\u00eb lodra me kernet dhe qemalja me dajre. Muzikant\u00ebt anamalas t\u00eb cil\u00ebt ishin p\u00ebr aheng n\u00eb \u00e7do familje ishin Faik Nuzi me qemale dhe Sylo Xhafa me dajre. N\u00eb Katerkoll\u00eb vepronin edhe disa \u00a0kova\u00e7 hane t\u00eb cilat merreshin m\u00eb rregullimin e veglave bujq\u00ebsore dhe mjeteve \u00a0t\u00eb pun\u00ebs dhe ishin n\u00eb pron\u00ebsi t\u00eb Dullo Halilit, Sait Axhemit\u00a0 dhe Beqir Kova\u00e7it. Poashtu kishte edhe dy mullinj\u00eb p\u00ebr bluarjen e drith\u00ebrave ku njeri ishte n\u00eb Vorre t\u00eb Selit\u00ebs dhe ishte n\u00eb pron\u00ebsi t\u00eb nj\u00eb banori nga Milla , ku Milla \u00a0ishte m\u00eb e njohura p\u00ebr industrin\u00eb e bluarjes s\u00eb drith\u00ebrave dhe\u00a0\u00a0 num\u00ebronte mbi 44 mullinj\u00eb m\u00eb uj\u00eb. Mulliri i dyt\u00eb n\u00eb Katerkoll\u00eb \u00a0ishte i nj\u00eb periudhe m\u00eb t\u00eb von\u00eb i cili ishte mullini sapot dhe ishte n\u00eb pron\u00ebsi t\u00eb familjes s\u00eb Halil-Mehmet Tahirit . Me fillimin e makinerive t\u00eb renda p\u00ebr p\u00ebrpunimin e tok\u00ebs dhe p\u00ebr l\u00ebvizje ,familja e\u00a0 Adem Dyl Taipit \u00a0hap servisin e par\u00eb n\u00eb Katerkoll\u00eb, ku p\u00ebr nj\u00eb koh\u00eb shum\u00eb t\u00eb shkurt\u00ebr filloj t\u00eb b\u00ebh\u00ebj shum\u00eb i njohur saq\u00eb filluan t\u00eb vinin mjete p\u00ebr riparim edhe nga Ulqini e Tivari.<\/p>\n<p>N\u00eb qytezen e Katerkoll\u00ebs ishte e vendosur edhe qendra administrative e rajonit t\u00eb An\u00ebs s\u00eb Malit ku udh\u00ebheq\u00ebs u caktua Tahir \u00c7apriqi prej Shasit. Ai vendos q\u00eb ujin e Brajsh\u00ebs ta shp\u00ebrndaj n\u00ebp\u00ebr qend\u00ebr t\u00eb Katerkoll\u00ebs deri n\u00eb Shas ku sjell gjasht\u00eb kroje publike p\u00ebr t\u00eb gjith\u00eb qytetar\u00ebt, tre i sjell n\u00eb Katerkoll\u00eb dhe tre n\u00eb Shas.\u00a0 N\u00eb Katerkoll\u00eb u nd\u00ebrtuan edhe\u00a0 tet\u00eb banesa p\u00ebr ushtrin\u00eb kufitare t\u00eb cilat m\u00eb von\u00eb m\u00eb iniciativ t\u00eb Junuz Divanit kaluan n\u00eb pron\u00ebsi t\u00eb shkoll\u00ebs p\u00ebr m\u00ebsuesit q\u00eb vinin nga zonat e\u00a0 larg\u00ebta p\u00ebr t\u00eb m\u00ebsuar nx\u00ebn\u00ebsit n\u00eb ,,Shkoll\u00eb t\u00eb Vjet\u00ebr\u2019\u2019t\u00eb Katerkoll\u00ebs. Poashtu u nd\u00ebrtua edhe shpija e mallrave , shpija e kultur\u00ebs dhe shpija e sh\u00ebndetit t\u00eb cilat u b\u00ebn\u00eb m\u00eb kontribut vullnetar nga banor\u00ebt e An\u00ebs s\u00eb Malit. Karakteristik p\u00ebr Katerkoll\u00ebn \u00ebsht\u00eb edhe nd\u00ebrtimi i puseve p\u00ebr uj\u00eb ku m\u00eb i njohuri \u00ebsht\u00eb pusi Dervish i cili sipas disa legjendave thuhet se \u00ebsht\u00eb nd\u00ebrtuar m\u00eb k\u00ebrkes\u00eb t\u00eb banor\u00ebve t\u00eb zon\u00ebs d\u00ebrguar nj\u00eb Dervishi i cili arriti t\u00eb \u00a0zbuloi k\u00ebt\u00eb rrjedh uji p\u00ebr gjith\u00eb k\u00ebto banor\u00ebt dhe t\u00eb\u00a0 rregulloj gjendjen e ujit. N\u00eb k\u00ebt\u00eb territor kemi edhe pusin Bajram, pusin e Danit, pusin Sapot, pusin e Hanit etj. Furra e par\u00eb e buk\u00ebs ka qen\u00eb e Nizo Kavaj\u00ebs i cili erdhi nga Kavaja , kurse shitorja e ushqimit dhe e tekstilit ka qene ajo e Gjon Kelit. Te shpija e Gjon Kelit ka qene edhe posta e pare n\u00eb Katerkoll\u00eb.<\/p>\n<p>Sot\u2026<\/p>\n<p>Aktualisht n\u00eb qytez\u00ebn e Katerkoll\u00ebs, veprojn\u00eb nj\u00eb num\u00ebr i konsideruesh\u00ebm i bisnes\u00ebve ku duhet t\u00eb p\u00ebrmendim , sallone darsmash, resturante, pizzeria , kafe bar, shitore te ndryshme , sallone\u00a0 flokesh, servise te ndryshme , burektore, furra buke \u00a0etj.\u00a0 Rikonstruktimi i faz\u00ebs s\u00eb dyt\u00eb t\u00eb rrug\u00ebs, Katerkoll\u00eb- Kryth\u00eb , \u00a0faza e par\u00eb e nd\u00ebrtimit t\u00eb\u00a0 trotuareve , si dhe nisja e procedurave p\u00ebr hartimin e planit detal urbanistik t\u00eb Katerkoll\u00ebs \u00a0jep shpres\u00eb dhe hap nj\u00eb perspektiv\u00eb\u00a0 t\u00eb re q\u00eb e gjith\u00eb territori n\u00eb t\u00eb cil\u00ebn shtrihet Qyteza e Katerkoll\u00ebs \u00a0t\u00eb jet\u00eb zon\u00eb urbane dhe n\u00eb sh\u00ebrbim t\u00eb qytetar\u00ebve t\u00eb Komun\u00ebs s\u00eb Ulqinit. Poashtu\u00a0 hartimi i planit hapsinor \u00a0do k\u00ebt\u00eb rend\u00ebsi t\u00eb ve\u00e7ant\u00eb jo vet\u00ebm p\u00ebr qend\u00ebr por p\u00ebr t\u00eb gjith\u00eb rajonin e An\u00ebs s\u00eb Malit dhe duhet nj\u00eb v\u00ebmendje dhe kontribut i gjith\u00ebsecilit sepse nga kjo mvaret e tashmja dhe e ardhmja p\u00ebr brezat q\u00eb do jetojn\u00eb n\u00eb k\u00ebt\u00eb rajon . Hartimi i planit detal urbanistik p\u00ebr Katerkoll\u00eb duhet t\u00eb b\u00ebh\u00ebt n\u00eb p\u00ebrputhje m\u00eb planin hapsinor , m\u00eb q\u00ebllim q\u00eb ta sh\u00ebndrroj\u00eb \u00a0Qytez\u00ebn e Katerkoll\u00ebs nga nj\u00eb problem q\u00eb \u00e7do her\u00eb ishte aktiv p\u00ebr fushata politike n\u00eb nj\u00eb zgjidhje administrative n\u00eb sh\u00ebrbim t\u00eb qytetar\u00ebve t\u00eb Komun\u00ebs s\u00eb Ulqinit.<\/p>\n","protected":false},"excerpt":{"rendered":"<p>Shkruan: Mr. Sabri Salaj Qyteza e Katerkoll\u00ebs, si pjes\u00eb e sistemit administrative t\u00eb Komun\u00ebs s\u00eb Ulqinit, shtrihet n\u00eb\u00a0 Rajonin e An\u00ebs s\u00eb Malit me nj\u00eb territor n\u00eb t\u00eb cil\u00ebn gravitojn\u00eb mbi 20 fshatra\u00a0 me nj\u00eb popullsi mbi 6 mij\u00eb banor\u00eb, ku p\u00ebrfshir\u00eb\u00a0 migrimin dhe emigrimin kap nj\u00eb shifer mbi 30 mij\u00eb banor\u00eb. Rajoni i An\u00ebs [&hellip;]<\/p>\n","protected":false},"author":1,"featured_media":0,"comment_status":"closed","ping_status":"closed","sticky":false,"template":"","format":"standard","meta":{"spay_email":"","jetpack_publicize_message":"","jetpack_is_tweetstorm":false,"jetpack_publicize_feature_enabled":true},"categories":[1,14249],"tags":[],"jetpack_publicize_connections":[],"yoast_head":"<!-- This site is optimized with the Yoast SEO plugin v19.1 - https:\/\/yoast.com\/wordpress\/plugins\/seo\/ -->\n<title>Qyteza e Kat\u00ebrkoll\u00ebs nga Sabri Salaj - Lajme nga Ulqini<\/title>\n<meta name=\"description\" content=\"Shkruan: Mr. Sabri Salaj Qyteza e Katerkoll\u00ebs, si pjes\u00eb e sistemit administrative t\u00eb Komun\u00ebs s\u00eb Ulqinit, shtrihet n\u00eb\u00a0 Rajonin e An\u00ebs s\u00eb Malit me nj\u00eb\" \/>\n<meta name=\"robots\" content=\"index, follow, max-snippet:-1, max-image-preview:large, max-video-preview:-1\" \/>\n<link rel=\"canonical\" href=\"https:\/\/www.visit-ulcinj.com\/blog\/2013\/11\/08\/qyteza-e-katerkolles\/\" \/>\n<meta property=\"og:locale\" content=\"en_US\" \/>\n<meta property=\"og:type\" content=\"article\" \/>\n<meta property=\"og:title\" content=\"Qyteza e Kat\u00ebrkoll\u00ebs nga Sabri Salaj - Lajme nga Ulqini\" \/>\n<meta property=\"og:description\" content=\"Shkruan: Mr. Sabri Salaj Qyteza e Katerkoll\u00ebs, si pjes\u00eb e sistemit administrative t\u00eb Komun\u00ebs s\u00eb Ulqinit, shtrihet n\u00eb\u00a0 Rajonin e An\u00ebs s\u00eb Malit me nj\u00eb\" \/>\n<meta property=\"og:url\" content=\"https:\/\/www.visit-ulcinj.com\/blog\/2013\/11\/08\/qyteza-e-katerkolles\/\" \/>\n<meta property=\"og:site_name\" content=\"Lajme nga Ulqini\" \/>\n<meta property=\"article:published_time\" content=\"2013-11-07T23:05:01+00:00\" \/>\n<meta property=\"article:modified_time\" content=\"2013-11-08T18:59:57+00:00\" \/>\n<meta property=\"og:image\" content=\"http:\/\/www.visit-ulcinj.com\/blog\/wp-content\/uploads\/2013\/11\/Sabri-Salaj.jpg\" \/>\n<meta name=\"twitter:label1\" content=\"Written by\" \/>\n\t<meta name=\"twitter:data1\" content=\"ulqini\" \/>\n\t<meta name=\"twitter:label2\" content=\"Est. reading time\" \/>\n\t<meta name=\"twitter:data2\" content=\"7 minutes\" \/>\n<script type=\"application\/ld+json\" class=\"yoast-schema-graph\">{\"@context\":\"https:\/\/schema.org\",\"@graph\":[{\"@type\":\"WebSite\",\"@id\":\"https:\/\/www.visit-ulcinj.com\/blog\/#website\",\"url\":\"https:\/\/www.visit-ulcinj.com\/blog\/\",\"name\":\"Lajme nga Ulqini\",\"description\":\"Lajme,Vijesti,Ulqini,Ulqin,Crna Gora,Mali i Zi\",\"potentialAction\":[{\"@type\":\"SearchAction\",\"target\":{\"@type\":\"EntryPoint\",\"urlTemplate\":\"https:\/\/www.visit-ulcinj.com\/blog\/?s={search_term_string}\"},\"query-input\":\"required name=search_term_string\"}],\"inLanguage\":\"en-US\"},{\"@type\":\"ImageObject\",\"inLanguage\":\"en-US\",\"@id\":\"https:\/\/www.visit-ulcinj.com\/blog\/2013\/11\/08\/qyteza-e-katerkolles\/#primaryimage\",\"url\":\"https:\/\/www.visit-ulcinj.com\/blog\/wp-content\/uploads\/2013\/11\/Sabri-Salaj.jpg\",\"contentUrl\":\"https:\/\/www.visit-ulcinj.com\/blog\/wp-content\/uploads\/2013\/11\/Sabri-Salaj.jpg\",\"width\":960,\"height\":640},{\"@type\":\"WebPage\",\"@id\":\"https:\/\/www.visit-ulcinj.com\/blog\/2013\/11\/08\/qyteza-e-katerkolles\/#webpage\",\"url\":\"https:\/\/www.visit-ulcinj.com\/blog\/2013\/11\/08\/qyteza-e-katerkolles\/\",\"name\":\"Qyteza e Kat\u00ebrkoll\u00ebs nga Sabri Salaj - Lajme nga Ulqini\",\"isPartOf\":{\"@id\":\"https:\/\/www.visit-ulcinj.com\/blog\/#website\"},\"primaryImageOfPage\":{\"@id\":\"https:\/\/www.visit-ulcinj.com\/blog\/2013\/11\/08\/qyteza-e-katerkolles\/#primaryimage\"},\"datePublished\":\"2013-11-07T23:05:01+00:00\",\"dateModified\":\"2013-11-08T18:59:57+00:00\",\"author\":{\"@id\":\"https:\/\/www.visit-ulcinj.com\/blog\/#\/schema\/person\/dcab619c614d3038751c63bc2aadc06d\"},\"description\":\"Shkruan: Mr. Sabri Salaj Qyteza e Katerkoll\u00ebs, si pjes\u00eb e sistemit administrative t\u00eb Komun\u00ebs s\u00eb Ulqinit, shtrihet n\u00eb\u00a0 Rajonin e An\u00ebs s\u00eb Malit me nj\u00eb\",\"breadcrumb\":{\"@id\":\"https:\/\/www.visit-ulcinj.com\/blog\/2013\/11\/08\/qyteza-e-katerkolles\/#breadcrumb\"},\"inLanguage\":\"en-US\",\"potentialAction\":[{\"@type\":\"ReadAction\",\"target\":[\"https:\/\/www.visit-ulcinj.com\/blog\/2013\/11\/08\/qyteza-e-katerkolles\/\"]}]},{\"@type\":\"BreadcrumbList\",\"@id\":\"https:\/\/www.visit-ulcinj.com\/blog\/2013\/11\/08\/qyteza-e-katerkolles\/#breadcrumb\",\"itemListElement\":[{\"@type\":\"ListItem\",\"position\":1,\"name\":\"Qyteza e Kat\u00ebrkoll\u00ebs nga Sabri Salaj\"}]},{\"@type\":\"Person\",\"@id\":\"https:\/\/www.visit-ulcinj.com\/blog\/#\/schema\/person\/dcab619c614d3038751c63bc2aadc06d\",\"name\":\"ulqini\",\"sameAs\":[\"http:\/\/www.visit-ulcinj.com\"],\"url\":\"https:\/\/www.visit-ulcinj.com\/blog\/author\/admin\/\"}]}<\/script>\n<!-- \/ Yoast SEO plugin. -->","yoast_head_json":{"title":"Qyteza e Kat\u00ebrkoll\u00ebs nga Sabri Salaj - Lajme nga Ulqini","description":"Shkruan: Mr. Sabri Salaj Qyteza e Katerkoll\u00ebs, si pjes\u00eb e sistemit administrative t\u00eb Komun\u00ebs s\u00eb Ulqinit, shtrihet n\u00eb\u00a0 Rajonin e An\u00ebs s\u00eb Malit me nj\u00eb","robots":{"index":"index","follow":"follow","max-snippet":"max-snippet:-1","max-image-preview":"max-image-preview:large","max-video-preview":"max-video-preview:-1"},"canonical":"https:\/\/www.visit-ulcinj.com\/blog\/2013\/11\/08\/qyteza-e-katerkolles\/","og_locale":"en_US","og_type":"article","og_title":"Qyteza e Kat\u00ebrkoll\u00ebs nga Sabri Salaj - Lajme nga Ulqini","og_description":"Shkruan: Mr. Sabri Salaj Qyteza e Katerkoll\u00ebs, si pjes\u00eb e sistemit administrative t\u00eb Komun\u00ebs s\u00eb Ulqinit, shtrihet n\u00eb\u00a0 Rajonin e An\u00ebs s\u00eb Malit me nj\u00eb","og_url":"https:\/\/www.visit-ulcinj.com\/blog\/2013\/11\/08\/qyteza-e-katerkolles\/","og_site_name":"Lajme nga Ulqini","article_published_time":"2013-11-07T23:05:01+00:00","article_modified_time":"2013-11-08T18:59:57+00:00","og_image":[{"url":"http:\/\/www.visit-ulcinj.com\/blog\/wp-content\/uploads\/2013\/11\/Sabri-Salaj.jpg"}],"twitter_misc":{"Written by":"ulqini","Est. reading time":"7 minutes"},"schema":{"@context":"https:\/\/schema.org","@graph":[{"@type":"WebSite","@id":"https:\/\/www.visit-ulcinj.com\/blog\/#website","url":"https:\/\/www.visit-ulcinj.com\/blog\/","name":"Lajme nga Ulqini","description":"Lajme,Vijesti,Ulqini,Ulqin,Crna Gora,Mali i Zi","potentialAction":[{"@type":"SearchAction","target":{"@type":"EntryPoint","urlTemplate":"https:\/\/www.visit-ulcinj.com\/blog\/?s={search_term_string}"},"query-input":"required name=search_term_string"}],"inLanguage":"en-US"},{"@type":"ImageObject","inLanguage":"en-US","@id":"https:\/\/www.visit-ulcinj.com\/blog\/2013\/11\/08\/qyteza-e-katerkolles\/#primaryimage","url":"https:\/\/www.visit-ulcinj.com\/blog\/wp-content\/uploads\/2013\/11\/Sabri-Salaj.jpg","contentUrl":"https:\/\/www.visit-ulcinj.com\/blog\/wp-content\/uploads\/2013\/11\/Sabri-Salaj.jpg","width":960,"height":640},{"@type":"WebPage","@id":"https:\/\/www.visit-ulcinj.com\/blog\/2013\/11\/08\/qyteza-e-katerkolles\/#webpage","url":"https:\/\/www.visit-ulcinj.com\/blog\/2013\/11\/08\/qyteza-e-katerkolles\/","name":"Qyteza e Kat\u00ebrkoll\u00ebs nga Sabri Salaj - Lajme nga Ulqini","isPartOf":{"@id":"https:\/\/www.visit-ulcinj.com\/blog\/#website"},"primaryImageOfPage":{"@id":"https:\/\/www.visit-ulcinj.com\/blog\/2013\/11\/08\/qyteza-e-katerkolles\/#primaryimage"},"datePublished":"2013-11-07T23:05:01+00:00","dateModified":"2013-11-08T18:59:57+00:00","author":{"@id":"https:\/\/www.visit-ulcinj.com\/blog\/#\/schema\/person\/dcab619c614d3038751c63bc2aadc06d"},"description":"Shkruan: Mr. Sabri Salaj Qyteza e Katerkoll\u00ebs, si pjes\u00eb e sistemit administrative t\u00eb Komun\u00ebs s\u00eb Ulqinit, shtrihet n\u00eb\u00a0 Rajonin e An\u00ebs s\u00eb Malit me nj\u00eb","breadcrumb":{"@id":"https:\/\/www.visit-ulcinj.com\/blog\/2013\/11\/08\/qyteza-e-katerkolles\/#breadcrumb"},"inLanguage":"en-US","potentialAction":[{"@type":"ReadAction","target":["https:\/\/www.visit-ulcinj.com\/blog\/2013\/11\/08\/qyteza-e-katerkolles\/"]}]},{"@type":"BreadcrumbList","@id":"https:\/\/www.visit-ulcinj.com\/blog\/2013\/11\/08\/qyteza-e-katerkolles\/#breadcrumb","itemListElement":[{"@type":"ListItem","position":1,"name":"Qyteza e Kat\u00ebrkoll\u00ebs nga Sabri Salaj"}]},{"@type":"Person","@id":"https:\/\/www.visit-ulcinj.com\/blog\/#\/schema\/person\/dcab619c614d3038751c63bc2aadc06d","name":"ulqini","sameAs":["http:\/\/www.visit-ulcinj.com"],"url":"https:\/\/www.visit-ulcinj.com\/blog\/author\/admin\/"}]}},"jetpack_featured_media_url":"","jetpack_sharing_enabled":true,"jetpack_shortlink":"https:\/\/wp.me\/pe6lTn-jMS","_links":{"self":[{"href":"https:\/\/www.visit-ulcinj.com\/blog\/wp-json\/wp\/v2\/posts\/76066"}],"collection":[{"href":"https:\/\/www.visit-ulcinj.com\/blog\/wp-json\/wp\/v2\/posts"}],"about":[{"href":"https:\/\/www.visit-ulcinj.com\/blog\/wp-json\/wp\/v2\/types\/post"}],"author":[{"embeddable":true,"href":"https:\/\/www.visit-ulcinj.com\/blog\/wp-json\/wp\/v2\/users\/1"}],"replies":[{"embeddable":true,"href":"https:\/\/www.visit-ulcinj.com\/blog\/wp-json\/wp\/v2\/comments?post=76066"}],"version-history":[{"count":2,"href":"https:\/\/www.visit-ulcinj.com\/blog\/wp-json\/wp\/v2\/posts\/76066\/revisions"}],"predecessor-version":[{"id":76069,"href":"https:\/\/www.visit-ulcinj.com\/blog\/wp-json\/wp\/v2\/posts\/76066\/revisions\/76069"}],"wp:attachment":[{"href":"https:\/\/www.visit-ulcinj.com\/blog\/wp-json\/wp\/v2\/media?parent=76066"}],"wp:term":[{"taxonomy":"category","embeddable":true,"href":"https:\/\/www.visit-ulcinj.com\/blog\/wp-json\/wp\/v2\/categories?post=76066"},{"taxonomy":"post_tag","embeddable":true,"href":"https:\/\/www.visit-ulcinj.com\/blog\/wp-json\/wp\/v2\/tags?post=76066"}],"curies":[{"name":"wp","href":"https:\/\/api.w.org\/{rel}","templated":true}]}}