{"id":76070,"date":"2013-11-08T09:06:20","date_gmt":"2013-11-08T08:06:20","guid":{"rendered":"http:\/\/www.visit-ulcinj.com\/blog\/?p=76070"},"modified":"2013-11-08T09:06:20","modified_gmt":"2013-11-08T08:06:20","slug":"shqiptare-si-qejflinj-partish-politike","status":"publish","type":"post","link":"https:\/\/www.visit-ulcinj.com\/blog\/2013\/11\/08\/shqiptare-si-qejflinj-partish-politike\/","title":{"rendered":"Shqiptar\u00eb si qejflinj partish politike"},"content":{"rendered":"<p><a href=\"http:\/\/www.visit-ulcinj.com\/blog\/wp-content\/uploads\/2013\/11\/Lavdrim-Lita.jpg\"><img loading=\"lazy\" class=\"alignleft  wp-image-76071\" alt=\"Lavdrim Lita\" src=\"http:\/\/www.visit-ulcinj.com\/blog\/wp-content\/uploads\/2013\/11\/Lavdrim-Lita.jpg\" width=\"508\" height=\"360\" \/><\/a>Partit\u00eb politike p\u00ebrb\u00ebjn\u00eb elementin thelb\u00ebsor t\u00eb demokracis\u00eb n\u00eb shoq\u00ebrit\u00eb moderne. T\u00eb dala nga vet\u00eb shoq\u00ebria, n\u00eb shumic\u00ebn e demokracive, partit\u00eb politike luajn\u00eb rolin e nd\u00ebrmjet\u00ebsit mes qytetar\u00ebve dhe organeve kushtetuese. Mir\u00ebpo pluralizmi politik n\u00eb shtetet e banuara nga shqiptar\u00ebt ka nxjerr\u00eb n\u00eb pah nj\u00eb trill t\u00eb papar\u00eb t\u00eb formimit t\u00eb partive politike. D\u00ebshira e shqiptar\u00ebve p\u00ebr t\u00eb krijuar subjekte politike po vihet re n\u00eb rritje marramend\u00ebse tek shqiptar\u00eb e Maqedonis\u00eb, Kosov\u00ebs, Mali t\u00eb Zi dhe padyshim Shqip\u00ebris\u00eb, q\u00eb n\u00eb fakt \u00ebsht\u00eb dhe gjeneruesja e k\u00ebsaj fryme. N\u00eb Republik\u00ebn e Maqedonis\u00eb ku faktori shqiptar arrin n\u00eb 30% t\u00eb popullsis\u00eb s\u00eb p\u00ebrgjithshme numri i partive politike shqiptare mb\u00ebrriti n\u00eb 16 subjekte dhe nuk mendoj se do t\u00eb ndalet si trend. N\u00eb fillim t\u00eb pluralizmit politik n\u00eb Maqedoni ka funksionuar vet\u00ebm nj\u00eb parti politike shqiptare, Partia p\u00ebr Prosperitet Demokratik (PPD). Nd\u00ebrsa 14 vite m\u00eb von\u00eb skena politike shqiptare pasurohet me dhjet\u00ebra parti t\u00eb reja, shumica prej t\u00eb cil\u00ebve koh\u00eb pas kohe kan\u00eb shuar aktivitetin e tyre politik. Pavar\u00ebsisht k\u00ebsaj situate, pozicion m\u00eb t\u00eb favorsh\u00ebm n\u00eb sken\u00ebn politike shqiptare kan\u00eb Bashkimi Demokratik p\u00ebr Integrim(BDI) dhe Partia Demokratike Shqiptare (PDSH) dhe pas tyre radhitet Rilindja Demokratike Komb\u00ebtare (RDK) dhe shum\u00eb parti t\u00eb tjera t\u00eb vogla apo q\u00eb funksionojn\u00eb gati vet\u00ebm me liderin dhe bashk\u00ebpun\u00ebtor\u00eb t\u00eb ngusht\u00eb. Nd\u00ebrkaq n\u00eb Republik\u00ebn e Kosov\u00ebs me nj\u00eb popullsi rreth 2 milion banor\u00eb shqiptar\u00ebt kan\u00eb arritur t\u00eb krijojn\u00eb n\u00eb letra mbi 80 parti, aq sa n\u00eb zgjedhjet e fundit lokale u fut\u00ebn n\u00eb gar\u00eb 105 subjekte politike. Nd\u00ebrsa n\u00eb Malin e Zi ku shqiptar\u00ebt jan\u00eb diku tek 50 mij\u00eb banor\u00eb dhe me rreth 30 mij\u00eb votues ekzistojn\u00eb 6 subjekte politike dhe n\u00eb lugin\u00ebn e Preshev\u00ebs jan\u00eb 7 parti politike. Mir\u00ebpo vendin e par\u00eb p\u00ebr krijimin e subjekte politike nd\u00ebrshqiptar\u00eb e mban Tirana zyrtare me 113 parti politike te regjistruara n\u00eb Gjykat\u00eb. Sipas t\u00eb dh\u00ebnave zyrtare t\u00eb Gjykat\u00ebs s\u00eb Tiran\u00ebs nga 1990-2011, jan\u00eb regjistruar gjithsej 113 subjekte, duke sh\u00ebnuar k\u00ebshtu shifrat m\u00eb t\u00eb larta se n\u00eb \u00e7do vend t\u00eb Evrop\u00ebs. Pa p\u00ebrmendur k\u00ebtu list\u00ebn e partive t\u00eb regjistruara rishtas si FRD, AKZ, PDIU, etj. Nd\u00ebrkoh\u00eb q\u00eb numri i votuesve n\u00eb zgjedhjet e 23 qershorit 2013 t\u00eb thirrur t\u00eb merrnin pjes\u00eb n\u00eb votime ishte 3.2 milion\u00eb shtetas, 157 mij\u00eb prej t\u00eb cil\u00ebve votues p\u00ebr her\u00eb t\u00eb par\u00eb. Por n\u00eb k\u00ebto zgjedhje jan\u00eb p\u00ebrfshir\u00eb me k\u00ebrkes\u00ebn e tyre edhe 380 persona mbi 100 vje\u00e7, emrat e t\u00eb cil\u00ebve ishin bllokuar nga gjendja civile. Sidoqoft\u00eb lind vetiu pyetja se cila \u00ebsht\u00eb arsyeja e krijimit t\u00eb kaq shum\u00eb partive politike nd\u00ebr shqiptar\u00eb. Pa dashur t\u00eb jem p\u00ebrgjith\u00ebsues nj\u00eb element i p\u00ebrbashk\u00ebt gjendet n\u00eb faktin se partit\u00eb jan\u00eb \u201cparti kryetar\u00ebsh\u201d dhe jo idesh apo vlerash q\u00eb p\u00ebrfaq\u00ebsohen me seriozitet. Po t\u2019i analizosh programet apo statutet e partive politike shqiptare pjesa m\u00eb e madhe e tyre jan\u00eb kopje t\u00eb mira dhe t\u00eb k\u00ebqija t\u00eb partive t\u00eb tjera, ku me v\u00ebshtir\u00ebsi intelektuale gjen nj\u00eb faktor dallues. Dalldia e formimit t\u00eb partive politike nd\u00ebr shqiptar\u00eb ka krijuar nj\u00eb inflacion zhvler\u00ebsues t\u00eb dob\u00ebsimit t\u00eb komuniteteve p\u00ebrball\u00eb arroganc\u00ebs shtet\u00ebrore. Programet qeveris\u00ebse n\u00eb t\u00eb shumt\u00ebn e rasteve e k\u00ebtyre subjekteve politike reduktohet n\u00eb menaxhimin pushtetit sesa n\u00eb avancimin e komunitetit. Fatmir\u00ebsisht jo t\u00eb gjith\u00eb partit\u00eb politike shqiptare e kan\u00eb humbur rolin e nd\u00ebrmjet\u00ebsit mes qytetar\u00ebve dhe organeve kushtetuese, por disa subjekte duke u b\u00ebr\u00eb pal\u00eb dhe nd\u00ebrpal\u00eb me pushtetin kan\u00eb fuqizuar m\u00eb shum\u00eb nd\u00ebrmjet\u00ebsimin personal kundrejt atij institucional.<\/p>\n<p><b>(Autori \u00ebsht\u00eb gazetar nga Tirana dhe njoh\u00ebs i mir\u00eb i rrethanave politike e shoq\u00ebrore n\u00eb Shqip\u00ebri, Kosov\u00eb e Maqedoni)<\/b><\/p>\n<p><strong>Bota Sot<\/strong><\/p>\n","protected":false},"excerpt":{"rendered":"<p>Partit\u00eb politike p\u00ebrb\u00ebjn\u00eb elementin thelb\u00ebsor t\u00eb demokracis\u00eb n\u00eb shoq\u00ebrit\u00eb moderne. T\u00eb dala nga vet\u00eb shoq\u00ebria, n\u00eb shumic\u00ebn e demokracive, partit\u00eb politike luajn\u00eb rolin e nd\u00ebrmjet\u00ebsit mes qytetar\u00ebve dhe organeve kushtetuese. Mir\u00ebpo pluralizmi politik n\u00eb shtetet e banuara nga shqiptar\u00ebt ka nxjerr\u00eb n\u00eb pah nj\u00eb trill t\u00eb papar\u00eb t\u00eb formimit t\u00eb partive politike. D\u00ebshira e shqiptar\u00ebve [&hellip;]<\/p>\n","protected":false},"author":1,"featured_media":0,"comment_status":"closed","ping_status":"closed","sticky":false,"template":"","format":"standard","meta":{"spay_email":"","jetpack_publicize_message":"","jetpack_is_tweetstorm":false,"jetpack_publicize_feature_enabled":true},"categories":[14249],"tags":[],"jetpack_publicize_connections":[],"yoast_head":"<!-- This site is optimized with the Yoast SEO plugin v19.1 - https:\/\/yoast.com\/wordpress\/plugins\/seo\/ -->\n<title>Shqiptar\u00eb si qejflinj partish politike - Lajme nga Ulqini<\/title>\n<meta name=\"description\" content=\"Partit\u00eb politike p\u00ebrb\u00ebjn\u00eb elementin thelb\u00ebsor t\u00eb demokracis\u00eb n\u00eb shoq\u00ebrit\u00eb moderne. T\u00eb dala nga vet\u00eb shoq\u00ebria, n\u00eb shumic\u00ebn e demokracive, partit\u00eb politike\" \/>\n<meta name=\"robots\" content=\"index, follow, max-snippet:-1, max-image-preview:large, max-video-preview:-1\" \/>\n<link rel=\"canonical\" href=\"https:\/\/www.visit-ulcinj.com\/blog\/2013\/11\/08\/shqiptare-si-qejflinj-partish-politike\/\" \/>\n<meta property=\"og:locale\" content=\"en_US\" \/>\n<meta property=\"og:type\" content=\"article\" \/>\n<meta property=\"og:title\" content=\"Shqiptar\u00eb si qejflinj partish politike - Lajme nga Ulqini\" \/>\n<meta property=\"og:description\" content=\"Partit\u00eb politike p\u00ebrb\u00ebjn\u00eb elementin thelb\u00ebsor t\u00eb demokracis\u00eb n\u00eb shoq\u00ebrit\u00eb moderne. T\u00eb dala nga vet\u00eb shoq\u00ebria, n\u00eb shumic\u00ebn e demokracive, partit\u00eb politike\" \/>\n<meta property=\"og:url\" content=\"https:\/\/www.visit-ulcinj.com\/blog\/2013\/11\/08\/shqiptare-si-qejflinj-partish-politike\/\" \/>\n<meta property=\"og:site_name\" content=\"Lajme nga Ulqini\" \/>\n<meta property=\"article:published_time\" content=\"2013-11-08T08:06:20+00:00\" \/>\n<meta property=\"og:image\" content=\"http:\/\/www.visit-ulcinj.com\/blog\/wp-content\/uploads\/2013\/11\/Lavdrim-Lita.jpg\" \/>\n<meta name=\"twitter:label1\" content=\"Written by\" \/>\n\t<meta name=\"twitter:data1\" content=\"ulqini\" \/>\n\t<meta name=\"twitter:label2\" content=\"Est. reading time\" \/>\n\t<meta name=\"twitter:data2\" content=\"3 minutes\" \/>\n<script type=\"application\/ld+json\" class=\"yoast-schema-graph\">{\"@context\":\"https:\/\/schema.org\",\"@graph\":[{\"@type\":\"WebSite\",\"@id\":\"https:\/\/www.visit-ulcinj.com\/blog\/#website\",\"url\":\"https:\/\/www.visit-ulcinj.com\/blog\/\",\"name\":\"Lajme nga Ulqini\",\"description\":\"Lajme,Vijesti,Ulqini,Ulqin,Crna Gora,Mali i Zi\",\"potentialAction\":[{\"@type\":\"SearchAction\",\"target\":{\"@type\":\"EntryPoint\",\"urlTemplate\":\"https:\/\/www.visit-ulcinj.com\/blog\/?s={search_term_string}\"},\"query-input\":\"required name=search_term_string\"}],\"inLanguage\":\"en-US\"},{\"@type\":\"ImageObject\",\"inLanguage\":\"en-US\",\"@id\":\"https:\/\/www.visit-ulcinj.com\/blog\/2013\/11\/08\/shqiptare-si-qejflinj-partish-politike\/#primaryimage\",\"url\":\"https:\/\/www.visit-ulcinj.com\/blog\/wp-content\/uploads\/2013\/11\/Lavdrim-Lita.jpg\",\"contentUrl\":\"https:\/\/www.visit-ulcinj.com\/blog\/wp-content\/uploads\/2013\/11\/Lavdrim-Lita.jpg\",\"width\":645,\"height\":551},{\"@type\":\"WebPage\",\"@id\":\"https:\/\/www.visit-ulcinj.com\/blog\/2013\/11\/08\/shqiptare-si-qejflinj-partish-politike\/#webpage\",\"url\":\"https:\/\/www.visit-ulcinj.com\/blog\/2013\/11\/08\/shqiptare-si-qejflinj-partish-politike\/\",\"name\":\"Shqiptar\u00eb si qejflinj partish politike - Lajme nga Ulqini\",\"isPartOf\":{\"@id\":\"https:\/\/www.visit-ulcinj.com\/blog\/#website\"},\"primaryImageOfPage\":{\"@id\":\"https:\/\/www.visit-ulcinj.com\/blog\/2013\/11\/08\/shqiptare-si-qejflinj-partish-politike\/#primaryimage\"},\"datePublished\":\"2013-11-08T08:06:20+00:00\",\"dateModified\":\"2013-11-08T08:06:20+00:00\",\"author\":{\"@id\":\"https:\/\/www.visit-ulcinj.com\/blog\/#\/schema\/person\/dcab619c614d3038751c63bc2aadc06d\"},\"description\":\"Partit\u00eb politike p\u00ebrb\u00ebjn\u00eb elementin thelb\u00ebsor t\u00eb demokracis\u00eb n\u00eb shoq\u00ebrit\u00eb moderne. T\u00eb dala nga vet\u00eb shoq\u00ebria, n\u00eb shumic\u00ebn e demokracive, partit\u00eb politike\",\"breadcrumb\":{\"@id\":\"https:\/\/www.visit-ulcinj.com\/blog\/2013\/11\/08\/shqiptare-si-qejflinj-partish-politike\/#breadcrumb\"},\"inLanguage\":\"en-US\",\"potentialAction\":[{\"@type\":\"ReadAction\",\"target\":[\"https:\/\/www.visit-ulcinj.com\/blog\/2013\/11\/08\/shqiptare-si-qejflinj-partish-politike\/\"]}]},{\"@type\":\"BreadcrumbList\",\"@id\":\"https:\/\/www.visit-ulcinj.com\/blog\/2013\/11\/08\/shqiptare-si-qejflinj-partish-politike\/#breadcrumb\",\"itemListElement\":[{\"@type\":\"ListItem\",\"position\":1,\"name\":\"Shqiptar\u00eb si qejflinj partish politike\"}]},{\"@type\":\"Person\",\"@id\":\"https:\/\/www.visit-ulcinj.com\/blog\/#\/schema\/person\/dcab619c614d3038751c63bc2aadc06d\",\"name\":\"ulqini\",\"sameAs\":[\"http:\/\/www.visit-ulcinj.com\"],\"url\":\"https:\/\/www.visit-ulcinj.com\/blog\/author\/admin\/\"}]}<\/script>\n<!-- \/ Yoast SEO plugin. -->","yoast_head_json":{"title":"Shqiptar\u00eb si qejflinj partish politike - Lajme nga Ulqini","description":"Partit\u00eb politike p\u00ebrb\u00ebjn\u00eb elementin thelb\u00ebsor t\u00eb demokracis\u00eb n\u00eb shoq\u00ebrit\u00eb moderne. T\u00eb dala nga vet\u00eb shoq\u00ebria, n\u00eb shumic\u00ebn e demokracive, partit\u00eb politike","robots":{"index":"index","follow":"follow","max-snippet":"max-snippet:-1","max-image-preview":"max-image-preview:large","max-video-preview":"max-video-preview:-1"},"canonical":"https:\/\/www.visit-ulcinj.com\/blog\/2013\/11\/08\/shqiptare-si-qejflinj-partish-politike\/","og_locale":"en_US","og_type":"article","og_title":"Shqiptar\u00eb si qejflinj partish politike - Lajme nga Ulqini","og_description":"Partit\u00eb politike p\u00ebrb\u00ebjn\u00eb elementin thelb\u00ebsor t\u00eb demokracis\u00eb n\u00eb shoq\u00ebrit\u00eb moderne. T\u00eb dala nga vet\u00eb shoq\u00ebria, n\u00eb shumic\u00ebn e demokracive, partit\u00eb politike","og_url":"https:\/\/www.visit-ulcinj.com\/blog\/2013\/11\/08\/shqiptare-si-qejflinj-partish-politike\/","og_site_name":"Lajme nga Ulqini","article_published_time":"2013-11-08T08:06:20+00:00","og_image":[{"url":"http:\/\/www.visit-ulcinj.com\/blog\/wp-content\/uploads\/2013\/11\/Lavdrim-Lita.jpg"}],"twitter_misc":{"Written by":"ulqini","Est. reading time":"3 minutes"},"schema":{"@context":"https:\/\/schema.org","@graph":[{"@type":"WebSite","@id":"https:\/\/www.visit-ulcinj.com\/blog\/#website","url":"https:\/\/www.visit-ulcinj.com\/blog\/","name":"Lajme nga Ulqini","description":"Lajme,Vijesti,Ulqini,Ulqin,Crna Gora,Mali i Zi","potentialAction":[{"@type":"SearchAction","target":{"@type":"EntryPoint","urlTemplate":"https:\/\/www.visit-ulcinj.com\/blog\/?s={search_term_string}"},"query-input":"required name=search_term_string"}],"inLanguage":"en-US"},{"@type":"ImageObject","inLanguage":"en-US","@id":"https:\/\/www.visit-ulcinj.com\/blog\/2013\/11\/08\/shqiptare-si-qejflinj-partish-politike\/#primaryimage","url":"https:\/\/www.visit-ulcinj.com\/blog\/wp-content\/uploads\/2013\/11\/Lavdrim-Lita.jpg","contentUrl":"https:\/\/www.visit-ulcinj.com\/blog\/wp-content\/uploads\/2013\/11\/Lavdrim-Lita.jpg","width":645,"height":551},{"@type":"WebPage","@id":"https:\/\/www.visit-ulcinj.com\/blog\/2013\/11\/08\/shqiptare-si-qejflinj-partish-politike\/#webpage","url":"https:\/\/www.visit-ulcinj.com\/blog\/2013\/11\/08\/shqiptare-si-qejflinj-partish-politike\/","name":"Shqiptar\u00eb si qejflinj partish politike - Lajme nga Ulqini","isPartOf":{"@id":"https:\/\/www.visit-ulcinj.com\/blog\/#website"},"primaryImageOfPage":{"@id":"https:\/\/www.visit-ulcinj.com\/blog\/2013\/11\/08\/shqiptare-si-qejflinj-partish-politike\/#primaryimage"},"datePublished":"2013-11-08T08:06:20+00:00","dateModified":"2013-11-08T08:06:20+00:00","author":{"@id":"https:\/\/www.visit-ulcinj.com\/blog\/#\/schema\/person\/dcab619c614d3038751c63bc2aadc06d"},"description":"Partit\u00eb politike p\u00ebrb\u00ebjn\u00eb elementin thelb\u00ebsor t\u00eb demokracis\u00eb n\u00eb shoq\u00ebrit\u00eb moderne. T\u00eb dala nga vet\u00eb shoq\u00ebria, n\u00eb shumic\u00ebn e demokracive, partit\u00eb politike","breadcrumb":{"@id":"https:\/\/www.visit-ulcinj.com\/blog\/2013\/11\/08\/shqiptare-si-qejflinj-partish-politike\/#breadcrumb"},"inLanguage":"en-US","potentialAction":[{"@type":"ReadAction","target":["https:\/\/www.visit-ulcinj.com\/blog\/2013\/11\/08\/shqiptare-si-qejflinj-partish-politike\/"]}]},{"@type":"BreadcrumbList","@id":"https:\/\/www.visit-ulcinj.com\/blog\/2013\/11\/08\/shqiptare-si-qejflinj-partish-politike\/#breadcrumb","itemListElement":[{"@type":"ListItem","position":1,"name":"Shqiptar\u00eb si qejflinj partish politike"}]},{"@type":"Person","@id":"https:\/\/www.visit-ulcinj.com\/blog\/#\/schema\/person\/dcab619c614d3038751c63bc2aadc06d","name":"ulqini","sameAs":["http:\/\/www.visit-ulcinj.com"],"url":"https:\/\/www.visit-ulcinj.com\/blog\/author\/admin\/"}]}},"jetpack_featured_media_url":"","jetpack_sharing_enabled":true,"jetpack_shortlink":"https:\/\/wp.me\/pe6lTn-jMW","_links":{"self":[{"href":"https:\/\/www.visit-ulcinj.com\/blog\/wp-json\/wp\/v2\/posts\/76070"}],"collection":[{"href":"https:\/\/www.visit-ulcinj.com\/blog\/wp-json\/wp\/v2\/posts"}],"about":[{"href":"https:\/\/www.visit-ulcinj.com\/blog\/wp-json\/wp\/v2\/types\/post"}],"author":[{"embeddable":true,"href":"https:\/\/www.visit-ulcinj.com\/blog\/wp-json\/wp\/v2\/users\/1"}],"replies":[{"embeddable":true,"href":"https:\/\/www.visit-ulcinj.com\/blog\/wp-json\/wp\/v2\/comments?post=76070"}],"version-history":[{"count":1,"href":"https:\/\/www.visit-ulcinj.com\/blog\/wp-json\/wp\/v2\/posts\/76070\/revisions"}],"predecessor-version":[{"id":76072,"href":"https:\/\/www.visit-ulcinj.com\/blog\/wp-json\/wp\/v2\/posts\/76070\/revisions\/76072"}],"wp:attachment":[{"href":"https:\/\/www.visit-ulcinj.com\/blog\/wp-json\/wp\/v2\/media?parent=76070"}],"wp:term":[{"taxonomy":"category","embeddable":true,"href":"https:\/\/www.visit-ulcinj.com\/blog\/wp-json\/wp\/v2\/categories?post=76070"},{"taxonomy":"post_tag","embeddable":true,"href":"https:\/\/www.visit-ulcinj.com\/blog\/wp-json\/wp\/v2\/tags?post=76070"}],"curies":[{"name":"wp","href":"https:\/\/api.w.org\/{rel}","templated":true}]}}