{"id":76073,"date":"2013-11-08T12:10:50","date_gmt":"2013-11-08T11:10:50","guid":{"rendered":"http:\/\/www.visit-ulcinj.com\/blog\/?p=76073"},"modified":"2013-11-08T12:10:50","modified_gmt":"2013-11-08T11:10:50","slug":"kravari-selo-koje-gubi-korak-sa-zivotom","status":"publish","type":"post","link":"https:\/\/www.visit-ulcinj.com\/blog\/2013\/11\/08\/kravari-selo-koje-gubi-korak-sa-zivotom\/","title":{"rendered":"Kravari selo koje gubi korak sa \u017eivotom"},"content":{"rendered":"<p><a href=\"http:\/\/www.visit-ulcinj.com\/blog\/wp-content\/uploads\/2013\/11\/Selo-Kravari.jpg\"><img loading=\"lazy\" class=\"alignleft  wp-image-76074\" alt=\"Selo Kravari\" src=\"http:\/\/www.visit-ulcinj.com\/blog\/wp-content\/uploads\/2013\/11\/Selo-Kravari.jpg\" width=\"508\" height=\"360\" \/><\/a>Bez vode, telefona, interneta. Bez javnog prevoza. Asfalt koji je star vi\u0161e od pola vijeka. Izvori\u0161ta koja su zara\u017eena e\u0161erihijom koli. Dobrodo\u0161li u ulcinjsko selo Kravare<\/p>\n<p>Do sela Kravari u istoimenoj mjesnoj zajednici, iz Ulcinja sti\u017ee se preko Vladimira, uskim, krivudavim putem prema Ostrosu.<\/p>\n<p>Od skretanja za grani\u010dni prelaz Sukobin, drevna cesta prema Krajini, u du\u017eini od par kilometara, presvu\u010dena je novim asfaltom. Ali mje\u0161tani Kravara do svog sela moraju jo\u0161 par kilometara voziti po starom, o\u0161te\u0107enom, krpljenom, a opet punom rupa i nagiba asfaltu, starom vi\u0161e od pola stolje\u0107a.<\/p>\n<p>Tek toliko da nikad ne zaborave kada su ih se posljednji put sjetile vlasti. I ba\u0161 tu, na mjestu gdje se smjenjuju asfalti, simboli\u010dno se sudaraju svjetovi &#8211; onaj koji ima gotovo sve sa onim koji nema gotovo ni\u0161ta. Ovo je pri\u010da o ovom drugom&#8230;<\/p>\n<p>Kravari se nalaze na 10 kilometara od Vladimira, na pola puta prema Ostrosu. Od Ulcinja, udaljeni su \u010ditavih 35 kilometara. Selo ima struju, ali su ga decenijama, slu\u010dajno ili ne, zaobilazili projekti za priklju\u010denje na vodovodnu mre\u017eu, fiksnu telefoniju&#8230;<\/p>\n<p>Govoriti o nekim drugim razvojnim projektima Op\u0161tine ili dr\u017eave u tom selu isto je kao i djeci \u010ditati bajke. Kravari su centralno selo MZ Kravari, koju jo\u0161 \u010dine sela Posegva\u0161, Mu\u010daj, Donji Kravari, \u0110onaj i Rasti\u0161. Svako selo ima svoj izvor pija\u0107e vode, ali da nevolja za mje\u0161tane bude ve\u0107a, ve\u0107 odavno nijedan nije za pi\u0107e.<\/p>\n<p>U Kravarima, gdje je smje\u0161tena mjesna zajednica, \u017eive 33 doma\u0107instva sa vi\u0161e od 100 \u010dlanova. U selu postoje prodavnica, \u0161kola, d\u017eamija, a tu je i objekat MZ. Kafana nema jer su gotovo svi mje\u0161tani vjernici.<\/p>\n<p>\u201cJedino dobro u ovom selu je \u0161to se mi mje\u0161tani dobro dr\u017eimo i sla\u017eemo\u201d, ka\u017ee imam Omer Demiraj dok razgovaramo u dvori\u0161tu njegove ku\u0107e u prisustvu nekolicine njegovih kom\u0161ija koji klimaju glavom u znak odobravanja. Na pitanje koji su to problemi koji ti\u0161te mje\u0161tane Kravara, starina gleda u kom\u0161ije kao da tra\u017ei dozvolu da ka\u017ee sve.<\/p>\n<p>\u201cNemamo vodu, telefone ni Internet, ali svi imamo djecu koja znaju kako \u017eive njihovi vr\u0161njaci u Vladimiru, a da ne govorim u Ulcinju\u201d, po\u010dinje Omer. Pominje putnu infrastrukturu.<\/p>\n<p>\u201cVidjeli ste put kojim ste do\u0161li do nas. Vidite ove ulice kroz selo, one su neupotrebljive sa prvim snjegovima. Tako je decenijama\u201d, ka\u017ee Omer. Organizovanog prevoza do Vladimira ili Ostrosa nema.<\/p>\n<p>\u201cDavno je bilo kada su ovuda prolazili autobusi ili kombi prevoznici. Sami se snalazimo\u201d, nastavlja Omer. Mje\u0161tani se, dodaje, sami snalaze i za sve ostalo.<\/p>\n<p>\u201cNema otkupnog centra za vi\u0161ak proizvedenog vo\u0107a i povr\u0107a. Tako\u0111e, niko organizovano ne otkupljuje mlijeko, pa smo prinu\u0111eni da vi\u0161kove prodajemo na pijacama u Ulcinju, Vladimiru i Ostrosu\u201d, pri\u010da Omer i dodaje da su Kravari poznati po izuzetno kvalitetnom vo\u0107u i povr\u0107u.<\/p>\n<p>\u201cNadaleko je \u010duven na\u0161 pasulj i luk\u201d, ka\u017ee Omer. Ljeti, kada su velike su\u0161e, u selo ponekad stigne i cisterna sa pija\u0107om vodom.<\/p>\n<p>\u201cNi to ne bismo imali da nije Mustafe Aljo\u0161ija koji radi u Vodovodu\u201d, obja\u0161njava Omer pokazuju\u0107i na Mustafu, koji \u017eivi u susjednom selu Mu\u010daj. Uz sve neda\u0107e, kako ka\u017ee Omer, mje\u0161tani su suo\u010deni sa neobezbije\u0111enim izvori\u0161tima pija\u0107e vode i neregulisanim odvodom fekalnih voda iz doma\u0107instava.<\/p>\n<p>\u201cZbog toga su nam izvori\u0161ta zara\u017eena bakterijom e\u0161erihija koli i neispravna. Neko, ko ima mogu\u0107nosti, vodu donosi sa kvalitetnih izvori\u0161ta prema Ulcinju a pojedini piju i ovu. Bogami, i ja sam je do ju\u010de pio\u201d, priznaje Omer.<\/p>\n<p>Dok se strmom uli\u010dicom spu\u0161tamo ka d\u017eamiji, Omerov kom\u0161ija Milazim Demirovi\u0107 ka\u017ee da takva situacija u selu za posljedicu ima odlazak cijelih familija iz tog kraja.<\/p>\n<p>\u201cSamo u posljednjih godinu ili dvije, deset porodica se odselilo za Ulcinj. Ako takav trend bude nastavljen, selu prijeti izumiranje\u201d, ka\u017ee Demirovi\u0107. On tvrdi da su vlasti selo potpuno zaboravile i da ne vode brigu o njemu.<\/p>\n<p>\u201cDa nije tako, Omer bi vam druga\u010dije pri\u010dao\u201c, ka\u017ee Demirovi\u0107. Dok pokazuje novu, renoviranu d\u017eamiju i staru pored nje, \u201enajstariju u anamalskom kraju\u201c, Demirovi\u0107 ka\u017ee da Kravari imaju \u010dime i da se ponose.<\/p>\n<p>\u201cOdavde poti\u010de mnogo fakultetski obrazovanih ljudi i uspje\u0161nih biznismena\u201d, ka\u017ee on.<\/p>\n<p>Stotinjak metara ispod d\u017eamije, nalazi se \u010detvorogodi\u0161nja osnovna \u0161kola. Mali\u0161ani, kao jedan, ustaju da pozdrave goste. Rado pristaju da sa u\u010diteljem Valjdetom Demirijem, poziraju za fotografiju u \u201cVijestima\u201d.<\/p>\n<p>\u201cU odjeljenju je 15 u\u010denika. Dobra su to djeca\u201d, ka\u017ee njihov u\u010ditelj.<\/p>\n<p>Dok odlazimo iz sela prema Vladimiru starom d\u017eadom, razmi\u0161ljam o \u017eivotu kojim \u017eive u Kravarima. Uskoro \u0107e biti raspisani vanredni izbori i veoma brzo \u0107e se partijski aktivisti razmiliti po terenu.<\/p>\n<p>Nesumnjivo, sti\u0107i \u0107e i do Kravara, tog odba\u010denog sela, zaboravljenih ljudi i mali\u0161ana kojima treba sretno i bezbri\u017eno djetinjstvo. Za svoje programe, tra\u017ei\u0107e glas od njih. Zauzvrat, obe\u0107a\u0107e im sve i sva\u0161ta, i \u0161to mogu i \u0161to ne mogu. A Kravari tra\u017ee samo ono \u0161to svi drugi ve\u0107 odavno imaju &#8211; pravo na normalan i dostojanstven \u017eivot.<\/p>\n<p><strong>Probijeni put spasio dijete <\/strong><\/p>\n<p>Kravare sa selima Mu\u010daj i Postegva\u0161 povezuje i novi makadamski put pored d\u017eamije.<\/p>\n<p>\u201cTim putem, mje\u0161tani Mu\u010daja i Postegva\u0161a idu u d\u017eamiju a djeca u \u0161kolu\u201d, ka\u017ee Mustafa Aljo\u0161i.<\/p>\n<p>Dodaje da je lani taj put spasao \u017eivot jednom djetetu iz sela Mu\u010daj.<\/p>\n<p>\u201cZbog snijega, nije se moglo gornjom cestom. Zato smo dijete, ovim putem koji je tek bio probijen, prebacili do d\u017eamije a odatle dalje do Sukobina pa do Vladimira i Ulcinja.<\/p>\n<p>Tako je dijete spa\u0161eno zahvaljuju\u0107i ovom putu\u201d, pri\u010da Aljo\u0161i.<\/p>\n<p><strong>Kozji sir i mlijeko <\/strong><\/p>\n<p>U Kravarima ve\u0107 godinama postoji najve\u0107a farma koza na ovim prostorima, u vlasni\u0161tvu familije \u0110eljo\u0161evi\u0107.<\/p>\n<p>Na poznatoj farmi, \u0110eljo\u0161evi\u0107i proizvode nadaleko poznato kozje mlijeko i sir.<\/p>\n<p>\u0160kolu u Kravarima u\u010dio je i poznati biznismen iz Bara, vlasnik \u201cRapexa\u201d, Jakup \u0110eljo\u0107evi\u0107.<\/p>\n<p><a href=\"http:\/\/www.vijesti.me\/vijesti\/crna-gora-21-vijek-selo-koje-gubi-korak-sa-zivotom-clanak-158323\" target=\"_blank\"><strong>Samir Adrovi\u0107<\/strong><\/a><br \/>\n<a href=\"http:\/\/www.vijesti.me\/vijesti\/crna-gora-21-vijek-selo-koje-gubi-korak-sa-zivotom-clanak-158323\" target=\"_blank\"><strong>Vijesti online<\/strong><\/a><\/p>\n","protected":false},"excerpt":{"rendered":"<p>Bez vode, telefona, interneta. Bez javnog prevoza. Asfalt koji je star vi\u0161e od pola vijeka. Izvori\u0161ta koja su zara\u017eena e\u0161erihijom koli. Dobrodo\u0161li u ulcinjsko selo Kravare Do sela Kravari u istoimenoj mjesnoj zajednici, iz Ulcinja sti\u017ee se preko Vladimira, uskim, krivudavim putem prema Ostrosu. Od skretanja za grani\u010dni prelaz Sukobin, drevna cesta prema Krajini, u [&hellip;]<\/p>\n","protected":false},"author":1,"featured_media":0,"comment_status":"closed","ping_status":"closed","sticky":false,"template":"","format":"standard","meta":{"spay_email":"","jetpack_publicize_message":"","jetpack_is_tweetstorm":false,"jetpack_publicize_feature_enabled":true},"categories":[8337],"tags":[],"jetpack_publicize_connections":[],"yoast_head":"<!-- This site is optimized with the Yoast SEO plugin v19.1 - https:\/\/yoast.com\/wordpress\/plugins\/seo\/ -->\n<title>Kravari selo koje gubi korak sa \u017eivotom - Lajme nga Ulqini<\/title>\n<meta name=\"description\" content=\"Bez vode, telefona, interneta. Bez javnog prevoza. Asfalt koji je star vi\u0161e od pola vijeka. Izvori\u0161ta koja su zara\u017eena e\u0161erihijom koli. Dobrodo\u0161li u\" \/>\n<meta name=\"robots\" content=\"index, follow, max-snippet:-1, max-image-preview:large, max-video-preview:-1\" \/>\n<link rel=\"canonical\" href=\"https:\/\/www.visit-ulcinj.com\/blog\/2013\/11\/08\/kravari-selo-koje-gubi-korak-sa-zivotom\/\" \/>\n<meta property=\"og:locale\" content=\"en_US\" \/>\n<meta property=\"og:type\" content=\"article\" \/>\n<meta property=\"og:title\" content=\"Kravari selo koje gubi korak sa \u017eivotom - Lajme nga Ulqini\" \/>\n<meta property=\"og:description\" content=\"Bez vode, telefona, interneta. Bez javnog prevoza. Asfalt koji je star vi\u0161e od pola vijeka. Izvori\u0161ta koja su zara\u017eena e\u0161erihijom koli. Dobrodo\u0161li u\" \/>\n<meta property=\"og:url\" content=\"https:\/\/www.visit-ulcinj.com\/blog\/2013\/11\/08\/kravari-selo-koje-gubi-korak-sa-zivotom\/\" \/>\n<meta property=\"og:site_name\" content=\"Lajme nga Ulqini\" \/>\n<meta property=\"article:published_time\" content=\"2013-11-08T11:10:50+00:00\" \/>\n<meta property=\"og:image\" content=\"http:\/\/www.visit-ulcinj.com\/blog\/wp-content\/uploads\/2013\/11\/Selo-Kravari.jpg\" \/>\n<meta name=\"twitter:label1\" content=\"Written by\" \/>\n\t<meta name=\"twitter:data1\" content=\"ulqini\" \/>\n\t<meta name=\"twitter:label2\" content=\"Est. reading time\" \/>\n\t<meta name=\"twitter:data2\" content=\"5 minutes\" \/>\n<script type=\"application\/ld+json\" class=\"yoast-schema-graph\">{\"@context\":\"https:\/\/schema.org\",\"@graph\":[{\"@type\":\"WebSite\",\"@id\":\"https:\/\/www.visit-ulcinj.com\/blog\/#website\",\"url\":\"https:\/\/www.visit-ulcinj.com\/blog\/\",\"name\":\"Lajme nga Ulqini\",\"description\":\"Lajme,Vijesti,Ulqini,Ulqin,Crna Gora,Mali i Zi\",\"potentialAction\":[{\"@type\":\"SearchAction\",\"target\":{\"@type\":\"EntryPoint\",\"urlTemplate\":\"https:\/\/www.visit-ulcinj.com\/blog\/?s={search_term_string}\"},\"query-input\":\"required name=search_term_string\"}],\"inLanguage\":\"en-US\"},{\"@type\":\"ImageObject\",\"inLanguage\":\"en-US\",\"@id\":\"https:\/\/www.visit-ulcinj.com\/blog\/2013\/11\/08\/kravari-selo-koje-gubi-korak-sa-zivotom\/#primaryimage\",\"url\":\"https:\/\/www.visit-ulcinj.com\/blog\/wp-content\/uploads\/2013\/11\/Selo-Kravari.jpg\",\"contentUrl\":\"https:\/\/www.visit-ulcinj.com\/blog\/wp-content\/uploads\/2013\/11\/Selo-Kravari.jpg\",\"width\":960,\"height\":720},{\"@type\":\"WebPage\",\"@id\":\"https:\/\/www.visit-ulcinj.com\/blog\/2013\/11\/08\/kravari-selo-koje-gubi-korak-sa-zivotom\/#webpage\",\"url\":\"https:\/\/www.visit-ulcinj.com\/blog\/2013\/11\/08\/kravari-selo-koje-gubi-korak-sa-zivotom\/\",\"name\":\"Kravari selo koje gubi korak sa \u017eivotom - Lajme nga Ulqini\",\"isPartOf\":{\"@id\":\"https:\/\/www.visit-ulcinj.com\/blog\/#website\"},\"primaryImageOfPage\":{\"@id\":\"https:\/\/www.visit-ulcinj.com\/blog\/2013\/11\/08\/kravari-selo-koje-gubi-korak-sa-zivotom\/#primaryimage\"},\"datePublished\":\"2013-11-08T11:10:50+00:00\",\"dateModified\":\"2013-11-08T11:10:50+00:00\",\"author\":{\"@id\":\"https:\/\/www.visit-ulcinj.com\/blog\/#\/schema\/person\/dcab619c614d3038751c63bc2aadc06d\"},\"description\":\"Bez vode, telefona, interneta. Bez javnog prevoza. Asfalt koji je star vi\u0161e od pola vijeka. Izvori\u0161ta koja su zara\u017eena e\u0161erihijom koli. Dobrodo\u0161li u\",\"breadcrumb\":{\"@id\":\"https:\/\/www.visit-ulcinj.com\/blog\/2013\/11\/08\/kravari-selo-koje-gubi-korak-sa-zivotom\/#breadcrumb\"},\"inLanguage\":\"en-US\",\"potentialAction\":[{\"@type\":\"ReadAction\",\"target\":[\"https:\/\/www.visit-ulcinj.com\/blog\/2013\/11\/08\/kravari-selo-koje-gubi-korak-sa-zivotom\/\"]}]},{\"@type\":\"BreadcrumbList\",\"@id\":\"https:\/\/www.visit-ulcinj.com\/blog\/2013\/11\/08\/kravari-selo-koje-gubi-korak-sa-zivotom\/#breadcrumb\",\"itemListElement\":[{\"@type\":\"ListItem\",\"position\":1,\"name\":\"Kravari selo koje gubi korak sa \u017eivotom\"}]},{\"@type\":\"Person\",\"@id\":\"https:\/\/www.visit-ulcinj.com\/blog\/#\/schema\/person\/dcab619c614d3038751c63bc2aadc06d\",\"name\":\"ulqini\",\"sameAs\":[\"http:\/\/www.visit-ulcinj.com\"],\"url\":\"https:\/\/www.visit-ulcinj.com\/blog\/author\/admin\/\"}]}<\/script>\n<!-- \/ Yoast SEO plugin. -->","yoast_head_json":{"title":"Kravari selo koje gubi korak sa \u017eivotom - Lajme nga Ulqini","description":"Bez vode, telefona, interneta. Bez javnog prevoza. Asfalt koji je star vi\u0161e od pola vijeka. Izvori\u0161ta koja su zara\u017eena e\u0161erihijom koli. Dobrodo\u0161li u","robots":{"index":"index","follow":"follow","max-snippet":"max-snippet:-1","max-image-preview":"max-image-preview:large","max-video-preview":"max-video-preview:-1"},"canonical":"https:\/\/www.visit-ulcinj.com\/blog\/2013\/11\/08\/kravari-selo-koje-gubi-korak-sa-zivotom\/","og_locale":"en_US","og_type":"article","og_title":"Kravari selo koje gubi korak sa \u017eivotom - Lajme nga Ulqini","og_description":"Bez vode, telefona, interneta. Bez javnog prevoza. Asfalt koji je star vi\u0161e od pola vijeka. Izvori\u0161ta koja su zara\u017eena e\u0161erihijom koli. Dobrodo\u0161li u","og_url":"https:\/\/www.visit-ulcinj.com\/blog\/2013\/11\/08\/kravari-selo-koje-gubi-korak-sa-zivotom\/","og_site_name":"Lajme nga Ulqini","article_published_time":"2013-11-08T11:10:50+00:00","og_image":[{"url":"http:\/\/www.visit-ulcinj.com\/blog\/wp-content\/uploads\/2013\/11\/Selo-Kravari.jpg"}],"twitter_misc":{"Written by":"ulqini","Est. reading time":"5 minutes"},"schema":{"@context":"https:\/\/schema.org","@graph":[{"@type":"WebSite","@id":"https:\/\/www.visit-ulcinj.com\/blog\/#website","url":"https:\/\/www.visit-ulcinj.com\/blog\/","name":"Lajme nga Ulqini","description":"Lajme,Vijesti,Ulqini,Ulqin,Crna Gora,Mali i Zi","potentialAction":[{"@type":"SearchAction","target":{"@type":"EntryPoint","urlTemplate":"https:\/\/www.visit-ulcinj.com\/blog\/?s={search_term_string}"},"query-input":"required name=search_term_string"}],"inLanguage":"en-US"},{"@type":"ImageObject","inLanguage":"en-US","@id":"https:\/\/www.visit-ulcinj.com\/blog\/2013\/11\/08\/kravari-selo-koje-gubi-korak-sa-zivotom\/#primaryimage","url":"https:\/\/www.visit-ulcinj.com\/blog\/wp-content\/uploads\/2013\/11\/Selo-Kravari.jpg","contentUrl":"https:\/\/www.visit-ulcinj.com\/blog\/wp-content\/uploads\/2013\/11\/Selo-Kravari.jpg","width":960,"height":720},{"@type":"WebPage","@id":"https:\/\/www.visit-ulcinj.com\/blog\/2013\/11\/08\/kravari-selo-koje-gubi-korak-sa-zivotom\/#webpage","url":"https:\/\/www.visit-ulcinj.com\/blog\/2013\/11\/08\/kravari-selo-koje-gubi-korak-sa-zivotom\/","name":"Kravari selo koje gubi korak sa \u017eivotom - Lajme nga Ulqini","isPartOf":{"@id":"https:\/\/www.visit-ulcinj.com\/blog\/#website"},"primaryImageOfPage":{"@id":"https:\/\/www.visit-ulcinj.com\/blog\/2013\/11\/08\/kravari-selo-koje-gubi-korak-sa-zivotom\/#primaryimage"},"datePublished":"2013-11-08T11:10:50+00:00","dateModified":"2013-11-08T11:10:50+00:00","author":{"@id":"https:\/\/www.visit-ulcinj.com\/blog\/#\/schema\/person\/dcab619c614d3038751c63bc2aadc06d"},"description":"Bez vode, telefona, interneta. Bez javnog prevoza. Asfalt koji je star vi\u0161e od pola vijeka. Izvori\u0161ta koja su zara\u017eena e\u0161erihijom koli. Dobrodo\u0161li u","breadcrumb":{"@id":"https:\/\/www.visit-ulcinj.com\/blog\/2013\/11\/08\/kravari-selo-koje-gubi-korak-sa-zivotom\/#breadcrumb"},"inLanguage":"en-US","potentialAction":[{"@type":"ReadAction","target":["https:\/\/www.visit-ulcinj.com\/blog\/2013\/11\/08\/kravari-selo-koje-gubi-korak-sa-zivotom\/"]}]},{"@type":"BreadcrumbList","@id":"https:\/\/www.visit-ulcinj.com\/blog\/2013\/11\/08\/kravari-selo-koje-gubi-korak-sa-zivotom\/#breadcrumb","itemListElement":[{"@type":"ListItem","position":1,"name":"Kravari selo koje gubi korak sa \u017eivotom"}]},{"@type":"Person","@id":"https:\/\/www.visit-ulcinj.com\/blog\/#\/schema\/person\/dcab619c614d3038751c63bc2aadc06d","name":"ulqini","sameAs":["http:\/\/www.visit-ulcinj.com"],"url":"https:\/\/www.visit-ulcinj.com\/blog\/author\/admin\/"}]}},"jetpack_featured_media_url":"","jetpack_sharing_enabled":true,"jetpack_shortlink":"https:\/\/wp.me\/pe6lTn-jMZ","_links":{"self":[{"href":"https:\/\/www.visit-ulcinj.com\/blog\/wp-json\/wp\/v2\/posts\/76073"}],"collection":[{"href":"https:\/\/www.visit-ulcinj.com\/blog\/wp-json\/wp\/v2\/posts"}],"about":[{"href":"https:\/\/www.visit-ulcinj.com\/blog\/wp-json\/wp\/v2\/types\/post"}],"author":[{"embeddable":true,"href":"https:\/\/www.visit-ulcinj.com\/blog\/wp-json\/wp\/v2\/users\/1"}],"replies":[{"embeddable":true,"href":"https:\/\/www.visit-ulcinj.com\/blog\/wp-json\/wp\/v2\/comments?post=76073"}],"version-history":[{"count":1,"href":"https:\/\/www.visit-ulcinj.com\/blog\/wp-json\/wp\/v2\/posts\/76073\/revisions"}],"predecessor-version":[{"id":76075,"href":"https:\/\/www.visit-ulcinj.com\/blog\/wp-json\/wp\/v2\/posts\/76073\/revisions\/76075"}],"wp:attachment":[{"href":"https:\/\/www.visit-ulcinj.com\/blog\/wp-json\/wp\/v2\/media?parent=76073"}],"wp:term":[{"taxonomy":"category","embeddable":true,"href":"https:\/\/www.visit-ulcinj.com\/blog\/wp-json\/wp\/v2\/categories?post=76073"},{"taxonomy":"post_tag","embeddable":true,"href":"https:\/\/www.visit-ulcinj.com\/blog\/wp-json\/wp\/v2\/tags?post=76073"}],"curies":[{"name":"wp","href":"https:\/\/api.w.org\/{rel}","templated":true}]}}