{"id":7608,"date":"2008-12-24T18:40:24","date_gmt":"2008-12-24T17:40:24","guid":{"rendered":"http:\/\/www.visit-ulcinj.com\/blog\/?p=7608"},"modified":"2008-12-25T14:28:00","modified_gmt":"2008-12-25T13:28:00","slug":"zasto-su-neki-radnici-%e2%80%9eotpisani-a-neki-ne","status":"publish","type":"post","link":"https:\/\/www.visit-ulcinj.com\/blog\/2008\/12\/24\/zasto-su-neki-radnici-%e2%80%9eotpisani-a-neki-ne\/","title":{"rendered":"Za\u0161to su neki radnici \u201eotpisani&#8221;, a neki ne"},"content":{"rendered":"<p><strong><img loading=\"lazy\" class=\"alignleft size-full wp-image-7609\" title=\"gladan-sam\" src=\"http:\/\/www.visit-ulcinj.com\/blog\/wp-content\/uploads\/2008\/12\/gladan-sam.jpg\" alt=\"gladan-sam\" width=\"160\" height=\"160\" \/>PISMA UREDNIKU<\/strong><br \/>\nDana 19.12.2008. pro?itasmo \u201eradosnu\u201c vijest u \u201eVijestima\u201co isplati otpremnina u Ulcinju za radnike koji su ostali bez posla od 2000. godine pa nadalje.<br \/>\nSvakako human potez Vlade, ali \u0161ta ako ne obuhvatimo \u201eotpisane\u201c radnike do te famozne 2000. godine. \u0160to sa njima, treba li da ih svrstamo u drugu kategoriju ljudi (stanovnika, gra?ana) i da ih jo\u0161 vi\u0161e ka\u017enjavamo uz dvocifren broj godina patnji, borbe za goli \u017eivot i opstanak? Treba li da se ovim potezom dotuku kako bi izgubili i posljednju nadu u dr\u017eavu i njene institucije, u pravdu i pravo na \u017eivot i rad, u bolju budu?nost?<br \/>\nUzmimo primjer nas troje bra?e, ukupno 15 ?lanova porodice, biv\u0161i radnici \u201eAgroulcinja\u201c od 1996. na Birou (jada). Ko i \u0161to nama mo\u017ee nadoknaditi izgubljeno? Bar ne dok imamo ovakvu dr\u017eavu i vlast za koju smo se i pored svega zalagali, nadaju?i se u neku bolju budu?nost koja nikako ni da se najavi a ne da stigne skoro.<br \/>\nNada ipak zadnja umire osim ako je neko usput ne likvidira sli?nim potezima!<br \/>\nBra?a Vukovi?, biv\u0161i radnici \u201eAgroulcinja\u201c, Ulcinj<br \/>\n<strong>Izvor \/ Vijesti<\/strong><br \/>\n<a href=\"http:\/\/www.visit-ulcinj.com\/blog\/wp-content\/uploads\/2008\/12\/garden-of-eatin-restaurant.jpg\"><img loading=\"lazy\" class=\"aligncenter size-full wp-image-7630\" title=\"garden-of-eatin-restaurant\" src=\"http:\/\/www.visit-ulcinj.com\/blog\/wp-content\/uploads\/2008\/12\/garden-of-eatin-restaurant.jpg\" alt=\" Pritja e Vitit Te Ri 2009 me Kengetar\u00eb te ndryshme n\u00eb Garden of Eatin Restaurant - Contact Ahmet Zeka  215-499-6146\" width=\"428\" height=\"555\" \/><\/a><\/p>\n","protected":false},"excerpt":{"rendered":"<p>PISMA UREDNIKU Dana 19.12.2008. pro?itasmo \u201eradosnu\u201c vijest u \u201eVijestima\u201co isplati otpremnina u Ulcinju za radnike koji su ostali bez posla od 2000. godine pa nadalje. Svakako human potez Vlade, ali \u0161ta ako ne obuhvatimo \u201eotpisane\u201c radnike do te famozne 2000. godine. \u0160to sa njima, treba li da ih svrstamo u drugu kategoriju ljudi (stanovnika, gra?ana) [&hellip;]<\/p>\n","protected":false},"author":1,"featured_media":0,"comment_status":"open","ping_status":"closed","sticky":false,"template":"","format":"standard","meta":{"spay_email":"","jetpack_publicize_message":"","jetpack_is_tweetstorm":false,"jetpack_publicize_feature_enabled":true},"categories":[12],"tags":[5362,5361,19],"jetpack_publicize_connections":[],"yoast_head":"<!-- This site is optimized with the Yoast SEO plugin v19.1 - https:\/\/yoast.com\/wordpress\/plugins\/seo\/ -->\n<title>Za\u0161to su neki radnici \u201eotpisani&quot;, a neki ne - Lajme nga Ulqini<\/title>\n<meta name=\"description\" content=\"PISMA UREDNIKU Dana 19.12.2008. pro?itasmo \u201eradosnu\u201c vijest u \u201eVijestima\u201co isplati otpremnina u Ulcinju za radnike koji su ostali bez posla od 2000.\" \/>\n<meta name=\"robots\" content=\"index, follow, max-snippet:-1, max-image-preview:large, max-video-preview:-1\" \/>\n<link rel=\"canonical\" href=\"https:\/\/www.visit-ulcinj.com\/blog\/2008\/12\/24\/zasto-su-neki-radnici-\u201eotpisani-a-neki-ne\/\" \/>\n<meta property=\"og:locale\" content=\"en_US\" \/>\n<meta property=\"og:type\" content=\"article\" \/>\n<meta property=\"og:title\" content=\"Za\u0161to su neki radnici \u201eotpisani&quot;, a neki ne - Lajme nga Ulqini\" \/>\n<meta property=\"og:description\" content=\"PISMA UREDNIKU Dana 19.12.2008. pro?itasmo \u201eradosnu\u201c vijest u \u201eVijestima\u201co isplati otpremnina u Ulcinju za radnike koji su ostali bez posla od 2000.\" \/>\n<meta property=\"og:url\" content=\"https:\/\/www.visit-ulcinj.com\/blog\/2008\/12\/24\/zasto-su-neki-radnici-\u201eotpisani-a-neki-ne\/\" \/>\n<meta property=\"og:site_name\" content=\"Lajme nga Ulqini\" \/>\n<meta property=\"article:published_time\" content=\"2008-12-24T17:40:24+00:00\" \/>\n<meta property=\"article:modified_time\" content=\"2008-12-25T13:28:00+00:00\" \/>\n<meta property=\"og:image\" content=\"http:\/\/www.visit-ulcinj.com\/blog\/wp-content\/uploads\/2008\/12\/gladan-sam.jpg\" \/>\n<meta name=\"twitter:label1\" content=\"Written by\" \/>\n\t<meta name=\"twitter:data1\" content=\"ulqini\" \/>\n\t<meta name=\"twitter:label2\" content=\"Est. reading time\" \/>\n\t<meta name=\"twitter:data2\" content=\"1 minute\" \/>\n<script type=\"application\/ld+json\" class=\"yoast-schema-graph\">{\"@context\":\"https:\/\/schema.org\",\"@graph\":[{\"@type\":\"WebSite\",\"@id\":\"https:\/\/www.visit-ulcinj.com\/blog\/#website\",\"url\":\"https:\/\/www.visit-ulcinj.com\/blog\/\",\"name\":\"Lajme nga Ulqini\",\"description\":\"Lajme,Vijesti,Ulqini,Ulqin,Crna Gora,Mali i Zi\",\"potentialAction\":[{\"@type\":\"SearchAction\",\"target\":{\"@type\":\"EntryPoint\",\"urlTemplate\":\"https:\/\/www.visit-ulcinj.com\/blog\/?s={search_term_string}\"},\"query-input\":\"required name=search_term_string\"}],\"inLanguage\":\"en-US\"},{\"@type\":\"ImageObject\",\"inLanguage\":\"en-US\",\"@id\":\"https:\/\/www.visit-ulcinj.com\/blog\/2008\/12\/24\/zasto-su-neki-radnici-%e2%80%9eotpisani-a-neki-ne\/#primaryimage\",\"url\":\"https:\/\/www.visit-ulcinj.com\/blog\/wp-content\/uploads\/2008\/12\/gladan-sam.jpg\",\"contentUrl\":\"https:\/\/www.visit-ulcinj.com\/blog\/wp-content\/uploads\/2008\/12\/gladan-sam.jpg\",\"width\":\"80\",\"height\":\"80\"},{\"@type\":\"WebPage\",\"@id\":\"https:\/\/www.visit-ulcinj.com\/blog\/2008\/12\/24\/zasto-su-neki-radnici-%e2%80%9eotpisani-a-neki-ne\/#webpage\",\"url\":\"https:\/\/www.visit-ulcinj.com\/blog\/2008\/12\/24\/zasto-su-neki-radnici-%e2%80%9eotpisani-a-neki-ne\/\",\"name\":\"Za\u0161to su neki radnici \u201eotpisani\\\", a neki ne - Lajme nga Ulqini\",\"isPartOf\":{\"@id\":\"https:\/\/www.visit-ulcinj.com\/blog\/#website\"},\"primaryImageOfPage\":{\"@id\":\"https:\/\/www.visit-ulcinj.com\/blog\/2008\/12\/24\/zasto-su-neki-radnici-%e2%80%9eotpisani-a-neki-ne\/#primaryimage\"},\"datePublished\":\"2008-12-24T17:40:24+00:00\",\"dateModified\":\"2008-12-25T13:28:00+00:00\",\"author\":{\"@id\":\"https:\/\/www.visit-ulcinj.com\/blog\/#\/schema\/person\/dcab619c614d3038751c63bc2aadc06d\"},\"description\":\"PISMA UREDNIKU Dana 19.12.2008. pro?itasmo \u201eradosnu\u201c vijest u \u201eVijestima\u201co isplati otpremnina u Ulcinju za radnike koji su ostali bez posla od 2000.\",\"breadcrumb\":{\"@id\":\"https:\/\/www.visit-ulcinj.com\/blog\/2008\/12\/24\/zasto-su-neki-radnici-%e2%80%9eotpisani-a-neki-ne\/#breadcrumb\"},\"inLanguage\":\"en-US\",\"potentialAction\":[{\"@type\":\"ReadAction\",\"target\":[\"https:\/\/www.visit-ulcinj.com\/blog\/2008\/12\/24\/zasto-su-neki-radnici-%e2%80%9eotpisani-a-neki-ne\/\"]}]},{\"@type\":\"BreadcrumbList\",\"@id\":\"https:\/\/www.visit-ulcinj.com\/blog\/2008\/12\/24\/zasto-su-neki-radnici-%e2%80%9eotpisani-a-neki-ne\/#breadcrumb\",\"itemListElement\":[{\"@type\":\"ListItem\",\"position\":1,\"name\":\"Za\u0161to su neki radnici \u201eotpisani&#8221;, a neki ne\"}]},{\"@type\":\"Person\",\"@id\":\"https:\/\/www.visit-ulcinj.com\/blog\/#\/schema\/person\/dcab619c614d3038751c63bc2aadc06d\",\"name\":\"ulqini\",\"sameAs\":[\"http:\/\/www.visit-ulcinj.com\"],\"url\":\"https:\/\/www.visit-ulcinj.com\/blog\/author\/admin\/\"}]}<\/script>\n<!-- \/ Yoast SEO plugin. -->","yoast_head_json":{"title":"Za\u0161to su neki radnici \u201eotpisani\", a neki ne - Lajme nga Ulqini","description":"PISMA UREDNIKU Dana 19.12.2008. pro?itasmo \u201eradosnu\u201c vijest u \u201eVijestima\u201co isplati otpremnina u Ulcinju za radnike koji su ostali bez posla od 2000.","robots":{"index":"index","follow":"follow","max-snippet":"max-snippet:-1","max-image-preview":"max-image-preview:large","max-video-preview":"max-video-preview:-1"},"canonical":"https:\/\/www.visit-ulcinj.com\/blog\/2008\/12\/24\/zasto-su-neki-radnici-\u201eotpisani-a-neki-ne\/","og_locale":"en_US","og_type":"article","og_title":"Za\u0161to su neki radnici \u201eotpisani\", a neki ne - Lajme nga Ulqini","og_description":"PISMA UREDNIKU Dana 19.12.2008. pro?itasmo \u201eradosnu\u201c vijest u \u201eVijestima\u201co isplati otpremnina u Ulcinju za radnike koji su ostali bez posla od 2000.","og_url":"https:\/\/www.visit-ulcinj.com\/blog\/2008\/12\/24\/zasto-su-neki-radnici-\u201eotpisani-a-neki-ne\/","og_site_name":"Lajme nga Ulqini","article_published_time":"2008-12-24T17:40:24+00:00","article_modified_time":"2008-12-25T13:28:00+00:00","og_image":[{"url":"http:\/\/www.visit-ulcinj.com\/blog\/wp-content\/uploads\/2008\/12\/gladan-sam.jpg"}],"twitter_misc":{"Written by":"ulqini","Est. reading time":"1 minute"},"schema":{"@context":"https:\/\/schema.org","@graph":[{"@type":"WebSite","@id":"https:\/\/www.visit-ulcinj.com\/blog\/#website","url":"https:\/\/www.visit-ulcinj.com\/blog\/","name":"Lajme nga Ulqini","description":"Lajme,Vijesti,Ulqini,Ulqin,Crna Gora,Mali i Zi","potentialAction":[{"@type":"SearchAction","target":{"@type":"EntryPoint","urlTemplate":"https:\/\/www.visit-ulcinj.com\/blog\/?s={search_term_string}"},"query-input":"required name=search_term_string"}],"inLanguage":"en-US"},{"@type":"ImageObject","inLanguage":"en-US","@id":"https:\/\/www.visit-ulcinj.com\/blog\/2008\/12\/24\/zasto-su-neki-radnici-%e2%80%9eotpisani-a-neki-ne\/#primaryimage","url":"https:\/\/www.visit-ulcinj.com\/blog\/wp-content\/uploads\/2008\/12\/gladan-sam.jpg","contentUrl":"https:\/\/www.visit-ulcinj.com\/blog\/wp-content\/uploads\/2008\/12\/gladan-sam.jpg","width":"80","height":"80"},{"@type":"WebPage","@id":"https:\/\/www.visit-ulcinj.com\/blog\/2008\/12\/24\/zasto-su-neki-radnici-%e2%80%9eotpisani-a-neki-ne\/#webpage","url":"https:\/\/www.visit-ulcinj.com\/blog\/2008\/12\/24\/zasto-su-neki-radnici-%e2%80%9eotpisani-a-neki-ne\/","name":"Za\u0161to su neki radnici \u201eotpisani\", a neki ne - Lajme nga Ulqini","isPartOf":{"@id":"https:\/\/www.visit-ulcinj.com\/blog\/#website"},"primaryImageOfPage":{"@id":"https:\/\/www.visit-ulcinj.com\/blog\/2008\/12\/24\/zasto-su-neki-radnici-%e2%80%9eotpisani-a-neki-ne\/#primaryimage"},"datePublished":"2008-12-24T17:40:24+00:00","dateModified":"2008-12-25T13:28:00+00:00","author":{"@id":"https:\/\/www.visit-ulcinj.com\/blog\/#\/schema\/person\/dcab619c614d3038751c63bc2aadc06d"},"description":"PISMA UREDNIKU Dana 19.12.2008. pro?itasmo \u201eradosnu\u201c vijest u \u201eVijestima\u201co isplati otpremnina u Ulcinju za radnike koji su ostali bez posla od 2000.","breadcrumb":{"@id":"https:\/\/www.visit-ulcinj.com\/blog\/2008\/12\/24\/zasto-su-neki-radnici-%e2%80%9eotpisani-a-neki-ne\/#breadcrumb"},"inLanguage":"en-US","potentialAction":[{"@type":"ReadAction","target":["https:\/\/www.visit-ulcinj.com\/blog\/2008\/12\/24\/zasto-su-neki-radnici-%e2%80%9eotpisani-a-neki-ne\/"]}]},{"@type":"BreadcrumbList","@id":"https:\/\/www.visit-ulcinj.com\/blog\/2008\/12\/24\/zasto-su-neki-radnici-%e2%80%9eotpisani-a-neki-ne\/#breadcrumb","itemListElement":[{"@type":"ListItem","position":1,"name":"Za\u0161to su neki radnici \u201eotpisani&#8221;, a neki ne"}]},{"@type":"Person","@id":"https:\/\/www.visit-ulcinj.com\/blog\/#\/schema\/person\/dcab619c614d3038751c63bc2aadc06d","name":"ulqini","sameAs":["http:\/\/www.visit-ulcinj.com"],"url":"https:\/\/www.visit-ulcinj.com\/blog\/author\/admin\/"}]}},"jetpack_featured_media_url":"","jetpack_sharing_enabled":true,"jetpack_shortlink":"https:\/\/wp.me\/pe6lTn-1YI","_links":{"self":[{"href":"https:\/\/www.visit-ulcinj.com\/blog\/wp-json\/wp\/v2\/posts\/7608"}],"collection":[{"href":"https:\/\/www.visit-ulcinj.com\/blog\/wp-json\/wp\/v2\/posts"}],"about":[{"href":"https:\/\/www.visit-ulcinj.com\/blog\/wp-json\/wp\/v2\/types\/post"}],"author":[{"embeddable":true,"href":"https:\/\/www.visit-ulcinj.com\/blog\/wp-json\/wp\/v2\/users\/1"}],"replies":[{"embeddable":true,"href":"https:\/\/www.visit-ulcinj.com\/blog\/wp-json\/wp\/v2\/comments?post=7608"}],"version-history":[{"count":0,"href":"https:\/\/www.visit-ulcinj.com\/blog\/wp-json\/wp\/v2\/posts\/7608\/revisions"}],"wp:attachment":[{"href":"https:\/\/www.visit-ulcinj.com\/blog\/wp-json\/wp\/v2\/media?parent=7608"}],"wp:term":[{"taxonomy":"category","embeddable":true,"href":"https:\/\/www.visit-ulcinj.com\/blog\/wp-json\/wp\/v2\/categories?post=7608"},{"taxonomy":"post_tag","embeddable":true,"href":"https:\/\/www.visit-ulcinj.com\/blog\/wp-json\/wp\/v2\/tags?post=7608"}],"curies":[{"name":"wp","href":"https:\/\/api.w.org\/{rel}","templated":true}]}}