{"id":76080,"date":"2013-11-08T19:58:42","date_gmt":"2013-11-08T18:58:42","guid":{"rendered":"http:\/\/www.visit-ulcinj.com\/blog\/?p=76080"},"modified":"2013-11-09T12:26:20","modified_gmt":"2013-11-09T11:26:20","slug":"nimanbegu-zgjidhja-e-simboleve-e-mire-se-pare","status":"publish","type":"post","link":"https:\/\/www.visit-ulcinj.com\/blog\/2013\/11\/08\/nimanbegu-zgjidhja-e-simboleve-e-mire-se-pare\/","title":{"rendered":"Nimanbegu: Zgjidhja e simboleve m\u00eb e mire se m\u00eb par\u00eb"},"content":{"rendered":"<p><a href=\"http:\/\/www.visit-ulcinj.com\/blog\/wp-content\/uploads\/2013\/11\/Genci-Nimanbegu.jpg\"><img loading=\"lazy\" class=\"alignleft  wp-image-76081\" alt=\"Genci Nimanbegu\" src=\"http:\/\/www.visit-ulcinj.com\/blog\/wp-content\/uploads\/2013\/11\/Genci-Nimanbegu.jpg\" width=\"508\" height=\"360\" \/><\/a>Kryetari i K\u00ebshillit nacional t\u00eb Shqiptar\u00ebve\u00a0 dhe n\u00ebnkryetari i Forc\u00ebs s\u00eb re demokratike Genci Nimanbegu ka deklaruar q\u00eb Projektligji i propozuar p\u00ebr zgjedhjen, p\u00ebrdorimin dhe ekspozimin n\u00eb publik t\u00eb simboleve komb\u00ebtare t\u00eb popujve pakic\u00eb n\u00eb Mal t\u00eb Zi \u00ebsht\u00eb m\u00eb i mir\u00eb se ai q\u00eb \u00ebsht\u00eb tani n\u00eb fuqi.<\/p>\n<p>\u201cBesoj q\u00eb me ligj duhet t\u00eb mund\u00ebsohet q\u00eb n\u00eb komunat Ulqin, Tivar, Tuz-Podgoric\u00eb, Plav\u00eb dhe Rozhaj\u00eb t\u00eb p\u00ebrdoren simbolet nacionale dhe n\u00eb institucionet shtet\u00ebrore\u201d, tha ai p\u00ebr \u201cKoh\u00ebn javore\u201d. Nimanbegu theksoi q\u00eb plani i tij \u00ebsht\u00eb q\u00eb K\u00ebshillit nacional t\u00eb Shqiptar\u00ebve\u00a0 t\u00eb fokusohet n\u00eb aktivitetet politike sidomos ndaj Qeveris\u00eb s\u00eb Malit t\u00eb Zi dhe Ministris\u00eb p\u00ebr t\u00eb drejtat e njeriut dhe pakicave, si dhe t\u00eb afroj q\u00ebndrimet e subjekteve politike t\u00eb komunitetit shqiptar\u00eb. Ai tha q\u00eb planifikon ky\u00e7jen e intelektual\u00ebve shqiptar\u00eb n\u00eb komisionet e K\u00ebshillit, si dhe aktivitetet e p\u00ebrbashk\u00ebta me sektorin joqeveritar dhe diaspor\u00ebn.<\/p>\n<p><strong>RTCG<\/strong><\/p>\n","protected":false},"excerpt":{"rendered":"<p>Kryetari i K\u00ebshillit nacional t\u00eb Shqiptar\u00ebve\u00a0 dhe n\u00ebnkryetari i Forc\u00ebs s\u00eb re demokratike Genci Nimanbegu ka deklaruar q\u00eb Projektligji i propozuar p\u00ebr zgjedhjen, p\u00ebrdorimin dhe ekspozimin n\u00eb publik t\u00eb simboleve komb\u00ebtare t\u00eb popujve pakic\u00eb n\u00eb Mal t\u00eb Zi \u00ebsht\u00eb m\u00eb i mir\u00eb se ai q\u00eb \u00ebsht\u00eb tani n\u00eb fuqi. \u201cBesoj q\u00eb me ligj duhet t\u00eb [&hellip;]<\/p>\n","protected":false},"author":1,"featured_media":0,"comment_status":"closed","ping_status":"closed","sticky":false,"template":"","format":"standard","meta":{"spay_email":"","jetpack_publicize_message":"","jetpack_is_tweetstorm":false,"jetpack_publicize_feature_enabled":true},"categories":[1,6],"tags":[],"jetpack_publicize_connections":[],"yoast_head":"<!-- This site is optimized with the Yoast SEO plugin v19.1 - https:\/\/yoast.com\/wordpress\/plugins\/seo\/ -->\n<title>Nimanbegu: Zgjidhja e simboleve m\u00eb e mire se m\u00eb par\u00eb - Lajme nga Ulqini<\/title>\n<meta name=\"description\" content=\"Kryetari i K\u00ebshillit nacional t\u00eb Shqiptar\u00ebve\u00a0 dhe n\u00ebnkryetari i Forc\u00ebs s\u00eb re demokratike Genci Nimanbegu ka deklaruar q\u00eb Projektligji i propozuar p\u00ebr\" \/>\n<meta name=\"robots\" content=\"index, follow, max-snippet:-1, max-image-preview:large, max-video-preview:-1\" \/>\n<link rel=\"canonical\" href=\"https:\/\/www.visit-ulcinj.com\/blog\/2013\/11\/08\/nimanbegu-zgjidhja-e-simboleve-e-mire-se-pare\/\" \/>\n<meta property=\"og:locale\" content=\"en_US\" \/>\n<meta property=\"og:type\" content=\"article\" \/>\n<meta property=\"og:title\" content=\"Nimanbegu: Zgjidhja e simboleve m\u00eb e mire se m\u00eb par\u00eb - Lajme nga Ulqini\" \/>\n<meta property=\"og:description\" content=\"Kryetari i K\u00ebshillit nacional t\u00eb Shqiptar\u00ebve\u00a0 dhe n\u00ebnkryetari i Forc\u00ebs s\u00eb re demokratike Genci Nimanbegu ka deklaruar q\u00eb Projektligji i propozuar p\u00ebr\" \/>\n<meta property=\"og:url\" content=\"https:\/\/www.visit-ulcinj.com\/blog\/2013\/11\/08\/nimanbegu-zgjidhja-e-simboleve-e-mire-se-pare\/\" \/>\n<meta property=\"og:site_name\" content=\"Lajme nga Ulqini\" \/>\n<meta property=\"article:published_time\" content=\"2013-11-08T18:58:42+00:00\" \/>\n<meta property=\"article:modified_time\" content=\"2013-11-09T11:26:20+00:00\" \/>\n<meta property=\"og:image\" content=\"http:\/\/www.visit-ulcinj.com\/blog\/wp-content\/uploads\/2013\/11\/Genci-Nimanbegu.jpg\" \/>\n<meta name=\"twitter:label1\" content=\"Written by\" \/>\n\t<meta name=\"twitter:data1\" content=\"ulqini\" \/>\n\t<meta name=\"twitter:label2\" content=\"Est. reading time\" \/>\n\t<meta name=\"twitter:data2\" content=\"1 minute\" \/>\n<script type=\"application\/ld+json\" class=\"yoast-schema-graph\">{\"@context\":\"https:\/\/schema.org\",\"@graph\":[{\"@type\":\"WebSite\",\"@id\":\"https:\/\/www.visit-ulcinj.com\/blog\/#website\",\"url\":\"https:\/\/www.visit-ulcinj.com\/blog\/\",\"name\":\"Lajme nga Ulqini\",\"description\":\"Lajme,Vijesti,Ulqini,Ulqin,Crna Gora,Mali i Zi\",\"potentialAction\":[{\"@type\":\"SearchAction\",\"target\":{\"@type\":\"EntryPoint\",\"urlTemplate\":\"https:\/\/www.visit-ulcinj.com\/blog\/?s={search_term_string}\"},\"query-input\":\"required name=search_term_string\"}],\"inLanguage\":\"en-US\"},{\"@type\":\"ImageObject\",\"inLanguage\":\"en-US\",\"@id\":\"https:\/\/www.visit-ulcinj.com\/blog\/2013\/11\/08\/nimanbegu-zgjidhja-e-simboleve-e-mire-se-pare\/#primaryimage\",\"url\":\"https:\/\/www.visit-ulcinj.com\/blog\/wp-content\/uploads\/2013\/11\/Genci-Nimanbegu.jpg\",\"contentUrl\":\"https:\/\/www.visit-ulcinj.com\/blog\/wp-content\/uploads\/2013\/11\/Genci-Nimanbegu.jpg\",\"width\":527,\"height\":402},{\"@type\":\"WebPage\",\"@id\":\"https:\/\/www.visit-ulcinj.com\/blog\/2013\/11\/08\/nimanbegu-zgjidhja-e-simboleve-e-mire-se-pare\/#webpage\",\"url\":\"https:\/\/www.visit-ulcinj.com\/blog\/2013\/11\/08\/nimanbegu-zgjidhja-e-simboleve-e-mire-se-pare\/\",\"name\":\"Nimanbegu: Zgjidhja e simboleve m\u00eb e mire se m\u00eb par\u00eb - Lajme nga Ulqini\",\"isPartOf\":{\"@id\":\"https:\/\/www.visit-ulcinj.com\/blog\/#website\"},\"primaryImageOfPage\":{\"@id\":\"https:\/\/www.visit-ulcinj.com\/blog\/2013\/11\/08\/nimanbegu-zgjidhja-e-simboleve-e-mire-se-pare\/#primaryimage\"},\"datePublished\":\"2013-11-08T18:58:42+00:00\",\"dateModified\":\"2013-11-09T11:26:20+00:00\",\"author\":{\"@id\":\"https:\/\/www.visit-ulcinj.com\/blog\/#\/schema\/person\/dcab619c614d3038751c63bc2aadc06d\"},\"description\":\"Kryetari i K\u00ebshillit nacional t\u00eb Shqiptar\u00ebve\u00a0 dhe n\u00ebnkryetari i Forc\u00ebs s\u00eb re demokratike Genci Nimanbegu ka deklaruar q\u00eb Projektligji i propozuar p\u00ebr\",\"breadcrumb\":{\"@id\":\"https:\/\/www.visit-ulcinj.com\/blog\/2013\/11\/08\/nimanbegu-zgjidhja-e-simboleve-e-mire-se-pare\/#breadcrumb\"},\"inLanguage\":\"en-US\",\"potentialAction\":[{\"@type\":\"ReadAction\",\"target\":[\"https:\/\/www.visit-ulcinj.com\/blog\/2013\/11\/08\/nimanbegu-zgjidhja-e-simboleve-e-mire-se-pare\/\"]}]},{\"@type\":\"BreadcrumbList\",\"@id\":\"https:\/\/www.visit-ulcinj.com\/blog\/2013\/11\/08\/nimanbegu-zgjidhja-e-simboleve-e-mire-se-pare\/#breadcrumb\",\"itemListElement\":[{\"@type\":\"ListItem\",\"position\":1,\"name\":\"Nimanbegu: Zgjidhja e simboleve m\u00eb e mire se m\u00eb par\u00eb\"}]},{\"@type\":\"Person\",\"@id\":\"https:\/\/www.visit-ulcinj.com\/blog\/#\/schema\/person\/dcab619c614d3038751c63bc2aadc06d\",\"name\":\"ulqini\",\"sameAs\":[\"http:\/\/www.visit-ulcinj.com\"],\"url\":\"https:\/\/www.visit-ulcinj.com\/blog\/author\/admin\/\"}]}<\/script>\n<!-- \/ Yoast SEO plugin. -->","yoast_head_json":{"title":"Nimanbegu: Zgjidhja e simboleve m\u00eb e mire se m\u00eb par\u00eb - Lajme nga Ulqini","description":"Kryetari i K\u00ebshillit nacional t\u00eb Shqiptar\u00ebve\u00a0 dhe n\u00ebnkryetari i Forc\u00ebs s\u00eb re demokratike Genci Nimanbegu ka deklaruar q\u00eb Projektligji i propozuar p\u00ebr","robots":{"index":"index","follow":"follow","max-snippet":"max-snippet:-1","max-image-preview":"max-image-preview:large","max-video-preview":"max-video-preview:-1"},"canonical":"https:\/\/www.visit-ulcinj.com\/blog\/2013\/11\/08\/nimanbegu-zgjidhja-e-simboleve-e-mire-se-pare\/","og_locale":"en_US","og_type":"article","og_title":"Nimanbegu: Zgjidhja e simboleve m\u00eb e mire se m\u00eb par\u00eb - Lajme nga Ulqini","og_description":"Kryetari i K\u00ebshillit nacional t\u00eb Shqiptar\u00ebve\u00a0 dhe n\u00ebnkryetari i Forc\u00ebs s\u00eb re demokratike Genci Nimanbegu ka deklaruar q\u00eb Projektligji i propozuar p\u00ebr","og_url":"https:\/\/www.visit-ulcinj.com\/blog\/2013\/11\/08\/nimanbegu-zgjidhja-e-simboleve-e-mire-se-pare\/","og_site_name":"Lajme nga Ulqini","article_published_time":"2013-11-08T18:58:42+00:00","article_modified_time":"2013-11-09T11:26:20+00:00","og_image":[{"url":"http:\/\/www.visit-ulcinj.com\/blog\/wp-content\/uploads\/2013\/11\/Genci-Nimanbegu.jpg"}],"twitter_misc":{"Written by":"ulqini","Est. reading time":"1 minute"},"schema":{"@context":"https:\/\/schema.org","@graph":[{"@type":"WebSite","@id":"https:\/\/www.visit-ulcinj.com\/blog\/#website","url":"https:\/\/www.visit-ulcinj.com\/blog\/","name":"Lajme nga Ulqini","description":"Lajme,Vijesti,Ulqini,Ulqin,Crna Gora,Mali i Zi","potentialAction":[{"@type":"SearchAction","target":{"@type":"EntryPoint","urlTemplate":"https:\/\/www.visit-ulcinj.com\/blog\/?s={search_term_string}"},"query-input":"required name=search_term_string"}],"inLanguage":"en-US"},{"@type":"ImageObject","inLanguage":"en-US","@id":"https:\/\/www.visit-ulcinj.com\/blog\/2013\/11\/08\/nimanbegu-zgjidhja-e-simboleve-e-mire-se-pare\/#primaryimage","url":"https:\/\/www.visit-ulcinj.com\/blog\/wp-content\/uploads\/2013\/11\/Genci-Nimanbegu.jpg","contentUrl":"https:\/\/www.visit-ulcinj.com\/blog\/wp-content\/uploads\/2013\/11\/Genci-Nimanbegu.jpg","width":527,"height":402},{"@type":"WebPage","@id":"https:\/\/www.visit-ulcinj.com\/blog\/2013\/11\/08\/nimanbegu-zgjidhja-e-simboleve-e-mire-se-pare\/#webpage","url":"https:\/\/www.visit-ulcinj.com\/blog\/2013\/11\/08\/nimanbegu-zgjidhja-e-simboleve-e-mire-se-pare\/","name":"Nimanbegu: Zgjidhja e simboleve m\u00eb e mire se m\u00eb par\u00eb - Lajme nga Ulqini","isPartOf":{"@id":"https:\/\/www.visit-ulcinj.com\/blog\/#website"},"primaryImageOfPage":{"@id":"https:\/\/www.visit-ulcinj.com\/blog\/2013\/11\/08\/nimanbegu-zgjidhja-e-simboleve-e-mire-se-pare\/#primaryimage"},"datePublished":"2013-11-08T18:58:42+00:00","dateModified":"2013-11-09T11:26:20+00:00","author":{"@id":"https:\/\/www.visit-ulcinj.com\/blog\/#\/schema\/person\/dcab619c614d3038751c63bc2aadc06d"},"description":"Kryetari i K\u00ebshillit nacional t\u00eb Shqiptar\u00ebve\u00a0 dhe n\u00ebnkryetari i Forc\u00ebs s\u00eb re demokratike Genci Nimanbegu ka deklaruar q\u00eb Projektligji i propozuar p\u00ebr","breadcrumb":{"@id":"https:\/\/www.visit-ulcinj.com\/blog\/2013\/11\/08\/nimanbegu-zgjidhja-e-simboleve-e-mire-se-pare\/#breadcrumb"},"inLanguage":"en-US","potentialAction":[{"@type":"ReadAction","target":["https:\/\/www.visit-ulcinj.com\/blog\/2013\/11\/08\/nimanbegu-zgjidhja-e-simboleve-e-mire-se-pare\/"]}]},{"@type":"BreadcrumbList","@id":"https:\/\/www.visit-ulcinj.com\/blog\/2013\/11\/08\/nimanbegu-zgjidhja-e-simboleve-e-mire-se-pare\/#breadcrumb","itemListElement":[{"@type":"ListItem","position":1,"name":"Nimanbegu: Zgjidhja e simboleve m\u00eb e mire se m\u00eb par\u00eb"}]},{"@type":"Person","@id":"https:\/\/www.visit-ulcinj.com\/blog\/#\/schema\/person\/dcab619c614d3038751c63bc2aadc06d","name":"ulqini","sameAs":["http:\/\/www.visit-ulcinj.com"],"url":"https:\/\/www.visit-ulcinj.com\/blog\/author\/admin\/"}]}},"jetpack_featured_media_url":"","jetpack_sharing_enabled":true,"jetpack_shortlink":"https:\/\/wp.me\/pe6lTn-jN6","_links":{"self":[{"href":"https:\/\/www.visit-ulcinj.com\/blog\/wp-json\/wp\/v2\/posts\/76080"}],"collection":[{"href":"https:\/\/www.visit-ulcinj.com\/blog\/wp-json\/wp\/v2\/posts"}],"about":[{"href":"https:\/\/www.visit-ulcinj.com\/blog\/wp-json\/wp\/v2\/types\/post"}],"author":[{"embeddable":true,"href":"https:\/\/www.visit-ulcinj.com\/blog\/wp-json\/wp\/v2\/users\/1"}],"replies":[{"embeddable":true,"href":"https:\/\/www.visit-ulcinj.com\/blog\/wp-json\/wp\/v2\/comments?post=76080"}],"version-history":[{"count":1,"href":"https:\/\/www.visit-ulcinj.com\/blog\/wp-json\/wp\/v2\/posts\/76080\/revisions"}],"predecessor-version":[{"id":76082,"href":"https:\/\/www.visit-ulcinj.com\/blog\/wp-json\/wp\/v2\/posts\/76080\/revisions\/76082"}],"wp:attachment":[{"href":"https:\/\/www.visit-ulcinj.com\/blog\/wp-json\/wp\/v2\/media?parent=76080"}],"wp:term":[{"taxonomy":"category","embeddable":true,"href":"https:\/\/www.visit-ulcinj.com\/blog\/wp-json\/wp\/v2\/categories?post=76080"},{"taxonomy":"post_tag","embeddable":true,"href":"https:\/\/www.visit-ulcinj.com\/blog\/wp-json\/wp\/v2\/tags?post=76080"}],"curies":[{"name":"wp","href":"https:\/\/api.w.org\/{rel}","templated":true}]}}