{"id":76102,"date":"2013-11-10T16:29:04","date_gmt":"2013-11-10T15:29:04","guid":{"rendered":"http:\/\/www.visit-ulcinj.com\/blog\/?p=76102"},"modified":"2013-11-13T08:06:33","modified_gmt":"2013-11-13T07:06:33","slug":"pushime-ulqinake","status":"publish","type":"post","link":"https:\/\/www.visit-ulcinj.com\/blog\/2013\/11\/10\/pushime-ulqinake\/","title":{"rendered":"Pushime Ulqinake"},"content":{"rendered":"<p><a href=\"http:\/\/www.visit-ulcinj.com\/blog\/wp-content\/uploads\/2013\/11\/Pushime-Ulqinake.jpg\"><img loading=\"lazy\" class=\"alignleft  wp-image-76103\" alt=\"Pushime-Ulqinake\" src=\"http:\/\/www.visit-ulcinj.com\/blog\/wp-content\/uploads\/2013\/11\/Pushime-Ulqinake.jpg\" width=\"508\" height=\"360\" \/><\/a>N\u00eb Revisten shqiptare t\u00eb turizmit rajonal \u201cTravel Albania\u201d , n\u00eb numrin e vjesht\u00ebs, ekspozohet reportazhi mbi eksperienc\u00ebn e nj\u00eb pushimi familjar n\u00eb Ulqin.<\/p>\n<p>Znj. Flora Xhemani Baba, redaktore e revistes, qendroi ne Ulqin s\u00eb bashku me familjen e saj, e cila, si qellim dyt\u00ebsor\u00eb ishte nxjerrja e konkluzioneve konkrete mbi Ulqinin si destinacion i pershtatsh\u00ebm per turistet jashte pikut te sezonit t\u00eb ver\u00ebs. N\u00eb reportazhin per revisten &#8220;Travel&#8221;, ajo permbledh pershtypjet e saja me k\u00ebndv\u00ebshtrimin e nj\u00eb turisti.<\/p>\n<p>Qendrimin ne hotelin &#8220;Mediteran&#8221; e p\u00ebrshkruan me fjalet : \u201cEsht\u00eb m\u00ebngjes. N\u00eb verand\u00ebn e madhe t\u00eb Hotel Mediteran g\u00eblon rr\u00ebmuja e k\u00ebndshme e m\u00ebngjesit, ajo q\u00eb t\u00eb b\u00ebn t\u00eb ndihesh plot\u00ebsisht se ke ardhur me pushime. Nj\u00eb tjet\u00ebr detaj i k\u00ebndsh\u00ebm i m\u00ebngjesit \u00ebsht\u00eb se ky hotel \u00ebsht\u00eb i vendosur me shpin\u00eb nga lindja dhe sheh si n\u00eb p\u00ebll\u00ebmb\u00eb t\u00eb dor\u00ebs gjith\u00eb pjesen e qytetit ku ndodhet kalaja edhe plazhin e vog\u00ebl posht\u00eb saj. E n\u00eb asnj\u00eb moment tjet\u00ebr t\u00eb dit\u00ebs ato nuk duken m\u00eb t\u00eb bukura sesa n\u00ebn drit\u00ebn e qart\u00ebr t\u00eb m\u00ebngjesit.\u201d<\/p>\n<p>Ajo \u00e7ka m\u00eb s\u00eb shumti e karakterizon Ulqinin \u00ebsht\u00eb faki se \u00ebsht\u00eb vendi q\u00eb gjat\u00eb vitit ka m\u00eb shum\u00eb diell se \u00e7do vend tjet\u00ebr n\u00eb bregdetin Adriatik. Mesatarja e dit\u00ebve me diell ne Ulqin \u00ebsht\u00eb 218 dit, qe do te thot\u00eb mesatarisht 2.706 ore ne vit, ose 7.4ore \/dit.Ulqini \u00ebsht\u00eb I njohur si vend p\u00ebr pushim veror dhe dim\u00ebror. N\u00eb reportazh p\u00ebrshkruhet: \u201cFrika se mos n\u00eb shtator fillonin shirat kish qen\u00eb e kot\u00eb, dielli jo vet\u00ebm shk\u00eblqen por edhe nxeh, pas pak do zbresim n\u00eb plazh.\u201d Sa i p\u00ebrket zgjatjes s\u00eb pushimeve edhe jasht\u00eb pikut te ver\u00ebs, n\u00eb artikullin udh\u00ebrr\u00ebfyes p\u00ebrshkruhet nje situat\u00eb e till\u00eb : \u201cNe jemi von\u00eb, plazhi \u00ebsht\u00eb I tejmushur, nuk duket aspak si fillim vjeshte por si nj\u00eb dit\u00eb e zakonshme gushti. Vetem se, si \u201cpushues me p\u00ebrvoj\u00eb\u201d ne e kuptojm\u00eb se k\u00ebta banor\u00eb q\u00eb kan\u00eb populluar plazhin, jan\u00eb pik\u00ebrisht ata q\u00eb presin t\u00eb qet\u00ebsohet stina dhe q\u00eb shijon\u00eb temperature m\u00eb t\u00eb fresk\u00ebta e popullim m\u00eb t\u00eb vog\u00ebl t\u00eb plazheve. Cifte t\u00eb moshuarish ose cifte t\u00eb rinj me f\u00ebmij\u00eb fare t\u00eb vegj\u00ebl, ndanin bashk\u00eb bregun e kadifenjt\u00eb t\u00eb detit, I cili k\u00ebto dit\u00eb kishte vendosur t\u00eb b\u00ebnte rolin e pasqyr\u00ebs. Por edhe p\u00ebrpjekjet e tyre p\u00ebr t\u00eb shijuar nj\u00eb stin\u00eb m\u00eb t\u00eb qet\u00eb e me m\u00eb pak njer\u00ebz, t\u00eb pakten k\u00ebt\u00eb vit kan\u00eb shkuar d\u00ebm, sepse Ulqini \u00ebsht\u00eb s\u00ebrisht plot, k\u00ebtu vera ende nuk ka ikur.&#8221;<\/p>\n<p>Qyteti edhe njer\u00ebzit jane nje pjese themelore e ofertes ton\u00eb turistike. N\u00eb reportazh rr\u00ebfehet : \u201cShum\u00eb pak investim\u00eb n\u00eb p\u00ebrmir\u00ebsimin e infrastructures megjithat\u00eb, kompensoh\u00ebn p\u00ebr bukuri me sjelljen shembullore turistike, q\u00eb sigurisht vjen prej t\u00eb nj\u00ebjt\u00ebs p\u00ebrvoj\u00eb t\u00eb gjat\u00eb n\u00eb turiz\u00ebm. Sh\u00ebrbimi thuajse perfekt, komunikimi qytetar i ulqinak\u00ebve, kultura e p\u00ebrgjithshme, jan\u00eb gj\u00ebra q\u00eb n\u00eb Shqip\u00ebri ende nuk I kemi. T\u00eb b\u00ebnte p\u00ebrshtypje se si cdo banor q\u00eb merrej me tregti apo nj\u00ebsi sh\u00ebrbimi, e kuptonte menj\u00ebher\u00eb jo vet\u00ebm n\u00ebse ishe shqiptar apo I huaj por edhe nga cili qytet vije. Natyrisht p\u00ebrvoja tashm\u00eb shum\u00ebvjecare e shqiptar\u00ebve q\u00eb ishin shum\u00eb bredhrak\u00eb, kishte b\u00ebr\u00eb efektin e saj. Edhe Ulqini nuk ishte shum\u00eb mire me ruajtjen e arkitektur\u00ebs karakteristike, e cila ishte e paprekur vet\u00ebm n\u00eb zon\u00ebn e kalas\u00eb. Por ama, qyteti kishte nj\u00eb past\u00ebrti p\u00ebr tu patur zili. E, edhe n\u00eb k\u00ebt\u00eb drejtim, ne jemi akoma shum\u00eb larg.\u201d<\/p>\n<p>Adhurimi i Ulqinit si destinacion turistik nga shtetet fqinje nuk \u00ebsht\u00eb mister, reportazhi p\u00ebrfundon me ket\u00eb ftes\u00eb t\u00eb hapur p\u00ebr t\u00eb gjith\u00eb turist\u00ebt : \u201cLarg dhe af\u00ebr, Ulqini, qytet I shqiptar\u00ebve dhe teritor I Malit t\u00ebZi, \u00ebsht\u00eb gjithsesi nj\u00eb alternative e mire p\u00ebr pushime, qoft\u00eb familjare, qoft\u00eb n\u00eb cift, duke zgjedhur t\u00eb pushosh n\u00eb plazhet e kadifenjta ranore apo t\u00eb sfidosh shk\u00ebmbinj\u00ebte thepisur duke u hedhur prej majave t\u00eb tyre drejt e n\u00eb det\u201d.<\/p>\n<p><strong>Pergaditi: Zana Taipi<\/strong><\/p>\n","protected":false},"excerpt":{"rendered":"<p>N\u00eb Revisten shqiptare t\u00eb turizmit rajonal \u201cTravel Albania\u201d , n\u00eb numrin e vjesht\u00ebs, ekspozohet reportazhi mbi eksperienc\u00ebn e nj\u00eb pushimi familjar n\u00eb Ulqin. Znj. Flora Xhemani Baba, redaktore e revistes, qendroi ne Ulqin s\u00eb bashku me familjen e saj, e cila, si qellim dyt\u00ebsor\u00eb ishte nxjerrja e konkluzioneve konkrete mbi Ulqinin si destinacion i pershtatsh\u00ebm [&hellip;]<\/p>\n","protected":false},"author":1,"featured_media":0,"comment_status":"closed","ping_status":"closed","sticky":false,"template":"","format":"standard","meta":{"spay_email":"","jetpack_publicize_message":"","jetpack_is_tweetstorm":false,"jetpack_publicize_feature_enabled":true},"categories":[1,13],"tags":[],"jetpack_publicize_connections":[],"yoast_head":"<!-- This site is optimized with the Yoast SEO plugin v19.1 - https:\/\/yoast.com\/wordpress\/plugins\/seo\/ -->\n<title>Pushime Ulqinake - Lajme nga Ulqini<\/title>\n<meta name=\"description\" content=\"N\u00eb Revisten shqiptare t\u00eb turizmit rajonal \u201cTravel Albania\u201d , n\u00eb numrin e vjesht\u00ebs, ekspozohet reportazhi mbi eksperienc\u00ebn e nj\u00eb pushimi familjar n\u00eb Ulqin.\" \/>\n<meta name=\"robots\" content=\"index, follow, max-snippet:-1, max-image-preview:large, max-video-preview:-1\" \/>\n<link rel=\"canonical\" href=\"https:\/\/www.visit-ulcinj.com\/blog\/2013\/11\/10\/pushime-ulqinake\/\" \/>\n<meta property=\"og:locale\" content=\"en_US\" \/>\n<meta property=\"og:type\" content=\"article\" \/>\n<meta property=\"og:title\" content=\"Pushime Ulqinake - Lajme nga Ulqini\" \/>\n<meta property=\"og:description\" content=\"N\u00eb Revisten shqiptare t\u00eb turizmit rajonal \u201cTravel Albania\u201d , n\u00eb numrin e vjesht\u00ebs, ekspozohet reportazhi mbi eksperienc\u00ebn e nj\u00eb pushimi familjar n\u00eb Ulqin.\" \/>\n<meta property=\"og:url\" content=\"https:\/\/www.visit-ulcinj.com\/blog\/2013\/11\/10\/pushime-ulqinake\/\" \/>\n<meta property=\"og:site_name\" content=\"Lajme nga Ulqini\" \/>\n<meta property=\"article:published_time\" content=\"2013-11-10T15:29:04+00:00\" \/>\n<meta property=\"article:modified_time\" content=\"2013-11-13T07:06:33+00:00\" \/>\n<meta property=\"og:image\" content=\"http:\/\/www.visit-ulcinj.com\/blog\/wp-content\/uploads\/2013\/11\/Pushime-Ulqinake.jpg\" \/>\n<meta name=\"twitter:label1\" content=\"Written by\" \/>\n\t<meta name=\"twitter:data1\" content=\"ulqini\" \/>\n\t<meta name=\"twitter:label2\" content=\"Est. reading time\" \/>\n\t<meta name=\"twitter:data2\" content=\"4 minutes\" \/>\n<script type=\"application\/ld+json\" class=\"yoast-schema-graph\">{\"@context\":\"https:\/\/schema.org\",\"@graph\":[{\"@type\":\"WebSite\",\"@id\":\"https:\/\/www.visit-ulcinj.com\/blog\/#website\",\"url\":\"https:\/\/www.visit-ulcinj.com\/blog\/\",\"name\":\"Lajme nga Ulqini\",\"description\":\"Lajme,Vijesti,Ulqini,Ulqin,Crna Gora,Mali i Zi\",\"potentialAction\":[{\"@type\":\"SearchAction\",\"target\":{\"@type\":\"EntryPoint\",\"urlTemplate\":\"https:\/\/www.visit-ulcinj.com\/blog\/?s={search_term_string}\"},\"query-input\":\"required name=search_term_string\"}],\"inLanguage\":\"en-US\"},{\"@type\":\"ImageObject\",\"inLanguage\":\"en-US\",\"@id\":\"https:\/\/www.visit-ulcinj.com\/blog\/2013\/11\/10\/pushime-ulqinake\/#primaryimage\",\"url\":\"https:\/\/www.visit-ulcinj.com\/blog\/wp-content\/uploads\/2013\/11\/Pushime-Ulqinake.jpg\",\"contentUrl\":\"https:\/\/www.visit-ulcinj.com\/blog\/wp-content\/uploads\/2013\/11\/Pushime-Ulqinake.jpg\",\"width\":506,\"height\":479},{\"@type\":\"WebPage\",\"@id\":\"https:\/\/www.visit-ulcinj.com\/blog\/2013\/11\/10\/pushime-ulqinake\/#webpage\",\"url\":\"https:\/\/www.visit-ulcinj.com\/blog\/2013\/11\/10\/pushime-ulqinake\/\",\"name\":\"Pushime Ulqinake - Lajme nga Ulqini\",\"isPartOf\":{\"@id\":\"https:\/\/www.visit-ulcinj.com\/blog\/#website\"},\"primaryImageOfPage\":{\"@id\":\"https:\/\/www.visit-ulcinj.com\/blog\/2013\/11\/10\/pushime-ulqinake\/#primaryimage\"},\"datePublished\":\"2013-11-10T15:29:04+00:00\",\"dateModified\":\"2013-11-13T07:06:33+00:00\",\"author\":{\"@id\":\"https:\/\/www.visit-ulcinj.com\/blog\/#\/schema\/person\/dcab619c614d3038751c63bc2aadc06d\"},\"description\":\"N\u00eb Revisten shqiptare t\u00eb turizmit rajonal \u201cTravel Albania\u201d , n\u00eb numrin e vjesht\u00ebs, ekspozohet reportazhi mbi eksperienc\u00ebn e nj\u00eb pushimi familjar n\u00eb Ulqin.\",\"breadcrumb\":{\"@id\":\"https:\/\/www.visit-ulcinj.com\/blog\/2013\/11\/10\/pushime-ulqinake\/#breadcrumb\"},\"inLanguage\":\"en-US\",\"potentialAction\":[{\"@type\":\"ReadAction\",\"target\":[\"https:\/\/www.visit-ulcinj.com\/blog\/2013\/11\/10\/pushime-ulqinake\/\"]}]},{\"@type\":\"BreadcrumbList\",\"@id\":\"https:\/\/www.visit-ulcinj.com\/blog\/2013\/11\/10\/pushime-ulqinake\/#breadcrumb\",\"itemListElement\":[{\"@type\":\"ListItem\",\"position\":1,\"name\":\"Pushime Ulqinake\"}]},{\"@type\":\"Person\",\"@id\":\"https:\/\/www.visit-ulcinj.com\/blog\/#\/schema\/person\/dcab619c614d3038751c63bc2aadc06d\",\"name\":\"ulqini\",\"sameAs\":[\"http:\/\/www.visit-ulcinj.com\"],\"url\":\"https:\/\/www.visit-ulcinj.com\/blog\/author\/admin\/\"}]}<\/script>\n<!-- \/ Yoast SEO plugin. -->","yoast_head_json":{"title":"Pushime Ulqinake - Lajme nga Ulqini","description":"N\u00eb Revisten shqiptare t\u00eb turizmit rajonal \u201cTravel Albania\u201d , n\u00eb numrin e vjesht\u00ebs, ekspozohet reportazhi mbi eksperienc\u00ebn e nj\u00eb pushimi familjar n\u00eb Ulqin.","robots":{"index":"index","follow":"follow","max-snippet":"max-snippet:-1","max-image-preview":"max-image-preview:large","max-video-preview":"max-video-preview:-1"},"canonical":"https:\/\/www.visit-ulcinj.com\/blog\/2013\/11\/10\/pushime-ulqinake\/","og_locale":"en_US","og_type":"article","og_title":"Pushime Ulqinake - Lajme nga Ulqini","og_description":"N\u00eb Revisten shqiptare t\u00eb turizmit rajonal \u201cTravel Albania\u201d , n\u00eb numrin e vjesht\u00ebs, ekspozohet reportazhi mbi eksperienc\u00ebn e nj\u00eb pushimi familjar n\u00eb Ulqin.","og_url":"https:\/\/www.visit-ulcinj.com\/blog\/2013\/11\/10\/pushime-ulqinake\/","og_site_name":"Lajme nga Ulqini","article_published_time":"2013-11-10T15:29:04+00:00","article_modified_time":"2013-11-13T07:06:33+00:00","og_image":[{"url":"http:\/\/www.visit-ulcinj.com\/blog\/wp-content\/uploads\/2013\/11\/Pushime-Ulqinake.jpg"}],"twitter_misc":{"Written by":"ulqini","Est. reading time":"4 minutes"},"schema":{"@context":"https:\/\/schema.org","@graph":[{"@type":"WebSite","@id":"https:\/\/www.visit-ulcinj.com\/blog\/#website","url":"https:\/\/www.visit-ulcinj.com\/blog\/","name":"Lajme nga Ulqini","description":"Lajme,Vijesti,Ulqini,Ulqin,Crna Gora,Mali i Zi","potentialAction":[{"@type":"SearchAction","target":{"@type":"EntryPoint","urlTemplate":"https:\/\/www.visit-ulcinj.com\/blog\/?s={search_term_string}"},"query-input":"required name=search_term_string"}],"inLanguage":"en-US"},{"@type":"ImageObject","inLanguage":"en-US","@id":"https:\/\/www.visit-ulcinj.com\/blog\/2013\/11\/10\/pushime-ulqinake\/#primaryimage","url":"https:\/\/www.visit-ulcinj.com\/blog\/wp-content\/uploads\/2013\/11\/Pushime-Ulqinake.jpg","contentUrl":"https:\/\/www.visit-ulcinj.com\/blog\/wp-content\/uploads\/2013\/11\/Pushime-Ulqinake.jpg","width":506,"height":479},{"@type":"WebPage","@id":"https:\/\/www.visit-ulcinj.com\/blog\/2013\/11\/10\/pushime-ulqinake\/#webpage","url":"https:\/\/www.visit-ulcinj.com\/blog\/2013\/11\/10\/pushime-ulqinake\/","name":"Pushime Ulqinake - Lajme nga Ulqini","isPartOf":{"@id":"https:\/\/www.visit-ulcinj.com\/blog\/#website"},"primaryImageOfPage":{"@id":"https:\/\/www.visit-ulcinj.com\/blog\/2013\/11\/10\/pushime-ulqinake\/#primaryimage"},"datePublished":"2013-11-10T15:29:04+00:00","dateModified":"2013-11-13T07:06:33+00:00","author":{"@id":"https:\/\/www.visit-ulcinj.com\/blog\/#\/schema\/person\/dcab619c614d3038751c63bc2aadc06d"},"description":"N\u00eb Revisten shqiptare t\u00eb turizmit rajonal \u201cTravel Albania\u201d , n\u00eb numrin e vjesht\u00ebs, ekspozohet reportazhi mbi eksperienc\u00ebn e nj\u00eb pushimi familjar n\u00eb Ulqin.","breadcrumb":{"@id":"https:\/\/www.visit-ulcinj.com\/blog\/2013\/11\/10\/pushime-ulqinake\/#breadcrumb"},"inLanguage":"en-US","potentialAction":[{"@type":"ReadAction","target":["https:\/\/www.visit-ulcinj.com\/blog\/2013\/11\/10\/pushime-ulqinake\/"]}]},{"@type":"BreadcrumbList","@id":"https:\/\/www.visit-ulcinj.com\/blog\/2013\/11\/10\/pushime-ulqinake\/#breadcrumb","itemListElement":[{"@type":"ListItem","position":1,"name":"Pushime Ulqinake"}]},{"@type":"Person","@id":"https:\/\/www.visit-ulcinj.com\/blog\/#\/schema\/person\/dcab619c614d3038751c63bc2aadc06d","name":"ulqini","sameAs":["http:\/\/www.visit-ulcinj.com"],"url":"https:\/\/www.visit-ulcinj.com\/blog\/author\/admin\/"}]}},"jetpack_featured_media_url":"","jetpack_sharing_enabled":true,"jetpack_shortlink":"https:\/\/wp.me\/pe6lTn-jNs","_links":{"self":[{"href":"https:\/\/www.visit-ulcinj.com\/blog\/wp-json\/wp\/v2\/posts\/76102"}],"collection":[{"href":"https:\/\/www.visit-ulcinj.com\/blog\/wp-json\/wp\/v2\/posts"}],"about":[{"href":"https:\/\/www.visit-ulcinj.com\/blog\/wp-json\/wp\/v2\/types\/post"}],"author":[{"embeddable":true,"href":"https:\/\/www.visit-ulcinj.com\/blog\/wp-json\/wp\/v2\/users\/1"}],"replies":[{"embeddable":true,"href":"https:\/\/www.visit-ulcinj.com\/blog\/wp-json\/wp\/v2\/comments?post=76102"}],"version-history":[{"count":2,"href":"https:\/\/www.visit-ulcinj.com\/blog\/wp-json\/wp\/v2\/posts\/76102\/revisions"}],"predecessor-version":[{"id":76105,"href":"https:\/\/www.visit-ulcinj.com\/blog\/wp-json\/wp\/v2\/posts\/76102\/revisions\/76105"}],"wp:attachment":[{"href":"https:\/\/www.visit-ulcinj.com\/blog\/wp-json\/wp\/v2\/media?parent=76102"}],"wp:term":[{"taxonomy":"category","embeddable":true,"href":"https:\/\/www.visit-ulcinj.com\/blog\/wp-json\/wp\/v2\/categories?post=76102"},{"taxonomy":"post_tag","embeddable":true,"href":"https:\/\/www.visit-ulcinj.com\/blog\/wp-json\/wp\/v2\/tags?post=76102"}],"curies":[{"name":"wp","href":"https:\/\/api.w.org\/{rel}","templated":true}]}}