{"id":76106,"date":"2013-11-10T17:05:52","date_gmt":"2013-11-10T16:05:52","guid":{"rendered":"http:\/\/www.visit-ulcinj.com\/blog\/?p=76106"},"modified":"2013-11-10T17:05:52","modified_gmt":"2013-11-10T16:05:52","slug":"server-mali-zi-dhe-maqedonia-se-bashku-ne-nato","status":"publish","type":"post","link":"https:\/\/www.visit-ulcinj.com\/blog\/2013\/11\/10\/server-mali-zi-dhe-maqedonia-se-bashku-ne-nato\/","title":{"rendered":"Server: Mali i Zi dhe Maqedonia s\u00eb bashku n\u00eb NATO"},"content":{"rendered":"<p><a href=\"http:\/\/www.visit-ulcinj.com\/blog\/wp-content\/uploads\/2013\/11\/DANIEL-SERWER.jpg\"><img loading=\"lazy\" class=\"alignleft  wp-image-76107\" alt=\"DANIEL-SERWER\" src=\"http:\/\/www.visit-ulcinj.com\/blog\/wp-content\/uploads\/2013\/11\/DANIEL-SERWER.jpg\" width=\"508\" height=\"362\" \/><\/a>Mali i Zi dhe Maqedonia duhet nj\u00ebkoh\u00ebsisht t\u00eb b\u00ebhen an\u00ebtare t\u00eb NATO-s, konsideron analisti politik nga Uashingtoni dhe ekspert p\u00ebr Ballkanin Daniell Server.<br \/>\nSi\u00e7 deklaroi sot Server p\u00ebr Televizionin Mali i Zi, k\u00ebto vende shkojn\u00eb bashkarisht, jo sepse varen nj\u00ebra nga tjetra, por p\u00ebr shkak q\u00eb t\u00eb dyja duhet t\u00eb jen\u00eb an\u00ebtare t\u00eb Aleanc\u00ebs.<br \/>\n&#8220;Mali i Zi \u00ebsht\u00eb af\u00ebr p\u00ebrmbushjes s\u00eb kritereve p\u00ebr an\u00ebtar\u00ebsim n\u00eb NATO, por konsideroj se Podgorica dhe Shkupi duhet nj\u00ebkoh\u00ebsisht t\u00eb hyjn\u00eb n\u00eb Aleanc\u00eb. Asnj\u00ebher\u00eb nuk e dini se kur do t\u00eb hapen dyert e NATO-s. Mund t&#8217;i p\u00ebrmbushni t\u00eb gjitha kushtet, nd\u00ebrsa dera t\u00eb mos hapet disa vite<br \/>\np\u00ebr arsye politike&#8221;, tha Server.<br \/>\nServer shfaqi shpres\u00eb se Gjermania e cila, sipas tij, duhet t\u00eb luaj rol udh\u00ebheq\u00ebs n\u00eb Ballkan, do ta shoh\u00eb ep\u00ebrsin\u00eb nga an\u00ebtar\u00ebsimi i Maqedonis\u00eb dhe Malit t\u00eb Zi n\u00eb NATO dhe se do t\u00eb insistoj\u00eb p\u00ebr k\u00ebt\u00eb n\u00eb samitin vitit t\u00eb ardhsh\u00ebm n\u00eb Lond\u00ebr.<br \/>\n&#8220;Gjermania do t\u00eb duhet t\u00eb ndihmoj\u00eb n\u00eb potencimin e k\u00ebsaj \u00e7\u00ebshtjeje sepse nuk mundeni t\u00eb mb\u00ebshteteni te amerikan\u00ebt t\u00eb cil\u00ebt duhet t&#8217;i zgjidhin Iranin, Sirin\u00eb dhe Koren\u00eb e Veriut&#8221;, theksoi Server p\u00ebr televizionin Mali i Zi.<\/p>\n<p><strong>Bota Sot<\/strong><\/p>\n","protected":false},"excerpt":{"rendered":"<p>Mali i Zi dhe Maqedonia duhet nj\u00ebkoh\u00ebsisht t\u00eb b\u00ebhen an\u00ebtare t\u00eb NATO-s, konsideron analisti politik nga Uashingtoni dhe ekspert p\u00ebr Ballkanin Daniell Server. Si\u00e7 deklaroi sot Server p\u00ebr Televizionin Mali i Zi, k\u00ebto vende shkojn\u00eb bashkarisht, jo sepse varen nj\u00ebra nga tjetra, por p\u00ebr shkak q\u00eb t\u00eb dyja duhet t\u00eb jen\u00eb an\u00ebtare t\u00eb Aleanc\u00ebs. &#8220;Mali [&hellip;]<\/p>\n","protected":false},"author":1,"featured_media":0,"comment_status":"closed","ping_status":"closed","sticky":false,"template":"","format":"standard","meta":{"spay_email":"","jetpack_publicize_message":"","jetpack_is_tweetstorm":false,"jetpack_publicize_feature_enabled":true},"categories":[7],"tags":[],"jetpack_publicize_connections":[],"yoast_head":"<!-- This site is optimized with the Yoast SEO plugin v19.1 - https:\/\/yoast.com\/wordpress\/plugins\/seo\/ -->\n<title>Server: Mali i Zi dhe Maqedonia s\u00eb bashku n\u00eb NATO - Lajme nga Ulqini<\/title>\n<meta name=\"description\" content=\"Mali i Zi dhe Maqedonia duhet nj\u00ebkoh\u00ebsisht t\u00eb b\u00ebhen an\u00ebtare t\u00eb NATO-s, konsideron analisti politik nga Uashingtoni dhe ekspert p\u00ebr Ballkanin Daniell\" \/>\n<meta name=\"robots\" content=\"index, follow, max-snippet:-1, max-image-preview:large, max-video-preview:-1\" \/>\n<link rel=\"canonical\" href=\"https:\/\/www.visit-ulcinj.com\/blog\/2013\/11\/10\/server-mali-zi-dhe-maqedonia-se-bashku-ne-nato\/\" \/>\n<meta property=\"og:locale\" content=\"en_US\" \/>\n<meta property=\"og:type\" content=\"article\" \/>\n<meta property=\"og:title\" content=\"Server: Mali i Zi dhe Maqedonia s\u00eb bashku n\u00eb NATO - Lajme nga Ulqini\" \/>\n<meta property=\"og:description\" content=\"Mali i Zi dhe Maqedonia duhet nj\u00ebkoh\u00ebsisht t\u00eb b\u00ebhen an\u00ebtare t\u00eb NATO-s, konsideron analisti politik nga Uashingtoni dhe ekspert p\u00ebr Ballkanin Daniell\" \/>\n<meta property=\"og:url\" content=\"https:\/\/www.visit-ulcinj.com\/blog\/2013\/11\/10\/server-mali-zi-dhe-maqedonia-se-bashku-ne-nato\/\" \/>\n<meta property=\"og:site_name\" content=\"Lajme nga Ulqini\" \/>\n<meta property=\"article:published_time\" content=\"2013-11-10T16:05:52+00:00\" \/>\n<meta property=\"og:image\" content=\"http:\/\/www.visit-ulcinj.com\/blog\/wp-content\/uploads\/2013\/11\/DANIEL-SERWER.jpg\" \/>\n<meta name=\"twitter:label1\" content=\"Written by\" \/>\n\t<meta name=\"twitter:data1\" content=\"ulqini\" \/>\n\t<meta name=\"twitter:label2\" content=\"Est. reading time\" \/>\n\t<meta name=\"twitter:data2\" content=\"1 minute\" \/>\n<script type=\"application\/ld+json\" class=\"yoast-schema-graph\">{\"@context\":\"https:\/\/schema.org\",\"@graph\":[{\"@type\":\"WebSite\",\"@id\":\"https:\/\/www.visit-ulcinj.com\/blog\/#website\",\"url\":\"https:\/\/www.visit-ulcinj.com\/blog\/\",\"name\":\"Lajme nga Ulqini\",\"description\":\"Lajme,Vijesti,Ulqini,Ulqin,Crna Gora,Mali i Zi\",\"potentialAction\":[{\"@type\":\"SearchAction\",\"target\":{\"@type\":\"EntryPoint\",\"urlTemplate\":\"https:\/\/www.visit-ulcinj.com\/blog\/?s={search_term_string}\"},\"query-input\":\"required name=search_term_string\"}],\"inLanguage\":\"en-US\"},{\"@type\":\"ImageObject\",\"inLanguage\":\"en-US\",\"@id\":\"https:\/\/www.visit-ulcinj.com\/blog\/2013\/11\/10\/server-mali-zi-dhe-maqedonia-se-bashku-ne-nato\/#primaryimage\",\"url\":\"https:\/\/www.visit-ulcinj.com\/blog\/wp-content\/uploads\/2013\/11\/DANIEL-SERWER.jpg\",\"contentUrl\":\"https:\/\/www.visit-ulcinj.com\/blog\/wp-content\/uploads\/2013\/11\/DANIEL-SERWER.jpg\",\"width\":645,\"height\":362},{\"@type\":\"WebPage\",\"@id\":\"https:\/\/www.visit-ulcinj.com\/blog\/2013\/11\/10\/server-mali-zi-dhe-maqedonia-se-bashku-ne-nato\/#webpage\",\"url\":\"https:\/\/www.visit-ulcinj.com\/blog\/2013\/11\/10\/server-mali-zi-dhe-maqedonia-se-bashku-ne-nato\/\",\"name\":\"Server: Mali i Zi dhe Maqedonia s\u00eb bashku n\u00eb NATO - Lajme nga Ulqini\",\"isPartOf\":{\"@id\":\"https:\/\/www.visit-ulcinj.com\/blog\/#website\"},\"primaryImageOfPage\":{\"@id\":\"https:\/\/www.visit-ulcinj.com\/blog\/2013\/11\/10\/server-mali-zi-dhe-maqedonia-se-bashku-ne-nato\/#primaryimage\"},\"datePublished\":\"2013-11-10T16:05:52+00:00\",\"dateModified\":\"2013-11-10T16:05:52+00:00\",\"author\":{\"@id\":\"https:\/\/www.visit-ulcinj.com\/blog\/#\/schema\/person\/dcab619c614d3038751c63bc2aadc06d\"},\"description\":\"Mali i Zi dhe Maqedonia duhet nj\u00ebkoh\u00ebsisht t\u00eb b\u00ebhen an\u00ebtare t\u00eb NATO-s, konsideron analisti politik nga Uashingtoni dhe ekspert p\u00ebr Ballkanin Daniell\",\"breadcrumb\":{\"@id\":\"https:\/\/www.visit-ulcinj.com\/blog\/2013\/11\/10\/server-mali-zi-dhe-maqedonia-se-bashku-ne-nato\/#breadcrumb\"},\"inLanguage\":\"en-US\",\"potentialAction\":[{\"@type\":\"ReadAction\",\"target\":[\"https:\/\/www.visit-ulcinj.com\/blog\/2013\/11\/10\/server-mali-zi-dhe-maqedonia-se-bashku-ne-nato\/\"]}]},{\"@type\":\"BreadcrumbList\",\"@id\":\"https:\/\/www.visit-ulcinj.com\/blog\/2013\/11\/10\/server-mali-zi-dhe-maqedonia-se-bashku-ne-nato\/#breadcrumb\",\"itemListElement\":[{\"@type\":\"ListItem\",\"position\":1,\"name\":\"Server: Mali i Zi dhe Maqedonia s\u00eb bashku n\u00eb NATO\"}]},{\"@type\":\"Person\",\"@id\":\"https:\/\/www.visit-ulcinj.com\/blog\/#\/schema\/person\/dcab619c614d3038751c63bc2aadc06d\",\"name\":\"ulqini\",\"sameAs\":[\"http:\/\/www.visit-ulcinj.com\"],\"url\":\"https:\/\/www.visit-ulcinj.com\/blog\/author\/admin\/\"}]}<\/script>\n<!-- \/ Yoast SEO plugin. -->","yoast_head_json":{"title":"Server: Mali i Zi dhe Maqedonia s\u00eb bashku n\u00eb NATO - Lajme nga Ulqini","description":"Mali i Zi dhe Maqedonia duhet nj\u00ebkoh\u00ebsisht t\u00eb b\u00ebhen an\u00ebtare t\u00eb NATO-s, konsideron analisti politik nga Uashingtoni dhe ekspert p\u00ebr Ballkanin Daniell","robots":{"index":"index","follow":"follow","max-snippet":"max-snippet:-1","max-image-preview":"max-image-preview:large","max-video-preview":"max-video-preview:-1"},"canonical":"https:\/\/www.visit-ulcinj.com\/blog\/2013\/11\/10\/server-mali-zi-dhe-maqedonia-se-bashku-ne-nato\/","og_locale":"en_US","og_type":"article","og_title":"Server: Mali i Zi dhe Maqedonia s\u00eb bashku n\u00eb NATO - Lajme nga Ulqini","og_description":"Mali i Zi dhe Maqedonia duhet nj\u00ebkoh\u00ebsisht t\u00eb b\u00ebhen an\u00ebtare t\u00eb NATO-s, konsideron analisti politik nga Uashingtoni dhe ekspert p\u00ebr Ballkanin Daniell","og_url":"https:\/\/www.visit-ulcinj.com\/blog\/2013\/11\/10\/server-mali-zi-dhe-maqedonia-se-bashku-ne-nato\/","og_site_name":"Lajme nga Ulqini","article_published_time":"2013-11-10T16:05:52+00:00","og_image":[{"url":"http:\/\/www.visit-ulcinj.com\/blog\/wp-content\/uploads\/2013\/11\/DANIEL-SERWER.jpg"}],"twitter_misc":{"Written by":"ulqini","Est. reading time":"1 minute"},"schema":{"@context":"https:\/\/schema.org","@graph":[{"@type":"WebSite","@id":"https:\/\/www.visit-ulcinj.com\/blog\/#website","url":"https:\/\/www.visit-ulcinj.com\/blog\/","name":"Lajme nga Ulqini","description":"Lajme,Vijesti,Ulqini,Ulqin,Crna Gora,Mali i Zi","potentialAction":[{"@type":"SearchAction","target":{"@type":"EntryPoint","urlTemplate":"https:\/\/www.visit-ulcinj.com\/blog\/?s={search_term_string}"},"query-input":"required name=search_term_string"}],"inLanguage":"en-US"},{"@type":"ImageObject","inLanguage":"en-US","@id":"https:\/\/www.visit-ulcinj.com\/blog\/2013\/11\/10\/server-mali-zi-dhe-maqedonia-se-bashku-ne-nato\/#primaryimage","url":"https:\/\/www.visit-ulcinj.com\/blog\/wp-content\/uploads\/2013\/11\/DANIEL-SERWER.jpg","contentUrl":"https:\/\/www.visit-ulcinj.com\/blog\/wp-content\/uploads\/2013\/11\/DANIEL-SERWER.jpg","width":645,"height":362},{"@type":"WebPage","@id":"https:\/\/www.visit-ulcinj.com\/blog\/2013\/11\/10\/server-mali-zi-dhe-maqedonia-se-bashku-ne-nato\/#webpage","url":"https:\/\/www.visit-ulcinj.com\/blog\/2013\/11\/10\/server-mali-zi-dhe-maqedonia-se-bashku-ne-nato\/","name":"Server: Mali i Zi dhe Maqedonia s\u00eb bashku n\u00eb NATO - Lajme nga Ulqini","isPartOf":{"@id":"https:\/\/www.visit-ulcinj.com\/blog\/#website"},"primaryImageOfPage":{"@id":"https:\/\/www.visit-ulcinj.com\/blog\/2013\/11\/10\/server-mali-zi-dhe-maqedonia-se-bashku-ne-nato\/#primaryimage"},"datePublished":"2013-11-10T16:05:52+00:00","dateModified":"2013-11-10T16:05:52+00:00","author":{"@id":"https:\/\/www.visit-ulcinj.com\/blog\/#\/schema\/person\/dcab619c614d3038751c63bc2aadc06d"},"description":"Mali i Zi dhe Maqedonia duhet nj\u00ebkoh\u00ebsisht t\u00eb b\u00ebhen an\u00ebtare t\u00eb NATO-s, konsideron analisti politik nga Uashingtoni dhe ekspert p\u00ebr Ballkanin Daniell","breadcrumb":{"@id":"https:\/\/www.visit-ulcinj.com\/blog\/2013\/11\/10\/server-mali-zi-dhe-maqedonia-se-bashku-ne-nato\/#breadcrumb"},"inLanguage":"en-US","potentialAction":[{"@type":"ReadAction","target":["https:\/\/www.visit-ulcinj.com\/blog\/2013\/11\/10\/server-mali-zi-dhe-maqedonia-se-bashku-ne-nato\/"]}]},{"@type":"BreadcrumbList","@id":"https:\/\/www.visit-ulcinj.com\/blog\/2013\/11\/10\/server-mali-zi-dhe-maqedonia-se-bashku-ne-nato\/#breadcrumb","itemListElement":[{"@type":"ListItem","position":1,"name":"Server: Mali i Zi dhe Maqedonia s\u00eb bashku n\u00eb NATO"}]},{"@type":"Person","@id":"https:\/\/www.visit-ulcinj.com\/blog\/#\/schema\/person\/dcab619c614d3038751c63bc2aadc06d","name":"ulqini","sameAs":["http:\/\/www.visit-ulcinj.com"],"url":"https:\/\/www.visit-ulcinj.com\/blog\/author\/admin\/"}]}},"jetpack_featured_media_url":"","jetpack_sharing_enabled":true,"jetpack_shortlink":"https:\/\/wp.me\/pe6lTn-jNw","_links":{"self":[{"href":"https:\/\/www.visit-ulcinj.com\/blog\/wp-json\/wp\/v2\/posts\/76106"}],"collection":[{"href":"https:\/\/www.visit-ulcinj.com\/blog\/wp-json\/wp\/v2\/posts"}],"about":[{"href":"https:\/\/www.visit-ulcinj.com\/blog\/wp-json\/wp\/v2\/types\/post"}],"author":[{"embeddable":true,"href":"https:\/\/www.visit-ulcinj.com\/blog\/wp-json\/wp\/v2\/users\/1"}],"replies":[{"embeddable":true,"href":"https:\/\/www.visit-ulcinj.com\/blog\/wp-json\/wp\/v2\/comments?post=76106"}],"version-history":[{"count":1,"href":"https:\/\/www.visit-ulcinj.com\/blog\/wp-json\/wp\/v2\/posts\/76106\/revisions"}],"predecessor-version":[{"id":76108,"href":"https:\/\/www.visit-ulcinj.com\/blog\/wp-json\/wp\/v2\/posts\/76106\/revisions\/76108"}],"wp:attachment":[{"href":"https:\/\/www.visit-ulcinj.com\/blog\/wp-json\/wp\/v2\/media?parent=76106"}],"wp:term":[{"taxonomy":"category","embeddable":true,"href":"https:\/\/www.visit-ulcinj.com\/blog\/wp-json\/wp\/v2\/categories?post=76106"},{"taxonomy":"post_tag","embeddable":true,"href":"https:\/\/www.visit-ulcinj.com\/blog\/wp-json\/wp\/v2\/tags?post=76106"}],"curies":[{"name":"wp","href":"https:\/\/api.w.org\/{rel}","templated":true}]}}