{"id":7611,"date":"2008-12-24T19:29:28","date_gmt":"2008-12-24T18:29:28","guid":{"rendered":"http:\/\/www.visit-ulcinj.com\/blog\/?p=7611"},"modified":"2008-12-25T14:18:57","modified_gmt":"2008-12-25T13:18:57","slug":"cungu-guse-privredu","status":"publish","type":"post","link":"https:\/\/www.visit-ulcinj.com\/blog\/2008\/12\/24\/cungu-guse-privredu\/","title":{"rendered":"Cungu: Gu\u0161e privredu"},"content":{"rendered":"<p><strong><img loading=\"lazy\" class=\"alignleft size-full wp-image-7612\" title=\"ulcinjska-skupstina\" src=\"http:\/\/www.visit-ulcinj.com\/blog\/wp-content\/uploads\/2008\/12\/ulcinjska-skupstina.jpg\" alt=\"ulcinjska-skupstina\" width=\"275\" height=\"206\" \/>Odbornici u ulcinju raspravljali i o taksama<\/strong><br \/>\nUlcinj \u2013 Ulcinjska Skup\u0161tina okon?ala je ju?e raspravu o rebalansu bud\u017eeta za ovu godinu, ali ?e se o toj ta?ki odbornici izjasniti danas na po?etku nastavka zasjedanja.<br \/>\nU obrazlo\u017eenju odluke isti?e se da je smanjenje plana prihoda i rashoda sa ne\u0161to vi\u0161e od 11 miliona eura na 7,35 miliona rezultat odustajanja od prodaje nepokretnosti u iznosu od 3.700.000 eura.<br \/>\nOdbornici opozicije kritikovali su rebalans posebno apostrofiraju?i mali iznos sredstava opredijeljen za kapitalne izdatke i visoke cifre tro\u0161kova slu\u017ebenih putovanja i reprezentacija.<br \/>\n&#8211; Komunalne takse u Ulcinju vi\u0161estruko su ve?e nego u ostalim primorskim gradovima. Umjesto da poma\u017eete privredu, vi je gu\u0161ite \u2013 kazao je odbornik Force Naziv Cungu. On je naglasio da je isti slu?aj i sa administrativnim i taksama za kamperski turizam.<br \/>\nLjui? \u0160krelja (DPS) kazao je da opoziciju tek ?eka rebalans.<br \/>\n&#8211; Politi?ki rebalans opoziciju ?e pogoditi na sljede?im izborima. Ba\u0161 kao ovaj nedavni kada je va\u0161 nesu?eni predsjednik u Kotoru dobio 500 glasova \u2013 kazao je \u0160krelja, obra?aju?i se odbornicima Force i aludiraju?i na nedavni izborni debakl Pokreta za promjene u Kotoru.<br \/>\n&#8211; Ulcinj je od vas vidio samo \u0161tetu \u2013 poru?io je \u0160krelji odbornik Force D\u017eaudet Cakuli.<br \/>\n&#8211; To govori vi\u0161e o tebi nego o meni \u2013 uzvratio je \u0160krelja.<br \/>\nOdlukom o rebalansu bud\u017eeta, iznos za kapitalne izdatke umjesto 7.176.700 iznosi?e 2.572.700 eura. Iznosi planirani od poreza i naknade su prema\u0161eni, dok su takse ostvarene polovi?no. Rashodi za reprezentaciju i slu\u017ebena putovanja prema\u0161eni su za 85 odsto, odnosno 17 odsto i za ovu godinu iznosu 63.700, odnosno 56.400 eura.<br \/>\nSkup\u0161tina rad nastavlja danas kada ?e se pred odbornicima na?i predlog bud\u017eeta za 2009.<br \/>\n<strong>S.A.<br \/>\nIzvor \/ Vijesti<\/strong><br \/>\n<a href=\"http:\/\/www.visit-ulcinj.com\/blog\/wp-content\/uploads\/2008\/12\/garden-of-eatin-restaurant.jpg\"><img loading=\"lazy\" class=\"size-full wp-image-7630 alignnone\" title=\"garden-of-eatin-restaurant\" src=\"http:\/\/www.visit-ulcinj.com\/blog\/wp-content\/uploads\/2008\/12\/garden-of-eatin-restaurant.jpg\" alt=\" Pritja e Vitit Te Ri 2009 me Kengetar\u00eb te ndryshme n\u00eb Garden of Eatin Restaurant - Contact Ahmet Zeka  215-499-6146\" width=\"300\" height=\"389\" \/><\/a><\/p>\n","protected":false},"excerpt":{"rendered":"<p>Odbornici u ulcinju raspravljali i o taksama Ulcinj \u2013 Ulcinjska Skup\u0161tina okon?ala je ju?e raspravu o rebalansu bud\u017eeta za ovu godinu, ali ?e se o toj ta?ki odbornici izjasniti danas na po?etku nastavka zasjedanja. U obrazlo\u017eenju odluke isti?e se da je smanjenje plana prihoda i rashoda sa ne\u0161to vi\u0161e od 11 miliona eura na 7,35 [&hellip;]<\/p>\n","protected":false},"author":1,"featured_media":0,"comment_status":"open","ping_status":"closed","sticky":false,"template":"","format":"standard","meta":{"spay_email":"","jetpack_publicize_message":"","jetpack_is_tweetstorm":false,"jetpack_publicize_feature_enabled":true},"categories":[6],"tags":[824,5333,5334],"jetpack_publicize_connections":[],"yoast_head":"<!-- This site is optimized with the Yoast SEO plugin v19.1 - https:\/\/yoast.com\/wordpress\/plugins\/seo\/ -->\n<title>Cungu: Gu\u0161e privredu - Lajme nga Ulqini<\/title>\n<meta name=\"description\" content=\"Odbornici u ulcinju raspravljali i o taksama Ulcinj \u2013 Ulcinjska Skup\u0161tina okon?ala je ju?e raspravu o rebalansu bud\u017eeta za ovu godinu, ali ?e se o toj\" \/>\n<meta name=\"robots\" content=\"index, follow, max-snippet:-1, max-image-preview:large, max-video-preview:-1\" \/>\n<link rel=\"canonical\" href=\"https:\/\/www.visit-ulcinj.com\/blog\/2008\/12\/24\/cungu-guse-privredu\/\" \/>\n<meta property=\"og:locale\" content=\"en_US\" \/>\n<meta property=\"og:type\" content=\"article\" \/>\n<meta property=\"og:title\" content=\"Cungu: Gu\u0161e privredu - Lajme nga Ulqini\" \/>\n<meta property=\"og:description\" content=\"Odbornici u ulcinju raspravljali i o taksama Ulcinj \u2013 Ulcinjska Skup\u0161tina okon?ala je ju?e raspravu o rebalansu bud\u017eeta za ovu godinu, ali ?e se o toj\" \/>\n<meta property=\"og:url\" content=\"https:\/\/www.visit-ulcinj.com\/blog\/2008\/12\/24\/cungu-guse-privredu\/\" \/>\n<meta property=\"og:site_name\" content=\"Lajme nga Ulqini\" \/>\n<meta property=\"article:published_time\" content=\"2008-12-24T18:29:28+00:00\" \/>\n<meta property=\"article:modified_time\" content=\"2008-12-25T13:18:57+00:00\" \/>\n<meta property=\"og:image\" content=\"http:\/\/www.visit-ulcinj.com\/blog\/wp-content\/uploads\/2008\/12\/ulcinjska-skupstina.jpg\" \/>\n<meta name=\"twitter:label1\" content=\"Written by\" \/>\n\t<meta name=\"twitter:data1\" content=\"ulqini\" \/>\n\t<meta name=\"twitter:label2\" content=\"Est. reading time\" \/>\n\t<meta name=\"twitter:data2\" content=\"1 minute\" \/>\n<script type=\"application\/ld+json\" class=\"yoast-schema-graph\">{\"@context\":\"https:\/\/schema.org\",\"@graph\":[{\"@type\":\"WebSite\",\"@id\":\"https:\/\/www.visit-ulcinj.com\/blog\/#website\",\"url\":\"https:\/\/www.visit-ulcinj.com\/blog\/\",\"name\":\"Lajme nga Ulqini\",\"description\":\"Lajme,Vijesti,Ulqini,Ulqin,Crna Gora,Mali i Zi\",\"potentialAction\":[{\"@type\":\"SearchAction\",\"target\":{\"@type\":\"EntryPoint\",\"urlTemplate\":\"https:\/\/www.visit-ulcinj.com\/blog\/?s={search_term_string}\"},\"query-input\":\"required name=search_term_string\"}],\"inLanguage\":\"en-US\"},{\"@type\":\"ImageObject\",\"inLanguage\":\"en-US\",\"@id\":\"https:\/\/www.visit-ulcinj.com\/blog\/2008\/12\/24\/cungu-guse-privredu\/#primaryimage\",\"url\":\"https:\/\/www.visit-ulcinj.com\/blog\/wp-content\/uploads\/2008\/12\/ulcinjska-skupstina.jpg\",\"contentUrl\":\"https:\/\/www.visit-ulcinj.com\/blog\/wp-content\/uploads\/2008\/12\/ulcinjska-skupstina.jpg\",\"width\":\"250\",\"height\":\"188\"},{\"@type\":\"WebPage\",\"@id\":\"https:\/\/www.visit-ulcinj.com\/blog\/2008\/12\/24\/cungu-guse-privredu\/#webpage\",\"url\":\"https:\/\/www.visit-ulcinj.com\/blog\/2008\/12\/24\/cungu-guse-privredu\/\",\"name\":\"Cungu: Gu\u0161e privredu - Lajme nga Ulqini\",\"isPartOf\":{\"@id\":\"https:\/\/www.visit-ulcinj.com\/blog\/#website\"},\"primaryImageOfPage\":{\"@id\":\"https:\/\/www.visit-ulcinj.com\/blog\/2008\/12\/24\/cungu-guse-privredu\/#primaryimage\"},\"datePublished\":\"2008-12-24T18:29:28+00:00\",\"dateModified\":\"2008-12-25T13:18:57+00:00\",\"author\":{\"@id\":\"https:\/\/www.visit-ulcinj.com\/blog\/#\/schema\/person\/dcab619c614d3038751c63bc2aadc06d\"},\"description\":\"Odbornici u ulcinju raspravljali i o taksama Ulcinj \u2013 Ulcinjska Skup\u0161tina okon?ala je ju?e raspravu o rebalansu bud\u017eeta za ovu godinu, ali ?e se o toj\",\"breadcrumb\":{\"@id\":\"https:\/\/www.visit-ulcinj.com\/blog\/2008\/12\/24\/cungu-guse-privredu\/#breadcrumb\"},\"inLanguage\":\"en-US\",\"potentialAction\":[{\"@type\":\"ReadAction\",\"target\":[\"https:\/\/www.visit-ulcinj.com\/blog\/2008\/12\/24\/cungu-guse-privredu\/\"]}]},{\"@type\":\"BreadcrumbList\",\"@id\":\"https:\/\/www.visit-ulcinj.com\/blog\/2008\/12\/24\/cungu-guse-privredu\/#breadcrumb\",\"itemListElement\":[{\"@type\":\"ListItem\",\"position\":1,\"name\":\"Cungu: Gu\u0161e privredu\"}]},{\"@type\":\"Person\",\"@id\":\"https:\/\/www.visit-ulcinj.com\/blog\/#\/schema\/person\/dcab619c614d3038751c63bc2aadc06d\",\"name\":\"ulqini\",\"sameAs\":[\"http:\/\/www.visit-ulcinj.com\"],\"url\":\"https:\/\/www.visit-ulcinj.com\/blog\/author\/admin\/\"}]}<\/script>\n<!-- \/ Yoast SEO plugin. -->","yoast_head_json":{"title":"Cungu: Gu\u0161e privredu - Lajme nga Ulqini","description":"Odbornici u ulcinju raspravljali i o taksama Ulcinj \u2013 Ulcinjska Skup\u0161tina okon?ala je ju?e raspravu o rebalansu bud\u017eeta za ovu godinu, ali ?e se o toj","robots":{"index":"index","follow":"follow","max-snippet":"max-snippet:-1","max-image-preview":"max-image-preview:large","max-video-preview":"max-video-preview:-1"},"canonical":"https:\/\/www.visit-ulcinj.com\/blog\/2008\/12\/24\/cungu-guse-privredu\/","og_locale":"en_US","og_type":"article","og_title":"Cungu: Gu\u0161e privredu - Lajme nga Ulqini","og_description":"Odbornici u ulcinju raspravljali i o taksama Ulcinj \u2013 Ulcinjska Skup\u0161tina okon?ala je ju?e raspravu o rebalansu bud\u017eeta za ovu godinu, ali ?e se o toj","og_url":"https:\/\/www.visit-ulcinj.com\/blog\/2008\/12\/24\/cungu-guse-privredu\/","og_site_name":"Lajme nga Ulqini","article_published_time":"2008-12-24T18:29:28+00:00","article_modified_time":"2008-12-25T13:18:57+00:00","og_image":[{"url":"http:\/\/www.visit-ulcinj.com\/blog\/wp-content\/uploads\/2008\/12\/ulcinjska-skupstina.jpg"}],"twitter_misc":{"Written by":"ulqini","Est. reading time":"1 minute"},"schema":{"@context":"https:\/\/schema.org","@graph":[{"@type":"WebSite","@id":"https:\/\/www.visit-ulcinj.com\/blog\/#website","url":"https:\/\/www.visit-ulcinj.com\/blog\/","name":"Lajme nga Ulqini","description":"Lajme,Vijesti,Ulqini,Ulqin,Crna Gora,Mali i Zi","potentialAction":[{"@type":"SearchAction","target":{"@type":"EntryPoint","urlTemplate":"https:\/\/www.visit-ulcinj.com\/blog\/?s={search_term_string}"},"query-input":"required name=search_term_string"}],"inLanguage":"en-US"},{"@type":"ImageObject","inLanguage":"en-US","@id":"https:\/\/www.visit-ulcinj.com\/blog\/2008\/12\/24\/cungu-guse-privredu\/#primaryimage","url":"https:\/\/www.visit-ulcinj.com\/blog\/wp-content\/uploads\/2008\/12\/ulcinjska-skupstina.jpg","contentUrl":"https:\/\/www.visit-ulcinj.com\/blog\/wp-content\/uploads\/2008\/12\/ulcinjska-skupstina.jpg","width":"250","height":"188"},{"@type":"WebPage","@id":"https:\/\/www.visit-ulcinj.com\/blog\/2008\/12\/24\/cungu-guse-privredu\/#webpage","url":"https:\/\/www.visit-ulcinj.com\/blog\/2008\/12\/24\/cungu-guse-privredu\/","name":"Cungu: Gu\u0161e privredu - Lajme nga Ulqini","isPartOf":{"@id":"https:\/\/www.visit-ulcinj.com\/blog\/#website"},"primaryImageOfPage":{"@id":"https:\/\/www.visit-ulcinj.com\/blog\/2008\/12\/24\/cungu-guse-privredu\/#primaryimage"},"datePublished":"2008-12-24T18:29:28+00:00","dateModified":"2008-12-25T13:18:57+00:00","author":{"@id":"https:\/\/www.visit-ulcinj.com\/blog\/#\/schema\/person\/dcab619c614d3038751c63bc2aadc06d"},"description":"Odbornici u ulcinju raspravljali i o taksama Ulcinj \u2013 Ulcinjska Skup\u0161tina okon?ala je ju?e raspravu o rebalansu bud\u017eeta za ovu godinu, ali ?e se o toj","breadcrumb":{"@id":"https:\/\/www.visit-ulcinj.com\/blog\/2008\/12\/24\/cungu-guse-privredu\/#breadcrumb"},"inLanguage":"en-US","potentialAction":[{"@type":"ReadAction","target":["https:\/\/www.visit-ulcinj.com\/blog\/2008\/12\/24\/cungu-guse-privredu\/"]}]},{"@type":"BreadcrumbList","@id":"https:\/\/www.visit-ulcinj.com\/blog\/2008\/12\/24\/cungu-guse-privredu\/#breadcrumb","itemListElement":[{"@type":"ListItem","position":1,"name":"Cungu: Gu\u0161e privredu"}]},{"@type":"Person","@id":"https:\/\/www.visit-ulcinj.com\/blog\/#\/schema\/person\/dcab619c614d3038751c63bc2aadc06d","name":"ulqini","sameAs":["http:\/\/www.visit-ulcinj.com"],"url":"https:\/\/www.visit-ulcinj.com\/blog\/author\/admin\/"}]}},"jetpack_featured_media_url":"","jetpack_sharing_enabled":true,"jetpack_shortlink":"https:\/\/wp.me\/pe6lTn-1YL","_links":{"self":[{"href":"https:\/\/www.visit-ulcinj.com\/blog\/wp-json\/wp\/v2\/posts\/7611"}],"collection":[{"href":"https:\/\/www.visit-ulcinj.com\/blog\/wp-json\/wp\/v2\/posts"}],"about":[{"href":"https:\/\/www.visit-ulcinj.com\/blog\/wp-json\/wp\/v2\/types\/post"}],"author":[{"embeddable":true,"href":"https:\/\/www.visit-ulcinj.com\/blog\/wp-json\/wp\/v2\/users\/1"}],"replies":[{"embeddable":true,"href":"https:\/\/www.visit-ulcinj.com\/blog\/wp-json\/wp\/v2\/comments?post=7611"}],"version-history":[{"count":0,"href":"https:\/\/www.visit-ulcinj.com\/blog\/wp-json\/wp\/v2\/posts\/7611\/revisions"}],"wp:attachment":[{"href":"https:\/\/www.visit-ulcinj.com\/blog\/wp-json\/wp\/v2\/media?parent=7611"}],"wp:term":[{"taxonomy":"category","embeddable":true,"href":"https:\/\/www.visit-ulcinj.com\/blog\/wp-json\/wp\/v2\/categories?post=7611"},{"taxonomy":"post_tag","embeddable":true,"href":"https:\/\/www.visit-ulcinj.com\/blog\/wp-json\/wp\/v2\/tags?post=7611"}],"curies":[{"name":"wp","href":"https:\/\/api.w.org\/{rel}","templated":true}]}}