{"id":76114,"date":"2013-11-11T18:29:52","date_gmt":"2013-11-11T17:29:52","guid":{"rendered":"http:\/\/www.visit-ulcinj.com\/blog\/?p=76114"},"modified":"2013-11-11T18:29:52","modified_gmt":"2013-11-11T17:29:52","slug":"ponistena-odluka-cungua-kojom-je-razrijesio-resulbegovica","status":"publish","type":"post","link":"https:\/\/www.visit-ulcinj.com\/blog\/2013\/11\/11\/ponistena-odluka-cungua-kojom-je-razrijesio-resulbegovica\/","title":{"rendered":"Poni\u0161tena odluka Cungua kojom je razrije\u0161io Resulbegovi\u0107a"},"content":{"rendered":"<div id=\"article_text\">\n<p><a href=\"http:\/\/www.visit-ulcinj.com\/blog\/wp-content\/uploads\/2013\/11\/rasulbegovic-cungu.jpg\"><img loading=\"lazy\" class=\"alignleft  wp-image-76115\" alt=\"rasulbegovic-cungu\" src=\"http:\/\/www.visit-ulcinj.com\/blog\/wp-content\/uploads\/2013\/11\/rasulbegovic-cungu.jpg\" width=\"508\" height=\"360\" \/><\/a>Upravni sud poni\u0161tio je Rje\u0161enje predsjednika ulcinjske Op\u0161tine, Nazifa Cungua kojim je razrije\u0161io Selima Resulbegovi\u0107a sa funkcije njegovog potpredsjednika, saop\u0161teno je iz op\u0161tinskog odbora Socijaldemokratske partije (SDP).<\/p>\n<p>Resulbegovi\u0107, koji je predsjednik ulcinjskog SDP-a, kazao je da je Upravni sud tu odluku donio 5. novembra.<\/p>\n<p>&#8220;Ocjenjuju\u0107i zakonitost osporenog Rje\u0161enja, Sud je na\u0161ao da je Cungu u postupku njegovog dono\u0161enja po\u010dinio bitnu povredu pravila upravnog postupka, i odredbi Zakona o lokalnoj samoupravi. Iz tih razloga je Sud Rje\u0161enje proglasio nezakonitim i donio je Odluku o njegovom poni\u0161tenju\u201c, navodi se u saop\u0161tenju Resulbegovi\u0107a.<\/p>\n<p>On je kazao da je SDP ranije obavijestio javnost da je Rje\u0161enje nezakonit akt, sa ciljem da bi se, kako je naveo, skrenula pa\u017enja sa \u010dinjenice da je Cungu izgubio podr\u0161ku ve\u0107ine u Skup\u0161tini i da nije u stanju da obezbijedi podr\u0161ku za usvajanje njegovog izvje\u0161taja o radu za predhodne dvije godine.<\/p>\n<p>&#8220;Posebno zabrinjava \u010dinjenica da je Cungu spreman da sasvim svjesno donosi nezakonite akte ako ocijeni da je to u funkciji bezuslovnog o\u010duvanja njegove stolice, dokazuju\u0107i to vi\u0161emjese\u010dnom blokadom rada lokalnog parlamenta, \u0161to je rezultiralo skra\u0107enjem mandata i raspisivanjem vanrednih izbora poslije dugotrajne agonije i bezvla\u0161\u0107a\u201c, zaklju\u010dio je Resulbegovi\u0107.<\/p>\n<p><strong>Izvor: Mina \/ <a href=\"http:\/\/www.vijesti.me\/\">Vijesti online<\/a><\/strong><\/p>\n<\/div>\n","protected":false},"excerpt":{"rendered":"<p>Upravni sud poni\u0161tio je Rje\u0161enje predsjednika ulcinjske Op\u0161tine, Nazifa Cungua kojim je razrije\u0161io Selima Resulbegovi\u0107a sa funkcije njegovog potpredsjednika, saop\u0161teno je iz op\u0161tinskog odbora Socijaldemokratske partije (SDP). Resulbegovi\u0107, koji je predsjednik ulcinjskog SDP-a, kazao je da je Upravni sud tu odluku donio 5. novembra. &#8220;Ocjenjuju\u0107i zakonitost osporenog Rje\u0161enja, Sud je na\u0161ao da je Cungu u [&hellip;]<\/p>\n","protected":false},"author":1,"featured_media":0,"comment_status":"closed","ping_status":"closed","sticky":false,"template":"","format":"standard","meta":{"spay_email":"","jetpack_publicize_message":"","jetpack_is_tweetstorm":false,"jetpack_publicize_feature_enabled":true},"categories":[6950],"tags":[],"jetpack_publicize_connections":[],"yoast_head":"<!-- This site is optimized with the Yoast SEO plugin v19.1 - https:\/\/yoast.com\/wordpress\/plugins\/seo\/ -->\n<title>Poni\u0161tena odluka Cungua kojom je razrije\u0161io Resulbegovi\u0107a - Lajme nga Ulqini<\/title>\n<meta name=\"description\" content=\"Upravni sud poni\u0161tio je Rje\u0161enje predsjednika ulcinjske Op\u0161tine, Nazifa Cungua kojim je razrije\u0161io Selima Resulbegovi\u0107a sa funkcije njegovog\" \/>\n<meta name=\"robots\" content=\"index, follow, max-snippet:-1, max-image-preview:large, max-video-preview:-1\" \/>\n<link rel=\"canonical\" href=\"https:\/\/www.visit-ulcinj.com\/blog\/2013\/11\/11\/ponistena-odluka-cungua-kojom-je-razrijesio-resulbegovica\/\" \/>\n<meta property=\"og:locale\" content=\"en_US\" \/>\n<meta property=\"og:type\" content=\"article\" \/>\n<meta property=\"og:title\" content=\"Poni\u0161tena odluka Cungua kojom je razrije\u0161io Resulbegovi\u0107a - Lajme nga Ulqini\" \/>\n<meta property=\"og:description\" content=\"Upravni sud poni\u0161tio je Rje\u0161enje predsjednika ulcinjske Op\u0161tine, Nazifa Cungua kojim je razrije\u0161io Selima Resulbegovi\u0107a sa funkcije njegovog\" \/>\n<meta property=\"og:url\" content=\"https:\/\/www.visit-ulcinj.com\/blog\/2013\/11\/11\/ponistena-odluka-cungua-kojom-je-razrijesio-resulbegovica\/\" \/>\n<meta property=\"og:site_name\" content=\"Lajme nga Ulqini\" \/>\n<meta property=\"article:published_time\" content=\"2013-11-11T17:29:52+00:00\" \/>\n<meta property=\"og:image\" content=\"http:\/\/www.visit-ulcinj.com\/blog\/wp-content\/uploads\/2013\/11\/rasulbegovic-cungu.jpg\" \/>\n<meta name=\"twitter:label1\" content=\"Written by\" \/>\n\t<meta name=\"twitter:data1\" content=\"ulqini\" \/>\n\t<meta name=\"twitter:label2\" content=\"Est. reading time\" \/>\n\t<meta name=\"twitter:data2\" content=\"1 minute\" \/>\n<script type=\"application\/ld+json\" class=\"yoast-schema-graph\">{\"@context\":\"https:\/\/schema.org\",\"@graph\":[{\"@type\":\"WebSite\",\"@id\":\"https:\/\/www.visit-ulcinj.com\/blog\/#website\",\"url\":\"https:\/\/www.visit-ulcinj.com\/blog\/\",\"name\":\"Lajme nga Ulqini\",\"description\":\"Lajme,Vijesti,Ulqini,Ulqin,Crna Gora,Mali i Zi\",\"potentialAction\":[{\"@type\":\"SearchAction\",\"target\":{\"@type\":\"EntryPoint\",\"urlTemplate\":\"https:\/\/www.visit-ulcinj.com\/blog\/?s={search_term_string}\"},\"query-input\":\"required name=search_term_string\"}],\"inLanguage\":\"en-US\"},{\"@type\":\"ImageObject\",\"inLanguage\":\"en-US\",\"@id\":\"https:\/\/www.visit-ulcinj.com\/blog\/2013\/11\/11\/ponistena-odluka-cungua-kojom-je-razrijesio-resulbegovica\/#primaryimage\",\"url\":\"https:\/\/www.visit-ulcinj.com\/blog\/wp-content\/uploads\/2013\/11\/rasulbegovic-cungu.jpg\",\"contentUrl\":\"https:\/\/www.visit-ulcinj.com\/blog\/wp-content\/uploads\/2013\/11\/rasulbegovic-cungu.jpg\",\"width\":631,\"height\":563},{\"@type\":\"WebPage\",\"@id\":\"https:\/\/www.visit-ulcinj.com\/blog\/2013\/11\/11\/ponistena-odluka-cungua-kojom-je-razrijesio-resulbegovica\/#webpage\",\"url\":\"https:\/\/www.visit-ulcinj.com\/blog\/2013\/11\/11\/ponistena-odluka-cungua-kojom-je-razrijesio-resulbegovica\/\",\"name\":\"Poni\u0161tena odluka Cungua kojom je razrije\u0161io Resulbegovi\u0107a - Lajme nga Ulqini\",\"isPartOf\":{\"@id\":\"https:\/\/www.visit-ulcinj.com\/blog\/#website\"},\"primaryImageOfPage\":{\"@id\":\"https:\/\/www.visit-ulcinj.com\/blog\/2013\/11\/11\/ponistena-odluka-cungua-kojom-je-razrijesio-resulbegovica\/#primaryimage\"},\"datePublished\":\"2013-11-11T17:29:52+00:00\",\"dateModified\":\"2013-11-11T17:29:52+00:00\",\"author\":{\"@id\":\"https:\/\/www.visit-ulcinj.com\/blog\/#\/schema\/person\/dcab619c614d3038751c63bc2aadc06d\"},\"description\":\"Upravni sud poni\u0161tio je Rje\u0161enje predsjednika ulcinjske Op\u0161tine, Nazifa Cungua kojim je razrije\u0161io Selima Resulbegovi\u0107a sa funkcije njegovog\",\"breadcrumb\":{\"@id\":\"https:\/\/www.visit-ulcinj.com\/blog\/2013\/11\/11\/ponistena-odluka-cungua-kojom-je-razrijesio-resulbegovica\/#breadcrumb\"},\"inLanguage\":\"en-US\",\"potentialAction\":[{\"@type\":\"ReadAction\",\"target\":[\"https:\/\/www.visit-ulcinj.com\/blog\/2013\/11\/11\/ponistena-odluka-cungua-kojom-je-razrijesio-resulbegovica\/\"]}]},{\"@type\":\"BreadcrumbList\",\"@id\":\"https:\/\/www.visit-ulcinj.com\/blog\/2013\/11\/11\/ponistena-odluka-cungua-kojom-je-razrijesio-resulbegovica\/#breadcrumb\",\"itemListElement\":[{\"@type\":\"ListItem\",\"position\":1,\"name\":\"Poni\u0161tena odluka Cungua kojom je razrije\u0161io Resulbegovi\u0107a\"}]},{\"@type\":\"Person\",\"@id\":\"https:\/\/www.visit-ulcinj.com\/blog\/#\/schema\/person\/dcab619c614d3038751c63bc2aadc06d\",\"name\":\"ulqini\",\"sameAs\":[\"http:\/\/www.visit-ulcinj.com\"],\"url\":\"https:\/\/www.visit-ulcinj.com\/blog\/author\/admin\/\"}]}<\/script>\n<!-- \/ Yoast SEO plugin. -->","yoast_head_json":{"title":"Poni\u0161tena odluka Cungua kojom je razrije\u0161io Resulbegovi\u0107a - Lajme nga Ulqini","description":"Upravni sud poni\u0161tio je Rje\u0161enje predsjednika ulcinjske Op\u0161tine, Nazifa Cungua kojim je razrije\u0161io Selima Resulbegovi\u0107a sa funkcije njegovog","robots":{"index":"index","follow":"follow","max-snippet":"max-snippet:-1","max-image-preview":"max-image-preview:large","max-video-preview":"max-video-preview:-1"},"canonical":"https:\/\/www.visit-ulcinj.com\/blog\/2013\/11\/11\/ponistena-odluka-cungua-kojom-je-razrijesio-resulbegovica\/","og_locale":"en_US","og_type":"article","og_title":"Poni\u0161tena odluka Cungua kojom je razrije\u0161io Resulbegovi\u0107a - Lajme nga Ulqini","og_description":"Upravni sud poni\u0161tio je Rje\u0161enje predsjednika ulcinjske Op\u0161tine, Nazifa Cungua kojim je razrije\u0161io Selima Resulbegovi\u0107a sa funkcije njegovog","og_url":"https:\/\/www.visit-ulcinj.com\/blog\/2013\/11\/11\/ponistena-odluka-cungua-kojom-je-razrijesio-resulbegovica\/","og_site_name":"Lajme nga Ulqini","article_published_time":"2013-11-11T17:29:52+00:00","og_image":[{"url":"http:\/\/www.visit-ulcinj.com\/blog\/wp-content\/uploads\/2013\/11\/rasulbegovic-cungu.jpg"}],"twitter_misc":{"Written by":"ulqini","Est. reading time":"1 minute"},"schema":{"@context":"https:\/\/schema.org","@graph":[{"@type":"WebSite","@id":"https:\/\/www.visit-ulcinj.com\/blog\/#website","url":"https:\/\/www.visit-ulcinj.com\/blog\/","name":"Lajme nga Ulqini","description":"Lajme,Vijesti,Ulqini,Ulqin,Crna Gora,Mali i Zi","potentialAction":[{"@type":"SearchAction","target":{"@type":"EntryPoint","urlTemplate":"https:\/\/www.visit-ulcinj.com\/blog\/?s={search_term_string}"},"query-input":"required name=search_term_string"}],"inLanguage":"en-US"},{"@type":"ImageObject","inLanguage":"en-US","@id":"https:\/\/www.visit-ulcinj.com\/blog\/2013\/11\/11\/ponistena-odluka-cungua-kojom-je-razrijesio-resulbegovica\/#primaryimage","url":"https:\/\/www.visit-ulcinj.com\/blog\/wp-content\/uploads\/2013\/11\/rasulbegovic-cungu.jpg","contentUrl":"https:\/\/www.visit-ulcinj.com\/blog\/wp-content\/uploads\/2013\/11\/rasulbegovic-cungu.jpg","width":631,"height":563},{"@type":"WebPage","@id":"https:\/\/www.visit-ulcinj.com\/blog\/2013\/11\/11\/ponistena-odluka-cungua-kojom-je-razrijesio-resulbegovica\/#webpage","url":"https:\/\/www.visit-ulcinj.com\/blog\/2013\/11\/11\/ponistena-odluka-cungua-kojom-je-razrijesio-resulbegovica\/","name":"Poni\u0161tena odluka Cungua kojom je razrije\u0161io Resulbegovi\u0107a - Lajme nga Ulqini","isPartOf":{"@id":"https:\/\/www.visit-ulcinj.com\/blog\/#website"},"primaryImageOfPage":{"@id":"https:\/\/www.visit-ulcinj.com\/blog\/2013\/11\/11\/ponistena-odluka-cungua-kojom-je-razrijesio-resulbegovica\/#primaryimage"},"datePublished":"2013-11-11T17:29:52+00:00","dateModified":"2013-11-11T17:29:52+00:00","author":{"@id":"https:\/\/www.visit-ulcinj.com\/blog\/#\/schema\/person\/dcab619c614d3038751c63bc2aadc06d"},"description":"Upravni sud poni\u0161tio je Rje\u0161enje predsjednika ulcinjske Op\u0161tine, Nazifa Cungua kojim je razrije\u0161io Selima Resulbegovi\u0107a sa funkcije njegovog","breadcrumb":{"@id":"https:\/\/www.visit-ulcinj.com\/blog\/2013\/11\/11\/ponistena-odluka-cungua-kojom-je-razrijesio-resulbegovica\/#breadcrumb"},"inLanguage":"en-US","potentialAction":[{"@type":"ReadAction","target":["https:\/\/www.visit-ulcinj.com\/blog\/2013\/11\/11\/ponistena-odluka-cungua-kojom-je-razrijesio-resulbegovica\/"]}]},{"@type":"BreadcrumbList","@id":"https:\/\/www.visit-ulcinj.com\/blog\/2013\/11\/11\/ponistena-odluka-cungua-kojom-je-razrijesio-resulbegovica\/#breadcrumb","itemListElement":[{"@type":"ListItem","position":1,"name":"Poni\u0161tena odluka Cungua kojom je razrije\u0161io Resulbegovi\u0107a"}]},{"@type":"Person","@id":"https:\/\/www.visit-ulcinj.com\/blog\/#\/schema\/person\/dcab619c614d3038751c63bc2aadc06d","name":"ulqini","sameAs":["http:\/\/www.visit-ulcinj.com"],"url":"https:\/\/www.visit-ulcinj.com\/blog\/author\/admin\/"}]}},"jetpack_featured_media_url":"","jetpack_sharing_enabled":true,"jetpack_shortlink":"https:\/\/wp.me\/pe6lTn-jNE","_links":{"self":[{"href":"https:\/\/www.visit-ulcinj.com\/blog\/wp-json\/wp\/v2\/posts\/76114"}],"collection":[{"href":"https:\/\/www.visit-ulcinj.com\/blog\/wp-json\/wp\/v2\/posts"}],"about":[{"href":"https:\/\/www.visit-ulcinj.com\/blog\/wp-json\/wp\/v2\/types\/post"}],"author":[{"embeddable":true,"href":"https:\/\/www.visit-ulcinj.com\/blog\/wp-json\/wp\/v2\/users\/1"}],"replies":[{"embeddable":true,"href":"https:\/\/www.visit-ulcinj.com\/blog\/wp-json\/wp\/v2\/comments?post=76114"}],"version-history":[{"count":1,"href":"https:\/\/www.visit-ulcinj.com\/blog\/wp-json\/wp\/v2\/posts\/76114\/revisions"}],"predecessor-version":[{"id":76116,"href":"https:\/\/www.visit-ulcinj.com\/blog\/wp-json\/wp\/v2\/posts\/76114\/revisions\/76116"}],"wp:attachment":[{"href":"https:\/\/www.visit-ulcinj.com\/blog\/wp-json\/wp\/v2\/media?parent=76114"}],"wp:term":[{"taxonomy":"category","embeddable":true,"href":"https:\/\/www.visit-ulcinj.com\/blog\/wp-json\/wp\/v2\/categories?post=76114"},{"taxonomy":"post_tag","embeddable":true,"href":"https:\/\/www.visit-ulcinj.com\/blog\/wp-json\/wp\/v2\/tags?post=76114"}],"curies":[{"name":"wp","href":"https:\/\/api.w.org\/{rel}","templated":true}]}}