{"id":76120,"date":"2013-11-12T18:26:45","date_gmt":"2013-11-12T17:26:45","guid":{"rendered":"http:\/\/www.visit-ulcinj.com\/blog\/?p=76120"},"modified":"2013-11-13T08:06:59","modified_gmt":"2013-11-13T07:06:59","slug":"nje-breshk-e-vdekur-ne-brigjet-e-detit-te-ulqinit","status":"publish","type":"post","link":"https:\/\/www.visit-ulcinj.com\/blog\/2013\/11\/12\/nje-breshk-e-vdekur-ne-brigjet-e-detit-te-ulqinit\/","title":{"rendered":"Nj\u00eb breshk e vdekur n\u00eb brigjet e detit t\u00eb Ulqinit"},"content":{"rendered":"<p><a href=\"http:\/\/www.visit-ulcinj.com\/blog\/wp-content\/uploads\/2013\/11\/breshka-e-vdekur-ne-Ulqin.jpg\"><img loading=\"lazy\" class=\"alignleft  wp-image-76121\" alt=\"breshka e vdekur ne Ulqin\" src=\"http:\/\/www.visit-ulcinj.com\/blog\/wp-content\/uploads\/2013\/11\/breshka-e-vdekur-ne-Ulqin.jpg\" width=\"508\" height=\"600\" \/><\/a><a href=\"https:\/\/www.facebook.com\/photo.php?fbid=588752397847151&amp;set=a.572278256161232.1073741827.572277159494675&amp;type=1&amp;theater\" target=\"_blank\"><strong>Foto:Ulcinjski Vremeplov<\/strong><\/a><\/p>\n<p>\u00cbsht\u00eb gjetur nj\u00eb breshk e vdekur n\u00eb brigjet e detit t\u00eb komun\u00ebs s\u00eb Ulqinit, pasoj e s\u00eb cil\u00ebs \u00ebsht\u00eb dora e nj\u00ebriut. Breshka ka vdekur si pasoj e ngr\u00ebnj\u00ebs s\u00eb shum\u00eb mbeturinave plastike q\u00eb hidhen\u00eb n\u00eb detin Adriatik\u00eb \u00e7do dit\u00eb. Qindra mbeturine prej plastike jan\u00eb marr\u00eb nga sistemi i tretjes s\u00eb breshk\u00ebs e cila mendohet t\u00eb ket\u00eb vdekur nga helmimi q\u00eb shkaktohet\u00eb nga ndotjet n\u00eb brigjet e detit\u00a0 Adriatik.<br \/>\n<a href=\"http:\/\/www.visit-ulcinj.com\/blog\/wp-content\/uploads\/2013\/11\/ndotjet-e-plazheve-te-Ulqinit.jpg\"><img loading=\"lazy\" class=\"alignleft  wp-image-76122\" alt=\"ndotjet e plazheve te Ulqinit\" src=\"http:\/\/www.visit-ulcinj.com\/blog\/wp-content\/uploads\/2013\/11\/ndotjet-e-plazheve-te-Ulqinit.jpg\" width=\"508\" height=\"316\" \/><\/a><strong>Foto:Ulcinjska posla<\/strong><\/p>\n<p>Breshka e llojit detar \u00ebsht\u00eb gjetur e ngordhur dhe \u00ebsht\u00eb par\u00eb fillimisht nga shetit\u00ebsit n\u00eb bregun e detit t\u00eb Ulqinit.\/Lajme nga Ulqini\/<\/p>\n<p><strong>Breshkat ne Ulqin<\/strong><\/p>\n<p>Prania e breshk\u00ebs detare n\u00eb brigjet e detit t\u00eb Ulqinit dhe sido mos ajo e llojit C. caretta, e cila u gjet e ngordhur n\u00eb bregdetin e Ulqinit, p\u00ebrb\u00ebn nj\u00eb rast me vlera t\u00eb r\u00ebnd\u00ebsishme shkencore p\u00ebr shtegtimin e gjat\u00eb e spektakolar t\u00eb k\u00ebtij individi. Shtegtimi i breshkave detare dhe n\u00eb ve\u00e7anti ajo e llojit C. caretta q\u00eb kishte ardhur n\u00eb brigjet e Ulqinit nga Argjentina.<br \/>\nN\u00eb baz\u00eb t\u00eb monitorimeve rezulton se shtegtimi i breshkave nga vendet e tjera n\u00eb brigjet e vendit ton\u00eb ka ardhur n\u00eb rritje, nd\u00ebrkoh\u00eb q\u00eb \u00ebsht\u00eb e domosdoshme t\u00eb vazhdoj\u00eb edukimi i njer\u00ebzve, sidomos i peshkatar\u00ebve p\u00ebr mbrojtjen e breshkave detare.<\/p>\n<p>Shtegtimi i breshkave nga vendet e tjera n\u00eb brigjet e Ulqinit lidhet me kushtet klimaterike. Pjesa m\u00eb e madhe (94%) e struktur\u00ebs s\u00eb popullat\u00ebs t\u00eb C. caretta p\u00ebrb\u00ebhet nga individ\u00eb t\u00eb maturuar me gjat\u00ebsi (L. ose SCCL ) mbi 50 cm. N\u00eb popullat\u00ebn e breshkave detare t\u00eb studiuara bie ne sy numri m\u00eb i madh i femrave (62%), pas tyre vijn\u00eb meshkujt (20 %), nd\u00ebrsa ato t\u00eb pa p\u00ebrcaktuara kan\u00eb p\u00ebrqindje m\u00eb t\u00eb vog\u00ebl (18%). Numri i C. caretta t\u00eb pa markuara, t\u00eb r\u00ebna rast\u00ebsisht n\u00eb rrjetat e peshkimit, gjat\u00eb vitit t\u00eb kaluar, ka qen\u00eb gjithnj\u00eb m\u00eb i madh se sa i atyre t\u00eb markuara qysh nga viti 2003. Nga peshkatar\u00ebt (n\u00eb Patok e Sh\u00ebngjin) \u00ebsht\u00eb v\u00ebn\u00eb re nj\u00eb num\u00ebr i konsideruesh\u00ebm breshkash detare me marka t\u00eb verdha plastike (t\u00eb ardhura kryesisht nga Italia) dhe me marka metalike (t\u00eb ardhura kryesisht nga Greqia). Gjetja e individ\u00ebve t\u00eb C. caretta t\u00eb ardhura nga vende t\u00eb tjera, n\u00eb Patok e Sh\u00ebngjin, ka t\u00eb b\u00ebj\u00eb me nj\u00eb shtegtim ushqimor me r\u00ebnd\u00ebsi shkencore t\u00eb ve\u00e7ant\u00eb p\u00ebr vendin ton\u00eb e m\u00eb gjer\u00eb. Shtegtim ushqimor i C. caretta n\u00eb zon\u00ebn e Patokut \u00ebsht\u00eb i lidhur me pranin\u00eb e madhe t\u00eb gaforreve, sidomos e llojit Carcinus mediterraneus, kandilave t\u00eb detit Risostoma pulmo, e llojeve t\u00eb ndryshme molusqesh, etj, q\u00eb jan\u00eb ushqim kryesor p\u00ebr C. caretta. Prania shum\u00eb e madhe e gaforreve t\u00eb llojit Carcinus mediterraneus dhe i kandilave t\u00eb detit, Risostoma pulmo duhet t\u00eb jet\u00eb e lidhur me prishjen e ekulibrave natyror\u00eb n\u00eb Gjirin e Rodonit, gj\u00eb e cila ka t\u00eb b\u00ebj\u00eb me ngarkes\u00ebn (ndotjen) e madhe organike q\u00eb ka kjo zon\u00eb, e shkaktuar nga prurjet, sidomos t\u00eb lumit Ish\u00ebm.<\/p>\n<p><strong>Burimi: Wikipedia<\/strong><\/p>\n","protected":false},"excerpt":{"rendered":"<p>Foto:Ulcinjski Vremeplov \u00cbsht\u00eb gjetur nj\u00eb breshk e vdekur n\u00eb brigjet e detit t\u00eb komun\u00ebs s\u00eb Ulqinit, pasoj e s\u00eb cil\u00ebs \u00ebsht\u00eb dora e nj\u00ebriut. Breshka ka vdekur si pasoj e ngr\u00ebnj\u00ebs s\u00eb shum\u00eb mbeturinave plastike q\u00eb hidhen\u00eb n\u00eb detin Adriatik\u00eb \u00e7do dit\u00eb. Qindra mbeturine prej plastike jan\u00eb marr\u00eb nga sistemi i tretjes s\u00eb breshk\u00ebs e [&hellip;]<\/p>\n","protected":false},"author":1,"featured_media":0,"comment_status":"closed","ping_status":"closed","sticky":false,"template":"","format":"standard","meta":{"spay_email":"","jetpack_publicize_message":"","jetpack_is_tweetstorm":false,"jetpack_publicize_feature_enabled":true},"categories":[1,12],"tags":[],"jetpack_publicize_connections":[],"yoast_head":"<!-- This site is optimized with the Yoast SEO plugin v19.1 - https:\/\/yoast.com\/wordpress\/plugins\/seo\/ -->\n<title>Nj\u00eb breshk e vdekur n\u00eb brigjet e detit t\u00eb Ulqinit - Lajme nga Ulqini<\/title>\n<meta name=\"description\" content=\"Foto:Ulcinjski Vremeplov \u00cbsht\u00eb gjetur nj\u00eb breshk e vdekur n\u00eb brigjet e detit t\u00eb komun\u00ebs s\u00eb Ulqinit, pasoj e s\u00eb cil\u00ebs \u00ebsht\u00eb dora e nj\u00ebriut. Breshka ka\" \/>\n<meta name=\"robots\" content=\"index, follow, max-snippet:-1, max-image-preview:large, max-video-preview:-1\" \/>\n<link rel=\"canonical\" href=\"https:\/\/www.visit-ulcinj.com\/blog\/2013\/11\/12\/nje-breshk-e-vdekur-ne-brigjet-e-detit-te-ulqinit\/\" \/>\n<meta property=\"og:locale\" content=\"en_US\" \/>\n<meta property=\"og:type\" content=\"article\" \/>\n<meta property=\"og:title\" content=\"Nj\u00eb breshk e vdekur n\u00eb brigjet e detit t\u00eb Ulqinit - Lajme nga Ulqini\" \/>\n<meta property=\"og:description\" content=\"Foto:Ulcinjski Vremeplov \u00cbsht\u00eb gjetur nj\u00eb breshk e vdekur n\u00eb brigjet e detit t\u00eb komun\u00ebs s\u00eb Ulqinit, pasoj e s\u00eb cil\u00ebs \u00ebsht\u00eb dora e nj\u00ebriut. Breshka ka\" \/>\n<meta property=\"og:url\" content=\"https:\/\/www.visit-ulcinj.com\/blog\/2013\/11\/12\/nje-breshk-e-vdekur-ne-brigjet-e-detit-te-ulqinit\/\" \/>\n<meta property=\"og:site_name\" content=\"Lajme nga Ulqini\" \/>\n<meta property=\"article:published_time\" content=\"2013-11-12T17:26:45+00:00\" \/>\n<meta property=\"article:modified_time\" content=\"2013-11-13T07:06:59+00:00\" \/>\n<meta property=\"og:image\" content=\"http:\/\/www.visit-ulcinj.com\/blog\/wp-content\/uploads\/2013\/11\/breshka-e-vdekur-ne-Ulqin.jpg\" \/>\n<meta name=\"twitter:label1\" content=\"Written by\" \/>\n\t<meta name=\"twitter:data1\" content=\"ulqini\" \/>\n\t<meta name=\"twitter:label2\" content=\"Est. reading time\" \/>\n\t<meta name=\"twitter:data2\" content=\"3 minutes\" \/>\n<script type=\"application\/ld+json\" class=\"yoast-schema-graph\">{\"@context\":\"https:\/\/schema.org\",\"@graph\":[{\"@type\":\"WebSite\",\"@id\":\"https:\/\/www.visit-ulcinj.com\/blog\/#website\",\"url\":\"https:\/\/www.visit-ulcinj.com\/blog\/\",\"name\":\"Lajme nga Ulqini\",\"description\":\"Lajme,Vijesti,Ulqini,Ulqin,Crna Gora,Mali i Zi\",\"potentialAction\":[{\"@type\":\"SearchAction\",\"target\":{\"@type\":\"EntryPoint\",\"urlTemplate\":\"https:\/\/www.visit-ulcinj.com\/blog\/?s={search_term_string}\"},\"query-input\":\"required name=search_term_string\"}],\"inLanguage\":\"en-US\"},{\"@type\":\"ImageObject\",\"inLanguage\":\"en-US\",\"@id\":\"https:\/\/www.visit-ulcinj.com\/blog\/2013\/11\/12\/nje-breshk-e-vdekur-ne-brigjet-e-detit-te-ulqinit\/#primaryimage\",\"url\":\"https:\/\/www.visit-ulcinj.com\/blog\/wp-content\/uploads\/2013\/11\/breshka-e-vdekur-ne-Ulqin.jpg\",\"contentUrl\":\"https:\/\/www.visit-ulcinj.com\/blog\/wp-content\/uploads\/2013\/11\/breshka-e-vdekur-ne-Ulqin.jpg\",\"width\":540,\"height\":960},{\"@type\":\"WebPage\",\"@id\":\"https:\/\/www.visit-ulcinj.com\/blog\/2013\/11\/12\/nje-breshk-e-vdekur-ne-brigjet-e-detit-te-ulqinit\/#webpage\",\"url\":\"https:\/\/www.visit-ulcinj.com\/blog\/2013\/11\/12\/nje-breshk-e-vdekur-ne-brigjet-e-detit-te-ulqinit\/\",\"name\":\"Nj\u00eb breshk e vdekur n\u00eb brigjet e detit t\u00eb Ulqinit - Lajme nga Ulqini\",\"isPartOf\":{\"@id\":\"https:\/\/www.visit-ulcinj.com\/blog\/#website\"},\"primaryImageOfPage\":{\"@id\":\"https:\/\/www.visit-ulcinj.com\/blog\/2013\/11\/12\/nje-breshk-e-vdekur-ne-brigjet-e-detit-te-ulqinit\/#primaryimage\"},\"datePublished\":\"2013-11-12T17:26:45+00:00\",\"dateModified\":\"2013-11-13T07:06:59+00:00\",\"author\":{\"@id\":\"https:\/\/www.visit-ulcinj.com\/blog\/#\/schema\/person\/dcab619c614d3038751c63bc2aadc06d\"},\"description\":\"Foto:Ulcinjski Vremeplov \u00cbsht\u00eb gjetur nj\u00eb breshk e vdekur n\u00eb brigjet e detit t\u00eb komun\u00ebs s\u00eb Ulqinit, pasoj e s\u00eb cil\u00ebs \u00ebsht\u00eb dora e nj\u00ebriut. Breshka ka\",\"breadcrumb\":{\"@id\":\"https:\/\/www.visit-ulcinj.com\/blog\/2013\/11\/12\/nje-breshk-e-vdekur-ne-brigjet-e-detit-te-ulqinit\/#breadcrumb\"},\"inLanguage\":\"en-US\",\"potentialAction\":[{\"@type\":\"ReadAction\",\"target\":[\"https:\/\/www.visit-ulcinj.com\/blog\/2013\/11\/12\/nje-breshk-e-vdekur-ne-brigjet-e-detit-te-ulqinit\/\"]}]},{\"@type\":\"BreadcrumbList\",\"@id\":\"https:\/\/www.visit-ulcinj.com\/blog\/2013\/11\/12\/nje-breshk-e-vdekur-ne-brigjet-e-detit-te-ulqinit\/#breadcrumb\",\"itemListElement\":[{\"@type\":\"ListItem\",\"position\":1,\"name\":\"Nj\u00eb breshk e vdekur n\u00eb brigjet e detit t\u00eb Ulqinit\"}]},{\"@type\":\"Person\",\"@id\":\"https:\/\/www.visit-ulcinj.com\/blog\/#\/schema\/person\/dcab619c614d3038751c63bc2aadc06d\",\"name\":\"ulqini\",\"sameAs\":[\"http:\/\/www.visit-ulcinj.com\"],\"url\":\"https:\/\/www.visit-ulcinj.com\/blog\/author\/admin\/\"}]}<\/script>\n<!-- \/ Yoast SEO plugin. -->","yoast_head_json":{"title":"Nj\u00eb breshk e vdekur n\u00eb brigjet e detit t\u00eb Ulqinit - Lajme nga Ulqini","description":"Foto:Ulcinjski Vremeplov \u00cbsht\u00eb gjetur nj\u00eb breshk e vdekur n\u00eb brigjet e detit t\u00eb komun\u00ebs s\u00eb Ulqinit, pasoj e s\u00eb cil\u00ebs \u00ebsht\u00eb dora e nj\u00ebriut. Breshka ka","robots":{"index":"index","follow":"follow","max-snippet":"max-snippet:-1","max-image-preview":"max-image-preview:large","max-video-preview":"max-video-preview:-1"},"canonical":"https:\/\/www.visit-ulcinj.com\/blog\/2013\/11\/12\/nje-breshk-e-vdekur-ne-brigjet-e-detit-te-ulqinit\/","og_locale":"en_US","og_type":"article","og_title":"Nj\u00eb breshk e vdekur n\u00eb brigjet e detit t\u00eb Ulqinit - Lajme nga Ulqini","og_description":"Foto:Ulcinjski Vremeplov \u00cbsht\u00eb gjetur nj\u00eb breshk e vdekur n\u00eb brigjet e detit t\u00eb komun\u00ebs s\u00eb Ulqinit, pasoj e s\u00eb cil\u00ebs \u00ebsht\u00eb dora e nj\u00ebriut. Breshka ka","og_url":"https:\/\/www.visit-ulcinj.com\/blog\/2013\/11\/12\/nje-breshk-e-vdekur-ne-brigjet-e-detit-te-ulqinit\/","og_site_name":"Lajme nga Ulqini","article_published_time":"2013-11-12T17:26:45+00:00","article_modified_time":"2013-11-13T07:06:59+00:00","og_image":[{"url":"http:\/\/www.visit-ulcinj.com\/blog\/wp-content\/uploads\/2013\/11\/breshka-e-vdekur-ne-Ulqin.jpg"}],"twitter_misc":{"Written by":"ulqini","Est. reading time":"3 minutes"},"schema":{"@context":"https:\/\/schema.org","@graph":[{"@type":"WebSite","@id":"https:\/\/www.visit-ulcinj.com\/blog\/#website","url":"https:\/\/www.visit-ulcinj.com\/blog\/","name":"Lajme nga Ulqini","description":"Lajme,Vijesti,Ulqini,Ulqin,Crna Gora,Mali i Zi","potentialAction":[{"@type":"SearchAction","target":{"@type":"EntryPoint","urlTemplate":"https:\/\/www.visit-ulcinj.com\/blog\/?s={search_term_string}"},"query-input":"required name=search_term_string"}],"inLanguage":"en-US"},{"@type":"ImageObject","inLanguage":"en-US","@id":"https:\/\/www.visit-ulcinj.com\/blog\/2013\/11\/12\/nje-breshk-e-vdekur-ne-brigjet-e-detit-te-ulqinit\/#primaryimage","url":"https:\/\/www.visit-ulcinj.com\/blog\/wp-content\/uploads\/2013\/11\/breshka-e-vdekur-ne-Ulqin.jpg","contentUrl":"https:\/\/www.visit-ulcinj.com\/blog\/wp-content\/uploads\/2013\/11\/breshka-e-vdekur-ne-Ulqin.jpg","width":540,"height":960},{"@type":"WebPage","@id":"https:\/\/www.visit-ulcinj.com\/blog\/2013\/11\/12\/nje-breshk-e-vdekur-ne-brigjet-e-detit-te-ulqinit\/#webpage","url":"https:\/\/www.visit-ulcinj.com\/blog\/2013\/11\/12\/nje-breshk-e-vdekur-ne-brigjet-e-detit-te-ulqinit\/","name":"Nj\u00eb breshk e vdekur n\u00eb brigjet e detit t\u00eb Ulqinit - Lajme nga Ulqini","isPartOf":{"@id":"https:\/\/www.visit-ulcinj.com\/blog\/#website"},"primaryImageOfPage":{"@id":"https:\/\/www.visit-ulcinj.com\/blog\/2013\/11\/12\/nje-breshk-e-vdekur-ne-brigjet-e-detit-te-ulqinit\/#primaryimage"},"datePublished":"2013-11-12T17:26:45+00:00","dateModified":"2013-11-13T07:06:59+00:00","author":{"@id":"https:\/\/www.visit-ulcinj.com\/blog\/#\/schema\/person\/dcab619c614d3038751c63bc2aadc06d"},"description":"Foto:Ulcinjski Vremeplov \u00cbsht\u00eb gjetur nj\u00eb breshk e vdekur n\u00eb brigjet e detit t\u00eb komun\u00ebs s\u00eb Ulqinit, pasoj e s\u00eb cil\u00ebs \u00ebsht\u00eb dora e nj\u00ebriut. Breshka ka","breadcrumb":{"@id":"https:\/\/www.visit-ulcinj.com\/blog\/2013\/11\/12\/nje-breshk-e-vdekur-ne-brigjet-e-detit-te-ulqinit\/#breadcrumb"},"inLanguage":"en-US","potentialAction":[{"@type":"ReadAction","target":["https:\/\/www.visit-ulcinj.com\/blog\/2013\/11\/12\/nje-breshk-e-vdekur-ne-brigjet-e-detit-te-ulqinit\/"]}]},{"@type":"BreadcrumbList","@id":"https:\/\/www.visit-ulcinj.com\/blog\/2013\/11\/12\/nje-breshk-e-vdekur-ne-brigjet-e-detit-te-ulqinit\/#breadcrumb","itemListElement":[{"@type":"ListItem","position":1,"name":"Nj\u00eb breshk e vdekur n\u00eb brigjet e detit t\u00eb Ulqinit"}]},{"@type":"Person","@id":"https:\/\/www.visit-ulcinj.com\/blog\/#\/schema\/person\/dcab619c614d3038751c63bc2aadc06d","name":"ulqini","sameAs":["http:\/\/www.visit-ulcinj.com"],"url":"https:\/\/www.visit-ulcinj.com\/blog\/author\/admin\/"}]}},"jetpack_featured_media_url":"","jetpack_sharing_enabled":true,"jetpack_shortlink":"https:\/\/wp.me\/pe6lTn-jNK","_links":{"self":[{"href":"https:\/\/www.visit-ulcinj.com\/blog\/wp-json\/wp\/v2\/posts\/76120"}],"collection":[{"href":"https:\/\/www.visit-ulcinj.com\/blog\/wp-json\/wp\/v2\/posts"}],"about":[{"href":"https:\/\/www.visit-ulcinj.com\/blog\/wp-json\/wp\/v2\/types\/post"}],"author":[{"embeddable":true,"href":"https:\/\/www.visit-ulcinj.com\/blog\/wp-json\/wp\/v2\/users\/1"}],"replies":[{"embeddable":true,"href":"https:\/\/www.visit-ulcinj.com\/blog\/wp-json\/wp\/v2\/comments?post=76120"}],"version-history":[{"count":6,"href":"https:\/\/www.visit-ulcinj.com\/blog\/wp-json\/wp\/v2\/posts\/76120\/revisions"}],"predecessor-version":[{"id":76139,"href":"https:\/\/www.visit-ulcinj.com\/blog\/wp-json\/wp\/v2\/posts\/76120\/revisions\/76139"}],"wp:attachment":[{"href":"https:\/\/www.visit-ulcinj.com\/blog\/wp-json\/wp\/v2\/media?parent=76120"}],"wp:term":[{"taxonomy":"category","embeddable":true,"href":"https:\/\/www.visit-ulcinj.com\/blog\/wp-json\/wp\/v2\/categories?post=76120"},{"taxonomy":"post_tag","embeddable":true,"href":"https:\/\/www.visit-ulcinj.com\/blog\/wp-json\/wp\/v2\/tags?post=76120"}],"curies":[{"name":"wp","href":"https:\/\/api.w.org\/{rel}","templated":true}]}}