{"id":76128,"date":"2013-11-12T18:52:45","date_gmt":"2013-11-12T17:52:45","guid":{"rendered":"http:\/\/www.visit-ulcinj.com\/blog\/?p=76128"},"modified":"2013-11-12T18:52:58","modified_gmt":"2013-11-12T17:52:58","slug":"ulcinjska-skupstina-danas-o-skracenju-mandata","status":"publish","type":"post","link":"https:\/\/www.visit-ulcinj.com\/blog\/2013\/11\/12\/ulcinjska-skupstina-danas-o-skracenju-mandata\/","title":{"rendered":"Ulcinjska Skup\u0161tina danas o skra\u0107enju mandata"},"content":{"rendered":"<p><a href=\"http:\/\/www.visit-ulcinj.com\/blog\/wp-content\/uploads\/2009\/10\/skupstina-ulcinj_kuvendi-i-ulqinit.jpg\"><img loading=\"lazy\" class=\"alignleft  wp-image-26263\" alt=\"skupstina-ulcinj_kuvendi-i-ulqinit\" src=\"http:\/\/www.visit-ulcinj.com\/blog\/wp-content\/uploads\/2009\/10\/skupstina-ulcinj_kuvendi-i-ulqinit.jpg\" width=\"508\" height=\"360\" \/><\/a>O skra\u0107enju mandata, na inicijativu DPS-a, danas \u0107e se raspravljati na sjednici ulcinjske Skup\u0161tine. To je za Antenu M najavio odbornik DPS-a Lui\u0111 \u0160krelja.<\/p>\n<p>Zbog nefunkcionisanja i neupsje\u0161nosti lokalne vlasti raspravlja\u0107e se o skra\u0107enju mandata, kazao je \u0160krelja.<\/p>\n<p>Da \u0107e mandat biti skra\u0107en je izvjesno.<\/p>\n<p>\u201cZa skra\u0107enje mandata, na osnovu onog \u0161to su izjavili, su sve politi\u010dke partije koje participiraju u lokalnoj vlasti op\u0161tine Ulcinj\u201d, kazao je \u0160krelja.<\/p>\n<p>&nbsp;<\/p>\n<p><strong>Izvor: Analitika &#8211; Informativni Portal<\/strong><\/p>\n","protected":false},"excerpt":{"rendered":"<p>O skra\u0107enju mandata, na inicijativu DPS-a, danas \u0107e se raspravljati na sjednici ulcinjske Skup\u0161tine. To je za Antenu M najavio odbornik DPS-a Lui\u0111 \u0160krelja. Zbog nefunkcionisanja i neupsje\u0161nosti lokalne vlasti raspravlja\u0107e se o skra\u0107enju mandata, kazao je \u0160krelja. Da \u0107e mandat biti skra\u0107en je izvjesno. \u201cZa skra\u0107enje mandata, na osnovu onog \u0161to su izjavili, su [&hellip;]<\/p>\n","protected":false},"author":1,"featured_media":0,"comment_status":"closed","ping_status":"closed","sticky":false,"template":"","format":"standard","meta":{"spay_email":"","jetpack_publicize_message":"","jetpack_is_tweetstorm":false,"jetpack_publicize_feature_enabled":true},"categories":[8337],"tags":[],"jetpack_publicize_connections":[],"yoast_head":"<!-- This site is optimized with the Yoast SEO plugin v19.1 - https:\/\/yoast.com\/wordpress\/plugins\/seo\/ -->\n<title>Ulcinjska Skup\u0161tina danas o skra\u0107enju mandata - Lajme nga Ulqini<\/title>\n<meta name=\"description\" content=\"O skra\u0107enju mandata, na inicijativu DPS-a, danas \u0107e se raspravljati na sjednici ulcinjske Skup\u0161tine. To je za Antenu M najavio odbornik DPS-a Lui\u0111\" \/>\n<meta name=\"robots\" content=\"index, follow, max-snippet:-1, max-image-preview:large, max-video-preview:-1\" \/>\n<link rel=\"canonical\" href=\"https:\/\/www.visit-ulcinj.com\/blog\/2013\/11\/12\/ulcinjska-skupstina-danas-o-skracenju-mandata\/\" \/>\n<meta property=\"og:locale\" content=\"en_US\" \/>\n<meta property=\"og:type\" content=\"article\" \/>\n<meta property=\"og:title\" content=\"Ulcinjska Skup\u0161tina danas o skra\u0107enju mandata - Lajme nga Ulqini\" \/>\n<meta property=\"og:description\" content=\"O skra\u0107enju mandata, na inicijativu DPS-a, danas \u0107e se raspravljati na sjednici ulcinjske Skup\u0161tine. To je za Antenu M najavio odbornik DPS-a Lui\u0111\" \/>\n<meta property=\"og:url\" content=\"https:\/\/www.visit-ulcinj.com\/blog\/2013\/11\/12\/ulcinjska-skupstina-danas-o-skracenju-mandata\/\" \/>\n<meta property=\"og:site_name\" content=\"Lajme nga Ulqini\" \/>\n<meta property=\"article:published_time\" content=\"2013-11-12T17:52:45+00:00\" \/>\n<meta property=\"article:modified_time\" content=\"2013-11-12T17:52:58+00:00\" \/>\n<meta property=\"og:image\" content=\"http:\/\/www.visit-ulcinj.com\/blog\/wp-content\/uploads\/2009\/10\/skupstina-ulcinj_kuvendi-i-ulqinit.jpg\" \/>\n<meta name=\"twitter:label1\" content=\"Written by\" \/>\n\t<meta name=\"twitter:data1\" content=\"ulqini\" \/>\n<script type=\"application\/ld+json\" class=\"yoast-schema-graph\">{\"@context\":\"https:\/\/schema.org\",\"@graph\":[{\"@type\":\"WebSite\",\"@id\":\"https:\/\/www.visit-ulcinj.com\/blog\/#website\",\"url\":\"https:\/\/www.visit-ulcinj.com\/blog\/\",\"name\":\"Lajme nga Ulqini\",\"description\":\"Lajme,Vijesti,Ulqini,Ulqin,Crna Gora,Mali i Zi\",\"potentialAction\":[{\"@type\":\"SearchAction\",\"target\":{\"@type\":\"EntryPoint\",\"urlTemplate\":\"https:\/\/www.visit-ulcinj.com\/blog\/?s={search_term_string}\"},\"query-input\":\"required name=search_term_string\"}],\"inLanguage\":\"en-US\"},{\"@type\":\"ImageObject\",\"inLanguage\":\"en-US\",\"@id\":\"https:\/\/www.visit-ulcinj.com\/blog\/2013\/11\/12\/ulcinjska-skupstina-danas-o-skracenju-mandata\/#primaryimage\",\"url\":\"https:\/\/www.visit-ulcinj.com\/blog\/wp-content\/uploads\/2009\/10\/skupstina-ulcinj_kuvendi-i-ulqinit.jpg\",\"contentUrl\":\"https:\/\/www.visit-ulcinj.com\/blog\/wp-content\/uploads\/2009\/10\/skupstina-ulcinj_kuvendi-i-ulqinit.jpg\",\"width\":\"640\",\"height\":\"450\"},{\"@type\":\"WebPage\",\"@id\":\"https:\/\/www.visit-ulcinj.com\/blog\/2013\/11\/12\/ulcinjska-skupstina-danas-o-skracenju-mandata\/#webpage\",\"url\":\"https:\/\/www.visit-ulcinj.com\/blog\/2013\/11\/12\/ulcinjska-skupstina-danas-o-skracenju-mandata\/\",\"name\":\"Ulcinjska Skup\u0161tina danas o skra\u0107enju mandata - Lajme nga Ulqini\",\"isPartOf\":{\"@id\":\"https:\/\/www.visit-ulcinj.com\/blog\/#website\"},\"primaryImageOfPage\":{\"@id\":\"https:\/\/www.visit-ulcinj.com\/blog\/2013\/11\/12\/ulcinjska-skupstina-danas-o-skracenju-mandata\/#primaryimage\"},\"datePublished\":\"2013-11-12T17:52:45+00:00\",\"dateModified\":\"2013-11-12T17:52:58+00:00\",\"author\":{\"@id\":\"https:\/\/www.visit-ulcinj.com\/blog\/#\/schema\/person\/dcab619c614d3038751c63bc2aadc06d\"},\"description\":\"O skra\u0107enju mandata, na inicijativu DPS-a, danas \u0107e se raspravljati na sjednici ulcinjske Skup\u0161tine. To je za Antenu M najavio odbornik DPS-a Lui\u0111\",\"breadcrumb\":{\"@id\":\"https:\/\/www.visit-ulcinj.com\/blog\/2013\/11\/12\/ulcinjska-skupstina-danas-o-skracenju-mandata\/#breadcrumb\"},\"inLanguage\":\"en-US\",\"potentialAction\":[{\"@type\":\"ReadAction\",\"target\":[\"https:\/\/www.visit-ulcinj.com\/blog\/2013\/11\/12\/ulcinjska-skupstina-danas-o-skracenju-mandata\/\"]}]},{\"@type\":\"BreadcrumbList\",\"@id\":\"https:\/\/www.visit-ulcinj.com\/blog\/2013\/11\/12\/ulcinjska-skupstina-danas-o-skracenju-mandata\/#breadcrumb\",\"itemListElement\":[{\"@type\":\"ListItem\",\"position\":1,\"name\":\"Ulcinjska Skup\u0161tina danas o skra\u0107enju mandata\"}]},{\"@type\":\"Person\",\"@id\":\"https:\/\/www.visit-ulcinj.com\/blog\/#\/schema\/person\/dcab619c614d3038751c63bc2aadc06d\",\"name\":\"ulqini\",\"sameAs\":[\"http:\/\/www.visit-ulcinj.com\"],\"url\":\"https:\/\/www.visit-ulcinj.com\/blog\/author\/admin\/\"}]}<\/script>\n<!-- \/ Yoast SEO plugin. -->","yoast_head_json":{"title":"Ulcinjska Skup\u0161tina danas o skra\u0107enju mandata - Lajme nga Ulqini","description":"O skra\u0107enju mandata, na inicijativu DPS-a, danas \u0107e se raspravljati na sjednici ulcinjske Skup\u0161tine. To je za Antenu M najavio odbornik DPS-a Lui\u0111","robots":{"index":"index","follow":"follow","max-snippet":"max-snippet:-1","max-image-preview":"max-image-preview:large","max-video-preview":"max-video-preview:-1"},"canonical":"https:\/\/www.visit-ulcinj.com\/blog\/2013\/11\/12\/ulcinjska-skupstina-danas-o-skracenju-mandata\/","og_locale":"en_US","og_type":"article","og_title":"Ulcinjska Skup\u0161tina danas o skra\u0107enju mandata - Lajme nga Ulqini","og_description":"O skra\u0107enju mandata, na inicijativu DPS-a, danas \u0107e se raspravljati na sjednici ulcinjske Skup\u0161tine. To je za Antenu M najavio odbornik DPS-a Lui\u0111","og_url":"https:\/\/www.visit-ulcinj.com\/blog\/2013\/11\/12\/ulcinjska-skupstina-danas-o-skracenju-mandata\/","og_site_name":"Lajme nga Ulqini","article_published_time":"2013-11-12T17:52:45+00:00","article_modified_time":"2013-11-12T17:52:58+00:00","og_image":[{"url":"http:\/\/www.visit-ulcinj.com\/blog\/wp-content\/uploads\/2009\/10\/skupstina-ulcinj_kuvendi-i-ulqinit.jpg"}],"twitter_misc":{"Written by":"ulqini"},"schema":{"@context":"https:\/\/schema.org","@graph":[{"@type":"WebSite","@id":"https:\/\/www.visit-ulcinj.com\/blog\/#website","url":"https:\/\/www.visit-ulcinj.com\/blog\/","name":"Lajme nga Ulqini","description":"Lajme,Vijesti,Ulqini,Ulqin,Crna Gora,Mali i Zi","potentialAction":[{"@type":"SearchAction","target":{"@type":"EntryPoint","urlTemplate":"https:\/\/www.visit-ulcinj.com\/blog\/?s={search_term_string}"},"query-input":"required name=search_term_string"}],"inLanguage":"en-US"},{"@type":"ImageObject","inLanguage":"en-US","@id":"https:\/\/www.visit-ulcinj.com\/blog\/2013\/11\/12\/ulcinjska-skupstina-danas-o-skracenju-mandata\/#primaryimage","url":"https:\/\/www.visit-ulcinj.com\/blog\/wp-content\/uploads\/2009\/10\/skupstina-ulcinj_kuvendi-i-ulqinit.jpg","contentUrl":"https:\/\/www.visit-ulcinj.com\/blog\/wp-content\/uploads\/2009\/10\/skupstina-ulcinj_kuvendi-i-ulqinit.jpg","width":"640","height":"450"},{"@type":"WebPage","@id":"https:\/\/www.visit-ulcinj.com\/blog\/2013\/11\/12\/ulcinjska-skupstina-danas-o-skracenju-mandata\/#webpage","url":"https:\/\/www.visit-ulcinj.com\/blog\/2013\/11\/12\/ulcinjska-skupstina-danas-o-skracenju-mandata\/","name":"Ulcinjska Skup\u0161tina danas o skra\u0107enju mandata - Lajme nga Ulqini","isPartOf":{"@id":"https:\/\/www.visit-ulcinj.com\/blog\/#website"},"primaryImageOfPage":{"@id":"https:\/\/www.visit-ulcinj.com\/blog\/2013\/11\/12\/ulcinjska-skupstina-danas-o-skracenju-mandata\/#primaryimage"},"datePublished":"2013-11-12T17:52:45+00:00","dateModified":"2013-11-12T17:52:58+00:00","author":{"@id":"https:\/\/www.visit-ulcinj.com\/blog\/#\/schema\/person\/dcab619c614d3038751c63bc2aadc06d"},"description":"O skra\u0107enju mandata, na inicijativu DPS-a, danas \u0107e se raspravljati na sjednici ulcinjske Skup\u0161tine. To je za Antenu M najavio odbornik DPS-a Lui\u0111","breadcrumb":{"@id":"https:\/\/www.visit-ulcinj.com\/blog\/2013\/11\/12\/ulcinjska-skupstina-danas-o-skracenju-mandata\/#breadcrumb"},"inLanguage":"en-US","potentialAction":[{"@type":"ReadAction","target":["https:\/\/www.visit-ulcinj.com\/blog\/2013\/11\/12\/ulcinjska-skupstina-danas-o-skracenju-mandata\/"]}]},{"@type":"BreadcrumbList","@id":"https:\/\/www.visit-ulcinj.com\/blog\/2013\/11\/12\/ulcinjska-skupstina-danas-o-skracenju-mandata\/#breadcrumb","itemListElement":[{"@type":"ListItem","position":1,"name":"Ulcinjska Skup\u0161tina danas o skra\u0107enju mandata"}]},{"@type":"Person","@id":"https:\/\/www.visit-ulcinj.com\/blog\/#\/schema\/person\/dcab619c614d3038751c63bc2aadc06d","name":"ulqini","sameAs":["http:\/\/www.visit-ulcinj.com"],"url":"https:\/\/www.visit-ulcinj.com\/blog\/author\/admin\/"}]}},"jetpack_featured_media_url":"","jetpack_sharing_enabled":true,"jetpack_shortlink":"https:\/\/wp.me\/pe6lTn-jNS","_links":{"self":[{"href":"https:\/\/www.visit-ulcinj.com\/blog\/wp-json\/wp\/v2\/posts\/76128"}],"collection":[{"href":"https:\/\/www.visit-ulcinj.com\/blog\/wp-json\/wp\/v2\/posts"}],"about":[{"href":"https:\/\/www.visit-ulcinj.com\/blog\/wp-json\/wp\/v2\/types\/post"}],"author":[{"embeddable":true,"href":"https:\/\/www.visit-ulcinj.com\/blog\/wp-json\/wp\/v2\/users\/1"}],"replies":[{"embeddable":true,"href":"https:\/\/www.visit-ulcinj.com\/blog\/wp-json\/wp\/v2\/comments?post=76128"}],"version-history":[{"count":2,"href":"https:\/\/www.visit-ulcinj.com\/blog\/wp-json\/wp\/v2\/posts\/76128\/revisions"}],"predecessor-version":[{"id":76130,"href":"https:\/\/www.visit-ulcinj.com\/blog\/wp-json\/wp\/v2\/posts\/76128\/revisions\/76130"}],"wp:attachment":[{"href":"https:\/\/www.visit-ulcinj.com\/blog\/wp-json\/wp\/v2\/media?parent=76128"}],"wp:term":[{"taxonomy":"category","embeddable":true,"href":"https:\/\/www.visit-ulcinj.com\/blog\/wp-json\/wp\/v2\/categories?post=76128"},{"taxonomy":"post_tag","embeddable":true,"href":"https:\/\/www.visit-ulcinj.com\/blog\/wp-json\/wp\/v2\/tags?post=76128"}],"curies":[{"name":"wp","href":"https:\/\/api.w.org\/{rel}","templated":true}]}}