{"id":76131,"date":"2013-11-12T19:38:21","date_gmt":"2013-11-12T18:38:21","guid":{"rendered":"http:\/\/www.visit-ulcinj.com\/blog\/?p=76131"},"modified":"2013-11-12T19:43:01","modified_gmt":"2013-11-12T18:43:01","slug":"parlamenti-lokal-ulqinit-nderpret-seancen-e-rregullt-fillon-e-jashtezakonshmja","status":"publish","type":"post","link":"https:\/\/www.visit-ulcinj.com\/blog\/2013\/11\/12\/parlamenti-lokal-ulqinit-nderpret-seancen-e-rregullt-fillon-e-jashtezakonshmja\/","title":{"rendered":"Parlamenti lokal i Ulqinit nd\u00ebrpret seancen e rregullt, fillon e jasht\u00ebzakonshmja"},"content":{"rendered":"<p><a href=\"http:\/\/www.visit-ulcinj.com\/blog\/wp-content\/uploads\/2013\/11\/parlamenti-i-ulqinit-1.jpg\"><img loading=\"lazy\" class=\"alignleft  wp-image-76134\" alt=\"parlamenti i ulqinit-1\" src=\"http:\/\/www.visit-ulcinj.com\/blog\/wp-content\/uploads\/2013\/11\/parlamenti-i-ulqinit-1.jpg\" width=\"508\" height=\"360\" \/><\/a>Mbledhja e sotme e rregullt e parlamentit lokal t\u00eb Ulqinit, n\u00eb t\u00eb cil\u00ebn nuk mor\u00ebn pjes\u00eb k\u00ebshilltar\u00ebt e Forc\u00ebs s\u00eb Re Demokratike, FORCA, pasi kryetari i komun\u00ebs Nazif Cungu i ka t\u00ebrhequr t\u00eb gjitha pikat e r\u00ebndit t\u00eb dit\u00ebs u nd\u00ebrpre. Kjo ndolli pasi q\u00eb K\u00ebshilltar\u00ebt e PDS e braktis\u00ebn mbledhjen dhe parlamenti mbeti pa kuorum.<\/p>\n<p>Paraprakisht kryetar\u00ebt e klubeve t\u00eb tjera politike k\u00ebrkuan shqyrtimin e atyre pikave t\u00eb rendit t\u00eb dit\u00ebs t\u00eb cilat nuk i kandiduar kryetari i komun\u00ebs, kurse PSP k\u00ebrkoi q\u00eb n\u00eb rend t\u00eb dit\u00ebs t\u00eb vendoset edhe iniciativa e saj p\u00ebr shkarkimin e kryetarit t\u00eb Komun\u00ebs, p\u00ebr \u00e7ka nuk u pajtua klubi i PDS. Menj\u00ebher\u00eb pas k\u00ebsaj mbledhje ka filluar seanca e jasht\u00ebzakonshme e kuvendit me dy pika t\u00eb rendit t\u00eb dit\u00ebs: propozim vendimi p\u00ebr p\u00ebrcaktimin e numrit t\u00eb k\u00ebshilltar\u00ebve n\u00eb kuvendin komunal dhe propozim vendimi p\u00ebr shkurtimin e mandatit t\u00eb k\u00ebshilltar\u00ebve.<\/p>\n<p><strong>TVCG<\/strong><\/p>\n","protected":false},"excerpt":{"rendered":"<p>Mbledhja e sotme e rregullt e parlamentit lokal t\u00eb Ulqinit, n\u00eb t\u00eb cil\u00ebn nuk mor\u00ebn pjes\u00eb k\u00ebshilltar\u00ebt e Forc\u00ebs s\u00eb Re Demokratike, FORCA, pasi kryetari i komun\u00ebs Nazif Cungu i ka t\u00ebrhequr t\u00eb gjitha pikat e r\u00ebndit t\u00eb dit\u00ebs u nd\u00ebrpre. Kjo ndolli pasi q\u00eb K\u00ebshilltar\u00ebt e PDS e braktis\u00ebn mbledhjen dhe parlamenti mbeti pa [&hellip;]<\/p>\n","protected":false},"author":1,"featured_media":0,"comment_status":"closed","ping_status":"closed","sticky":false,"template":"","format":"standard","meta":{"spay_email":"","jetpack_publicize_message":"","jetpack_is_tweetstorm":false,"jetpack_publicize_feature_enabled":true},"categories":[6],"tags":[],"jetpack_publicize_connections":[],"yoast_head":"<!-- This site is optimized with the Yoast SEO plugin v19.1 - https:\/\/yoast.com\/wordpress\/plugins\/seo\/ -->\n<title>Parlamenti lokal i Ulqinit nd\u00ebrpret seancen e rregullt, fillon e jasht\u00ebzakonshmja - Lajme nga Ulqini<\/title>\n<meta name=\"description\" content=\"Mbledhja e sotme e rregullt e parlamentit lokal t\u00eb Ulqinit, n\u00eb t\u00eb cil\u00ebn nuk mor\u00ebn pjes\u00eb k\u00ebshilltar\u00ebt e Forc\u00ebs s\u00eb Re Demokratike, FORCA, pasi kryetari i\" \/>\n<meta name=\"robots\" content=\"index, follow, max-snippet:-1, max-image-preview:large, max-video-preview:-1\" \/>\n<link rel=\"canonical\" href=\"https:\/\/www.visit-ulcinj.com\/blog\/2013\/11\/12\/parlamenti-lokal-ulqinit-nderpret-seancen-e-rregullt-fillon-e-jashtezakonshmja\/\" \/>\n<meta property=\"og:locale\" content=\"en_US\" \/>\n<meta property=\"og:type\" content=\"article\" \/>\n<meta property=\"og:title\" content=\"Parlamenti lokal i Ulqinit nd\u00ebrpret seancen e rregullt, fillon e jasht\u00ebzakonshmja - Lajme nga Ulqini\" \/>\n<meta property=\"og:description\" content=\"Mbledhja e sotme e rregullt e parlamentit lokal t\u00eb Ulqinit, n\u00eb t\u00eb cil\u00ebn nuk mor\u00ebn pjes\u00eb k\u00ebshilltar\u00ebt e Forc\u00ebs s\u00eb Re Demokratike, FORCA, pasi kryetari i\" \/>\n<meta property=\"og:url\" content=\"https:\/\/www.visit-ulcinj.com\/blog\/2013\/11\/12\/parlamenti-lokal-ulqinit-nderpret-seancen-e-rregullt-fillon-e-jashtezakonshmja\/\" \/>\n<meta property=\"og:site_name\" content=\"Lajme nga Ulqini\" \/>\n<meta property=\"article:published_time\" content=\"2013-11-12T18:38:21+00:00\" \/>\n<meta property=\"article:modified_time\" content=\"2013-11-12T18:43:01+00:00\" \/>\n<meta property=\"og:image\" content=\"http:\/\/www.visit-ulcinj.com\/blog\/wp-content\/uploads\/2013\/11\/parlamenti-i-ulqinit-1.jpg\" \/>\n<meta name=\"twitter:label1\" content=\"Written by\" \/>\n\t<meta name=\"twitter:data1\" content=\"ulqini\" \/>\n\t<meta name=\"twitter:label2\" content=\"Est. reading time\" \/>\n\t<meta name=\"twitter:data2\" content=\"1 minute\" \/>\n<script type=\"application\/ld+json\" class=\"yoast-schema-graph\">{\"@context\":\"https:\/\/schema.org\",\"@graph\":[{\"@type\":\"WebSite\",\"@id\":\"https:\/\/www.visit-ulcinj.com\/blog\/#website\",\"url\":\"https:\/\/www.visit-ulcinj.com\/blog\/\",\"name\":\"Lajme nga Ulqini\",\"description\":\"Lajme,Vijesti,Ulqini,Ulqin,Crna Gora,Mali i Zi\",\"potentialAction\":[{\"@type\":\"SearchAction\",\"target\":{\"@type\":\"EntryPoint\",\"urlTemplate\":\"https:\/\/www.visit-ulcinj.com\/blog\/?s={search_term_string}\"},\"query-input\":\"required name=search_term_string\"}],\"inLanguage\":\"en-US\"},{\"@type\":\"ImageObject\",\"inLanguage\":\"en-US\",\"@id\":\"https:\/\/www.visit-ulcinj.com\/blog\/2013\/11\/12\/parlamenti-lokal-ulqinit-nderpret-seancen-e-rregullt-fillon-e-jashtezakonshmja\/#primaryimage\",\"url\":\"https:\/\/www.visit-ulcinj.com\/blog\/wp-content\/uploads\/2013\/11\/parlamenti-i-ulqinit-1.jpg\",\"contentUrl\":\"https:\/\/www.visit-ulcinj.com\/blog\/wp-content\/uploads\/2013\/11\/parlamenti-i-ulqinit-1.jpg\",\"width\":640,\"height\":450},{\"@type\":\"WebPage\",\"@id\":\"https:\/\/www.visit-ulcinj.com\/blog\/2013\/11\/12\/parlamenti-lokal-ulqinit-nderpret-seancen-e-rregullt-fillon-e-jashtezakonshmja\/#webpage\",\"url\":\"https:\/\/www.visit-ulcinj.com\/blog\/2013\/11\/12\/parlamenti-lokal-ulqinit-nderpret-seancen-e-rregullt-fillon-e-jashtezakonshmja\/\",\"name\":\"Parlamenti lokal i Ulqinit nd\u00ebrpret seancen e rregullt, fillon e jasht\u00ebzakonshmja - Lajme nga Ulqini\",\"isPartOf\":{\"@id\":\"https:\/\/www.visit-ulcinj.com\/blog\/#website\"},\"primaryImageOfPage\":{\"@id\":\"https:\/\/www.visit-ulcinj.com\/blog\/2013\/11\/12\/parlamenti-lokal-ulqinit-nderpret-seancen-e-rregullt-fillon-e-jashtezakonshmja\/#primaryimage\"},\"datePublished\":\"2013-11-12T18:38:21+00:00\",\"dateModified\":\"2013-11-12T18:43:01+00:00\",\"author\":{\"@id\":\"https:\/\/www.visit-ulcinj.com\/blog\/#\/schema\/person\/dcab619c614d3038751c63bc2aadc06d\"},\"description\":\"Mbledhja e sotme e rregullt e parlamentit lokal t\u00eb Ulqinit, n\u00eb t\u00eb cil\u00ebn nuk mor\u00ebn pjes\u00eb k\u00ebshilltar\u00ebt e Forc\u00ebs s\u00eb Re Demokratike, FORCA, pasi kryetari i\",\"breadcrumb\":{\"@id\":\"https:\/\/www.visit-ulcinj.com\/blog\/2013\/11\/12\/parlamenti-lokal-ulqinit-nderpret-seancen-e-rregullt-fillon-e-jashtezakonshmja\/#breadcrumb\"},\"inLanguage\":\"en-US\",\"potentialAction\":[{\"@type\":\"ReadAction\",\"target\":[\"https:\/\/www.visit-ulcinj.com\/blog\/2013\/11\/12\/parlamenti-lokal-ulqinit-nderpret-seancen-e-rregullt-fillon-e-jashtezakonshmja\/\"]}]},{\"@type\":\"BreadcrumbList\",\"@id\":\"https:\/\/www.visit-ulcinj.com\/blog\/2013\/11\/12\/parlamenti-lokal-ulqinit-nderpret-seancen-e-rregullt-fillon-e-jashtezakonshmja\/#breadcrumb\",\"itemListElement\":[{\"@type\":\"ListItem\",\"position\":1,\"name\":\"Parlamenti lokal i Ulqinit nd\u00ebrpret seancen e rregullt, fillon e jasht\u00ebzakonshmja\"}]},{\"@type\":\"Person\",\"@id\":\"https:\/\/www.visit-ulcinj.com\/blog\/#\/schema\/person\/dcab619c614d3038751c63bc2aadc06d\",\"name\":\"ulqini\",\"sameAs\":[\"http:\/\/www.visit-ulcinj.com\"],\"url\":\"https:\/\/www.visit-ulcinj.com\/blog\/author\/admin\/\"}]}<\/script>\n<!-- \/ Yoast SEO plugin. -->","yoast_head_json":{"title":"Parlamenti lokal i Ulqinit nd\u00ebrpret seancen e rregullt, fillon e jasht\u00ebzakonshmja - Lajme nga Ulqini","description":"Mbledhja e sotme e rregullt e parlamentit lokal t\u00eb Ulqinit, n\u00eb t\u00eb cil\u00ebn nuk mor\u00ebn pjes\u00eb k\u00ebshilltar\u00ebt e Forc\u00ebs s\u00eb Re Demokratike, FORCA, pasi kryetari i","robots":{"index":"index","follow":"follow","max-snippet":"max-snippet:-1","max-image-preview":"max-image-preview:large","max-video-preview":"max-video-preview:-1"},"canonical":"https:\/\/www.visit-ulcinj.com\/blog\/2013\/11\/12\/parlamenti-lokal-ulqinit-nderpret-seancen-e-rregullt-fillon-e-jashtezakonshmja\/","og_locale":"en_US","og_type":"article","og_title":"Parlamenti lokal i Ulqinit nd\u00ebrpret seancen e rregullt, fillon e jasht\u00ebzakonshmja - Lajme nga Ulqini","og_description":"Mbledhja e sotme e rregullt e parlamentit lokal t\u00eb Ulqinit, n\u00eb t\u00eb cil\u00ebn nuk mor\u00ebn pjes\u00eb k\u00ebshilltar\u00ebt e Forc\u00ebs s\u00eb Re Demokratike, FORCA, pasi kryetari i","og_url":"https:\/\/www.visit-ulcinj.com\/blog\/2013\/11\/12\/parlamenti-lokal-ulqinit-nderpret-seancen-e-rregullt-fillon-e-jashtezakonshmja\/","og_site_name":"Lajme nga Ulqini","article_published_time":"2013-11-12T18:38:21+00:00","article_modified_time":"2013-11-12T18:43:01+00:00","og_image":[{"url":"http:\/\/www.visit-ulcinj.com\/blog\/wp-content\/uploads\/2013\/11\/parlamenti-i-ulqinit-1.jpg"}],"twitter_misc":{"Written by":"ulqini","Est. reading time":"1 minute"},"schema":{"@context":"https:\/\/schema.org","@graph":[{"@type":"WebSite","@id":"https:\/\/www.visit-ulcinj.com\/blog\/#website","url":"https:\/\/www.visit-ulcinj.com\/blog\/","name":"Lajme nga Ulqini","description":"Lajme,Vijesti,Ulqini,Ulqin,Crna Gora,Mali i Zi","potentialAction":[{"@type":"SearchAction","target":{"@type":"EntryPoint","urlTemplate":"https:\/\/www.visit-ulcinj.com\/blog\/?s={search_term_string}"},"query-input":"required name=search_term_string"}],"inLanguage":"en-US"},{"@type":"ImageObject","inLanguage":"en-US","@id":"https:\/\/www.visit-ulcinj.com\/blog\/2013\/11\/12\/parlamenti-lokal-ulqinit-nderpret-seancen-e-rregullt-fillon-e-jashtezakonshmja\/#primaryimage","url":"https:\/\/www.visit-ulcinj.com\/blog\/wp-content\/uploads\/2013\/11\/parlamenti-i-ulqinit-1.jpg","contentUrl":"https:\/\/www.visit-ulcinj.com\/blog\/wp-content\/uploads\/2013\/11\/parlamenti-i-ulqinit-1.jpg","width":640,"height":450},{"@type":"WebPage","@id":"https:\/\/www.visit-ulcinj.com\/blog\/2013\/11\/12\/parlamenti-lokal-ulqinit-nderpret-seancen-e-rregullt-fillon-e-jashtezakonshmja\/#webpage","url":"https:\/\/www.visit-ulcinj.com\/blog\/2013\/11\/12\/parlamenti-lokal-ulqinit-nderpret-seancen-e-rregullt-fillon-e-jashtezakonshmja\/","name":"Parlamenti lokal i Ulqinit nd\u00ebrpret seancen e rregullt, fillon e jasht\u00ebzakonshmja - Lajme nga Ulqini","isPartOf":{"@id":"https:\/\/www.visit-ulcinj.com\/blog\/#website"},"primaryImageOfPage":{"@id":"https:\/\/www.visit-ulcinj.com\/blog\/2013\/11\/12\/parlamenti-lokal-ulqinit-nderpret-seancen-e-rregullt-fillon-e-jashtezakonshmja\/#primaryimage"},"datePublished":"2013-11-12T18:38:21+00:00","dateModified":"2013-11-12T18:43:01+00:00","author":{"@id":"https:\/\/www.visit-ulcinj.com\/blog\/#\/schema\/person\/dcab619c614d3038751c63bc2aadc06d"},"description":"Mbledhja e sotme e rregullt e parlamentit lokal t\u00eb Ulqinit, n\u00eb t\u00eb cil\u00ebn nuk mor\u00ebn pjes\u00eb k\u00ebshilltar\u00ebt e Forc\u00ebs s\u00eb Re Demokratike, FORCA, pasi kryetari i","breadcrumb":{"@id":"https:\/\/www.visit-ulcinj.com\/blog\/2013\/11\/12\/parlamenti-lokal-ulqinit-nderpret-seancen-e-rregullt-fillon-e-jashtezakonshmja\/#breadcrumb"},"inLanguage":"en-US","potentialAction":[{"@type":"ReadAction","target":["https:\/\/www.visit-ulcinj.com\/blog\/2013\/11\/12\/parlamenti-lokal-ulqinit-nderpret-seancen-e-rregullt-fillon-e-jashtezakonshmja\/"]}]},{"@type":"BreadcrumbList","@id":"https:\/\/www.visit-ulcinj.com\/blog\/2013\/11\/12\/parlamenti-lokal-ulqinit-nderpret-seancen-e-rregullt-fillon-e-jashtezakonshmja\/#breadcrumb","itemListElement":[{"@type":"ListItem","position":1,"name":"Parlamenti lokal i Ulqinit nd\u00ebrpret seancen e rregullt, fillon e jasht\u00ebzakonshmja"}]},{"@type":"Person","@id":"https:\/\/www.visit-ulcinj.com\/blog\/#\/schema\/person\/dcab619c614d3038751c63bc2aadc06d","name":"ulqini","sameAs":["http:\/\/www.visit-ulcinj.com"],"url":"https:\/\/www.visit-ulcinj.com\/blog\/author\/admin\/"}]}},"jetpack_featured_media_url":"","jetpack_sharing_enabled":true,"jetpack_shortlink":"https:\/\/wp.me\/pe6lTn-jNV","_links":{"self":[{"href":"https:\/\/www.visit-ulcinj.com\/blog\/wp-json\/wp\/v2\/posts\/76131"}],"collection":[{"href":"https:\/\/www.visit-ulcinj.com\/blog\/wp-json\/wp\/v2\/posts"}],"about":[{"href":"https:\/\/www.visit-ulcinj.com\/blog\/wp-json\/wp\/v2\/types\/post"}],"author":[{"embeddable":true,"href":"https:\/\/www.visit-ulcinj.com\/blog\/wp-json\/wp\/v2\/users\/1"}],"replies":[{"embeddable":true,"href":"https:\/\/www.visit-ulcinj.com\/blog\/wp-json\/wp\/v2\/comments?post=76131"}],"version-history":[{"count":2,"href":"https:\/\/www.visit-ulcinj.com\/blog\/wp-json\/wp\/v2\/posts\/76131\/revisions"}],"predecessor-version":[{"id":76135,"href":"https:\/\/www.visit-ulcinj.com\/blog\/wp-json\/wp\/v2\/posts\/76131\/revisions\/76135"}],"wp:attachment":[{"href":"https:\/\/www.visit-ulcinj.com\/blog\/wp-json\/wp\/v2\/media?parent=76131"}],"wp:term":[{"taxonomy":"category","embeddable":true,"href":"https:\/\/www.visit-ulcinj.com\/blog\/wp-json\/wp\/v2\/categories?post=76131"},{"taxonomy":"post_tag","embeddable":true,"href":"https:\/\/www.visit-ulcinj.com\/blog\/wp-json\/wp\/v2\/tags?post=76131"}],"curies":[{"name":"wp","href":"https:\/\/api.w.org\/{rel}","templated":true}]}}