{"id":76143,"date":"2013-11-13T08:36:10","date_gmt":"2013-11-13T07:36:10","guid":{"rendered":"http:\/\/www.visit-ulcinj.com\/blog\/?p=76143"},"modified":"2013-11-13T08:39:10","modified_gmt":"2013-11-13T07:39:10","slug":"paula-d-royster-takohet-anetaret-e-familjeve-afrikane-ne-ulqin","status":"publish","type":"post","link":"https:\/\/www.visit-ulcinj.com\/blog\/2013\/11\/13\/paula-d-royster-takohet-anetaret-e-familjeve-afrikane-ne-ulqin\/","title":{"rendered":"Paula D. Royster takohet me an\u00ebtar\u00ebt e familjeve afrikane n\u00eb Ulqin + Foto"},"content":{"rendered":"<p><a href=\"http:\/\/www.visit-ulcinj.com\/blog\/wp-content\/uploads\/2013\/11\/Paula-D.-Royster-Africans-of-Ulcinj.jpg\"><img loading=\"lazy\" class=\"alignleft  wp-image-76144\" alt=\"Paula D. Royster-Africans of Ulcinj\" src=\"http:\/\/www.visit-ulcinj.com\/blog\/wp-content\/uploads\/2013\/11\/Paula-D.-Royster-Africans-of-Ulcinj.jpg\" width=\"508\" height=\"360\" \/><\/a>Zonja Royster dje u takua me an\u00ebtar\u00ebt e familjeve afrikane q\u00eb ende jetojn\u00eb n\u00eb Ulqin, ku bashk\u00ebbisedoj\u00eb me gazetarin e njohur t\u00eb Ulqinit z.Mustaf Canken, intelektual\u00eb, aktivist t\u00eb shoq\u00ebris\u00eb civile, ku dhe \u00a0vizitoj\u00eb Qytetin e Vjet\u00ebr si dhe lokalitete tjera historike.<br \/>\n<a href=\"http:\/\/www.visit-ulcinj.com\/blog\/wp-content\/uploads\/2013\/11\/Paula-D.-Royster-Africans-of-Ulcinj-10.jpg\"><img loading=\"lazy\" class=\"alignleft  wp-image-76145\" alt=\"Paula D. Royster-Africans of Ulcinj-10\" src=\"http:\/\/www.visit-ulcinj.com\/blog\/wp-content\/uploads\/2013\/11\/Paula-D.-Royster-Africans-of-Ulcinj-10.jpg\" width=\"508\" height=\"400\" \/><\/a><\/p>\n<p>T\u00eb gjitha k\u00ebto aktivitete u realizuan n\u00eb kuad\u00ebr t\u00eb \u201cProgramit t\u00eb Diversitetit\u201d t\u00eb cilin e koordinojn\u00eb: Organizata e Shoq\u00ebris\u00eb Civile \u201cHORIZONTI i RI\u201d, portali \u201cUL-Info\u201d, Komuna e Ulqinit dhe Ambasada e SHBA n\u00eb Podgoric\u00eb.<\/p>\n<p><strong><a id=\"js_8\" href=\"https:\/\/www.facebook.com\/nveliq\" data-hovercard=\"\/ajax\/hovercard\/user.php?id=586134273\">Foto Nazif Veliq<\/a> Facebook<\/strong><\/p>\n\n\t\t<style type=\"text\/css\">\n\t\t\t#gallery-1 {\n\t\t\t\tmargin: auto;\n\t\t\t}\n\t\t\t#gallery-1 .gallery-item {\n\t\t\t\tfloat: left;\n\t\t\t\tmargin-top: 10px;\n\t\t\t\ttext-align: center;\n\t\t\t\twidth: 33%;\n\t\t\t}\n\t\t\t#gallery-1 img {\n\t\t\t\tborder: 2px solid #cfcfcf;\n\t\t\t}\n\t\t\t#gallery-1 .gallery-caption {\n\t\t\t\tmargin-left: 0;\n\t\t\t}\n\t\t\t\/* see gallery_shortcode() in wp-includes\/media.php *\/\n\t\t<\/style>\n\t\t<div id='gallery-1' class='gallery galleryid-76143 gallery-columns-3 gallery-size-thumbnail'><dl class='gallery-item'>\n\t\t\t<dt class='gallery-icon landscape'>\n\t\t\t\t<a href='https:\/\/www.visit-ulcinj.com\/blog\/2013\/11\/13\/paula-d-royster-takohet-anetaret-e-familjeve-afrikane-ne-ulqin\/paula-d-royster-africans-of-ulcinj-1\/'><img width=\"150\" height=\"150\" src=\"https:\/\/www.visit-ulcinj.com\/blog\/wp-content\/uploads\/2013\/11\/Paula-D.-Royster-Africans-of-Ulcinj-1-150x150.jpg\" class=\"attachment-thumbnail size-thumbnail\" alt=\"\" loading=\"lazy\" \/><\/a>\n\t\t\t<\/dt><\/dl><dl class='gallery-item'>\n\t\t\t<dt class='gallery-icon landscape'>\n\t\t\t\t<a href='https:\/\/www.visit-ulcinj.com\/blog\/2013\/11\/13\/paula-d-royster-takohet-anetaret-e-familjeve-afrikane-ne-ulqin\/paula-d-royster-africans-of-ulcinj-2\/'><img width=\"150\" height=\"150\" src=\"https:\/\/www.visit-ulcinj.com\/blog\/wp-content\/uploads\/2013\/11\/Paula-D.-Royster-Africans-of-Ulcinj-2-150x150.jpg\" class=\"attachment-thumbnail size-thumbnail\" alt=\"\" loading=\"lazy\" \/><\/a>\n\t\t\t<\/dt><\/dl><dl class='gallery-item'>\n\t\t\t<dt class='gallery-icon landscape'>\n\t\t\t\t<a href='https:\/\/www.visit-ulcinj.com\/blog\/2013\/11\/13\/paula-d-royster-takohet-anetaret-e-familjeve-afrikane-ne-ulqin\/paula-d-royster-africans-of-ulcinj-3\/'><img width=\"150\" height=\"150\" src=\"https:\/\/www.visit-ulcinj.com\/blog\/wp-content\/uploads\/2013\/11\/Paula-D.-Royster-Africans-of-Ulcinj-3-150x150.jpg\" class=\"attachment-thumbnail size-thumbnail\" alt=\"\" loading=\"lazy\" \/><\/a>\n\t\t\t<\/dt><\/dl><br style=\"clear: both\" \/><dl class='gallery-item'>\n\t\t\t<dt class='gallery-icon landscape'>\n\t\t\t\t<a href='https:\/\/www.visit-ulcinj.com\/blog\/2013\/11\/13\/paula-d-royster-takohet-anetaret-e-familjeve-afrikane-ne-ulqin\/paula-d-royster-africans-of-ulcinj-4\/'><img width=\"150\" height=\"150\" src=\"https:\/\/www.visit-ulcinj.com\/blog\/wp-content\/uploads\/2013\/11\/Paula-D.-Royster-Africans-of-Ulcinj-4-150x150.jpg\" class=\"attachment-thumbnail size-thumbnail\" alt=\"\" loading=\"lazy\" \/><\/a>\n\t\t\t<\/dt><\/dl><dl class='gallery-item'>\n\t\t\t<dt class='gallery-icon landscape'>\n\t\t\t\t<a href='https:\/\/www.visit-ulcinj.com\/blog\/2013\/11\/13\/paula-d-royster-takohet-anetaret-e-familjeve-afrikane-ne-ulqin\/paula-d-royster-africans-of-ulcinj-5\/'><img width=\"150\" height=\"150\" src=\"https:\/\/www.visit-ulcinj.com\/blog\/wp-content\/uploads\/2013\/11\/Paula-D.-Royster-Africans-of-Ulcinj-5-150x150.jpg\" class=\"attachment-thumbnail size-thumbnail\" alt=\"\" loading=\"lazy\" \/><\/a>\n\t\t\t<\/dt><\/dl><dl class='gallery-item'>\n\t\t\t<dt class='gallery-icon landscape'>\n\t\t\t\t<a href='https:\/\/www.visit-ulcinj.com\/blog\/2013\/11\/13\/paula-d-royster-takohet-anetaret-e-familjeve-afrikane-ne-ulqin\/paula-d-royster-africans-of-ulcinj-6\/'><img width=\"150\" height=\"150\" src=\"https:\/\/www.visit-ulcinj.com\/blog\/wp-content\/uploads\/2013\/11\/Paula-D.-Royster-Africans-of-Ulcinj-6-150x150.jpg\" class=\"attachment-thumbnail size-thumbnail\" alt=\"\" loading=\"lazy\" \/><\/a>\n\t\t\t<\/dt><\/dl><br style=\"clear: both\" \/><dl class='gallery-item'>\n\t\t\t<dt class='gallery-icon landscape'>\n\t\t\t\t<a href='https:\/\/www.visit-ulcinj.com\/blog\/2013\/11\/13\/paula-d-royster-takohet-anetaret-e-familjeve-afrikane-ne-ulqin\/paula-d-royster-africans-of-ulcinj-7\/'><img width=\"150\" height=\"150\" src=\"https:\/\/www.visit-ulcinj.com\/blog\/wp-content\/uploads\/2013\/11\/Paula-D.-Royster-Africans-of-Ulcinj-7-150x150.jpg\" class=\"attachment-thumbnail size-thumbnail\" alt=\"\" loading=\"lazy\" \/><\/a>\n\t\t\t<\/dt><\/dl><dl class='gallery-item'>\n\t\t\t<dt class='gallery-icon landscape'>\n\t\t\t\t<a href='https:\/\/www.visit-ulcinj.com\/blog\/2013\/11\/13\/paula-d-royster-takohet-anetaret-e-familjeve-afrikane-ne-ulqin\/paula-d-royster-africans-of-ulcinj-8\/'><img width=\"150\" height=\"150\" src=\"https:\/\/www.visit-ulcinj.com\/blog\/wp-content\/uploads\/2013\/11\/Paula-D.-Royster-Africans-of-Ulcinj-8-150x150.jpg\" class=\"attachment-thumbnail size-thumbnail\" alt=\"\" loading=\"lazy\" \/><\/a>\n\t\t\t<\/dt><\/dl><dl class='gallery-item'>\n\t\t\t<dt class='gallery-icon portrait'>\n\t\t\t\t<a href='https:\/\/www.visit-ulcinj.com\/blog\/2013\/11\/13\/paula-d-royster-takohet-anetaret-e-familjeve-afrikane-ne-ulqin\/paula-d-royster-africans-of-ulcinj-9\/'><img width=\"150\" height=\"150\" src=\"https:\/\/www.visit-ulcinj.com\/blog\/wp-content\/uploads\/2013\/11\/Paula-D.-Royster-Africans-of-Ulcinj-9-150x150.jpg\" class=\"attachment-thumbnail size-thumbnail\" alt=\"\" loading=\"lazy\" \/><\/a>\n\t\t\t<\/dt><\/dl><br style=\"clear: both\" \/>\n\t\t<\/div>\n\n","protected":false},"excerpt":{"rendered":"<p>Zonja Royster dje u takua me an\u00ebtar\u00ebt e familjeve afrikane q\u00eb ende jetojn\u00eb n\u00eb Ulqin, ku bashk\u00ebbisedoj\u00eb me gazetarin e njohur t\u00eb Ulqinit z.Mustaf Canken, intelektual\u00eb, aktivist t\u00eb shoq\u00ebris\u00eb civile, ku dhe \u00a0vizitoj\u00eb Qytetin e Vjet\u00ebr si dhe lokalitete tjera historike. T\u00eb gjitha k\u00ebto aktivitete u realizuan n\u00eb kuad\u00ebr t\u00eb \u201cProgramit t\u00eb Diversitetit\u201d t\u00eb cilin [&hellip;]<\/p>\n","protected":false},"author":1,"featured_media":0,"comment_status":"closed","ping_status":"closed","sticky":false,"template":"","format":"standard","meta":{"spay_email":"","jetpack_publicize_message":"","jetpack_is_tweetstorm":false,"jetpack_publicize_feature_enabled":true},"categories":[4],"tags":[],"jetpack_publicize_connections":[],"yoast_head":"<!-- This site is optimized with the Yoast SEO plugin v19.1 - https:\/\/yoast.com\/wordpress\/plugins\/seo\/ -->\n<title>Paula D. Royster takohet me an\u00ebtar\u00ebt e familjeve afrikane n\u00eb Ulqin + Foto - Lajme nga Ulqini<\/title>\n<meta name=\"description\" content=\"Zonja Royster dje u takua me an\u00ebtar\u00ebt e familjeve afrikane q\u00eb ende jetojn\u00eb n\u00eb Ulqin, ku bashk\u00ebbisedoj\u00eb me gazetarin e njohur t\u00eb Ulqinit z.Mustaf Canken,\" \/>\n<meta name=\"robots\" content=\"index, follow, max-snippet:-1, max-image-preview:large, max-video-preview:-1\" \/>\n<link rel=\"canonical\" href=\"https:\/\/www.visit-ulcinj.com\/blog\/2013\/11\/13\/paula-d-royster-takohet-anetaret-e-familjeve-afrikane-ne-ulqin\/\" \/>\n<meta property=\"og:locale\" content=\"en_US\" \/>\n<meta property=\"og:type\" content=\"article\" \/>\n<meta property=\"og:title\" content=\"Paula D. Royster takohet me an\u00ebtar\u00ebt e familjeve afrikane n\u00eb Ulqin + Foto - Lajme nga Ulqini\" \/>\n<meta property=\"og:description\" content=\"Zonja Royster dje u takua me an\u00ebtar\u00ebt e familjeve afrikane q\u00eb ende jetojn\u00eb n\u00eb Ulqin, ku bashk\u00ebbisedoj\u00eb me gazetarin e njohur t\u00eb Ulqinit z.Mustaf Canken,\" \/>\n<meta property=\"og:url\" content=\"https:\/\/www.visit-ulcinj.com\/blog\/2013\/11\/13\/paula-d-royster-takohet-anetaret-e-familjeve-afrikane-ne-ulqin\/\" \/>\n<meta property=\"og:site_name\" content=\"Lajme nga Ulqini\" \/>\n<meta property=\"article:published_time\" content=\"2013-11-13T07:36:10+00:00\" \/>\n<meta property=\"article:modified_time\" content=\"2013-11-13T07:39:10+00:00\" \/>\n<meta property=\"og:image\" content=\"https:\/\/www.visit-ulcinj.com\/blog\/wp-content\/uploads\/2013\/11\/Paula-D.-Royster-Africans-of-Ulcinj-1-150x150.jpg\" \/>\n<meta name=\"twitter:label1\" content=\"Written by\" \/>\n\t<meta name=\"twitter:data1\" content=\"ulqini\" \/>\n<script type=\"application\/ld+json\" class=\"yoast-schema-graph\">{\"@context\":\"https:\/\/schema.org\",\"@graph\":[{\"@type\":\"WebSite\",\"@id\":\"https:\/\/www.visit-ulcinj.com\/blog\/#website\",\"url\":\"https:\/\/www.visit-ulcinj.com\/blog\/\",\"name\":\"Lajme nga Ulqini\",\"description\":\"Lajme,Vijesti,Ulqini,Ulqin,Crna Gora,Mali i Zi\",\"potentialAction\":[{\"@type\":\"SearchAction\",\"target\":{\"@type\":\"EntryPoint\",\"urlTemplate\":\"https:\/\/www.visit-ulcinj.com\/blog\/?s={search_term_string}\"},\"query-input\":\"required name=search_term_string\"}],\"inLanguage\":\"en-US\"},{\"@type\":\"ImageObject\",\"inLanguage\":\"en-US\",\"@id\":\"https:\/\/www.visit-ulcinj.com\/blog\/2013\/11\/13\/paula-d-royster-takohet-anetaret-e-familjeve-afrikane-ne-ulqin\/#primaryimage\",\"url\":\"https:\/\/www.visit-ulcinj.com\/blog\/wp-content\/uploads\/2013\/11\/Paula-D.-Royster-Africans-of-Ulcinj.jpg\",\"contentUrl\":\"https:\/\/www.visit-ulcinj.com\/blog\/wp-content\/uploads\/2013\/11\/Paula-D.-Royster-Africans-of-Ulcinj.jpg\",\"width\":960,\"height\":575},{\"@type\":\"WebPage\",\"@id\":\"https:\/\/www.visit-ulcinj.com\/blog\/2013\/11\/13\/paula-d-royster-takohet-anetaret-e-familjeve-afrikane-ne-ulqin\/#webpage\",\"url\":\"https:\/\/www.visit-ulcinj.com\/blog\/2013\/11\/13\/paula-d-royster-takohet-anetaret-e-familjeve-afrikane-ne-ulqin\/\",\"name\":\"Paula D. Royster takohet me an\u00ebtar\u00ebt e familjeve afrikane n\u00eb Ulqin + Foto - Lajme nga Ulqini\",\"isPartOf\":{\"@id\":\"https:\/\/www.visit-ulcinj.com\/blog\/#website\"},\"primaryImageOfPage\":{\"@id\":\"https:\/\/www.visit-ulcinj.com\/blog\/2013\/11\/13\/paula-d-royster-takohet-anetaret-e-familjeve-afrikane-ne-ulqin\/#primaryimage\"},\"datePublished\":\"2013-11-13T07:36:10+00:00\",\"dateModified\":\"2013-11-13T07:39:10+00:00\",\"author\":{\"@id\":\"https:\/\/www.visit-ulcinj.com\/blog\/#\/schema\/person\/dcab619c614d3038751c63bc2aadc06d\"},\"description\":\"Zonja Royster dje u takua me an\u00ebtar\u00ebt e familjeve afrikane q\u00eb ende jetojn\u00eb n\u00eb Ulqin, ku bashk\u00ebbisedoj\u00eb me gazetarin e njohur t\u00eb Ulqinit z.Mustaf Canken,\",\"breadcrumb\":{\"@id\":\"https:\/\/www.visit-ulcinj.com\/blog\/2013\/11\/13\/paula-d-royster-takohet-anetaret-e-familjeve-afrikane-ne-ulqin\/#breadcrumb\"},\"inLanguage\":\"en-US\",\"potentialAction\":[{\"@type\":\"ReadAction\",\"target\":[\"https:\/\/www.visit-ulcinj.com\/blog\/2013\/11\/13\/paula-d-royster-takohet-anetaret-e-familjeve-afrikane-ne-ulqin\/\"]}]},{\"@type\":\"BreadcrumbList\",\"@id\":\"https:\/\/www.visit-ulcinj.com\/blog\/2013\/11\/13\/paula-d-royster-takohet-anetaret-e-familjeve-afrikane-ne-ulqin\/#breadcrumb\",\"itemListElement\":[{\"@type\":\"ListItem\",\"position\":1,\"name\":\"Paula D. Royster takohet me an\u00ebtar\u00ebt e familjeve afrikane n\u00eb Ulqin + Foto\"}]},{\"@type\":\"Person\",\"@id\":\"https:\/\/www.visit-ulcinj.com\/blog\/#\/schema\/person\/dcab619c614d3038751c63bc2aadc06d\",\"name\":\"ulqini\",\"sameAs\":[\"http:\/\/www.visit-ulcinj.com\"],\"url\":\"https:\/\/www.visit-ulcinj.com\/blog\/author\/admin\/\"}]}<\/script>\n<!-- \/ Yoast SEO plugin. -->","yoast_head_json":{"title":"Paula D. Royster takohet me an\u00ebtar\u00ebt e familjeve afrikane n\u00eb Ulqin + Foto - Lajme nga Ulqini","description":"Zonja Royster dje u takua me an\u00ebtar\u00ebt e familjeve afrikane q\u00eb ende jetojn\u00eb n\u00eb Ulqin, ku bashk\u00ebbisedoj\u00eb me gazetarin e njohur t\u00eb Ulqinit z.Mustaf Canken,","robots":{"index":"index","follow":"follow","max-snippet":"max-snippet:-1","max-image-preview":"max-image-preview:large","max-video-preview":"max-video-preview:-1"},"canonical":"https:\/\/www.visit-ulcinj.com\/blog\/2013\/11\/13\/paula-d-royster-takohet-anetaret-e-familjeve-afrikane-ne-ulqin\/","og_locale":"en_US","og_type":"article","og_title":"Paula D. Royster takohet me an\u00ebtar\u00ebt e familjeve afrikane n\u00eb Ulqin + Foto - Lajme nga Ulqini","og_description":"Zonja Royster dje u takua me an\u00ebtar\u00ebt e familjeve afrikane q\u00eb ende jetojn\u00eb n\u00eb Ulqin, ku bashk\u00ebbisedoj\u00eb me gazetarin e njohur t\u00eb Ulqinit z.Mustaf Canken,","og_url":"https:\/\/www.visit-ulcinj.com\/blog\/2013\/11\/13\/paula-d-royster-takohet-anetaret-e-familjeve-afrikane-ne-ulqin\/","og_site_name":"Lajme nga Ulqini","article_published_time":"2013-11-13T07:36:10+00:00","article_modified_time":"2013-11-13T07:39:10+00:00","og_image":[{"url":"https:\/\/www.visit-ulcinj.com\/blog\/wp-content\/uploads\/2013\/11\/Paula-D.-Royster-Africans-of-Ulcinj-1-150x150.jpg"}],"twitter_misc":{"Written by":"ulqini"},"schema":{"@context":"https:\/\/schema.org","@graph":[{"@type":"WebSite","@id":"https:\/\/www.visit-ulcinj.com\/blog\/#website","url":"https:\/\/www.visit-ulcinj.com\/blog\/","name":"Lajme nga Ulqini","description":"Lajme,Vijesti,Ulqini,Ulqin,Crna Gora,Mali i Zi","potentialAction":[{"@type":"SearchAction","target":{"@type":"EntryPoint","urlTemplate":"https:\/\/www.visit-ulcinj.com\/blog\/?s={search_term_string}"},"query-input":"required name=search_term_string"}],"inLanguage":"en-US"},{"@type":"ImageObject","inLanguage":"en-US","@id":"https:\/\/www.visit-ulcinj.com\/blog\/2013\/11\/13\/paula-d-royster-takohet-anetaret-e-familjeve-afrikane-ne-ulqin\/#primaryimage","url":"https:\/\/www.visit-ulcinj.com\/blog\/wp-content\/uploads\/2013\/11\/Paula-D.-Royster-Africans-of-Ulcinj.jpg","contentUrl":"https:\/\/www.visit-ulcinj.com\/blog\/wp-content\/uploads\/2013\/11\/Paula-D.-Royster-Africans-of-Ulcinj.jpg","width":960,"height":575},{"@type":"WebPage","@id":"https:\/\/www.visit-ulcinj.com\/blog\/2013\/11\/13\/paula-d-royster-takohet-anetaret-e-familjeve-afrikane-ne-ulqin\/#webpage","url":"https:\/\/www.visit-ulcinj.com\/blog\/2013\/11\/13\/paula-d-royster-takohet-anetaret-e-familjeve-afrikane-ne-ulqin\/","name":"Paula D. Royster takohet me an\u00ebtar\u00ebt e familjeve afrikane n\u00eb Ulqin + Foto - Lajme nga Ulqini","isPartOf":{"@id":"https:\/\/www.visit-ulcinj.com\/blog\/#website"},"primaryImageOfPage":{"@id":"https:\/\/www.visit-ulcinj.com\/blog\/2013\/11\/13\/paula-d-royster-takohet-anetaret-e-familjeve-afrikane-ne-ulqin\/#primaryimage"},"datePublished":"2013-11-13T07:36:10+00:00","dateModified":"2013-11-13T07:39:10+00:00","author":{"@id":"https:\/\/www.visit-ulcinj.com\/blog\/#\/schema\/person\/dcab619c614d3038751c63bc2aadc06d"},"description":"Zonja Royster dje u takua me an\u00ebtar\u00ebt e familjeve afrikane q\u00eb ende jetojn\u00eb n\u00eb Ulqin, ku bashk\u00ebbisedoj\u00eb me gazetarin e njohur t\u00eb Ulqinit z.Mustaf Canken,","breadcrumb":{"@id":"https:\/\/www.visit-ulcinj.com\/blog\/2013\/11\/13\/paula-d-royster-takohet-anetaret-e-familjeve-afrikane-ne-ulqin\/#breadcrumb"},"inLanguage":"en-US","potentialAction":[{"@type":"ReadAction","target":["https:\/\/www.visit-ulcinj.com\/blog\/2013\/11\/13\/paula-d-royster-takohet-anetaret-e-familjeve-afrikane-ne-ulqin\/"]}]},{"@type":"BreadcrumbList","@id":"https:\/\/www.visit-ulcinj.com\/blog\/2013\/11\/13\/paula-d-royster-takohet-anetaret-e-familjeve-afrikane-ne-ulqin\/#breadcrumb","itemListElement":[{"@type":"ListItem","position":1,"name":"Paula D. Royster takohet me an\u00ebtar\u00ebt e familjeve afrikane n\u00eb Ulqin + Foto"}]},{"@type":"Person","@id":"https:\/\/www.visit-ulcinj.com\/blog\/#\/schema\/person\/dcab619c614d3038751c63bc2aadc06d","name":"ulqini","sameAs":["http:\/\/www.visit-ulcinj.com"],"url":"https:\/\/www.visit-ulcinj.com\/blog\/author\/admin\/"}]}},"jetpack_featured_media_url":"","jetpack_sharing_enabled":true,"jetpack_shortlink":"https:\/\/wp.me\/pe6lTn-jO7","_links":{"self":[{"href":"https:\/\/www.visit-ulcinj.com\/blog\/wp-json\/wp\/v2\/posts\/76143"}],"collection":[{"href":"https:\/\/www.visit-ulcinj.com\/blog\/wp-json\/wp\/v2\/posts"}],"about":[{"href":"https:\/\/www.visit-ulcinj.com\/blog\/wp-json\/wp\/v2\/types\/post"}],"author":[{"embeddable":true,"href":"https:\/\/www.visit-ulcinj.com\/blog\/wp-json\/wp\/v2\/users\/1"}],"replies":[{"embeddable":true,"href":"https:\/\/www.visit-ulcinj.com\/blog\/wp-json\/wp\/v2\/comments?post=76143"}],"version-history":[{"count":3,"href":"https:\/\/www.visit-ulcinj.com\/blog\/wp-json\/wp\/v2\/posts\/76143\/revisions"}],"predecessor-version":[{"id":76157,"href":"https:\/\/www.visit-ulcinj.com\/blog\/wp-json\/wp\/v2\/posts\/76143\/revisions\/76157"}],"wp:attachment":[{"href":"https:\/\/www.visit-ulcinj.com\/blog\/wp-json\/wp\/v2\/media?parent=76143"}],"wp:term":[{"taxonomy":"category","embeddable":true,"href":"https:\/\/www.visit-ulcinj.com\/blog\/wp-json\/wp\/v2\/categories?post=76143"},{"taxonomy":"post_tag","embeddable":true,"href":"https:\/\/www.visit-ulcinj.com\/blog\/wp-json\/wp\/v2\/tags?post=76143"}],"curies":[{"name":"wp","href":"https:\/\/api.w.org\/{rel}","templated":true}]}}