{"id":76158,"date":"2013-11-13T21:23:09","date_gmt":"2013-11-13T20:23:09","guid":{"rendered":"http:\/\/www.visit-ulcinj.com\/blog\/?p=76158"},"modified":"2013-11-13T21:24:44","modified_gmt":"2013-11-13T20:24:44","slug":"odbornici-ulcinj-jednoglasno-skratili-mandat-lokalnom-parlamentu","status":"publish","type":"post","link":"https:\/\/www.visit-ulcinj.com\/blog\/2013\/11\/13\/odbornici-ulcinj-jednoglasno-skratili-mandat-lokalnom-parlamentu\/","title":{"rendered":"Odbornici SO Ulcinj jednoglasno skratili mandat lokalnom parlamentu"},"content":{"rendered":"<p><strong><a href=\"http:\/\/www.visit-ulcinj.com\/blog\/wp-content\/uploads\/2013\/11\/NAZIF-CUNGU-skupstina-ulcinj.jpg\"><img loading=\"lazy\" class=\"alignleft  wp-image-76159\" alt=\"NAZIF-CUNGU-skupstina-ulcinj\" src=\"http:\/\/www.visit-ulcinj.com\/blog\/wp-content\/uploads\/2013\/11\/NAZIF-CUNGU-skupstina-ulcinj.jpg\" width=\"508\" height=\"360\" \/><\/a>Izbori do februara<\/strong><\/p>\n<p>ULCINj- Jednoglasnom odlukom, odbornici SO Ulcinj skratili su sino\u0107 mandat lokalnom parlamentu i na taj na\u010din omogu\u0107ili predsjedniku Crne Gore Filipu Vujanovi\u0107u da najkasnije za po\u010detak februara zaka\u017ee prijevremene lokalne izbore u najju\u017enijoj crnogorskoj op\u0161tini. Inicijativu za skra\u0107enje mandata podnio je DPS na poslednjem kolegijumu predsjednika skup\u0161tine, a svojim potpisima podr\u017eao je 21 odbornik opozicije i pozicije iz svih odborni\u010dkih klubova. Predsjednik OO DPS-a Ulcinj Ljoro Nreki\u0107 ju\u010de je u obrazlo\u017eenju zahtjeva naveo da lokalnu vlast u Ulcinju karakteri\u0161u birokratska sporost, nedovoljno sna\u017ena saradnja, neefikasna primjena zakona, nedostatak planske dokumentacije, neadekvatna ulaganja u odr\u017eivi razvoj, neiskori\u0161\u0107enost resursa, pove\u0107anje nezaposenosti, pad \u017eivotnog standarda gra\u0111ana, veliki javni rashodi\u2026<br \/>\nMaratonsku sjednicu, koja je trajala gotovo osam \u010dasova, obilje\u017eila je \u017eustra rasprava, a glavna meta svih napada i kritika bila je Nova demokratska snaga Forca i njen lider Nazif Cungu koji su imenovani kao glavni krivci \u0161to lokalna vlast ne funkcioni\u0161e gotovo \u010detiri mjeseca. Predsjednik DUA Mehmet Zenka podsjetio je da je ta partija jo\u0161 prije dvije godine upozoravala da ne mo\u017ee biti usje\u0161na vlast koja nije formirana na osnovu izborne volje gra\u0111ana.<br \/>\n\u2013Bili smo u pravu, iako nam mnogi nijesu vjerovali. Uprkos tome bili smo konstruktivna opozicija spremni da pomognemo kada su u pitanju odluke u interesu gra\u0111ana. Taj interes vama nije bio ideja vodilja. Va\u0161u vladavinu karakteri\u0161u lo\u0161a administracija, pove\u0107anje dugova Op\u0161tine, smanjenje plata koje ste umanjili za 60 odsto, nezaposlenost i nekori\u0161\u0107enje resursa. Sve investicije su vam saobra\u0107ajni znakovi i dva kru\u017ena toka. Prevarili ste gra\u0111ane za Morsko dobro i Valdanos. Ali, ja vam opra\u0161tam, jer ste sve to priznali potpisav\u0161i inicijativu. Zato \u0107e DUA poodr\u017eati skra\u0107enje mandata &#8211; kazao je Zenka.<br \/>\nPredsjednik Koalicije \u201eBolji Ulcinj, bolja Crna Gora\u201c Andrija \u0106etkovi\u0107 (SNP) ocijenio je da odlaze\u0107a vlast zaslu\u017euje naj\u017ee\u0161\u0107e kritike, jer nije radila u skladu sa zakonskim propisima.<br \/>\n-Ovo nije samo puka kritika, jer se ovo \u0161to ste vi radili ne smije ponoviti. U ovom gradu se predugo toleri\u0161e nezakonito postupanje, pa je krajnje vrijeme da se s tim prekine i da kona\u010dno u\u0111emo u normalne tokove gdje \u0107e nezakonit rad, nepotizam, dvojne ar\u0161ine i selektivnost smijeniti marljivost, znanje i odgovoran rad, kazao je \u0106etkovi\u0107.<\/p>\n<p><a href=\"http:\/\/www.visit-ulcinj.com\/blog\/wp-content\/uploads\/2013\/11\/Odbornici-skupstine-ulcinj.jpg\"><img loading=\"lazy\" class=\"alignleft  wp-image-76160\" alt=\"Odbornici-skupstine-ulcinj\" src=\"http:\/\/www.visit-ulcinj.com\/blog\/wp-content\/uploads\/2013\/11\/Odbornici-skupstine-ulcinj.jpg\" width=\"508\" height=\"360\" \/><\/a><br \/>\nOn je naveo brojne primjere nezakonitosti, poput enormnog zapo\u0161ljavanja pred izbore, zloupotrebe sredstava za politi\u010dke promocije, selektivne podjele plata, velikih dugovanjima zaposlenima posebno u javnim preduze\u0107ima poput \u201eVodovoda\u201c.<br \/>\nPredsjednik odborni\u010dkog kluba Force Fuad Had\u017eibeti na napade iz opozicionih, ali i pozicionih klupa odgovorio je konstatacijom da je ve\u0107 po\u010dela izborna kampanja. Njegov kolega Genci Nimanbegu ocijenio je da je uprkos svemu vlast za poslednje dvije godine uradila mnogo.<br \/>\n-Ako ni\u0161ta drugo, bolji smo od prethodne vlasti, jer smo iskorijenili korupciju, smanjili dugove, pobolj\u0161ali javni sektor i u kona\u010dnom imamo predsjednika koji je mnogo bolje radio od svog prethodnika- kazao je Nimanbegu, dodaju\u0107i da svaka vlast ima svoje probleme.<br \/>\n\u2013Mi u vladaju\u0107oj koaliciji nijesmo uspjeli da prevazi\u0111emo te probleme i zato je najbolje da mandat vratimo gra\u0111anima, rekao je Nimanbegu, optu\u017eiv\u0161i DP, sa kojom su u koaliciji, da su tokom 2012. godine konstatno poku\u0161avali da s DPS-om naprave dil i smijene Cungua kako bi na njegovo mjesto postavili svog lidera Fatmira \u0110eku. Za DP osnovni uzrok raspada vladaju\u0107e koalicije je ignorantski odnos Force prema ostalim koalicionim partnerima (DP, Perspektiva, SDP) i minimiziranje dostignu\u0107a resora koji su podjelom vlasti pripali tim strankama.<br \/>\n\u2013Ispada da niko osim Force ni\u0161ta nije radio. Sve ovo vrijeme isticali ste u prvi plan samo doprinos va\u0161ih funkcionera i kadrova u vlasti. Nikoga nijeste ni\u0161ta pitali, ni konsultovali i niko vam nije po volji. Puni ste sebe i zaboravili ste kako ste do\u0161li do vlasti. U\u0161li ste kroz prozor, a izlazite na vrata, rekao je Astrit Kurti.<br \/>\nDa je lo\u0161 odnos me\u0111u Force prema \u010dlanicama koalicije doprinio politi\u010dkom razlazu vladaju\u0107e garniture, konstatovao je i odbornik SDP-a Skender Elezagi\u0107 koji je predsjednika Op\u0161tine Nazifa Cungua optu\u017eio da je izbjegavanjem da polo\u017ei ra\u010dune o svom radu izazvao blokadu rada lokalnog parlamenta.<br \/>\n-Onog momenta kada je nakon podno\u0161enja izvje\u0161taja o njegovom radu prekinuta sjednica bilo je jasno da ona vi\u0161e ne\u0107e biti nastavljena. Cungu je znao da nema podr\u0161ku za izvje\u0161taj i mi smo na to od samog po\u010detka upozoravali- rekao je Elezagi\u0107.<br \/>\n<strong>M.K.<\/strong><\/p>\n<p><strong>Izvor: DAN<\/strong><\/p>\n<p><strong>VIDEO &#8211; TVCG<\/strong><\/p>\n<!--YouTube Error: bad URL entered-->\n","protected":false},"excerpt":{"rendered":"<p>Izbori do februara ULCINj- Jednoglasnom odlukom, odbornici SO Ulcinj skratili su sino\u0107 mandat lokalnom parlamentu i na taj na\u010din omogu\u0107ili predsjedniku Crne Gore Filipu Vujanovi\u0107u da najkasnije za po\u010detak februara zaka\u017ee prijevremene lokalne izbore u najju\u017enijoj crnogorskoj op\u0161tini. Inicijativu za skra\u0107enje mandata podnio je DPS na poslednjem kolegijumu predsjednika skup\u0161tine, a svojim potpisima podr\u017eao je [&hellip;]<\/p>\n","protected":false},"author":1,"featured_media":0,"comment_status":"closed","ping_status":"closed","sticky":false,"template":"","format":"standard","meta":{"spay_email":"","jetpack_publicize_message":"","jetpack_is_tweetstorm":false,"jetpack_publicize_feature_enabled":true},"categories":[8337],"tags":[],"jetpack_publicize_connections":[],"yoast_head":"<!-- This site is optimized with the Yoast SEO plugin v19.1 - https:\/\/yoast.com\/wordpress\/plugins\/seo\/ -->\n<title>Odbornici SO Ulcinj jednoglasno skratili mandat lokalnom parlamentu - Lajme nga Ulqini<\/title>\n<meta name=\"description\" content=\"Izbori do februara ULCINj- Jednoglasnom odlukom, odbornici SO Ulcinj skratili su sino\u0107 mandat lokalnom parlamentu i na taj na\u010din omogu\u0107ili predsjedniku\" \/>\n<meta name=\"robots\" content=\"index, follow, max-snippet:-1, max-image-preview:large, max-video-preview:-1\" \/>\n<link rel=\"canonical\" href=\"https:\/\/www.visit-ulcinj.com\/blog\/2013\/11\/13\/odbornici-ulcinj-jednoglasno-skratili-mandat-lokalnom-parlamentu\/\" \/>\n<meta property=\"og:locale\" content=\"en_US\" \/>\n<meta property=\"og:type\" content=\"article\" \/>\n<meta property=\"og:title\" content=\"Odbornici SO Ulcinj jednoglasno skratili mandat lokalnom parlamentu - Lajme nga Ulqini\" \/>\n<meta property=\"og:description\" content=\"Izbori do februara ULCINj- Jednoglasnom odlukom, odbornici SO Ulcinj skratili su sino\u0107 mandat lokalnom parlamentu i na taj na\u010din omogu\u0107ili predsjedniku\" \/>\n<meta property=\"og:url\" content=\"https:\/\/www.visit-ulcinj.com\/blog\/2013\/11\/13\/odbornici-ulcinj-jednoglasno-skratili-mandat-lokalnom-parlamentu\/\" \/>\n<meta property=\"og:site_name\" content=\"Lajme nga Ulqini\" \/>\n<meta property=\"article:published_time\" content=\"2013-11-13T20:23:09+00:00\" \/>\n<meta property=\"article:modified_time\" content=\"2013-11-13T20:24:44+00:00\" \/>\n<meta property=\"og:image\" content=\"http:\/\/www.visit-ulcinj.com\/blog\/wp-content\/uploads\/2013\/11\/NAZIF-CUNGU-skupstina-ulcinj.jpg\" \/>\n<meta name=\"twitter:label1\" content=\"Written by\" \/>\n\t<meta name=\"twitter:data1\" content=\"ulqini\" \/>\n\t<meta name=\"twitter:label2\" content=\"Est. reading time\" \/>\n\t<meta name=\"twitter:data2\" content=\"4 minutes\" \/>\n<script type=\"application\/ld+json\" class=\"yoast-schema-graph\">{\"@context\":\"https:\/\/schema.org\",\"@graph\":[{\"@type\":\"WebSite\",\"@id\":\"https:\/\/www.visit-ulcinj.com\/blog\/#website\",\"url\":\"https:\/\/www.visit-ulcinj.com\/blog\/\",\"name\":\"Lajme nga Ulqini\",\"description\":\"Lajme,Vijesti,Ulqini,Ulqin,Crna Gora,Mali i Zi\",\"potentialAction\":[{\"@type\":\"SearchAction\",\"target\":{\"@type\":\"EntryPoint\",\"urlTemplate\":\"https:\/\/www.visit-ulcinj.com\/blog\/?s={search_term_string}\"},\"query-input\":\"required name=search_term_string\"}],\"inLanguage\":\"en-US\"},{\"@type\":\"ImageObject\",\"inLanguage\":\"en-US\",\"@id\":\"https:\/\/www.visit-ulcinj.com\/blog\/2013\/11\/13\/odbornici-ulcinj-jednoglasno-skratili-mandat-lokalnom-parlamentu\/#primaryimage\",\"url\":\"https:\/\/www.visit-ulcinj.com\/blog\/wp-content\/uploads\/2013\/11\/NAZIF-CUNGU-skupstina-ulcinj.jpg\",\"contentUrl\":\"https:\/\/www.visit-ulcinj.com\/blog\/wp-content\/uploads\/2013\/11\/NAZIF-CUNGU-skupstina-ulcinj.jpg\",\"width\":720,\"height\":480},{\"@type\":\"WebPage\",\"@id\":\"https:\/\/www.visit-ulcinj.com\/blog\/2013\/11\/13\/odbornici-ulcinj-jednoglasno-skratili-mandat-lokalnom-parlamentu\/#webpage\",\"url\":\"https:\/\/www.visit-ulcinj.com\/blog\/2013\/11\/13\/odbornici-ulcinj-jednoglasno-skratili-mandat-lokalnom-parlamentu\/\",\"name\":\"Odbornici SO Ulcinj jednoglasno skratili mandat lokalnom parlamentu - Lajme nga Ulqini\",\"isPartOf\":{\"@id\":\"https:\/\/www.visit-ulcinj.com\/blog\/#website\"},\"primaryImageOfPage\":{\"@id\":\"https:\/\/www.visit-ulcinj.com\/blog\/2013\/11\/13\/odbornici-ulcinj-jednoglasno-skratili-mandat-lokalnom-parlamentu\/#primaryimage\"},\"datePublished\":\"2013-11-13T20:23:09+00:00\",\"dateModified\":\"2013-11-13T20:24:44+00:00\",\"author\":{\"@id\":\"https:\/\/www.visit-ulcinj.com\/blog\/#\/schema\/person\/dcab619c614d3038751c63bc2aadc06d\"},\"description\":\"Izbori do februara ULCINj- Jednoglasnom odlukom, odbornici SO Ulcinj skratili su sino\u0107 mandat lokalnom parlamentu i na taj na\u010din omogu\u0107ili predsjedniku\",\"breadcrumb\":{\"@id\":\"https:\/\/www.visit-ulcinj.com\/blog\/2013\/11\/13\/odbornici-ulcinj-jednoglasno-skratili-mandat-lokalnom-parlamentu\/#breadcrumb\"},\"inLanguage\":\"en-US\",\"potentialAction\":[{\"@type\":\"ReadAction\",\"target\":[\"https:\/\/www.visit-ulcinj.com\/blog\/2013\/11\/13\/odbornici-ulcinj-jednoglasno-skratili-mandat-lokalnom-parlamentu\/\"]}]},{\"@type\":\"BreadcrumbList\",\"@id\":\"https:\/\/www.visit-ulcinj.com\/blog\/2013\/11\/13\/odbornici-ulcinj-jednoglasno-skratili-mandat-lokalnom-parlamentu\/#breadcrumb\",\"itemListElement\":[{\"@type\":\"ListItem\",\"position\":1,\"name\":\"Odbornici SO Ulcinj jednoglasno skratili mandat lokalnom parlamentu\"}]},{\"@type\":\"Person\",\"@id\":\"https:\/\/www.visit-ulcinj.com\/blog\/#\/schema\/person\/dcab619c614d3038751c63bc2aadc06d\",\"name\":\"ulqini\",\"sameAs\":[\"http:\/\/www.visit-ulcinj.com\"],\"url\":\"https:\/\/www.visit-ulcinj.com\/blog\/author\/admin\/\"}]}<\/script>\n<!-- \/ Yoast SEO plugin. -->","yoast_head_json":{"title":"Odbornici SO Ulcinj jednoglasno skratili mandat lokalnom parlamentu - Lajme nga Ulqini","description":"Izbori do februara ULCINj- Jednoglasnom odlukom, odbornici SO Ulcinj skratili su sino\u0107 mandat lokalnom parlamentu i na taj na\u010din omogu\u0107ili predsjedniku","robots":{"index":"index","follow":"follow","max-snippet":"max-snippet:-1","max-image-preview":"max-image-preview:large","max-video-preview":"max-video-preview:-1"},"canonical":"https:\/\/www.visit-ulcinj.com\/blog\/2013\/11\/13\/odbornici-ulcinj-jednoglasno-skratili-mandat-lokalnom-parlamentu\/","og_locale":"en_US","og_type":"article","og_title":"Odbornici SO Ulcinj jednoglasno skratili mandat lokalnom parlamentu - Lajme nga Ulqini","og_description":"Izbori do februara ULCINj- Jednoglasnom odlukom, odbornici SO Ulcinj skratili su sino\u0107 mandat lokalnom parlamentu i na taj na\u010din omogu\u0107ili predsjedniku","og_url":"https:\/\/www.visit-ulcinj.com\/blog\/2013\/11\/13\/odbornici-ulcinj-jednoglasno-skratili-mandat-lokalnom-parlamentu\/","og_site_name":"Lajme nga Ulqini","article_published_time":"2013-11-13T20:23:09+00:00","article_modified_time":"2013-11-13T20:24:44+00:00","og_image":[{"url":"http:\/\/www.visit-ulcinj.com\/blog\/wp-content\/uploads\/2013\/11\/NAZIF-CUNGU-skupstina-ulcinj.jpg"}],"twitter_misc":{"Written by":"ulqini","Est. reading time":"4 minutes"},"schema":{"@context":"https:\/\/schema.org","@graph":[{"@type":"WebSite","@id":"https:\/\/www.visit-ulcinj.com\/blog\/#website","url":"https:\/\/www.visit-ulcinj.com\/blog\/","name":"Lajme nga Ulqini","description":"Lajme,Vijesti,Ulqini,Ulqin,Crna Gora,Mali i Zi","potentialAction":[{"@type":"SearchAction","target":{"@type":"EntryPoint","urlTemplate":"https:\/\/www.visit-ulcinj.com\/blog\/?s={search_term_string}"},"query-input":"required name=search_term_string"}],"inLanguage":"en-US"},{"@type":"ImageObject","inLanguage":"en-US","@id":"https:\/\/www.visit-ulcinj.com\/blog\/2013\/11\/13\/odbornici-ulcinj-jednoglasno-skratili-mandat-lokalnom-parlamentu\/#primaryimage","url":"https:\/\/www.visit-ulcinj.com\/blog\/wp-content\/uploads\/2013\/11\/NAZIF-CUNGU-skupstina-ulcinj.jpg","contentUrl":"https:\/\/www.visit-ulcinj.com\/blog\/wp-content\/uploads\/2013\/11\/NAZIF-CUNGU-skupstina-ulcinj.jpg","width":720,"height":480},{"@type":"WebPage","@id":"https:\/\/www.visit-ulcinj.com\/blog\/2013\/11\/13\/odbornici-ulcinj-jednoglasno-skratili-mandat-lokalnom-parlamentu\/#webpage","url":"https:\/\/www.visit-ulcinj.com\/blog\/2013\/11\/13\/odbornici-ulcinj-jednoglasno-skratili-mandat-lokalnom-parlamentu\/","name":"Odbornici SO Ulcinj jednoglasno skratili mandat lokalnom parlamentu - Lajme nga Ulqini","isPartOf":{"@id":"https:\/\/www.visit-ulcinj.com\/blog\/#website"},"primaryImageOfPage":{"@id":"https:\/\/www.visit-ulcinj.com\/blog\/2013\/11\/13\/odbornici-ulcinj-jednoglasno-skratili-mandat-lokalnom-parlamentu\/#primaryimage"},"datePublished":"2013-11-13T20:23:09+00:00","dateModified":"2013-11-13T20:24:44+00:00","author":{"@id":"https:\/\/www.visit-ulcinj.com\/blog\/#\/schema\/person\/dcab619c614d3038751c63bc2aadc06d"},"description":"Izbori do februara ULCINj- Jednoglasnom odlukom, odbornici SO Ulcinj skratili su sino\u0107 mandat lokalnom parlamentu i na taj na\u010din omogu\u0107ili predsjedniku","breadcrumb":{"@id":"https:\/\/www.visit-ulcinj.com\/blog\/2013\/11\/13\/odbornici-ulcinj-jednoglasno-skratili-mandat-lokalnom-parlamentu\/#breadcrumb"},"inLanguage":"en-US","potentialAction":[{"@type":"ReadAction","target":["https:\/\/www.visit-ulcinj.com\/blog\/2013\/11\/13\/odbornici-ulcinj-jednoglasno-skratili-mandat-lokalnom-parlamentu\/"]}]},{"@type":"BreadcrumbList","@id":"https:\/\/www.visit-ulcinj.com\/blog\/2013\/11\/13\/odbornici-ulcinj-jednoglasno-skratili-mandat-lokalnom-parlamentu\/#breadcrumb","itemListElement":[{"@type":"ListItem","position":1,"name":"Odbornici SO Ulcinj jednoglasno skratili mandat lokalnom parlamentu"}]},{"@type":"Person","@id":"https:\/\/www.visit-ulcinj.com\/blog\/#\/schema\/person\/dcab619c614d3038751c63bc2aadc06d","name":"ulqini","sameAs":["http:\/\/www.visit-ulcinj.com"],"url":"https:\/\/www.visit-ulcinj.com\/blog\/author\/admin\/"}]}},"jetpack_featured_media_url":"","jetpack_sharing_enabled":true,"jetpack_shortlink":"https:\/\/wp.me\/pe6lTn-jOm","_links":{"self":[{"href":"https:\/\/www.visit-ulcinj.com\/blog\/wp-json\/wp\/v2\/posts\/76158"}],"collection":[{"href":"https:\/\/www.visit-ulcinj.com\/blog\/wp-json\/wp\/v2\/posts"}],"about":[{"href":"https:\/\/www.visit-ulcinj.com\/blog\/wp-json\/wp\/v2\/types\/post"}],"author":[{"embeddable":true,"href":"https:\/\/www.visit-ulcinj.com\/blog\/wp-json\/wp\/v2\/users\/1"}],"replies":[{"embeddable":true,"href":"https:\/\/www.visit-ulcinj.com\/blog\/wp-json\/wp\/v2\/comments?post=76158"}],"version-history":[{"count":3,"href":"https:\/\/www.visit-ulcinj.com\/blog\/wp-json\/wp\/v2\/posts\/76158\/revisions"}],"predecessor-version":[{"id":76163,"href":"https:\/\/www.visit-ulcinj.com\/blog\/wp-json\/wp\/v2\/posts\/76158\/revisions\/76163"}],"wp:attachment":[{"href":"https:\/\/www.visit-ulcinj.com\/blog\/wp-json\/wp\/v2\/media?parent=76158"}],"wp:term":[{"taxonomy":"category","embeddable":true,"href":"https:\/\/www.visit-ulcinj.com\/blog\/wp-json\/wp\/v2\/categories?post=76158"},{"taxonomy":"post_tag","embeddable":true,"href":"https:\/\/www.visit-ulcinj.com\/blog\/wp-json\/wp\/v2\/tags?post=76158"}],"curies":[{"name":"wp","href":"https:\/\/api.w.org\/{rel}","templated":true}]}}