{"id":76167,"date":"2013-11-13T21:38:20","date_gmt":"2013-11-13T20:38:20","guid":{"rendered":"http:\/\/www.visit-ulcinj.com\/blog\/?p=76167"},"modified":"2013-11-14T09:50:27","modified_gmt":"2013-11-14T08:50:27","slug":"dps-odbio-da-raspravlja-o-cunguovoj-smjeni","status":"publish","type":"post","link":"https:\/\/www.visit-ulcinj.com\/blog\/2013\/11\/13\/dps-odbio-da-raspravlja-o-cunguovoj-smjeni\/","title":{"rendered":"DPS odbio da raspravlja o Cunguovoj smjeni"},"content":{"rendered":"<p><a href=\"http:\/\/www.visit-ulcinj.com\/blog\/wp-content\/uploads\/2013\/05\/Ulqini-adhuron-Gjukanoviqin.14.jpg\"><img loading=\"lazy\" class=\"alignleft  wp-image-71648\" alt=\"Ulqini adhuron Gjukanoviqin.14\" src=\"http:\/\/www.visit-ulcinj.com\/blog\/wp-content\/uploads\/2013\/05\/Ulqini-adhuron-Gjukanoviqin.14.jpg\" width=\"508\" height=\"360\" \/><\/a>Iako su najavljivali da ne\u0107e do\u0107i na redovnu sjednicu koja je prethodila vanrednom zasjedanju i da ne\u0107e praviti kvorum opoziciji, odbornici DPS-a su se pojavili u skup\u0161tinskim klupama. Ipak, ta partija nije prihvatila da se raspravlja o povjerenju predsjedniku op\u0161tine, odnosno njegovoj smjeni, koju je prije desetak dana na kolegijumu predsjednika skup\u0161tine predlo\u017eio Andrija \u0106etkovi\u0107 (SNP). DPS je branio svoju odluku obrazlo\u017eenjem da ih interesuje smjena vlasti za koju je re\u010deno da nije ispunila nijedno obe\u0107anje dato gra\u0111anima.<br \/>\n-Sve \u0161to mislimo o vlasti rekli smo u obrazlo\u017eenju inicijative za skra\u0107enje mandata, koju je potpisao 21 odbornik. Neka oni sami rje\u0161avaju ono \u0161to su zabrljali. Mi u to ne\u0107emo da se mije\u0161amo i nemojte da nama spo\u010ditavate kako branimo Forcu i Cungua, kazao je \u0161ef ulcinjskog DPS-a Ljoro Nreki\u0107. Odgovorio mu je Andrija \u0106etkovi\u0107 konstatuju\u0107i da je nezabilje\u017eeno u politi\u010dkoj praksi da jedna opoziciona partija ima priliku, a ne\u0107e da smijeni politi\u010dkog protivnika na vlasti.<br \/>\n-\u0160ta se krije iza toga vidje\u0107emo nakon izbora, rekao je \u0106etkovi\u0107 aludiraju\u0107i na mogu\u0107i postizborni savez Force i DPS-a.<\/p>\n<p><strong>Izvor: DAN<\/strong><\/p>\n","protected":false},"excerpt":{"rendered":"<p>Iako su najavljivali da ne\u0107e do\u0107i na redovnu sjednicu koja je prethodila vanrednom zasjedanju i da ne\u0107e praviti kvorum opoziciji, odbornici DPS-a su se pojavili u skup\u0161tinskim klupama. Ipak, ta partija nije prihvatila da se raspravlja o povjerenju predsjedniku op\u0161tine, odnosno njegovoj smjeni, koju je prije desetak dana na kolegijumu predsjednika skup\u0161tine predlo\u017eio Andrija \u0106etkovi\u0107 [&hellip;]<\/p>\n","protected":false},"author":1,"featured_media":0,"comment_status":"closed","ping_status":"closed","sticky":false,"template":"","format":"standard","meta":{"spay_email":"","jetpack_publicize_message":"","jetpack_is_tweetstorm":false,"jetpack_publicize_feature_enabled":true},"categories":[6950],"tags":[],"jetpack_publicize_connections":[],"yoast_head":"<!-- This site is optimized with the Yoast SEO plugin v19.1 - https:\/\/yoast.com\/wordpress\/plugins\/seo\/ -->\n<title>DPS odbio da raspravlja o Cunguovoj smjeni - Lajme nga Ulqini<\/title>\n<meta name=\"description\" content=\"Iako su najavljivali da ne\u0107e do\u0107i na redovnu sjednicu koja je prethodila vanrednom zasjedanju i da ne\u0107e praviti kvorum opoziciji, odbornici DPS-a su se\" \/>\n<meta name=\"robots\" content=\"index, follow, max-snippet:-1, max-image-preview:large, max-video-preview:-1\" \/>\n<link rel=\"canonical\" href=\"https:\/\/www.visit-ulcinj.com\/blog\/2013\/11\/13\/dps-odbio-da-raspravlja-o-cunguovoj-smjeni\/\" \/>\n<meta property=\"og:locale\" content=\"en_US\" \/>\n<meta property=\"og:type\" content=\"article\" \/>\n<meta property=\"og:title\" content=\"DPS odbio da raspravlja o Cunguovoj smjeni - Lajme nga Ulqini\" \/>\n<meta property=\"og:description\" content=\"Iako su najavljivali da ne\u0107e do\u0107i na redovnu sjednicu koja je prethodila vanrednom zasjedanju i da ne\u0107e praviti kvorum opoziciji, odbornici DPS-a su se\" \/>\n<meta property=\"og:url\" content=\"https:\/\/www.visit-ulcinj.com\/blog\/2013\/11\/13\/dps-odbio-da-raspravlja-o-cunguovoj-smjeni\/\" \/>\n<meta property=\"og:site_name\" content=\"Lajme nga Ulqini\" \/>\n<meta property=\"article:published_time\" content=\"2013-11-13T20:38:20+00:00\" \/>\n<meta property=\"article:modified_time\" content=\"2013-11-14T08:50:27+00:00\" \/>\n<meta property=\"og:image\" content=\"http:\/\/www.visit-ulcinj.com\/blog\/wp-content\/uploads\/2013\/05\/Ulqini-adhuron-Gjukanoviqin.14.jpg\" \/>\n<meta name=\"twitter:label1\" content=\"Written by\" \/>\n\t<meta name=\"twitter:data1\" content=\"ulqini\" \/>\n\t<meta name=\"twitter:label2\" content=\"Est. reading time\" \/>\n\t<meta name=\"twitter:data2\" content=\"1 minute\" \/>\n<script type=\"application\/ld+json\" class=\"yoast-schema-graph\">{\"@context\":\"https:\/\/schema.org\",\"@graph\":[{\"@type\":\"WebSite\",\"@id\":\"https:\/\/www.visit-ulcinj.com\/blog\/#website\",\"url\":\"https:\/\/www.visit-ulcinj.com\/blog\/\",\"name\":\"Lajme nga Ulqini\",\"description\":\"Lajme,Vijesti,Ulqini,Ulqin,Crna Gora,Mali i Zi\",\"potentialAction\":[{\"@type\":\"SearchAction\",\"target\":{\"@type\":\"EntryPoint\",\"urlTemplate\":\"https:\/\/www.visit-ulcinj.com\/blog\/?s={search_term_string}\"},\"query-input\":\"required name=search_term_string\"}],\"inLanguage\":\"en-US\"},{\"@type\":\"ImageObject\",\"inLanguage\":\"en-US\",\"@id\":\"https:\/\/www.visit-ulcinj.com\/blog\/2013\/11\/13\/dps-odbio-da-raspravlja-o-cunguovoj-smjeni\/#primaryimage\",\"url\":\"https:\/\/www.visit-ulcinj.com\/blog\/wp-content\/uploads\/2013\/05\/Ulqini-adhuron-Gjukanoviqin.14.jpg\",\"contentUrl\":\"https:\/\/www.visit-ulcinj.com\/blog\/wp-content\/uploads\/2013\/05\/Ulqini-adhuron-Gjukanoviqin.14.jpg\",\"width\":960,\"height\":637},{\"@type\":\"WebPage\",\"@id\":\"https:\/\/www.visit-ulcinj.com\/blog\/2013\/11\/13\/dps-odbio-da-raspravlja-o-cunguovoj-smjeni\/#webpage\",\"url\":\"https:\/\/www.visit-ulcinj.com\/blog\/2013\/11\/13\/dps-odbio-da-raspravlja-o-cunguovoj-smjeni\/\",\"name\":\"DPS odbio da raspravlja o Cunguovoj smjeni - Lajme nga Ulqini\",\"isPartOf\":{\"@id\":\"https:\/\/www.visit-ulcinj.com\/blog\/#website\"},\"primaryImageOfPage\":{\"@id\":\"https:\/\/www.visit-ulcinj.com\/blog\/2013\/11\/13\/dps-odbio-da-raspravlja-o-cunguovoj-smjeni\/#primaryimage\"},\"datePublished\":\"2013-11-13T20:38:20+00:00\",\"dateModified\":\"2013-11-14T08:50:27+00:00\",\"author\":{\"@id\":\"https:\/\/www.visit-ulcinj.com\/blog\/#\/schema\/person\/dcab619c614d3038751c63bc2aadc06d\"},\"description\":\"Iako su najavljivali da ne\u0107e do\u0107i na redovnu sjednicu koja je prethodila vanrednom zasjedanju i da ne\u0107e praviti kvorum opoziciji, odbornici DPS-a su se\",\"breadcrumb\":{\"@id\":\"https:\/\/www.visit-ulcinj.com\/blog\/2013\/11\/13\/dps-odbio-da-raspravlja-o-cunguovoj-smjeni\/#breadcrumb\"},\"inLanguage\":\"en-US\",\"potentialAction\":[{\"@type\":\"ReadAction\",\"target\":[\"https:\/\/www.visit-ulcinj.com\/blog\/2013\/11\/13\/dps-odbio-da-raspravlja-o-cunguovoj-smjeni\/\"]}]},{\"@type\":\"BreadcrumbList\",\"@id\":\"https:\/\/www.visit-ulcinj.com\/blog\/2013\/11\/13\/dps-odbio-da-raspravlja-o-cunguovoj-smjeni\/#breadcrumb\",\"itemListElement\":[{\"@type\":\"ListItem\",\"position\":1,\"name\":\"DPS odbio da raspravlja o Cunguovoj smjeni\"}]},{\"@type\":\"Person\",\"@id\":\"https:\/\/www.visit-ulcinj.com\/blog\/#\/schema\/person\/dcab619c614d3038751c63bc2aadc06d\",\"name\":\"ulqini\",\"sameAs\":[\"http:\/\/www.visit-ulcinj.com\"],\"url\":\"https:\/\/www.visit-ulcinj.com\/blog\/author\/admin\/\"}]}<\/script>\n<!-- \/ Yoast SEO plugin. -->","yoast_head_json":{"title":"DPS odbio da raspravlja o Cunguovoj smjeni - Lajme nga Ulqini","description":"Iako su najavljivali da ne\u0107e do\u0107i na redovnu sjednicu koja je prethodila vanrednom zasjedanju i da ne\u0107e praviti kvorum opoziciji, odbornici DPS-a su se","robots":{"index":"index","follow":"follow","max-snippet":"max-snippet:-1","max-image-preview":"max-image-preview:large","max-video-preview":"max-video-preview:-1"},"canonical":"https:\/\/www.visit-ulcinj.com\/blog\/2013\/11\/13\/dps-odbio-da-raspravlja-o-cunguovoj-smjeni\/","og_locale":"en_US","og_type":"article","og_title":"DPS odbio da raspravlja o Cunguovoj smjeni - Lajme nga Ulqini","og_description":"Iako su najavljivali da ne\u0107e do\u0107i na redovnu sjednicu koja je prethodila vanrednom zasjedanju i da ne\u0107e praviti kvorum opoziciji, odbornici DPS-a su se","og_url":"https:\/\/www.visit-ulcinj.com\/blog\/2013\/11\/13\/dps-odbio-da-raspravlja-o-cunguovoj-smjeni\/","og_site_name":"Lajme nga Ulqini","article_published_time":"2013-11-13T20:38:20+00:00","article_modified_time":"2013-11-14T08:50:27+00:00","og_image":[{"url":"http:\/\/www.visit-ulcinj.com\/blog\/wp-content\/uploads\/2013\/05\/Ulqini-adhuron-Gjukanoviqin.14.jpg"}],"twitter_misc":{"Written by":"ulqini","Est. reading time":"1 minute"},"schema":{"@context":"https:\/\/schema.org","@graph":[{"@type":"WebSite","@id":"https:\/\/www.visit-ulcinj.com\/blog\/#website","url":"https:\/\/www.visit-ulcinj.com\/blog\/","name":"Lajme nga Ulqini","description":"Lajme,Vijesti,Ulqini,Ulqin,Crna Gora,Mali i Zi","potentialAction":[{"@type":"SearchAction","target":{"@type":"EntryPoint","urlTemplate":"https:\/\/www.visit-ulcinj.com\/blog\/?s={search_term_string}"},"query-input":"required name=search_term_string"}],"inLanguage":"en-US"},{"@type":"ImageObject","inLanguage":"en-US","@id":"https:\/\/www.visit-ulcinj.com\/blog\/2013\/11\/13\/dps-odbio-da-raspravlja-o-cunguovoj-smjeni\/#primaryimage","url":"https:\/\/www.visit-ulcinj.com\/blog\/wp-content\/uploads\/2013\/05\/Ulqini-adhuron-Gjukanoviqin.14.jpg","contentUrl":"https:\/\/www.visit-ulcinj.com\/blog\/wp-content\/uploads\/2013\/05\/Ulqini-adhuron-Gjukanoviqin.14.jpg","width":960,"height":637},{"@type":"WebPage","@id":"https:\/\/www.visit-ulcinj.com\/blog\/2013\/11\/13\/dps-odbio-da-raspravlja-o-cunguovoj-smjeni\/#webpage","url":"https:\/\/www.visit-ulcinj.com\/blog\/2013\/11\/13\/dps-odbio-da-raspravlja-o-cunguovoj-smjeni\/","name":"DPS odbio da raspravlja o Cunguovoj smjeni - Lajme nga Ulqini","isPartOf":{"@id":"https:\/\/www.visit-ulcinj.com\/blog\/#website"},"primaryImageOfPage":{"@id":"https:\/\/www.visit-ulcinj.com\/blog\/2013\/11\/13\/dps-odbio-da-raspravlja-o-cunguovoj-smjeni\/#primaryimage"},"datePublished":"2013-11-13T20:38:20+00:00","dateModified":"2013-11-14T08:50:27+00:00","author":{"@id":"https:\/\/www.visit-ulcinj.com\/blog\/#\/schema\/person\/dcab619c614d3038751c63bc2aadc06d"},"description":"Iako su najavljivali da ne\u0107e do\u0107i na redovnu sjednicu koja je prethodila vanrednom zasjedanju i da ne\u0107e praviti kvorum opoziciji, odbornici DPS-a su se","breadcrumb":{"@id":"https:\/\/www.visit-ulcinj.com\/blog\/2013\/11\/13\/dps-odbio-da-raspravlja-o-cunguovoj-smjeni\/#breadcrumb"},"inLanguage":"en-US","potentialAction":[{"@type":"ReadAction","target":["https:\/\/www.visit-ulcinj.com\/blog\/2013\/11\/13\/dps-odbio-da-raspravlja-o-cunguovoj-smjeni\/"]}]},{"@type":"BreadcrumbList","@id":"https:\/\/www.visit-ulcinj.com\/blog\/2013\/11\/13\/dps-odbio-da-raspravlja-o-cunguovoj-smjeni\/#breadcrumb","itemListElement":[{"@type":"ListItem","position":1,"name":"DPS odbio da raspravlja o Cunguovoj smjeni"}]},{"@type":"Person","@id":"https:\/\/www.visit-ulcinj.com\/blog\/#\/schema\/person\/dcab619c614d3038751c63bc2aadc06d","name":"ulqini","sameAs":["http:\/\/www.visit-ulcinj.com"],"url":"https:\/\/www.visit-ulcinj.com\/blog\/author\/admin\/"}]}},"jetpack_featured_media_url":"","jetpack_sharing_enabled":true,"jetpack_shortlink":"https:\/\/wp.me\/pe6lTn-jOv","_links":{"self":[{"href":"https:\/\/www.visit-ulcinj.com\/blog\/wp-json\/wp\/v2\/posts\/76167"}],"collection":[{"href":"https:\/\/www.visit-ulcinj.com\/blog\/wp-json\/wp\/v2\/posts"}],"about":[{"href":"https:\/\/www.visit-ulcinj.com\/blog\/wp-json\/wp\/v2\/types\/post"}],"author":[{"embeddable":true,"href":"https:\/\/www.visit-ulcinj.com\/blog\/wp-json\/wp\/v2\/users\/1"}],"replies":[{"embeddable":true,"href":"https:\/\/www.visit-ulcinj.com\/blog\/wp-json\/wp\/v2\/comments?post=76167"}],"version-history":[{"count":3,"href":"https:\/\/www.visit-ulcinj.com\/blog\/wp-json\/wp\/v2\/posts\/76167\/revisions"}],"predecessor-version":[{"id":76201,"href":"https:\/\/www.visit-ulcinj.com\/blog\/wp-json\/wp\/v2\/posts\/76167\/revisions\/76201"}],"wp:attachment":[{"href":"https:\/\/www.visit-ulcinj.com\/blog\/wp-json\/wp\/v2\/media?parent=76167"}],"wp:term":[{"taxonomy":"category","embeddable":true,"href":"https:\/\/www.visit-ulcinj.com\/blog\/wp-json\/wp\/v2\/categories?post=76167"},{"taxonomy":"post_tag","embeddable":true,"href":"https:\/\/www.visit-ulcinj.com\/blog\/wp-json\/wp\/v2\/tags?post=76167"}],"curies":[{"name":"wp","href":"https:\/\/api.w.org\/{rel}","templated":true}]}}