{"id":7618,"date":"2008-12-24T20:06:55","date_gmt":"2008-12-24T19:06:55","guid":{"rendered":"http:\/\/www.visit-ulcinj.com\/blog\/?p=7618"},"modified":"2008-12-24T20:06:55","modified_gmt":"2008-12-24T19:06:55","slug":"flaka-mund-te-kendoje-ne-eurovision","status":"publish","type":"post","link":"https:\/\/www.visit-ulcinj.com\/blog\/2008\/12\/24\/flaka-mund-te-kendoje-ne-eurovision\/","title":{"rendered":"Flaka mund t\u00eb k\u00ebndoj\u00eb n\u00eb Eurovision?"},"content":{"rendered":"<p><a href=\"http:\/\/www.visit-ulcinj.com\/blog\/wp-content\/uploads\/2008\/12\/flaka-krelani.jpg\" target=\"_self\"><img loading=\"lazy\" class=\"alignleft size-full wp-image-7619\" title=\"flaka-krelani\" src=\"http:\/\/www.visit-ulcinj.com\/blog\/wp-content\/uploads\/2008\/12\/flaka-krelani.jpg\" alt=\"flaka-krelani\" width=\"299\" height=\"200\" \/><\/a>N\u00eb nat\u00ebn e dyt\u00eb t\u00eb Festivalit t\u00eb Radio Televizionit Shqiptar (RTSH) Kejsi Tola kishte k\u00ebnduar k\u00ebng\u00ebn \u201cMe merr n\u00eb \u00cbnd\u00ebrr\u201d, n\u00eb duet me Flaka Krelanin.<br \/>\nK\u00ebng\u00ebtarja kosovare Flaka Krelani mund t\u00eb jet\u00eb pjes\u00ebmarr\u00ebsja e par\u00eb kosovare n\u00eb festivalin &#8220;Eurovision&#8221;-it pasi q\u00eb tashm\u00eb ka thashetheme se ajo do t\u00eb k\u00ebndoj k\u00ebng\u00ebn fituese t\u00eb festivalit t\u00eb RTSH-s\u00eb \u201cMe merr n\u00eb \u00ebnd\u00ebrr\u201d, bashk\u00eb me Kejsi Tol\u00ebn.<br \/>\nNj\u00eb burim ka th\u00ebn\u00eb p\u00ebr Express Online se Flaka do t\u00eb shkoj atje n\u00eb versionin e dyt\u00eb q\u00eb orkestrohet p\u00ebr Eurovision.<br \/>\nVitin e kaluar Flaka Krelani kishte d\u00ebshtuar t\u00eb shkon n\u00eb \u201cEurovision\u201d, bashk\u00eb me Doruntina Dish\u00ebn, me k\u00ebng\u00ebn \u201cJeta k\u00ebrkon dashuri\u201d. K\u00ebng\u00ebtari Alban Skenderaj kishte votuar kund\u00ebr dy kosovar\u00ebve me arsyetimin se nuk \u00ebsht\u00eb festival ai festival ku fituesi dihet parakohe.<br \/>\n<strong>Ardian Jasiqi<br \/>\nGateta Express<\/strong><\/p>\n<p><strong><!--YouTube Error: bad URL entered--><br \/>\n<\/strong><\/p>\n","protected":false},"excerpt":{"rendered":"<p>N\u00eb nat\u00ebn e dyt\u00eb t\u00eb Festivalit t\u00eb Radio Televizionit Shqiptar (RTSH) Kejsi Tola kishte k\u00ebnduar k\u00ebng\u00ebn \u201cMe merr n\u00eb \u00cbnd\u00ebrr\u201d, n\u00eb duet me Flaka Krelanin. K\u00ebng\u00ebtarja kosovare Flaka Krelani mund t\u00eb jet\u00eb pjes\u00ebmarr\u00ebsja e par\u00eb kosovare n\u00eb festivalin &#8220;Eurovision&#8221;-it pasi q\u00eb tashm\u00eb ka thashetheme se ajo do t\u00eb k\u00ebndoj k\u00ebng\u00ebn fituese t\u00eb festivalit t\u00eb RTSH-s\u00eb [&hellip;]<\/p>\n","protected":false},"author":1,"featured_media":0,"comment_status":"open","ping_status":"closed","sticky":false,"template":"","format":"standard","meta":{"spay_email":"","jetpack_publicize_message":"","jetpack_is_tweetstorm":false,"jetpack_publicize_feature_enabled":true},"categories":[1],"tags":[5366,5365,5338],"jetpack_publicize_connections":[],"yoast_head":"<!-- This site is optimized with the Yoast SEO plugin v19.1 - https:\/\/yoast.com\/wordpress\/plugins\/seo\/ -->\n<title>Flaka mund t\u00eb k\u00ebndoj\u00eb n\u00eb Eurovision? - Lajme nga Ulqini<\/title>\n<meta name=\"description\" content=\"N\u00eb nat\u00ebn e dyt\u00eb t\u00eb Festivalit t\u00eb Radio Televizionit Shqiptar (RTSH) Kejsi Tola kishte k\u00ebnduar k\u00ebng\u00ebn \u201cMe merr n\u00eb \u00cbnd\u00ebrr\u201d, n\u00eb duet me Flaka Krelanin.\" \/>\n<meta name=\"robots\" content=\"index, follow, max-snippet:-1, max-image-preview:large, max-video-preview:-1\" \/>\n<link rel=\"canonical\" href=\"https:\/\/www.visit-ulcinj.com\/blog\/2008\/12\/24\/flaka-mund-te-kendoje-ne-eurovision\/\" \/>\n<meta property=\"og:locale\" content=\"en_US\" \/>\n<meta property=\"og:type\" content=\"article\" \/>\n<meta property=\"og:title\" content=\"Flaka mund t\u00eb k\u00ebndoj\u00eb n\u00eb Eurovision? - Lajme nga Ulqini\" \/>\n<meta property=\"og:description\" content=\"N\u00eb nat\u00ebn e dyt\u00eb t\u00eb Festivalit t\u00eb Radio Televizionit Shqiptar (RTSH) Kejsi Tola kishte k\u00ebnduar k\u00ebng\u00ebn \u201cMe merr n\u00eb \u00cbnd\u00ebrr\u201d, n\u00eb duet me Flaka Krelanin.\" \/>\n<meta property=\"og:url\" content=\"https:\/\/www.visit-ulcinj.com\/blog\/2008\/12\/24\/flaka-mund-te-kendoje-ne-eurovision\/\" \/>\n<meta property=\"og:site_name\" content=\"Lajme nga Ulqini\" \/>\n<meta property=\"article:published_time\" content=\"2008-12-24T19:06:55+00:00\" \/>\n<meta property=\"og:image\" content=\"http:\/\/www.visit-ulcinj.com\/blog\/wp-content\/uploads\/2008\/12\/flaka-krelani.jpg\" \/>\n<meta name=\"twitter:label1\" content=\"Written by\" \/>\n\t<meta name=\"twitter:data1\" content=\"ulqini\" \/>\n\t<meta name=\"twitter:label2\" content=\"Est. reading time\" \/>\n\t<meta name=\"twitter:data2\" content=\"1 minute\" \/>\n<script type=\"application\/ld+json\" class=\"yoast-schema-graph\">{\"@context\":\"https:\/\/schema.org\",\"@graph\":[{\"@type\":\"WebSite\",\"@id\":\"https:\/\/www.visit-ulcinj.com\/blog\/#website\",\"url\":\"https:\/\/www.visit-ulcinj.com\/blog\/\",\"name\":\"Lajme nga Ulqini\",\"description\":\"Lajme,Vijesti,Ulqini,Ulqin,Crna Gora,Mali i Zi\",\"potentialAction\":[{\"@type\":\"SearchAction\",\"target\":{\"@type\":\"EntryPoint\",\"urlTemplate\":\"https:\/\/www.visit-ulcinj.com\/blog\/?s={search_term_string}\"},\"query-input\":\"required name=search_term_string\"}],\"inLanguage\":\"en-US\"},{\"@type\":\"ImageObject\",\"inLanguage\":\"en-US\",\"@id\":\"https:\/\/www.visit-ulcinj.com\/blog\/2008\/12\/24\/flaka-mund-te-kendoje-ne-eurovision\/#primaryimage\",\"url\":\"http:\/\/www.visit-ulcinj.com\/blog\/wp-content\/uploads\/2008\/12\/flaka-krelani.jpg\",\"contentUrl\":\"http:\/\/www.visit-ulcinj.com\/blog\/wp-content\/uploads\/2008\/12\/flaka-krelani.jpg\"},{\"@type\":\"WebPage\",\"@id\":\"https:\/\/www.visit-ulcinj.com\/blog\/2008\/12\/24\/flaka-mund-te-kendoje-ne-eurovision\/#webpage\",\"url\":\"https:\/\/www.visit-ulcinj.com\/blog\/2008\/12\/24\/flaka-mund-te-kendoje-ne-eurovision\/\",\"name\":\"Flaka mund t\u00eb k\u00ebndoj\u00eb n\u00eb Eurovision? - Lajme nga Ulqini\",\"isPartOf\":{\"@id\":\"https:\/\/www.visit-ulcinj.com\/blog\/#website\"},\"primaryImageOfPage\":{\"@id\":\"https:\/\/www.visit-ulcinj.com\/blog\/2008\/12\/24\/flaka-mund-te-kendoje-ne-eurovision\/#primaryimage\"},\"datePublished\":\"2008-12-24T19:06:55+00:00\",\"dateModified\":\"2008-12-24T19:06:55+00:00\",\"author\":{\"@id\":\"https:\/\/www.visit-ulcinj.com\/blog\/#\/schema\/person\/dcab619c614d3038751c63bc2aadc06d\"},\"description\":\"N\u00eb nat\u00ebn e dyt\u00eb t\u00eb Festivalit t\u00eb Radio Televizionit Shqiptar (RTSH) Kejsi Tola kishte k\u00ebnduar k\u00ebng\u00ebn \u201cMe merr n\u00eb \u00cbnd\u00ebrr\u201d, n\u00eb duet me Flaka Krelanin.\",\"breadcrumb\":{\"@id\":\"https:\/\/www.visit-ulcinj.com\/blog\/2008\/12\/24\/flaka-mund-te-kendoje-ne-eurovision\/#breadcrumb\"},\"inLanguage\":\"en-US\",\"potentialAction\":[{\"@type\":\"ReadAction\",\"target\":[\"https:\/\/www.visit-ulcinj.com\/blog\/2008\/12\/24\/flaka-mund-te-kendoje-ne-eurovision\/\"]}]},{\"@type\":\"BreadcrumbList\",\"@id\":\"https:\/\/www.visit-ulcinj.com\/blog\/2008\/12\/24\/flaka-mund-te-kendoje-ne-eurovision\/#breadcrumb\",\"itemListElement\":[{\"@type\":\"ListItem\",\"position\":1,\"name\":\"Flaka mund t\u00eb k\u00ebndoj\u00eb n\u00eb Eurovision?\"}]},{\"@type\":\"Person\",\"@id\":\"https:\/\/www.visit-ulcinj.com\/blog\/#\/schema\/person\/dcab619c614d3038751c63bc2aadc06d\",\"name\":\"ulqini\",\"sameAs\":[\"http:\/\/www.visit-ulcinj.com\"],\"url\":\"https:\/\/www.visit-ulcinj.com\/blog\/author\/admin\/\"}]}<\/script>\n<!-- \/ Yoast SEO plugin. -->","yoast_head_json":{"title":"Flaka mund t\u00eb k\u00ebndoj\u00eb n\u00eb Eurovision? - Lajme nga Ulqini","description":"N\u00eb nat\u00ebn e dyt\u00eb t\u00eb Festivalit t\u00eb Radio Televizionit Shqiptar (RTSH) Kejsi Tola kishte k\u00ebnduar k\u00ebng\u00ebn \u201cMe merr n\u00eb \u00cbnd\u00ebrr\u201d, n\u00eb duet me Flaka Krelanin.","robots":{"index":"index","follow":"follow","max-snippet":"max-snippet:-1","max-image-preview":"max-image-preview:large","max-video-preview":"max-video-preview:-1"},"canonical":"https:\/\/www.visit-ulcinj.com\/blog\/2008\/12\/24\/flaka-mund-te-kendoje-ne-eurovision\/","og_locale":"en_US","og_type":"article","og_title":"Flaka mund t\u00eb k\u00ebndoj\u00eb n\u00eb Eurovision? - Lajme nga Ulqini","og_description":"N\u00eb nat\u00ebn e dyt\u00eb t\u00eb Festivalit t\u00eb Radio Televizionit Shqiptar (RTSH) Kejsi Tola kishte k\u00ebnduar k\u00ebng\u00ebn \u201cMe merr n\u00eb \u00cbnd\u00ebrr\u201d, n\u00eb duet me Flaka Krelanin.","og_url":"https:\/\/www.visit-ulcinj.com\/blog\/2008\/12\/24\/flaka-mund-te-kendoje-ne-eurovision\/","og_site_name":"Lajme nga Ulqini","article_published_time":"2008-12-24T19:06:55+00:00","og_image":[{"url":"http:\/\/www.visit-ulcinj.com\/blog\/wp-content\/uploads\/2008\/12\/flaka-krelani.jpg"}],"twitter_misc":{"Written by":"ulqini","Est. reading time":"1 minute"},"schema":{"@context":"https:\/\/schema.org","@graph":[{"@type":"WebSite","@id":"https:\/\/www.visit-ulcinj.com\/blog\/#website","url":"https:\/\/www.visit-ulcinj.com\/blog\/","name":"Lajme nga Ulqini","description":"Lajme,Vijesti,Ulqini,Ulqin,Crna Gora,Mali i Zi","potentialAction":[{"@type":"SearchAction","target":{"@type":"EntryPoint","urlTemplate":"https:\/\/www.visit-ulcinj.com\/blog\/?s={search_term_string}"},"query-input":"required name=search_term_string"}],"inLanguage":"en-US"},{"@type":"ImageObject","inLanguage":"en-US","@id":"https:\/\/www.visit-ulcinj.com\/blog\/2008\/12\/24\/flaka-mund-te-kendoje-ne-eurovision\/#primaryimage","url":"http:\/\/www.visit-ulcinj.com\/blog\/wp-content\/uploads\/2008\/12\/flaka-krelani.jpg","contentUrl":"http:\/\/www.visit-ulcinj.com\/blog\/wp-content\/uploads\/2008\/12\/flaka-krelani.jpg"},{"@type":"WebPage","@id":"https:\/\/www.visit-ulcinj.com\/blog\/2008\/12\/24\/flaka-mund-te-kendoje-ne-eurovision\/#webpage","url":"https:\/\/www.visit-ulcinj.com\/blog\/2008\/12\/24\/flaka-mund-te-kendoje-ne-eurovision\/","name":"Flaka mund t\u00eb k\u00ebndoj\u00eb n\u00eb Eurovision? - Lajme nga Ulqini","isPartOf":{"@id":"https:\/\/www.visit-ulcinj.com\/blog\/#website"},"primaryImageOfPage":{"@id":"https:\/\/www.visit-ulcinj.com\/blog\/2008\/12\/24\/flaka-mund-te-kendoje-ne-eurovision\/#primaryimage"},"datePublished":"2008-12-24T19:06:55+00:00","dateModified":"2008-12-24T19:06:55+00:00","author":{"@id":"https:\/\/www.visit-ulcinj.com\/blog\/#\/schema\/person\/dcab619c614d3038751c63bc2aadc06d"},"description":"N\u00eb nat\u00ebn e dyt\u00eb t\u00eb Festivalit t\u00eb Radio Televizionit Shqiptar (RTSH) Kejsi Tola kishte k\u00ebnduar k\u00ebng\u00ebn \u201cMe merr n\u00eb \u00cbnd\u00ebrr\u201d, n\u00eb duet me Flaka Krelanin.","breadcrumb":{"@id":"https:\/\/www.visit-ulcinj.com\/blog\/2008\/12\/24\/flaka-mund-te-kendoje-ne-eurovision\/#breadcrumb"},"inLanguage":"en-US","potentialAction":[{"@type":"ReadAction","target":["https:\/\/www.visit-ulcinj.com\/blog\/2008\/12\/24\/flaka-mund-te-kendoje-ne-eurovision\/"]}]},{"@type":"BreadcrumbList","@id":"https:\/\/www.visit-ulcinj.com\/blog\/2008\/12\/24\/flaka-mund-te-kendoje-ne-eurovision\/#breadcrumb","itemListElement":[{"@type":"ListItem","position":1,"name":"Flaka mund t\u00eb k\u00ebndoj\u00eb n\u00eb Eurovision?"}]},{"@type":"Person","@id":"https:\/\/www.visit-ulcinj.com\/blog\/#\/schema\/person\/dcab619c614d3038751c63bc2aadc06d","name":"ulqini","sameAs":["http:\/\/www.visit-ulcinj.com"],"url":"https:\/\/www.visit-ulcinj.com\/blog\/author\/admin\/"}]}},"jetpack_featured_media_url":"","jetpack_sharing_enabled":true,"jetpack_shortlink":"https:\/\/wp.me\/pe6lTn-1YS","_links":{"self":[{"href":"https:\/\/www.visit-ulcinj.com\/blog\/wp-json\/wp\/v2\/posts\/7618"}],"collection":[{"href":"https:\/\/www.visit-ulcinj.com\/blog\/wp-json\/wp\/v2\/posts"}],"about":[{"href":"https:\/\/www.visit-ulcinj.com\/blog\/wp-json\/wp\/v2\/types\/post"}],"author":[{"embeddable":true,"href":"https:\/\/www.visit-ulcinj.com\/blog\/wp-json\/wp\/v2\/users\/1"}],"replies":[{"embeddable":true,"href":"https:\/\/www.visit-ulcinj.com\/blog\/wp-json\/wp\/v2\/comments?post=7618"}],"version-history":[{"count":0,"href":"https:\/\/www.visit-ulcinj.com\/blog\/wp-json\/wp\/v2\/posts\/7618\/revisions"}],"wp:attachment":[{"href":"https:\/\/www.visit-ulcinj.com\/blog\/wp-json\/wp\/v2\/media?parent=7618"}],"wp:term":[{"taxonomy":"category","embeddable":true,"href":"https:\/\/www.visit-ulcinj.com\/blog\/wp-json\/wp\/v2\/categories?post=7618"},{"taxonomy":"post_tag","embeddable":true,"href":"https:\/\/www.visit-ulcinj.com\/blog\/wp-json\/wp\/v2\/tags?post=7618"}],"curies":[{"name":"wp","href":"https:\/\/api.w.org\/{rel}","templated":true}]}}