{"id":76198,"date":"2013-11-14T09:44:01","date_gmt":"2013-11-14T08:44:01","guid":{"rendered":"http:\/\/www.visit-ulcinj.com\/blog\/?p=76198"},"modified":"2013-11-14T09:44:01","modified_gmt":"2013-11-14T08:44:01","slug":"izlaganje-andrije-cetkovica-na-sjednici-ulcinj","status":"publish","type":"post","link":"https:\/\/www.visit-ulcinj.com\/blog\/2013\/11\/14\/izlaganje-andrije-cetkovica-na-sjednici-ulcinj\/","title":{"rendered":"Izlaganje Andrije \u0106etkovi\u0107a na sjednici SO Ulcinj"},"content":{"rendered":"<p><a href=\"http:\/\/www.visit-ulcinj.com\/blog\/wp-content\/uploads\/2013\/11\/Andrija-Cetkovic.jpg\"><img loading=\"lazy\" class=\"alignleft  wp-image-76168\" alt=\"Andrija-Cetkovic\" src=\"http:\/\/www.visit-ulcinj.com\/blog\/wp-content\/uploads\/2013\/11\/Andrija-Cetkovic.jpg\" width=\"508\" height=\"360\" \/><\/a>&#8220;Ja nemam nikakav li\u010dni, porodi\u010dni, niti bilo kakav drugi problem sli\u010dne vrste sa gra\u0111aninom Nazifom Cunguom, niti sa bilo kojim predstavnikom dosada\u0161nje vlasti, \u010dak na protiv, ja sa njima imam korektnu gra\u0111ansku komunikaciju, pa moja kritika ne mo\u017ee imati nikakvu li\u010dnu konotaciju. Dakle, moja kritika dosada\u0161nje vlasti je samo u odnosu na ono \u0161to su konstituenti ove vlasti radili ove dvije godine i ne manje kritika zbog onoga \u0161to su trebali da rade, a nisu.Ova vlast, mora pretrpjeti naj\u017ee\u0161\u0107e kritike zbog toga \u0161to nije radila u skladu sa zakonskim propisima. I to ne smije biti samo puka kritika radi kritike. To se mora uraditi da se ne bi i dalje ponavljalo. U ovom gradu se ve\u0107 predugo toleri\u0161e nezakonito postupanje, pa je krajnje vrijeme da se sa tim prekine i po\u010dnemo da ulazimo u normalne tokove gdje \u0107e nezakoniti rad, nepotizam, dvojne ar\u0161ine i selektivnost, smijeniti marljivost, znanje i odgovoran rad u svakom segmentu. A dok ne utvrdimo odgovornost ne mo\u017eemo ni po\u010deti da se mijenjamo.<\/p>\n<p>&#8211; Na prvom mjestu kritike, svakako mora biti to \u0161to prvi \u010dovjek lokalne samouprave za dvije godine, koliko je bio na njenom \u010delu, nije podnio izvje\u0161taj o svom radu onima koji su ga na tu funkciju izabrali, a bio je obavezan da to uradi po zakonu, jedanput godi\u0161nje.<\/p>\n<p><b>\u0160to ste sve osim ovoga nezakonito radili:<\/b><\/p>\n<p>&#8211; U podijeljenom JKP Ulcinj, od kojih su nastali JP \u201eVodovod i kanalizacija\u201c(Direktor Fehim Avdiu, potpredsjednik Demokratske partije, \u010diji je predsjednik Fatmir Djeka) I JP \u201eKomunalne djelatnosti\u201c u izbornoj godini zaposlili preko 150 ljudi, od kojih veliki broj po raspisivanju parlamentarnih izbora, \u0161to je najstro\u017eije Zakonom zabranjeno;<br \/>\n&#8211; U izbornoj godini su takodje za donacije svojim politi\u010dkim prijateljima i istomi\u0161ljenicima podijelili preko 36.000,oo eur-a;<br \/>\n&#8211; U 2012. godini potro\u0161eno goriva u vrijednosti od 38.000,oo eur-a, a za 2013. planirano 12.000,oo, RAZLIKA 26.000 eur-a;<br \/>\n&#8211; Selektivno dijeljenje plata u vidu akontacija u iznosu od 105.000,oo eur-a;<br \/>\n&#8211; Zostala dugovanja samo u jednom ugostiteljskom objektu iznose 11.000,00 eur-a<\/p>\n<p>U JP \u201cVodovod i kanalizacija\u201d radnicima se duguje osam li\u010dnih dohodaka.<\/p>\n<p>U JP \u201eKomunalne djelatnosti\u201c,(Direktor Zana Sarvan,visoki funkcioner partije PERSPEKTIVA) u izvje\u0161taju o poslovanju za 2012. godinu, pi\u0161e da po diobenom bilansu imaju kancelarijsku opremu u vrijednosti od 235.000,oo eur-a. S obzirom da znamo da to JP ima samo tri prostorije, ne mo\u017eemo odagnati sumnju da u tom dijelu sve nije u najboljem redu.<\/p>\n<p>U drugom JP( Centar za kulturu,u kome je director Nail Draga,visoki funkcioner FORCE), prethodnih i ove godine su davali u zakup poslovne prostore bez javnog ogla\u0161avanja i tendera, svojim politi\u010dkim prijateljima iako ih je na to Zakon obavezivao, Uredba Vlade od 1.07.2010. godine. Naime pravosna\u017enim Rje\u0161enjem Vi\u0161eg suda iz Podgorice, poni\u0161teno je rje\u0161enje o davanju u zakup poslovnog prostora na Maloj pla\u017ei. I pored toga, rukovodstvo lokalne uprave se oglu\u0161ilo o isto i dozvolilo rad postoje\u0107em zakupcu, bez javnog oglasa i tendera. I ove godine, isti zakupac je dobio na kori\u0161\u0107enje pomenuti objekat, iako je ponuda koju su dostavili zainteresovani gradjani Ulcinja, bila vi\u0161estruko ve\u0107a od one koju je on uplatio.<br \/>\nDrugi poslovni prostor ovog JP, rukovodstvo je bez javnog oglasa i tendera, ustupilo na kori\u0161tenje odborniku Force i zamjeniku direktora istog JP. Ne znamo za koju nadoknadu.<br \/>\nSve se ovo de\u0161ava u JP u kojem zaposleni ve\u0107 14 mjeseci nisu primili li\u010dne dohotke, a njihovi rukovodioci se na ovaj na\u010din odnose prema imovini koju su oni stvarali.<\/p>\n<p>U TO Ulcinj (\u010diji je director Minir Karamanaga,visoki funkcioner SDP-a) je sa ovom vla\u0161\u0107u bilo mogu\u0107e da \u010dlan Izvr\u0161nog odbora, tj. njegova firma, pobijedi na tenderu za Info punktove, koji su gradjane Ulcinja, ko\u0161tali oko 40.000,oo eur-a,\u0161to je svakako kr\u0161enje zakona o konfliktu interesa.<\/p>\n<p>Ovakvih i sli\u010dnih primjera za vrijeme vladavine sada\u0161nje garniture ima i previ\u0161e, da ne nabrajam.<\/p>\n<p>&#8211; Ne manji razlog za kritiku ove vlasti je to \u0161to su trebali da urade, a to su gromoglasno i najavljivali a nisu uradili. Ova vlast je mnogo obe\u0107avala a ispostavilo se da su to bile samo prazne pri\u010de, koje su slu\u017eile da se prevare gra\u0111ani Ulcinja, i to im je uspjelo, pro\u0161log puta. Ne sumnjam da \u0107e oni to poku\u0161ati da urade i ovoga puta, jer oni, o\u010dito je ne znaju druga\u010dije da funkcioni\u0161u, ali da li \u0107e u tom naumu i uspjeti vidje\u0107emo na vanrednim izborima.<\/p>\n<p>Ima jedna narodna izreka koja ka\u017ee, parafraziram, ako te jednom neko prevari, krivac je on, a ako te isti prevari i drugi put, onda je krivica tvoja.<br \/>\nA \u0161to su ova gospoda obe\u0107ala a nisu uradila:<\/p>\n<p>&#8211; Na samom po\u010detku su obe\u0107ali da \u0107e izvr\u0161iti reviziju kompletnog rada lokalne samouprave. Obe\u0107ali su da \u0107e za reviziju anga\u017eovati renomiranu me\u0111unarodnu, nezavisnu revizorsku ku\u0107u, na koju je nemogu\u0107e izvr\u0161iti bilo kakav uticaj, zbog njene reputacije koja je neupitna. Za\u0161to to nisu uradili??? Izgleda da se i njima, odmah poslije dolaska na vlast dopalo kako su ovi predhodni radili, pa nisu ni\u0161ta htjeli da remete.<\/p>\n<p>&#8211; Jedna od mojih najozbiljnijih primjedbi ovoj vlasti je i u tome \u0161to su slavodobitno, u izbornoj kampanji ustvrdili da su napravili kompletan program za oporavak lokalnih javnih preduze\u0107a. Koliko su tada govorili istinu, najbolje se vidi po stanju u JP koje je poslije dvije godine njihove vladavine, gore nego ikada prije.<\/p>\n<p>I da ne nabrajam vi\u0161e, nabrajanje onog \u0161to su obe\u0107ali a nijesu ispunili bi dugo potrajalo, a ja mislim da ovaj grad i stanovnici koji u njemu \u017eive, vi\u0161e nemaju vremena da \u010dekaju one koji jedno misle, drugo govore a tre\u0107e rade.<\/p>\n<p>Ovih dana u nedostatku bilo \u010dega, \u010dime bi se mogli pohvaliti, konstituenti ove propale vlasti, papagajski ponavljaju da su za svoga mandata, donijeli jedan broj DUP-ova za op\u0161tinu Ulcinj. Svakako poku\u0161avaju da zaborave da su sve te DUP-ove na\u0161li u \u0161kafovima, kao zaostav\u0161tinu nekih predhodnih vlasti, a jasno je da ovi usvojeni planovi, njihovim intervencijama na njima, nijesu postali ni malo bolji, neki su postali njihovim djelovanjem i zna\u010dajno gori.<\/p>\n<p>U svakom slu\u010daju doneseni planovi su zna\u010dajno manje kvalitetni od nekih koje je SO Ulcinj usvajala prije tridesetak i vi\u0161e godina. Posledice tih i takvih planova \u0107emo vidjeti tek kada po\u010dnu da se implementiraju u praksi. To da oni nijesu jo\u0161 za\u017eivjeli pokazuje i broj izdatih gra\u0111evinskih dozvola, koji je minoran, iako smo planove donijeli prije vi\u0161e od godinu ipo dana.<br \/>\nPlanovi su doneseni, bar tako ste govorili i zbog toga kako bi se naplatile komunalije od divljih graditelja i na taj na\u010din obezbijedila sredstva u bud\u017eetu za komunalno opremanje grada. Op\u0161tina Ulcinj je naplatila zanemarljiva sredstva, a ni ta sredstva nisu ulo\u017eena za ono \u0161to im je osnovna namjena. Ovih dana tako\u0111e tvrdite da je razlog za tako lo\u0161u naplatu, ne usvajanje novog Zakona za legalizaciju divlje gradnje, koji je negdje zapeo u \u0161kafovima dr\u017eavnog parlamenta.<\/p>\n<p>To svakako mo\u017ee biti jedan od razloga, ali ne i klju\u010dni, jer je op\u0161tina Budva u istom vremenu od naplate komunalija prihodovala 12 miliona eura, iako je jednako tangira nedono\u0161enje istog zakona. Zna\u010di, ne\u0107e ipak biti da je to pravi razlog za ne naplatu komunalija! Razlog je, \u010dini mi se, sasvim jasno, li\u010dne prirode.<\/p>\n<p>Da problem bude jo\u0161 ve\u0107i, ovo prepakivanje DUP-ova je ko\u0161talo poreske obveznike, preko 80.000 eura, a pitanje je \u0161to \u0107e od njih ostati na snazi dono\u0161enjem Prostornog plana Dr\u017eave Crne Gore, a prostorni plan bi trebao da se u Skup\u0161tini Crne Gore donese do kraja teku\u0107e godine. Iz nacrta Prostornog plana Dr\u017eave, jasno se vidi da \u0107e veliki dio DUP-ova biti stavljen van snage, pa se mo\u017ee re\u0107i da ste u jednom dijelu d\u017eabe kre\u010dili, a to kre\u010denje nije ba\u0161 malo ko\u0161talo gra\u0111ane Ulcinja.<\/p>\n<p>Za dvije godine va\u0161e vladavine, uva\u017eena gospodo iz vlasti, nijeste ulo\u017eili ni jedan euro u infrastrukturu grada iz realnih bud\u017eetskih sredstava. Ove krpljavine, koje ovih dana poku\u0161avate da predstavite kao ne\u0161to vrlo zna\u010dajno, finansirate iz novih kreditnih zadu\u017eenja, zbog kojih je dug op\u0161tine Ulcinj, znatno porastao u odnosu na stanje koje ste dolaskom na vlast naslijedili. A kako kvalitetno krpite rupe vidi se odmah poslije prvih ki\u0161a koja va\u0161a pregnu\u0107a vra\u0107a u prvobitno stanje, a ponekad to izgleda i dosta gore od predhodnog (donji dio kaldrme).<\/p>\n<p>Bilo bi \u010dini mi se interesantno za gra\u0111ane Ulcinja, da saop\u0161tite i koliko ste kandidovali projekata za ove dvije godine, prema dr\u017eavnoj vlasti, \u010diji ste sastavni dio ve\u0107 vi\u0161e od godinu dana.<\/p>\n<p>Kao dio dr\u017eavne vlasti sigurno ste ve\u0107 rije\u0161ili liniju morskog dobra kao i pitanje Valdanosa i izgradnje na dijelu ulcinjske Solane, ako niste, trebal ste, jer to su pitanja koja optere\u0107uju \u010ditav grad i veliki dio njegovog stanovni\u0161tva dugi niz godina.<\/p>\n<p>Za razliku od ovoga \u0161to nijeste uradili za grad i gra\u0111ane, a obe\u0107ali ste, da je va\u0161 jedini cilj da se u Ulcinju bolje i lak\u0161e \u017eivi, kod zavr\u0161avanja svojih privatnih poslova niste \u010dasili \u010dasa. Svi \u010delnici dosada\u0161nje vlasti su sve svoje privatne poslove uglavnom zavr\u0161ili na na\u010din kako vi jedino znate da radite. Sada biste htjeli da uzmete jo\u0161 jedan mandat kako neko ne bi tra\u017eio reviziju onoga \u0161to ste vi u ove dvije godine radili, a poslije kako bude.<\/p>\n<p>Ra\u010dunate na ljudsku zaboravnost. I s obzirom da su neki va\u0161i \u010delnici izuzetno dobro finansijski pro\u0161li, ne\u0107e \u017ealiti, ni truda ni novca da taj svoj cilj zaokru\u017ee do kraja. I to je po malo razumljivo, ali nikako ne mogu da razumijem ove koji su ove dvije godine bili u opoziciji. Je li mogu\u0107e da oni nemaju ni toliko hrabrosti da potpi\u0161u inicijativu za razre\u0161enje predsjednika op\u0161tine, onoga koji je po mjestu na kojem se jo\u0161 uvijek nalazi, naj odgovorniji za sve \u0161to se de\u0161ava u ovoj op\u0161tini.<\/p>\n<p>To mo\u017ee biti jedan od razloga, drugi razlog mo\u017ee biti, da oni u svojim kombinacijama, vide sebe kao dio naredne vlasti, pa bi i oni bar malo htjeli da u\u017eivaju u bezakonju. Tre\u0107eg razumnog razloga, iako sam se trudio, nijesam mogao na\u0107i, ali ko to zna mo\u017eda i tre\u0107i razlog postoji, u ovoj zemlji \u010duda sve je mogu\u0107e!&#8221;<\/p>\n<p><strong>Izvor: SNP CG<\/strong><\/p>\n","protected":false},"excerpt":{"rendered":"<p>&#8220;Ja nemam nikakav li\u010dni, porodi\u010dni, niti bilo kakav drugi problem sli\u010dne vrste sa gra\u0111aninom Nazifom Cunguom, niti sa bilo kojim predstavnikom dosada\u0161nje vlasti, \u010dak na protiv, ja sa njima imam korektnu gra\u0111ansku komunikaciju, pa moja kritika ne mo\u017ee imati nikakvu li\u010dnu konotaciju. Dakle, moja kritika dosada\u0161nje vlasti je samo u odnosu na ono \u0161to su [&hellip;]<\/p>\n","protected":false},"author":1,"featured_media":0,"comment_status":"closed","ping_status":"closed","sticky":false,"template":"","format":"standard","meta":{"spay_email":"","jetpack_publicize_message":"","jetpack_is_tweetstorm":false,"jetpack_publicize_feature_enabled":true},"categories":[8337],"tags":[],"jetpack_publicize_connections":[],"yoast_head":"<!-- This site is optimized with the Yoast SEO plugin v19.1 - https:\/\/yoast.com\/wordpress\/plugins\/seo\/ -->\n<title>Izlaganje Andrije \u0106etkovi\u0107a na sjednici SO Ulcinj - Lajme nga Ulqini<\/title>\n<meta name=\"description\" content=\"&quot;Ja nemam nikakav li\u010dni, porodi\u010dni, niti bilo kakav drugi problem sli\u010dne vrste sa gra\u0111aninom Nazifom Cunguom, niti sa bilo kojim predstavnikom dosada\u0161nje\" \/>\n<meta name=\"robots\" content=\"index, follow, max-snippet:-1, max-image-preview:large, max-video-preview:-1\" \/>\n<link rel=\"canonical\" href=\"https:\/\/www.visit-ulcinj.com\/blog\/2013\/11\/14\/izlaganje-andrije-cetkovica-na-sjednici-ulcinj\/\" \/>\n<meta property=\"og:locale\" content=\"en_US\" \/>\n<meta property=\"og:type\" content=\"article\" \/>\n<meta property=\"og:title\" content=\"Izlaganje Andrije \u0106etkovi\u0107a na sjednici SO Ulcinj - Lajme nga Ulqini\" \/>\n<meta property=\"og:description\" content=\"&quot;Ja nemam nikakav li\u010dni, porodi\u010dni, niti bilo kakav drugi problem sli\u010dne vrste sa gra\u0111aninom Nazifom Cunguom, niti sa bilo kojim predstavnikom dosada\u0161nje\" \/>\n<meta property=\"og:url\" content=\"https:\/\/www.visit-ulcinj.com\/blog\/2013\/11\/14\/izlaganje-andrije-cetkovica-na-sjednici-ulcinj\/\" \/>\n<meta property=\"og:site_name\" content=\"Lajme nga Ulqini\" \/>\n<meta property=\"article:published_time\" content=\"2013-11-14T08:44:01+00:00\" \/>\n<meta property=\"og:image\" content=\"http:\/\/www.visit-ulcinj.com\/blog\/wp-content\/uploads\/2013\/11\/Andrija-Cetkovic.jpg\" \/>\n<meta name=\"twitter:label1\" content=\"Written by\" \/>\n\t<meta name=\"twitter:data1\" content=\"ulqini\" \/>\n\t<meta name=\"twitter:label2\" content=\"Est. reading time\" \/>\n\t<meta name=\"twitter:data2\" content=\"9 minutes\" \/>\n<script type=\"application\/ld+json\" class=\"yoast-schema-graph\">{\"@context\":\"https:\/\/schema.org\",\"@graph\":[{\"@type\":\"WebSite\",\"@id\":\"https:\/\/www.visit-ulcinj.com\/blog\/#website\",\"url\":\"https:\/\/www.visit-ulcinj.com\/blog\/\",\"name\":\"Lajme nga Ulqini\",\"description\":\"Lajme,Vijesti,Ulqini,Ulqin,Crna Gora,Mali i Zi\",\"potentialAction\":[{\"@type\":\"SearchAction\",\"target\":{\"@type\":\"EntryPoint\",\"urlTemplate\":\"https:\/\/www.visit-ulcinj.com\/blog\/?s={search_term_string}\"},\"query-input\":\"required name=search_term_string\"}],\"inLanguage\":\"en-US\"},{\"@type\":\"ImageObject\",\"inLanguage\":\"en-US\",\"@id\":\"https:\/\/www.visit-ulcinj.com\/blog\/2013\/11\/14\/izlaganje-andrije-cetkovica-na-sjednici-ulcinj\/#primaryimage\",\"url\":\"https:\/\/www.visit-ulcinj.com\/blog\/wp-content\/uploads\/2013\/11\/Andrija-Cetkovic.jpg\",\"contentUrl\":\"https:\/\/www.visit-ulcinj.com\/blog\/wp-content\/uploads\/2013\/11\/Andrija-Cetkovic.jpg\",\"width\":501,\"height\":390},{\"@type\":\"WebPage\",\"@id\":\"https:\/\/www.visit-ulcinj.com\/blog\/2013\/11\/14\/izlaganje-andrije-cetkovica-na-sjednici-ulcinj\/#webpage\",\"url\":\"https:\/\/www.visit-ulcinj.com\/blog\/2013\/11\/14\/izlaganje-andrije-cetkovica-na-sjednici-ulcinj\/\",\"name\":\"Izlaganje Andrije \u0106etkovi\u0107a na sjednici SO Ulcinj - Lajme nga Ulqini\",\"isPartOf\":{\"@id\":\"https:\/\/www.visit-ulcinj.com\/blog\/#website\"},\"primaryImageOfPage\":{\"@id\":\"https:\/\/www.visit-ulcinj.com\/blog\/2013\/11\/14\/izlaganje-andrije-cetkovica-na-sjednici-ulcinj\/#primaryimage\"},\"datePublished\":\"2013-11-14T08:44:01+00:00\",\"dateModified\":\"2013-11-14T08:44:01+00:00\",\"author\":{\"@id\":\"https:\/\/www.visit-ulcinj.com\/blog\/#\/schema\/person\/dcab619c614d3038751c63bc2aadc06d\"},\"description\":\"\\\"Ja nemam nikakav li\u010dni, porodi\u010dni, niti bilo kakav drugi problem sli\u010dne vrste sa gra\u0111aninom Nazifom Cunguom, niti sa bilo kojim predstavnikom dosada\u0161nje\",\"breadcrumb\":{\"@id\":\"https:\/\/www.visit-ulcinj.com\/blog\/2013\/11\/14\/izlaganje-andrije-cetkovica-na-sjednici-ulcinj\/#breadcrumb\"},\"inLanguage\":\"en-US\",\"potentialAction\":[{\"@type\":\"ReadAction\",\"target\":[\"https:\/\/www.visit-ulcinj.com\/blog\/2013\/11\/14\/izlaganje-andrije-cetkovica-na-sjednici-ulcinj\/\"]}]},{\"@type\":\"BreadcrumbList\",\"@id\":\"https:\/\/www.visit-ulcinj.com\/blog\/2013\/11\/14\/izlaganje-andrije-cetkovica-na-sjednici-ulcinj\/#breadcrumb\",\"itemListElement\":[{\"@type\":\"ListItem\",\"position\":1,\"name\":\"Izlaganje Andrije \u0106etkovi\u0107a na sjednici SO Ulcinj\"}]},{\"@type\":\"Person\",\"@id\":\"https:\/\/www.visit-ulcinj.com\/blog\/#\/schema\/person\/dcab619c614d3038751c63bc2aadc06d\",\"name\":\"ulqini\",\"sameAs\":[\"http:\/\/www.visit-ulcinj.com\"],\"url\":\"https:\/\/www.visit-ulcinj.com\/blog\/author\/admin\/\"}]}<\/script>\n<!-- \/ Yoast SEO plugin. -->","yoast_head_json":{"title":"Izlaganje Andrije \u0106etkovi\u0107a na sjednici SO Ulcinj - Lajme nga Ulqini","description":"\"Ja nemam nikakav li\u010dni, porodi\u010dni, niti bilo kakav drugi problem sli\u010dne vrste sa gra\u0111aninom Nazifom Cunguom, niti sa bilo kojim predstavnikom dosada\u0161nje","robots":{"index":"index","follow":"follow","max-snippet":"max-snippet:-1","max-image-preview":"max-image-preview:large","max-video-preview":"max-video-preview:-1"},"canonical":"https:\/\/www.visit-ulcinj.com\/blog\/2013\/11\/14\/izlaganje-andrije-cetkovica-na-sjednici-ulcinj\/","og_locale":"en_US","og_type":"article","og_title":"Izlaganje Andrije \u0106etkovi\u0107a na sjednici SO Ulcinj - Lajme nga Ulqini","og_description":"\"Ja nemam nikakav li\u010dni, porodi\u010dni, niti bilo kakav drugi problem sli\u010dne vrste sa gra\u0111aninom Nazifom Cunguom, niti sa bilo kojim predstavnikom dosada\u0161nje","og_url":"https:\/\/www.visit-ulcinj.com\/blog\/2013\/11\/14\/izlaganje-andrije-cetkovica-na-sjednici-ulcinj\/","og_site_name":"Lajme nga Ulqini","article_published_time":"2013-11-14T08:44:01+00:00","og_image":[{"url":"http:\/\/www.visit-ulcinj.com\/blog\/wp-content\/uploads\/2013\/11\/Andrija-Cetkovic.jpg"}],"twitter_misc":{"Written by":"ulqini","Est. reading time":"9 minutes"},"schema":{"@context":"https:\/\/schema.org","@graph":[{"@type":"WebSite","@id":"https:\/\/www.visit-ulcinj.com\/blog\/#website","url":"https:\/\/www.visit-ulcinj.com\/blog\/","name":"Lajme nga Ulqini","description":"Lajme,Vijesti,Ulqini,Ulqin,Crna Gora,Mali i Zi","potentialAction":[{"@type":"SearchAction","target":{"@type":"EntryPoint","urlTemplate":"https:\/\/www.visit-ulcinj.com\/blog\/?s={search_term_string}"},"query-input":"required name=search_term_string"}],"inLanguage":"en-US"},{"@type":"ImageObject","inLanguage":"en-US","@id":"https:\/\/www.visit-ulcinj.com\/blog\/2013\/11\/14\/izlaganje-andrije-cetkovica-na-sjednici-ulcinj\/#primaryimage","url":"https:\/\/www.visit-ulcinj.com\/blog\/wp-content\/uploads\/2013\/11\/Andrija-Cetkovic.jpg","contentUrl":"https:\/\/www.visit-ulcinj.com\/blog\/wp-content\/uploads\/2013\/11\/Andrija-Cetkovic.jpg","width":501,"height":390},{"@type":"WebPage","@id":"https:\/\/www.visit-ulcinj.com\/blog\/2013\/11\/14\/izlaganje-andrije-cetkovica-na-sjednici-ulcinj\/#webpage","url":"https:\/\/www.visit-ulcinj.com\/blog\/2013\/11\/14\/izlaganje-andrije-cetkovica-na-sjednici-ulcinj\/","name":"Izlaganje Andrije \u0106etkovi\u0107a na sjednici SO Ulcinj - Lajme nga Ulqini","isPartOf":{"@id":"https:\/\/www.visit-ulcinj.com\/blog\/#website"},"primaryImageOfPage":{"@id":"https:\/\/www.visit-ulcinj.com\/blog\/2013\/11\/14\/izlaganje-andrije-cetkovica-na-sjednici-ulcinj\/#primaryimage"},"datePublished":"2013-11-14T08:44:01+00:00","dateModified":"2013-11-14T08:44:01+00:00","author":{"@id":"https:\/\/www.visit-ulcinj.com\/blog\/#\/schema\/person\/dcab619c614d3038751c63bc2aadc06d"},"description":"\"Ja nemam nikakav li\u010dni, porodi\u010dni, niti bilo kakav drugi problem sli\u010dne vrste sa gra\u0111aninom Nazifom Cunguom, niti sa bilo kojim predstavnikom dosada\u0161nje","breadcrumb":{"@id":"https:\/\/www.visit-ulcinj.com\/blog\/2013\/11\/14\/izlaganje-andrije-cetkovica-na-sjednici-ulcinj\/#breadcrumb"},"inLanguage":"en-US","potentialAction":[{"@type":"ReadAction","target":["https:\/\/www.visit-ulcinj.com\/blog\/2013\/11\/14\/izlaganje-andrije-cetkovica-na-sjednici-ulcinj\/"]}]},{"@type":"BreadcrumbList","@id":"https:\/\/www.visit-ulcinj.com\/blog\/2013\/11\/14\/izlaganje-andrije-cetkovica-na-sjednici-ulcinj\/#breadcrumb","itemListElement":[{"@type":"ListItem","position":1,"name":"Izlaganje Andrije \u0106etkovi\u0107a na sjednici SO Ulcinj"}]},{"@type":"Person","@id":"https:\/\/www.visit-ulcinj.com\/blog\/#\/schema\/person\/dcab619c614d3038751c63bc2aadc06d","name":"ulqini","sameAs":["http:\/\/www.visit-ulcinj.com"],"url":"https:\/\/www.visit-ulcinj.com\/blog\/author\/admin\/"}]}},"jetpack_featured_media_url":"","jetpack_sharing_enabled":true,"jetpack_shortlink":"https:\/\/wp.me\/pe6lTn-jP0","_links":{"self":[{"href":"https:\/\/www.visit-ulcinj.com\/blog\/wp-json\/wp\/v2\/posts\/76198"}],"collection":[{"href":"https:\/\/www.visit-ulcinj.com\/blog\/wp-json\/wp\/v2\/posts"}],"about":[{"href":"https:\/\/www.visit-ulcinj.com\/blog\/wp-json\/wp\/v2\/types\/post"}],"author":[{"embeddable":true,"href":"https:\/\/www.visit-ulcinj.com\/blog\/wp-json\/wp\/v2\/users\/1"}],"replies":[{"embeddable":true,"href":"https:\/\/www.visit-ulcinj.com\/blog\/wp-json\/wp\/v2\/comments?post=76198"}],"version-history":[{"count":1,"href":"https:\/\/www.visit-ulcinj.com\/blog\/wp-json\/wp\/v2\/posts\/76198\/revisions"}],"predecessor-version":[{"id":76199,"href":"https:\/\/www.visit-ulcinj.com\/blog\/wp-json\/wp\/v2\/posts\/76198\/revisions\/76199"}],"wp:attachment":[{"href":"https:\/\/www.visit-ulcinj.com\/blog\/wp-json\/wp\/v2\/media?parent=76198"}],"wp:term":[{"taxonomy":"category","embeddable":true,"href":"https:\/\/www.visit-ulcinj.com\/blog\/wp-json\/wp\/v2\/categories?post=76198"},{"taxonomy":"post_tag","embeddable":true,"href":"https:\/\/www.visit-ulcinj.com\/blog\/wp-json\/wp\/v2\/tags?post=76198"}],"curies":[{"name":"wp","href":"https:\/\/api.w.org\/{rel}","templated":true}]}}