{"id":76203,"date":"2013-11-14T16:07:54","date_gmt":"2013-11-14T15:07:54","guid":{"rendered":"http:\/\/www.visit-ulcinj.com\/blog\/?p=76203"},"modified":"2013-11-15T08:07:23","modified_gmt":"2013-11-15T07:07:23","slug":"nazif-cungu-pret-znj-paula-d-royster","status":"publish","type":"post","link":"https:\/\/www.visit-ulcinj.com\/blog\/2013\/11\/14\/nazif-cungu-pret-znj-paula-d-royster\/","title":{"rendered":"Nazif Cungu pret znj. Paula D Royster"},"content":{"rendered":"<p><strong><a href=\"http:\/\/www.visit-ulcinj.com\/blog\/wp-content\/uploads\/2013\/11\/Nazif-Cungu_Paula-D-Royster.jpg\"><img loading=\"lazy\" class=\"alignleft  wp-image-76204\" alt=\"Nazif-Cungu_Paula D Royster\" src=\"http:\/\/www.visit-ulcinj.com\/blog\/wp-content\/uploads\/2013\/11\/Nazif-Cungu_Paula-D-Royster.jpg\" width=\"508\" height=\"360\" \/><\/a>Takimi me znj. Paula D Royster<\/strong><\/p>\n<p>Sot Kryetari i Komun\u00ebs Nazif Cungu priti n\u00eb takim eksperten nga fusha e antropologjis\u00eb kulturore dhe gjenealogjis\u00eb nga SHBA znj. Paula D Royster. Znj. Royster \u00ebsht\u00eb lider n\u00eb p\u00ebrkushtimin e Qendr\u00ebs p\u00ebr zbulimin, ruajtjen dhe mbrojtjen e histories s\u00eb diaspor\u00ebs afrikane dhe q\u00eb \u00ebsht\u00eb duke q\u00ebndruar n\u00eb Ulqin lidhur me studimin e saj q\u00eb ka t\u00eb b\u00ebj\u00eb me gjurm\u00ebt e pupujve afrikan\u00eb n\u00eb Ulqin.<\/p>\n<p>Ajo n\u00eb takim me kryetarin Cungu shpjegon se si n\u00eb hulumtimet e saja lidhur me rrug\u00ebn e skllev\u00ebrve afrikan\u00eb nga Afrika drejt Europ\u00ebs dhe Amerik\u00ebs dhe n\u00eb kontakt me Ambasadoren e SHBA n\u00eb Mal t\u00eb Zi znj. Sue K Brown, has n\u00eb qytetin e Ulqinit dhe kupton r\u00ebnd\u00ebsin\u00eb e Ulqinit n\u00eb k\u00ebt\u00eb relacion. &#8220;Jetoni n\u00eb nj\u00eb vend me vlera t\u00eb m\u00ebdha historike, por fatkeq\u00ebsisht shum\u00eb pak\u00eb \u00ebsht\u00eb shkruar p\u00ebr Ulqinin dhe kjo duhet t\u00eb ndryshohet&#8221; theksoi znj. Royster. Ajo potencon\u00eb r\u00ebnd\u00ebsin\u00eb e madhe q\u00eb kan\u00eb goj\u00ebdh\u00ebnat si dhe ruajtja e tyre. &#8220;Shpresoj q\u00eb studimi im lidhur dhe udh\u00ebtimin n\u00eb Ulqin do t\u00eb zgjoj interesimin e shum\u00eb koleg\u00ebve t\u00eb mi si dhe studiuesve t\u00eb tjer\u00eb&#8221; theksoi Royster.<\/p>\n<p>Kryetari Cungu ka p\u00ebrsh\u00ebndetur aktivitetet e znj.Royster duke i ofruar mb\u00ebshtetje n\u00eb studimin e saj. Ai gjithashtu e njoftoi at\u00eb p\u00ebr librin e ardhsh\u00ebm q\u00eb pritet t\u00eb botohet n\u00eb Ulqin nga autori ulqinak Ali Llunji lidhur me studimet e tija mbi familjet afrikane n\u00eb Ulqin.<br \/>\nSonte n\u00eb Qend\u00ebr p\u00ebr kultur\u00eb do t\u00eb mbahet prezantimi me rastin e vizit\u00ebs, znj.Royster Ulqinit.<\/p>\n","protected":false},"excerpt":{"rendered":"<p>Takimi me znj. Paula D Royster Sot Kryetari i Komun\u00ebs Nazif Cungu priti n\u00eb takim eksperten nga fusha e antropologjis\u00eb kulturore dhe gjenealogjis\u00eb nga SHBA znj. Paula D Royster. Znj. Royster \u00ebsht\u00eb lider n\u00eb p\u00ebrkushtimin e Qendr\u00ebs p\u00ebr zbulimin, ruajtjen dhe mbrojtjen e histories s\u00eb diaspor\u00ebs afrikane dhe q\u00eb \u00ebsht\u00eb duke q\u00ebndruar n\u00eb Ulqin lidhur [&hellip;]<\/p>\n","protected":false},"author":1,"featured_media":0,"comment_status":"closed","ping_status":"closed","sticky":false,"template":"","format":"standard","meta":{"spay_email":"","jetpack_publicize_message":"","jetpack_is_tweetstorm":false,"jetpack_publicize_feature_enabled":true},"categories":[1,13],"tags":[],"jetpack_publicize_connections":[],"yoast_head":"<!-- This site is optimized with the Yoast SEO plugin v19.1 - https:\/\/yoast.com\/wordpress\/plugins\/seo\/ -->\n<title>Nazif Cungu pret znj. Paula D Royster - Lajme nga Ulqini<\/title>\n<meta name=\"description\" content=\"Takimi me znj. Paula D Royster Sot Kryetari i Komun\u00ebs Nazif Cungu priti n\u00eb takim eksperten nga fusha e antropologjis\u00eb kulturore dhe gjenealogjis\u00eb nga SHBA\" \/>\n<meta name=\"robots\" content=\"index, follow, max-snippet:-1, max-image-preview:large, max-video-preview:-1\" \/>\n<link rel=\"canonical\" href=\"https:\/\/www.visit-ulcinj.com\/blog\/2013\/11\/14\/nazif-cungu-pret-znj-paula-d-royster\/\" \/>\n<meta property=\"og:locale\" content=\"en_US\" \/>\n<meta property=\"og:type\" content=\"article\" \/>\n<meta property=\"og:title\" content=\"Nazif Cungu pret znj. Paula D Royster - Lajme nga Ulqini\" \/>\n<meta property=\"og:description\" content=\"Takimi me znj. Paula D Royster Sot Kryetari i Komun\u00ebs Nazif Cungu priti n\u00eb takim eksperten nga fusha e antropologjis\u00eb kulturore dhe gjenealogjis\u00eb nga SHBA\" \/>\n<meta property=\"og:url\" content=\"https:\/\/www.visit-ulcinj.com\/blog\/2013\/11\/14\/nazif-cungu-pret-znj-paula-d-royster\/\" \/>\n<meta property=\"og:site_name\" content=\"Lajme nga Ulqini\" \/>\n<meta property=\"article:published_time\" content=\"2013-11-14T15:07:54+00:00\" \/>\n<meta property=\"article:modified_time\" content=\"2013-11-15T07:07:23+00:00\" \/>\n<meta property=\"og:image\" content=\"http:\/\/www.visit-ulcinj.com\/blog\/wp-content\/uploads\/2013\/11\/Nazif-Cungu_Paula-D-Royster.jpg\" \/>\n<meta name=\"twitter:label1\" content=\"Written by\" \/>\n\t<meta name=\"twitter:data1\" content=\"ulqini\" \/>\n\t<meta name=\"twitter:label2\" content=\"Est. reading time\" \/>\n\t<meta name=\"twitter:data2\" content=\"1 minute\" \/>\n<script type=\"application\/ld+json\" class=\"yoast-schema-graph\">{\"@context\":\"https:\/\/schema.org\",\"@graph\":[{\"@type\":\"WebSite\",\"@id\":\"https:\/\/www.visit-ulcinj.com\/blog\/#website\",\"url\":\"https:\/\/www.visit-ulcinj.com\/blog\/\",\"name\":\"Lajme nga Ulqini\",\"description\":\"Lajme,Vijesti,Ulqini,Ulqin,Crna Gora,Mali i Zi\",\"potentialAction\":[{\"@type\":\"SearchAction\",\"target\":{\"@type\":\"EntryPoint\",\"urlTemplate\":\"https:\/\/www.visit-ulcinj.com\/blog\/?s={search_term_string}\"},\"query-input\":\"required name=search_term_string\"}],\"inLanguage\":\"en-US\"},{\"@type\":\"ImageObject\",\"inLanguage\":\"en-US\",\"@id\":\"https:\/\/www.visit-ulcinj.com\/blog\/2013\/11\/14\/nazif-cungu-pret-znj-paula-d-royster\/#primaryimage\",\"url\":\"https:\/\/www.visit-ulcinj.com\/blog\/wp-content\/uploads\/2013\/11\/Nazif-Cungu_Paula-D-Royster.jpg\",\"contentUrl\":\"https:\/\/www.visit-ulcinj.com\/blog\/wp-content\/uploads\/2013\/11\/Nazif-Cungu_Paula-D-Royster.jpg\",\"width\":768,\"height\":509},{\"@type\":\"WebPage\",\"@id\":\"https:\/\/www.visit-ulcinj.com\/blog\/2013\/11\/14\/nazif-cungu-pret-znj-paula-d-royster\/#webpage\",\"url\":\"https:\/\/www.visit-ulcinj.com\/blog\/2013\/11\/14\/nazif-cungu-pret-znj-paula-d-royster\/\",\"name\":\"Nazif Cungu pret znj. Paula D Royster - Lajme nga Ulqini\",\"isPartOf\":{\"@id\":\"https:\/\/www.visit-ulcinj.com\/blog\/#website\"},\"primaryImageOfPage\":{\"@id\":\"https:\/\/www.visit-ulcinj.com\/blog\/2013\/11\/14\/nazif-cungu-pret-znj-paula-d-royster\/#primaryimage\"},\"datePublished\":\"2013-11-14T15:07:54+00:00\",\"dateModified\":\"2013-11-15T07:07:23+00:00\",\"author\":{\"@id\":\"https:\/\/www.visit-ulcinj.com\/blog\/#\/schema\/person\/dcab619c614d3038751c63bc2aadc06d\"},\"description\":\"Takimi me znj. Paula D Royster Sot Kryetari i Komun\u00ebs Nazif Cungu priti n\u00eb takim eksperten nga fusha e antropologjis\u00eb kulturore dhe gjenealogjis\u00eb nga SHBA\",\"breadcrumb\":{\"@id\":\"https:\/\/www.visit-ulcinj.com\/blog\/2013\/11\/14\/nazif-cungu-pret-znj-paula-d-royster\/#breadcrumb\"},\"inLanguage\":\"en-US\",\"potentialAction\":[{\"@type\":\"ReadAction\",\"target\":[\"https:\/\/www.visit-ulcinj.com\/blog\/2013\/11\/14\/nazif-cungu-pret-znj-paula-d-royster\/\"]}]},{\"@type\":\"BreadcrumbList\",\"@id\":\"https:\/\/www.visit-ulcinj.com\/blog\/2013\/11\/14\/nazif-cungu-pret-znj-paula-d-royster\/#breadcrumb\",\"itemListElement\":[{\"@type\":\"ListItem\",\"position\":1,\"name\":\"Nazif Cungu pret znj. Paula D Royster\"}]},{\"@type\":\"Person\",\"@id\":\"https:\/\/www.visit-ulcinj.com\/blog\/#\/schema\/person\/dcab619c614d3038751c63bc2aadc06d\",\"name\":\"ulqini\",\"sameAs\":[\"http:\/\/www.visit-ulcinj.com\"],\"url\":\"https:\/\/www.visit-ulcinj.com\/blog\/author\/admin\/\"}]}<\/script>\n<!-- \/ Yoast SEO plugin. -->","yoast_head_json":{"title":"Nazif Cungu pret znj. Paula D Royster - Lajme nga Ulqini","description":"Takimi me znj. Paula D Royster Sot Kryetari i Komun\u00ebs Nazif Cungu priti n\u00eb takim eksperten nga fusha e antropologjis\u00eb kulturore dhe gjenealogjis\u00eb nga SHBA","robots":{"index":"index","follow":"follow","max-snippet":"max-snippet:-1","max-image-preview":"max-image-preview:large","max-video-preview":"max-video-preview:-1"},"canonical":"https:\/\/www.visit-ulcinj.com\/blog\/2013\/11\/14\/nazif-cungu-pret-znj-paula-d-royster\/","og_locale":"en_US","og_type":"article","og_title":"Nazif Cungu pret znj. Paula D Royster - Lajme nga Ulqini","og_description":"Takimi me znj. Paula D Royster Sot Kryetari i Komun\u00ebs Nazif Cungu priti n\u00eb takim eksperten nga fusha e antropologjis\u00eb kulturore dhe gjenealogjis\u00eb nga SHBA","og_url":"https:\/\/www.visit-ulcinj.com\/blog\/2013\/11\/14\/nazif-cungu-pret-znj-paula-d-royster\/","og_site_name":"Lajme nga Ulqini","article_published_time":"2013-11-14T15:07:54+00:00","article_modified_time":"2013-11-15T07:07:23+00:00","og_image":[{"url":"http:\/\/www.visit-ulcinj.com\/blog\/wp-content\/uploads\/2013\/11\/Nazif-Cungu_Paula-D-Royster.jpg"}],"twitter_misc":{"Written by":"ulqini","Est. reading time":"1 minute"},"schema":{"@context":"https:\/\/schema.org","@graph":[{"@type":"WebSite","@id":"https:\/\/www.visit-ulcinj.com\/blog\/#website","url":"https:\/\/www.visit-ulcinj.com\/blog\/","name":"Lajme nga Ulqini","description":"Lajme,Vijesti,Ulqini,Ulqin,Crna Gora,Mali i Zi","potentialAction":[{"@type":"SearchAction","target":{"@type":"EntryPoint","urlTemplate":"https:\/\/www.visit-ulcinj.com\/blog\/?s={search_term_string}"},"query-input":"required name=search_term_string"}],"inLanguage":"en-US"},{"@type":"ImageObject","inLanguage":"en-US","@id":"https:\/\/www.visit-ulcinj.com\/blog\/2013\/11\/14\/nazif-cungu-pret-znj-paula-d-royster\/#primaryimage","url":"https:\/\/www.visit-ulcinj.com\/blog\/wp-content\/uploads\/2013\/11\/Nazif-Cungu_Paula-D-Royster.jpg","contentUrl":"https:\/\/www.visit-ulcinj.com\/blog\/wp-content\/uploads\/2013\/11\/Nazif-Cungu_Paula-D-Royster.jpg","width":768,"height":509},{"@type":"WebPage","@id":"https:\/\/www.visit-ulcinj.com\/blog\/2013\/11\/14\/nazif-cungu-pret-znj-paula-d-royster\/#webpage","url":"https:\/\/www.visit-ulcinj.com\/blog\/2013\/11\/14\/nazif-cungu-pret-znj-paula-d-royster\/","name":"Nazif Cungu pret znj. Paula D Royster - Lajme nga Ulqini","isPartOf":{"@id":"https:\/\/www.visit-ulcinj.com\/blog\/#website"},"primaryImageOfPage":{"@id":"https:\/\/www.visit-ulcinj.com\/blog\/2013\/11\/14\/nazif-cungu-pret-znj-paula-d-royster\/#primaryimage"},"datePublished":"2013-11-14T15:07:54+00:00","dateModified":"2013-11-15T07:07:23+00:00","author":{"@id":"https:\/\/www.visit-ulcinj.com\/blog\/#\/schema\/person\/dcab619c614d3038751c63bc2aadc06d"},"description":"Takimi me znj. Paula D Royster Sot Kryetari i Komun\u00ebs Nazif Cungu priti n\u00eb takim eksperten nga fusha e antropologjis\u00eb kulturore dhe gjenealogjis\u00eb nga SHBA","breadcrumb":{"@id":"https:\/\/www.visit-ulcinj.com\/blog\/2013\/11\/14\/nazif-cungu-pret-znj-paula-d-royster\/#breadcrumb"},"inLanguage":"en-US","potentialAction":[{"@type":"ReadAction","target":["https:\/\/www.visit-ulcinj.com\/blog\/2013\/11\/14\/nazif-cungu-pret-znj-paula-d-royster\/"]}]},{"@type":"BreadcrumbList","@id":"https:\/\/www.visit-ulcinj.com\/blog\/2013\/11\/14\/nazif-cungu-pret-znj-paula-d-royster\/#breadcrumb","itemListElement":[{"@type":"ListItem","position":1,"name":"Nazif Cungu pret znj. Paula D Royster"}]},{"@type":"Person","@id":"https:\/\/www.visit-ulcinj.com\/blog\/#\/schema\/person\/dcab619c614d3038751c63bc2aadc06d","name":"ulqini","sameAs":["http:\/\/www.visit-ulcinj.com"],"url":"https:\/\/www.visit-ulcinj.com\/blog\/author\/admin\/"}]}},"jetpack_featured_media_url":"","jetpack_sharing_enabled":true,"jetpack_shortlink":"https:\/\/wp.me\/pe6lTn-jP5","_links":{"self":[{"href":"https:\/\/www.visit-ulcinj.com\/blog\/wp-json\/wp\/v2\/posts\/76203"}],"collection":[{"href":"https:\/\/www.visit-ulcinj.com\/blog\/wp-json\/wp\/v2\/posts"}],"about":[{"href":"https:\/\/www.visit-ulcinj.com\/blog\/wp-json\/wp\/v2\/types\/post"}],"author":[{"embeddable":true,"href":"https:\/\/www.visit-ulcinj.com\/blog\/wp-json\/wp\/v2\/users\/1"}],"replies":[{"embeddable":true,"href":"https:\/\/www.visit-ulcinj.com\/blog\/wp-json\/wp\/v2\/comments?post=76203"}],"version-history":[{"count":2,"href":"https:\/\/www.visit-ulcinj.com\/blog\/wp-json\/wp\/v2\/posts\/76203\/revisions"}],"predecessor-version":[{"id":76206,"href":"https:\/\/www.visit-ulcinj.com\/blog\/wp-json\/wp\/v2\/posts\/76203\/revisions\/76206"}],"wp:attachment":[{"href":"https:\/\/www.visit-ulcinj.com\/blog\/wp-json\/wp\/v2\/media?parent=76203"}],"wp:term":[{"taxonomy":"category","embeddable":true,"href":"https:\/\/www.visit-ulcinj.com\/blog\/wp-json\/wp\/v2\/categories?post=76203"},{"taxonomy":"post_tag","embeddable":true,"href":"https:\/\/www.visit-ulcinj.com\/blog\/wp-json\/wp\/v2\/tags?post=76203"}],"curies":[{"name":"wp","href":"https:\/\/api.w.org\/{rel}","templated":true}]}}