{"id":76229,"date":"2013-11-15T09:13:08","date_gmt":"2013-11-15T08:13:08","guid":{"rendered":"http:\/\/www.visit-ulcinj.com\/blog\/?p=76229"},"modified":"2013-11-15T16:46:30","modified_gmt":"2013-11-15T15:46:30","slug":"paula-d-royster-mbajti-ligjerate-ne-gjimnazin-drita-qender-per-kulture-ulqin-foto","status":"publish","type":"post","link":"https:\/\/www.visit-ulcinj.com\/blog\/2013\/11\/15\/paula-d-royster-mbajti-ligjerate-ne-gjimnazin-drita-qender-per-kulture-ulqin-foto\/","title":{"rendered":"Paula D Royster mbajti ligj\u00ebrat\u00eb n\u00eb Gjimnazin DRITA &#038; Qend\u00ebr p\u00ebr kultur\u00eb Ulqin + Foto"},"content":{"rendered":"<p><a href=\"http:\/\/www.visit-ulcinj.com\/blog\/wp-content\/uploads\/2013\/11\/Paula-D-Royster-mbajti-ligj\u00ebrat\u00eb-Ulqin.jpg\"><img loading=\"lazy\" class=\"alignleft  wp-image-76230\" alt=\"Paula D Royster mbajti ligj\u00ebrat\u00eb - Ulqin\" src=\"http:\/\/www.visit-ulcinj.com\/blog\/wp-content\/uploads\/2013\/11\/Paula-D-Royster-mbajti-ligj\u00ebrat\u00eb-Ulqin.jpg\" width=\"508\" height=\"360\" \/><\/a>N\u00eb dit\u00ebn e kat\u00ebrt, t\u00eb q\u00ebndrimit n\u00eb Ulqin, prof. Royster vizitoi Gjimnazin DRITA, u prit nga Kryetari i Komunes, u takua me gazetar\u00eb dhe n\u00eb mbr\u00ebmje, mbajti ligj\u00ebrat\u00eb p\u00ebr nj\u00eb publik t\u00eb gjer\u00eb, n\u00eb Qendr\u00ebn Kulturore.<br \/>\n<a href=\"http:\/\/www.visit-ulcinj.com\/blog\/wp-content\/uploads\/2013\/11\/Paula-D-Royster-mbajti-ligj\u00ebrat\u00eb-Ulqin-2.jpg\"><img loading=\"lazy\" class=\"alignleft  wp-image-76232\" alt=\"Paula D Royster mbajti ligj\u00ebrat\u00eb - Ulqin-2\" src=\"http:\/\/www.visit-ulcinj.com\/blog\/wp-content\/uploads\/2013\/11\/Paula-D-Royster-mbajti-ligj\u00ebrat\u00eb-Ulqin-2.jpg\" width=\"508\" height=\"360\" \/><\/a><\/p>\n<p>Znj. Royster \u00ebsht\u00eb lider n\u00eb p\u00ebrkushtimin e Qendr\u00ebs p\u00ebr zbulimin, ruajtjen dhe mbrojtjen e histories s\u00eb diaspor\u00ebs afrikane dhe q\u00eb \u00ebsht\u00eb duke q\u00ebndruar n\u00eb Ulqin lidhur me studimin e saj q\u00eb ka t\u00eb b\u00ebj\u00eb me gjurm\u00ebt e pupujve afrikan\u00eb n\u00eb Ulqin.<br \/>\n<a href=\"http:\/\/www.visit-ulcinj.com\/blog\/wp-content\/uploads\/2013\/11\/Paula-D-Royster-mbajti-ligj\u00ebrat\u00eb-Ulqin-1.jpg\"><img loading=\"lazy\" class=\"alignleft  wp-image-76231\" alt=\"Paula D Royster mbajti ligj\u00ebrat\u00eb - Ulqin-1\" src=\"http:\/\/www.visit-ulcinj.com\/blog\/wp-content\/uploads\/2013\/11\/Paula-D-Royster-mbajti-ligj\u00ebrat\u00eb-Ulqin-1.jpg\" width=\"508\" height=\"360\" \/><\/a><\/p>\n<p>Paula D Royster shpjegon se si n\u00eb hulumtimet e saja lidhur me rrug\u00ebn e skllev\u00ebrve afrikan\u00eb nga Afrika drejt Europ\u00ebs dhe Amerik\u00ebs dhe n\u00eb kontakt me Ambasadoren e SHBA n\u00eb Mal t\u00eb Zi znj. Sue K Brown, has n\u00eb qytetin e Ulqinit dhe kupton r\u00ebnd\u00ebsin\u00eb e Ulqinit n\u00eb k\u00ebt\u00eb relacion. \u201cJetoni n\u00eb nj\u00eb vend me vlera t\u00eb m\u00ebdha historike, por fatkeq\u00ebsisht shum\u00eb pak\u00eb \u00ebsht\u00eb shkruar p\u00ebr Ulqinin dhe kjo duhet t\u00eb ndryshohet\u201d theksoi znj. Royster. Ajo potencon\u00eb r\u00ebnd\u00ebsin\u00eb e madhe q\u00eb kan\u00eb goj\u00ebdh\u00ebnat si dhe ruajtja e tyre. \u201cShpresoj q\u00eb studimi im lidhur dhe udh\u00ebtimin n\u00eb Ulqin do t\u00eb zgjoj interesimin e shum\u00eb koleg\u00ebve t\u00eb mi si dhe studiuesve t\u00eb tjer\u00eb\u201d theksoi Royster.<\/p>\n<p><strong>Foto nga <a id=\"js_55\" href=\"https:\/\/www.facebook.com\/horizonti.ngo?hc_location=timeline\" data-hovercard=\"\/ajax\/hovercard\/user.php?id=100001634242248&amp;extragetparams=%7B%22hc_location%22%3A%22timeline%22%7D\">Horizonti Ngo<\/a> Facebook<\/strong><\/p>\n\n\t\t<style type=\"text\/css\">\n\t\t\t#gallery-1 {\n\t\t\t\tmargin: auto;\n\t\t\t}\n\t\t\t#gallery-1 .gallery-item {\n\t\t\t\tfloat: left;\n\t\t\t\tmargin-top: 10px;\n\t\t\t\ttext-align: center;\n\t\t\t\twidth: 33%;\n\t\t\t}\n\t\t\t#gallery-1 img {\n\t\t\t\tborder: 2px solid #cfcfcf;\n\t\t\t}\n\t\t\t#gallery-1 .gallery-caption {\n\t\t\t\tmargin-left: 0;\n\t\t\t}\n\t\t\t\/* see gallery_shortcode() in wp-includes\/media.php *\/\n\t\t<\/style>\n\t\t<div id='gallery-1' class='gallery galleryid-76229 gallery-columns-3 gallery-size-thumbnail'><dl class='gallery-item'>\n\t\t\t<dt class='gallery-icon landscape'>\n\t\t\t\t<a href='https:\/\/www.visit-ulcinj.com\/blog\/2013\/11\/15\/paula-d-royster-mbajti-ligjerate-ne-gjimnazin-drita-qender-per-kulture-ulqin-foto\/paula-d-royster-mbajti-ligjerate-ulqin-3\/'><img width=\"150\" height=\"150\" src=\"https:\/\/www.visit-ulcinj.com\/blog\/wp-content\/uploads\/2013\/11\/Paula-D-Royster-mbajti-ligj\u00ebrat\u00eb-Ulqin-3-150x150.jpg\" class=\"attachment-thumbnail size-thumbnail\" alt=\"\" loading=\"lazy\" \/><\/a>\n\t\t\t<\/dt><\/dl><dl class='gallery-item'>\n\t\t\t<dt class='gallery-icon landscape'>\n\t\t\t\t<a href='https:\/\/www.visit-ulcinj.com\/blog\/2013\/11\/15\/paula-d-royster-mbajti-ligjerate-ne-gjimnazin-drita-qender-per-kulture-ulqin-foto\/paula-d-royster-mbajti-ligjerate-ulqin-4\/'><img width=\"150\" height=\"150\" src=\"https:\/\/www.visit-ulcinj.com\/blog\/wp-content\/uploads\/2013\/11\/Paula-D-Royster-mbajti-ligj\u00ebrat\u00eb-Ulqin-4-150x150.jpg\" class=\"attachment-thumbnail size-thumbnail\" alt=\"\" loading=\"lazy\" \/><\/a>\n\t\t\t<\/dt><\/dl><dl class='gallery-item'>\n\t\t\t<dt class='gallery-icon landscape'>\n\t\t\t\t<a href='https:\/\/www.visit-ulcinj.com\/blog\/2013\/11\/15\/paula-d-royster-mbajti-ligjerate-ne-gjimnazin-drita-qender-per-kulture-ulqin-foto\/paula-d-royster-mbajti-ligjerate-ulqin-5\/'><img width=\"150\" height=\"150\" src=\"https:\/\/www.visit-ulcinj.com\/blog\/wp-content\/uploads\/2013\/11\/Paula-D-Royster-mbajti-ligj\u00ebrat\u00eb-Ulqin-5-150x150.jpg\" class=\"attachment-thumbnail size-thumbnail\" alt=\"\" loading=\"lazy\" \/><\/a>\n\t\t\t<\/dt><\/dl><br style=\"clear: both\" \/><dl class='gallery-item'>\n\t\t\t<dt class='gallery-icon landscape'>\n\t\t\t\t<a href='https:\/\/www.visit-ulcinj.com\/blog\/2013\/11\/15\/paula-d-royster-mbajti-ligjerate-ne-gjimnazin-drita-qender-per-kulture-ulqin-foto\/paula-d-royster-mbajti-ligjerate-ulqin-6\/'><img width=\"150\" height=\"150\" src=\"https:\/\/www.visit-ulcinj.com\/blog\/wp-content\/uploads\/2013\/11\/Paula-D-Royster-mbajti-ligj\u00ebrat\u00eb-Ulqin-6-150x150.jpg\" class=\"attachment-thumbnail size-thumbnail\" alt=\"\" loading=\"lazy\" \/><\/a>\n\t\t\t<\/dt><\/dl><dl class='gallery-item'>\n\t\t\t<dt class='gallery-icon portrait'>\n\t\t\t\t<a href='https:\/\/www.visit-ulcinj.com\/blog\/2013\/11\/15\/paula-d-royster-mbajti-ligjerate-ne-gjimnazin-drita-qender-per-kulture-ulqin-foto\/paula-d-royster-mbajti-ligjerate-ulqin-7\/'><img width=\"150\" height=\"150\" src=\"https:\/\/www.visit-ulcinj.com\/blog\/wp-content\/uploads\/2013\/11\/Paula-D-Royster-mbajti-ligj\u00ebrat\u00eb-Ulqin-7-150x150.jpg\" class=\"attachment-thumbnail size-thumbnail\" alt=\"\" loading=\"lazy\" \/><\/a>\n\t\t\t<\/dt><\/dl><dl class='gallery-item'>\n\t\t\t<dt class='gallery-icon landscape'>\n\t\t\t\t<a href='https:\/\/www.visit-ulcinj.com\/blog\/2013\/11\/15\/paula-d-royster-mbajti-ligjerate-ne-gjimnazin-drita-qender-per-kulture-ulqin-foto\/paula-d-royster-mbajti-ligjerate-ulqin-8\/'><img width=\"150\" height=\"150\" src=\"https:\/\/www.visit-ulcinj.com\/blog\/wp-content\/uploads\/2013\/11\/Paula-D-Royster-mbajti-ligj\u00ebrat\u00eb-Ulqin-8-150x150.jpg\" class=\"attachment-thumbnail size-thumbnail\" alt=\"\" loading=\"lazy\" \/><\/a>\n\t\t\t<\/dt><\/dl><br style=\"clear: both\" \/><dl class='gallery-item'>\n\t\t\t<dt class='gallery-icon landscape'>\n\t\t\t\t<a href='https:\/\/www.visit-ulcinj.com\/blog\/2013\/11\/15\/paula-d-royster-mbajti-ligjerate-ne-gjimnazin-drita-qender-per-kulture-ulqin-foto\/paula-d-royster-mbajti-ligjerate-ulqin-9\/'><img width=\"150\" height=\"150\" src=\"https:\/\/www.visit-ulcinj.com\/blog\/wp-content\/uploads\/2013\/11\/Paula-D-Royster-mbajti-ligj\u00ebrat\u00eb-Ulqin-9-150x150.jpg\" class=\"attachment-thumbnail size-thumbnail\" alt=\"\" loading=\"lazy\" \/><\/a>\n\t\t\t<\/dt><\/dl><dl class='gallery-item'>\n\t\t\t<dt class='gallery-icon landscape'>\n\t\t\t\t<a href='https:\/\/www.visit-ulcinj.com\/blog\/2013\/11\/15\/paula-d-royster-mbajti-ligjerate-ne-gjimnazin-drita-qender-per-kulture-ulqin-foto\/paula-d-royster-mbajti-ligjerate-ulqin-10\/'><img width=\"150\" height=\"150\" src=\"https:\/\/www.visit-ulcinj.com\/blog\/wp-content\/uploads\/2013\/11\/Paula-D-Royster-mbajti-ligj\u00ebrat\u00eb-Ulqin-10-150x150.jpg\" class=\"attachment-thumbnail size-thumbnail\" alt=\"\" loading=\"lazy\" \/><\/a>\n\t\t\t<\/dt><\/dl><dl class='gallery-item'>\n\t\t\t<dt class='gallery-icon landscape'>\n\t\t\t\t<a href='https:\/\/www.visit-ulcinj.com\/blog\/2013\/11\/15\/paula-d-royster-mbajti-ligjerate-ne-gjimnazin-drita-qender-per-kulture-ulqin-foto\/paula-d-royster-mbajti-ligjerate-ulqin-11\/'><img width=\"150\" height=\"150\" src=\"https:\/\/www.visit-ulcinj.com\/blog\/wp-content\/uploads\/2013\/11\/Paula-D-Royster-mbajti-ligj\u00ebrat\u00eb-Ulqin-11-150x150.jpg\" class=\"attachment-thumbnail size-thumbnail\" alt=\"\" loading=\"lazy\" \/><\/a>\n\t\t\t<\/dt><\/dl><br style=\"clear: both\" \/><dl class='gallery-item'>\n\t\t\t<dt class='gallery-icon landscape'>\n\t\t\t\t<a href='https:\/\/www.visit-ulcinj.com\/blog\/2013\/11\/15\/paula-d-royster-mbajti-ligjerate-ne-gjimnazin-drita-qender-per-kulture-ulqin-foto\/paula-d-royster-mbajti-ligjerate-ulqin-12\/'><img width=\"150\" height=\"150\" src=\"https:\/\/www.visit-ulcinj.com\/blog\/wp-content\/uploads\/2013\/11\/Paula-D-Royster-mbajti-ligj\u00ebrat\u00eb-Ulqin-12-150x150.jpg\" class=\"attachment-thumbnail size-thumbnail\" alt=\"\" loading=\"lazy\" \/><\/a>\n\t\t\t<\/dt><\/dl><dl class='gallery-item'>\n\t\t\t<dt class='gallery-icon landscape'>\n\t\t\t\t<a href='https:\/\/www.visit-ulcinj.com\/blog\/2013\/11\/15\/paula-d-royster-mbajti-ligjerate-ne-gjimnazin-drita-qender-per-kulture-ulqin-foto\/paula-d-royster-mbajti-ligjerate-ulqin-13\/'><img width=\"150\" height=\"150\" src=\"https:\/\/www.visit-ulcinj.com\/blog\/wp-content\/uploads\/2013\/11\/Paula-D-Royster-mbajti-ligj\u00ebrat\u00eb-Ulqin-13-150x150.jpg\" class=\"attachment-thumbnail size-thumbnail\" alt=\"\" loading=\"lazy\" \/><\/a>\n\t\t\t<\/dt><\/dl><dl class='gallery-item'>\n\t\t\t<dt class='gallery-icon landscape'>\n\t\t\t\t<a href='https:\/\/www.visit-ulcinj.com\/blog\/2013\/11\/15\/paula-d-royster-mbajti-ligjerate-ne-gjimnazin-drita-qender-per-kulture-ulqin-foto\/paula-d-royster-mbajti-ligjerate-ulqin-15\/'><img width=\"150\" height=\"150\" src=\"https:\/\/www.visit-ulcinj.com\/blog\/wp-content\/uploads\/2013\/11\/Paula-D-Royster-mbajti-ligj\u00ebrat\u00eb-Ulqin-15-150x150.jpg\" class=\"attachment-thumbnail size-thumbnail\" alt=\"\" loading=\"lazy\" \/><\/a>\n\t\t\t<\/dt><\/dl><br style=\"clear: both\" \/><dl class='gallery-item'>\n\t\t\t<dt class='gallery-icon landscape'>\n\t\t\t\t<a href='https:\/\/www.visit-ulcinj.com\/blog\/2013\/11\/15\/paula-d-royster-mbajti-ligjerate-ne-gjimnazin-drita-qender-per-kulture-ulqin-foto\/paula-d-royster-mbajti-ligjerate-ulqin-16\/'><img width=\"150\" height=\"150\" src=\"https:\/\/www.visit-ulcinj.com\/blog\/wp-content\/uploads\/2013\/11\/Paula-D-Royster-mbajti-ligj\u00ebrat\u00eb-Ulqin-16-150x150.jpg\" class=\"attachment-thumbnail size-thumbnail\" alt=\"\" loading=\"lazy\" \/><\/a>\n\t\t\t<\/dt><\/dl><dl class='gallery-item'>\n\t\t\t<dt class='gallery-icon landscape'>\n\t\t\t\t<a href='https:\/\/www.visit-ulcinj.com\/blog\/2013\/11\/15\/paula-d-royster-mbajti-ligjerate-ne-gjimnazin-drita-qender-per-kulture-ulqin-foto\/paula-d-royster-mbajti-ligjerate-ulqin-17\/'><img width=\"150\" height=\"150\" src=\"https:\/\/www.visit-ulcinj.com\/blog\/wp-content\/uploads\/2013\/11\/Paula-D-Royster-mbajti-ligj\u00ebrat\u00eb-Ulqin-17-150x150.jpg\" class=\"attachment-thumbnail size-thumbnail\" alt=\"\" loading=\"lazy\" \/><\/a>\n\t\t\t<\/dt><\/dl><dl class='gallery-item'>\n\t\t\t<dt class='gallery-icon landscape'>\n\t\t\t\t<a href='https:\/\/www.visit-ulcinj.com\/blog\/2013\/11\/15\/paula-d-royster-mbajti-ligjerate-ne-gjimnazin-drita-qender-per-kulture-ulqin-foto\/paula-d-royster-mbajti-ligjerate-ulqin-18\/'><img width=\"150\" height=\"150\" src=\"https:\/\/www.visit-ulcinj.com\/blog\/wp-content\/uploads\/2013\/11\/Paula-D-Royster-mbajti-ligj\u00ebrat\u00eb-Ulqin-18-150x150.jpg\" class=\"attachment-thumbnail size-thumbnail\" alt=\"\" loading=\"lazy\" \/><\/a>\n\t\t\t<\/dt><\/dl><br style=\"clear: both\" \/>\n\t\t<\/div>\n\n","protected":false},"excerpt":{"rendered":"<p>N\u00eb dit\u00ebn e kat\u00ebrt, t\u00eb q\u00ebndrimit n\u00eb Ulqin, prof. Royster vizitoi Gjimnazin DRITA, u prit nga Kryetari i Komunes, u takua me gazetar\u00eb dhe n\u00eb mbr\u00ebmje, mbajti ligj\u00ebrat\u00eb p\u00ebr nj\u00eb publik t\u00eb gjer\u00eb, n\u00eb Qendr\u00ebn Kulturore. Znj. Royster \u00ebsht\u00eb lider n\u00eb p\u00ebrkushtimin e Qendr\u00ebs p\u00ebr zbulimin, ruajtjen dhe mbrojtjen e histories s\u00eb diaspor\u00ebs afrikane dhe [&hellip;]<\/p>\n","protected":false},"author":1,"featured_media":0,"comment_status":"closed","ping_status":"closed","sticky":false,"template":"","format":"standard","meta":{"spay_email":"","jetpack_publicize_message":"","jetpack_is_tweetstorm":false,"jetpack_publicize_feature_enabled":true},"categories":[1,13],"tags":[],"jetpack_publicize_connections":[],"yoast_head":"<!-- This site is optimized with the Yoast SEO plugin v19.1 - https:\/\/yoast.com\/wordpress\/plugins\/seo\/ -->\n<title>Paula D Royster mbajti ligj\u00ebrat\u00eb n\u00eb Gjimnazin DRITA &amp; Qend\u00ebr p\u00ebr kultur\u00eb Ulqin + Foto - Lajme nga Ulqini<\/title>\n<meta name=\"description\" content=\"N\u00eb dit\u00ebn e kat\u00ebrt, t\u00eb q\u00ebndrimit n\u00eb Ulqin, prof. Royster vizitoi Gjimnazin DRITA, u prit nga Kryetari i Komunes, u takua me gazetar\u00eb dhe n\u00eb mbr\u00ebmje, mbajti\" \/>\n<meta name=\"robots\" content=\"index, follow, max-snippet:-1, max-image-preview:large, max-video-preview:-1\" \/>\n<link rel=\"canonical\" href=\"https:\/\/www.visit-ulcinj.com\/blog\/2013\/11\/15\/paula-d-royster-mbajti-ligjerate-ne-gjimnazin-drita-qender-per-kulture-ulqin-foto\/\" \/>\n<meta property=\"og:locale\" content=\"en_US\" \/>\n<meta property=\"og:type\" content=\"article\" \/>\n<meta property=\"og:title\" content=\"Paula D Royster mbajti ligj\u00ebrat\u00eb n\u00eb Gjimnazin DRITA &amp; Qend\u00ebr p\u00ebr kultur\u00eb Ulqin + Foto - Lajme nga Ulqini\" \/>\n<meta property=\"og:description\" content=\"N\u00eb dit\u00ebn e kat\u00ebrt, t\u00eb q\u00ebndrimit n\u00eb Ulqin, prof. Royster vizitoi Gjimnazin DRITA, u prit nga Kryetari i Komunes, u takua me gazetar\u00eb dhe n\u00eb mbr\u00ebmje, mbajti\" \/>\n<meta property=\"og:url\" content=\"https:\/\/www.visit-ulcinj.com\/blog\/2013\/11\/15\/paula-d-royster-mbajti-ligjerate-ne-gjimnazin-drita-qender-per-kulture-ulqin-foto\/\" \/>\n<meta property=\"og:site_name\" content=\"Lajme nga Ulqini\" \/>\n<meta property=\"article:published_time\" content=\"2013-11-15T08:13:08+00:00\" \/>\n<meta property=\"article:modified_time\" content=\"2013-11-15T15:46:30+00:00\" \/>\n<meta property=\"og:image\" content=\"https:\/\/www.visit-ulcinj.com\/blog\/wp-content\/uploads\/2013\/11\/Paula-D-Royster-mbajti-ligj\u00ebrat\u00eb-Ulqin-3-150x150.jpg\" \/>\n<meta name=\"twitter:label1\" content=\"Written by\" \/>\n\t<meta name=\"twitter:data1\" content=\"ulqini\" \/>\n\t<meta name=\"twitter:label2\" content=\"Est. reading time\" \/>\n\t<meta name=\"twitter:data2\" content=\"1 minute\" \/>\n<script type=\"application\/ld+json\" class=\"yoast-schema-graph\">{\"@context\":\"https:\/\/schema.org\",\"@graph\":[{\"@type\":\"WebSite\",\"@id\":\"https:\/\/www.visit-ulcinj.com\/blog\/#website\",\"url\":\"https:\/\/www.visit-ulcinj.com\/blog\/\",\"name\":\"Lajme nga Ulqini\",\"description\":\"Lajme,Vijesti,Ulqini,Ulqin,Crna Gora,Mali i Zi\",\"potentialAction\":[{\"@type\":\"SearchAction\",\"target\":{\"@type\":\"EntryPoint\",\"urlTemplate\":\"https:\/\/www.visit-ulcinj.com\/blog\/?s={search_term_string}\"},\"query-input\":\"required name=search_term_string\"}],\"inLanguage\":\"en-US\"},{\"@type\":\"WebPage\",\"@id\":\"https:\/\/www.visit-ulcinj.com\/blog\/2013\/11\/15\/paula-d-royster-mbajti-ligjerate-ne-gjimnazin-drita-qender-per-kulture-ulqin-foto\/#webpage\",\"url\":\"https:\/\/www.visit-ulcinj.com\/blog\/2013\/11\/15\/paula-d-royster-mbajti-ligjerate-ne-gjimnazin-drita-qender-per-kulture-ulqin-foto\/\",\"name\":\"Paula D Royster mbajti ligj\u00ebrat\u00eb n\u00eb Gjimnazin DRITA & Qend\u00ebr p\u00ebr kultur\u00eb Ulqin + Foto - Lajme nga Ulqini\",\"isPartOf\":{\"@id\":\"https:\/\/www.visit-ulcinj.com\/blog\/#website\"},\"datePublished\":\"2013-11-15T08:13:08+00:00\",\"dateModified\":\"2013-11-15T15:46:30+00:00\",\"author\":{\"@id\":\"https:\/\/www.visit-ulcinj.com\/blog\/#\/schema\/person\/dcab619c614d3038751c63bc2aadc06d\"},\"description\":\"N\u00eb dit\u00ebn e kat\u00ebrt, t\u00eb q\u00ebndrimit n\u00eb Ulqin, prof. Royster vizitoi Gjimnazin DRITA, u prit nga Kryetari i Komunes, u takua me gazetar\u00eb dhe n\u00eb mbr\u00ebmje, mbajti\",\"breadcrumb\":{\"@id\":\"https:\/\/www.visit-ulcinj.com\/blog\/2013\/11\/15\/paula-d-royster-mbajti-ligjerate-ne-gjimnazin-drita-qender-per-kulture-ulqin-foto\/#breadcrumb\"},\"inLanguage\":\"en-US\",\"potentialAction\":[{\"@type\":\"ReadAction\",\"target\":[\"https:\/\/www.visit-ulcinj.com\/blog\/2013\/11\/15\/paula-d-royster-mbajti-ligjerate-ne-gjimnazin-drita-qender-per-kulture-ulqin-foto\/\"]}]},{\"@type\":\"BreadcrumbList\",\"@id\":\"https:\/\/www.visit-ulcinj.com\/blog\/2013\/11\/15\/paula-d-royster-mbajti-ligjerate-ne-gjimnazin-drita-qender-per-kulture-ulqin-foto\/#breadcrumb\",\"itemListElement\":[{\"@type\":\"ListItem\",\"position\":1,\"name\":\"Paula D Royster mbajti ligj\u00ebrat\u00eb n\u00eb Gjimnazin DRITA &#038; Qend\u00ebr p\u00ebr kultur\u00eb Ulqin + Foto\"}]},{\"@type\":\"Person\",\"@id\":\"https:\/\/www.visit-ulcinj.com\/blog\/#\/schema\/person\/dcab619c614d3038751c63bc2aadc06d\",\"name\":\"ulqini\",\"sameAs\":[\"http:\/\/www.visit-ulcinj.com\"],\"url\":\"https:\/\/www.visit-ulcinj.com\/blog\/author\/admin\/\"}]}<\/script>\n<!-- \/ Yoast SEO plugin. -->","yoast_head_json":{"title":"Paula D Royster mbajti ligj\u00ebrat\u00eb n\u00eb Gjimnazin DRITA & Qend\u00ebr p\u00ebr kultur\u00eb Ulqin + Foto - Lajme nga Ulqini","description":"N\u00eb dit\u00ebn e kat\u00ebrt, t\u00eb q\u00ebndrimit n\u00eb Ulqin, prof. Royster vizitoi Gjimnazin DRITA, u prit nga Kryetari i Komunes, u takua me gazetar\u00eb dhe n\u00eb mbr\u00ebmje, mbajti","robots":{"index":"index","follow":"follow","max-snippet":"max-snippet:-1","max-image-preview":"max-image-preview:large","max-video-preview":"max-video-preview:-1"},"canonical":"https:\/\/www.visit-ulcinj.com\/blog\/2013\/11\/15\/paula-d-royster-mbajti-ligjerate-ne-gjimnazin-drita-qender-per-kulture-ulqin-foto\/","og_locale":"en_US","og_type":"article","og_title":"Paula D Royster mbajti ligj\u00ebrat\u00eb n\u00eb Gjimnazin DRITA & Qend\u00ebr p\u00ebr kultur\u00eb Ulqin + Foto - Lajme nga Ulqini","og_description":"N\u00eb dit\u00ebn e kat\u00ebrt, t\u00eb q\u00ebndrimit n\u00eb Ulqin, prof. Royster vizitoi Gjimnazin DRITA, u prit nga Kryetari i Komunes, u takua me gazetar\u00eb dhe n\u00eb mbr\u00ebmje, mbajti","og_url":"https:\/\/www.visit-ulcinj.com\/blog\/2013\/11\/15\/paula-d-royster-mbajti-ligjerate-ne-gjimnazin-drita-qender-per-kulture-ulqin-foto\/","og_site_name":"Lajme nga Ulqini","article_published_time":"2013-11-15T08:13:08+00:00","article_modified_time":"2013-11-15T15:46:30+00:00","og_image":[{"url":"https:\/\/www.visit-ulcinj.com\/blog\/wp-content\/uploads\/2013\/11\/Paula-D-Royster-mbajti-ligj\u00ebrat\u00eb-Ulqin-3-150x150.jpg"}],"twitter_misc":{"Written by":"ulqini","Est. reading time":"1 minute"},"schema":{"@context":"https:\/\/schema.org","@graph":[{"@type":"WebSite","@id":"https:\/\/www.visit-ulcinj.com\/blog\/#website","url":"https:\/\/www.visit-ulcinj.com\/blog\/","name":"Lajme nga Ulqini","description":"Lajme,Vijesti,Ulqini,Ulqin,Crna Gora,Mali i Zi","potentialAction":[{"@type":"SearchAction","target":{"@type":"EntryPoint","urlTemplate":"https:\/\/www.visit-ulcinj.com\/blog\/?s={search_term_string}"},"query-input":"required name=search_term_string"}],"inLanguage":"en-US"},{"@type":"WebPage","@id":"https:\/\/www.visit-ulcinj.com\/blog\/2013\/11\/15\/paula-d-royster-mbajti-ligjerate-ne-gjimnazin-drita-qender-per-kulture-ulqin-foto\/#webpage","url":"https:\/\/www.visit-ulcinj.com\/blog\/2013\/11\/15\/paula-d-royster-mbajti-ligjerate-ne-gjimnazin-drita-qender-per-kulture-ulqin-foto\/","name":"Paula D Royster mbajti ligj\u00ebrat\u00eb n\u00eb Gjimnazin DRITA & Qend\u00ebr p\u00ebr kultur\u00eb Ulqin + Foto - Lajme nga Ulqini","isPartOf":{"@id":"https:\/\/www.visit-ulcinj.com\/blog\/#website"},"datePublished":"2013-11-15T08:13:08+00:00","dateModified":"2013-11-15T15:46:30+00:00","author":{"@id":"https:\/\/www.visit-ulcinj.com\/blog\/#\/schema\/person\/dcab619c614d3038751c63bc2aadc06d"},"description":"N\u00eb dit\u00ebn e kat\u00ebrt, t\u00eb q\u00ebndrimit n\u00eb Ulqin, prof. Royster vizitoi Gjimnazin DRITA, u prit nga Kryetari i Komunes, u takua me gazetar\u00eb dhe n\u00eb mbr\u00ebmje, mbajti","breadcrumb":{"@id":"https:\/\/www.visit-ulcinj.com\/blog\/2013\/11\/15\/paula-d-royster-mbajti-ligjerate-ne-gjimnazin-drita-qender-per-kulture-ulqin-foto\/#breadcrumb"},"inLanguage":"en-US","potentialAction":[{"@type":"ReadAction","target":["https:\/\/www.visit-ulcinj.com\/blog\/2013\/11\/15\/paula-d-royster-mbajti-ligjerate-ne-gjimnazin-drita-qender-per-kulture-ulqin-foto\/"]}]},{"@type":"BreadcrumbList","@id":"https:\/\/www.visit-ulcinj.com\/blog\/2013\/11\/15\/paula-d-royster-mbajti-ligjerate-ne-gjimnazin-drita-qender-per-kulture-ulqin-foto\/#breadcrumb","itemListElement":[{"@type":"ListItem","position":1,"name":"Paula D Royster mbajti ligj\u00ebrat\u00eb n\u00eb Gjimnazin DRITA &#038; Qend\u00ebr p\u00ebr kultur\u00eb Ulqin + Foto"}]},{"@type":"Person","@id":"https:\/\/www.visit-ulcinj.com\/blog\/#\/schema\/person\/dcab619c614d3038751c63bc2aadc06d","name":"ulqini","sameAs":["http:\/\/www.visit-ulcinj.com"],"url":"https:\/\/www.visit-ulcinj.com\/blog\/author\/admin\/"}]}},"jetpack_featured_media_url":"","jetpack_sharing_enabled":true,"jetpack_shortlink":"https:\/\/wp.me\/pe6lTn-jPv","_links":{"self":[{"href":"https:\/\/www.visit-ulcinj.com\/blog\/wp-json\/wp\/v2\/posts\/76229"}],"collection":[{"href":"https:\/\/www.visit-ulcinj.com\/blog\/wp-json\/wp\/v2\/posts"}],"about":[{"href":"https:\/\/www.visit-ulcinj.com\/blog\/wp-json\/wp\/v2\/types\/post"}],"author":[{"embeddable":true,"href":"https:\/\/www.visit-ulcinj.com\/blog\/wp-json\/wp\/v2\/users\/1"}],"replies":[{"embeddable":true,"href":"https:\/\/www.visit-ulcinj.com\/blog\/wp-json\/wp\/v2\/comments?post=76229"}],"version-history":[{"count":2,"href":"https:\/\/www.visit-ulcinj.com\/blog\/wp-json\/wp\/v2\/posts\/76229\/revisions"}],"predecessor-version":[{"id":76250,"href":"https:\/\/www.visit-ulcinj.com\/blog\/wp-json\/wp\/v2\/posts\/76229\/revisions\/76250"}],"wp:attachment":[{"href":"https:\/\/www.visit-ulcinj.com\/blog\/wp-json\/wp\/v2\/media?parent=76229"}],"wp:term":[{"taxonomy":"category","embeddable":true,"href":"https:\/\/www.visit-ulcinj.com\/blog\/wp-json\/wp\/v2\/categories?post=76229"},{"taxonomy":"post_tag","embeddable":true,"href":"https:\/\/www.visit-ulcinj.com\/blog\/wp-json\/wp\/v2\/tags?post=76229"}],"curies":[{"name":"wp","href":"https:\/\/api.w.org\/{rel}","templated":true}]}}