{"id":7625,"date":"2008-12-24T20:40:50","date_gmt":"2008-12-24T19:40:50","guid":{"rendered":"http:\/\/www.visit-ulcinj.com\/blog\/?p=7625"},"modified":"2008-12-25T14:12:07","modified_gmt":"2008-12-25T13:12:07","slug":"adelina-ismajli-mbush-29-vjec","status":"publish","type":"post","link":"https:\/\/www.visit-ulcinj.com\/blog\/2008\/12\/24\/adelina-ismajli-mbush-29-vjec\/","title":{"rendered":"Adelina Ismajli mbush 29 vje\u00e7"},"content":{"rendered":"<p><img loading=\"lazy\" class=\"alignleft size-full wp-image-7626\" title=\"adelina-ismaili\" src=\"http:\/\/www.visit-ulcinj.com\/blog\/wp-content\/uploads\/2008\/12\/adelina-ismaili.jpg\" alt=\"adelina-ismaili\" width=\"599\" height=\"432\" \/>Nj\u00eb nd\u00ebr k\u00ebng\u00ebtaret m\u00eb t\u00eb njohura dhe m\u00eb t\u00eb suksesshme t\u00eb sken\u00ebs kosovare, sig urisht dhe nj\u00eb nd\u00ebr femrat m\u00eb t\u00eb bukura t\u00eb ekranit, ka mbushur 29 vje\u00e7 m\u00eb dat\u00eb 14 dhjetor. Adelina Ismajli, jo vet\u00ebm \u00ebsht\u00eb nj\u00eb nd\u00ebr z\u00ebrat m\u00eb t\u00eb spikatur t\u00eb muzik\u00ebs, por gjithashtu t\u00eb gjith\u00eb ne kemi admiruar shum\u00eb her\u00eb dhe bukurin\u00eb e saj, q\u00eb e ka kuror\u00ebzuar k\u00ebt\u00eb t\u00eb fundit dhe \u201cMiss Kosova\u201d. Dhe pse tashm\u00eb Ismajli kam mbi vete plot 29 vite, sharmi dhe energjia e saj e pashtershme nuk i tregojn\u00eb aspak.<br \/>\nNj\u00eb form\u00eb e ve\u00e7ant\u00eb urimi p\u00ebr Adelin\u00ebn ka qen\u00eb dhe nj\u00eb montazh me foto nga koncertet e Adelin\u00ebs, q\u00eb i kan\u00eb b\u00ebr\u00eb fansat e saj online. Nd\u00ebrkoh\u00eb q\u00eb, celebrimi i 29-vjetorit p\u00ebr bukuroshen nga Kosova tashm\u00eb ka kaluar, ajo do t\u00eb jet\u00eb e ftuar dit\u00ebn e sotme pik\u00ebrisht n\u00eb \u201cMusic Pasala\u201d n\u00eb Gjermani, ku do t\u00eb arg\u00ebtoj\u00eb t\u00eb pranishmit dhe fansat e saj.<br \/>\n<strong>Bluetoth<\/strong><\/p>\n\n<p style=\"text-align: center;\"><!--YouTube Error: bad URL entered--><br \/>\n<a href=\"http:\/\/www.visit-ulcinj.com\/blog\/wp-content\/uploads\/2008\/12\/garden-of-eatin-restaurant.jpg\"><img loading=\"lazy\" class=\"aligncenter size-full wp-image-7630\" title=\"garden-of-eatin-restaurant\" src=\"http:\/\/www.visit-ulcinj.com\/blog\/wp-content\/uploads\/2008\/12\/garden-of-eatin-restaurant.jpg\" alt=\" Pritja e Vitit Te Ri 2009 me Kengetar\u00eb te ndryshme n\u00eb Garden of Eatin Restaurant - Contact Ahmet Zeka  215-499-6146\" width=\"428\" height=\"555\" \/><\/a><\/p>\n","protected":false},"excerpt":{"rendered":"<p>Nj\u00eb nd\u00ebr k\u00ebng\u00ebtaret m\u00eb t\u00eb njohura dhe m\u00eb t\u00eb suksesshme t\u00eb sken\u00ebs kosovare, sig urisht dhe nj\u00eb nd\u00ebr femrat m\u00eb t\u00eb bukura t\u00eb ekranit, ka mbushur 29 vje\u00e7 m\u00eb dat\u00eb 14 dhjetor. Adelina Ismajli, jo vet\u00ebm \u00ebsht\u00eb nj\u00eb nd\u00ebr z\u00ebrat m\u00eb t\u00eb spikatur t\u00eb muzik\u00ebs, por gjithashtu t\u00eb gjith\u00eb ne kemi admiruar shum\u00eb her\u00eb dhe [&hellip;]<\/p>\n","protected":false},"author":1,"featured_media":0,"comment_status":"open","ping_status":"closed","sticky":false,"template":"","format":"standard","meta":{"spay_email":"","jetpack_publicize_message":"","jetpack_is_tweetstorm":false,"jetpack_publicize_feature_enabled":true},"categories":[1],"tags":[2364,49,325],"jetpack_publicize_connections":[],"yoast_head":"<!-- This site is optimized with the Yoast SEO plugin v19.1 - https:\/\/yoast.com\/wordpress\/plugins\/seo\/ -->\n<title>Adelina Ismajli mbush 29 vje\u00e7 - Lajme nga Ulqini<\/title>\n<meta name=\"description\" content=\"Nj\u00eb nd\u00ebr k\u00ebng\u00ebtaret m\u00eb t\u00eb njohura dhe m\u00eb t\u00eb suksesshme t\u00eb sken\u00ebs kosovare, sig urisht dhe nj\u00eb nd\u00ebr femrat m\u00eb t\u00eb bukura t\u00eb ekranit, ka mbushur 29 vje\u00e7 m\u00eb\" \/>\n<meta name=\"robots\" content=\"index, follow, max-snippet:-1, max-image-preview:large, max-video-preview:-1\" \/>\n<link rel=\"canonical\" href=\"https:\/\/www.visit-ulcinj.com\/blog\/2008\/12\/24\/adelina-ismajli-mbush-29-vjec\/\" \/>\n<meta property=\"og:locale\" content=\"en_US\" \/>\n<meta property=\"og:type\" content=\"article\" \/>\n<meta property=\"og:title\" content=\"Adelina Ismajli mbush 29 vje\u00e7 - Lajme nga Ulqini\" \/>\n<meta property=\"og:description\" content=\"Nj\u00eb nd\u00ebr k\u00ebng\u00ebtaret m\u00eb t\u00eb njohura dhe m\u00eb t\u00eb suksesshme t\u00eb sken\u00ebs kosovare, sig urisht dhe nj\u00eb nd\u00ebr femrat m\u00eb t\u00eb bukura t\u00eb ekranit, ka mbushur 29 vje\u00e7 m\u00eb\" \/>\n<meta property=\"og:url\" content=\"https:\/\/www.visit-ulcinj.com\/blog\/2008\/12\/24\/adelina-ismajli-mbush-29-vjec\/\" \/>\n<meta property=\"og:site_name\" content=\"Lajme nga Ulqini\" \/>\n<meta property=\"article:published_time\" content=\"2008-12-24T19:40:50+00:00\" \/>\n<meta property=\"article:modified_time\" content=\"2008-12-25T13:12:07+00:00\" \/>\n<meta property=\"og:image\" content=\"https:\/\/www.visit-ulcinj.com\/blog\/wp-content\/uploads\/2008\/12\/adelina-ismajli1-150x150.jpg\" \/>\n<meta name=\"twitter:label1\" content=\"Written by\" \/>\n\t<meta name=\"twitter:data1\" content=\"ulqini\" \/>\n\t<meta name=\"twitter:label2\" content=\"Est. reading time\" \/>\n\t<meta name=\"twitter:data2\" content=\"1 minute\" \/>\n<script type=\"application\/ld+json\" class=\"yoast-schema-graph\">{\"@context\":\"https:\/\/schema.org\",\"@graph\":[{\"@type\":\"WebSite\",\"@id\":\"https:\/\/www.visit-ulcinj.com\/blog\/#website\",\"url\":\"https:\/\/www.visit-ulcinj.com\/blog\/\",\"name\":\"Lajme nga Ulqini\",\"description\":\"Lajme,Vijesti,Ulqini,Ulqin,Crna Gora,Mali i Zi\",\"potentialAction\":[{\"@type\":\"SearchAction\",\"target\":{\"@type\":\"EntryPoint\",\"urlTemplate\":\"https:\/\/www.visit-ulcinj.com\/blog\/?s={search_term_string}\"},\"query-input\":\"required name=search_term_string\"}],\"inLanguage\":\"en-US\"},{\"@type\":\"ImageObject\",\"inLanguage\":\"en-US\",\"@id\":\"https:\/\/www.visit-ulcinj.com\/blog\/2008\/12\/24\/adelina-ismajli-mbush-29-vjec\/#primaryimage\",\"url\":\"http:\/\/www.visit-ulcinj.com\/blog\/wp-content\/uploads\/2008\/12\/adelina-ismaili.jpg\",\"contentUrl\":\"http:\/\/www.visit-ulcinj.com\/blog\/wp-content\/uploads\/2008\/12\/adelina-ismaili.jpg\"},{\"@type\":\"WebPage\",\"@id\":\"https:\/\/www.visit-ulcinj.com\/blog\/2008\/12\/24\/adelina-ismajli-mbush-29-vjec\/#webpage\",\"url\":\"https:\/\/www.visit-ulcinj.com\/blog\/2008\/12\/24\/adelina-ismajli-mbush-29-vjec\/\",\"name\":\"Adelina Ismajli mbush 29 vje\u00e7 - Lajme nga Ulqini\",\"isPartOf\":{\"@id\":\"https:\/\/www.visit-ulcinj.com\/blog\/#website\"},\"primaryImageOfPage\":{\"@id\":\"https:\/\/www.visit-ulcinj.com\/blog\/2008\/12\/24\/adelina-ismajli-mbush-29-vjec\/#primaryimage\"},\"datePublished\":\"2008-12-24T19:40:50+00:00\",\"dateModified\":\"2008-12-25T13:12:07+00:00\",\"author\":{\"@id\":\"https:\/\/www.visit-ulcinj.com\/blog\/#\/schema\/person\/dcab619c614d3038751c63bc2aadc06d\"},\"description\":\"Nj\u00eb nd\u00ebr k\u00ebng\u00ebtaret m\u00eb t\u00eb njohura dhe m\u00eb t\u00eb suksesshme t\u00eb sken\u00ebs kosovare, sig urisht dhe nj\u00eb nd\u00ebr femrat m\u00eb t\u00eb bukura t\u00eb ekranit, ka mbushur 29 vje\u00e7 m\u00eb\",\"breadcrumb\":{\"@id\":\"https:\/\/www.visit-ulcinj.com\/blog\/2008\/12\/24\/adelina-ismajli-mbush-29-vjec\/#breadcrumb\"},\"inLanguage\":\"en-US\",\"potentialAction\":[{\"@type\":\"ReadAction\",\"target\":[\"https:\/\/www.visit-ulcinj.com\/blog\/2008\/12\/24\/adelina-ismajli-mbush-29-vjec\/\"]}]},{\"@type\":\"BreadcrumbList\",\"@id\":\"https:\/\/www.visit-ulcinj.com\/blog\/2008\/12\/24\/adelina-ismajli-mbush-29-vjec\/#breadcrumb\",\"itemListElement\":[{\"@type\":\"ListItem\",\"position\":1,\"name\":\"Adelina Ismajli mbush 29 vje\u00e7\"}]},{\"@type\":\"Person\",\"@id\":\"https:\/\/www.visit-ulcinj.com\/blog\/#\/schema\/person\/dcab619c614d3038751c63bc2aadc06d\",\"name\":\"ulqini\",\"sameAs\":[\"http:\/\/www.visit-ulcinj.com\"],\"url\":\"https:\/\/www.visit-ulcinj.com\/blog\/author\/admin\/\"}]}<\/script>\n<!-- \/ Yoast SEO plugin. -->","yoast_head_json":{"title":"Adelina Ismajli mbush 29 vje\u00e7 - Lajme nga Ulqini","description":"Nj\u00eb nd\u00ebr k\u00ebng\u00ebtaret m\u00eb t\u00eb njohura dhe m\u00eb t\u00eb suksesshme t\u00eb sken\u00ebs kosovare, sig urisht dhe nj\u00eb nd\u00ebr femrat m\u00eb t\u00eb bukura t\u00eb ekranit, ka mbushur 29 vje\u00e7 m\u00eb","robots":{"index":"index","follow":"follow","max-snippet":"max-snippet:-1","max-image-preview":"max-image-preview:large","max-video-preview":"max-video-preview:-1"},"canonical":"https:\/\/www.visit-ulcinj.com\/blog\/2008\/12\/24\/adelina-ismajli-mbush-29-vjec\/","og_locale":"en_US","og_type":"article","og_title":"Adelina Ismajli mbush 29 vje\u00e7 - Lajme nga Ulqini","og_description":"Nj\u00eb nd\u00ebr k\u00ebng\u00ebtaret m\u00eb t\u00eb njohura dhe m\u00eb t\u00eb suksesshme t\u00eb sken\u00ebs kosovare, sig urisht dhe nj\u00eb nd\u00ebr femrat m\u00eb t\u00eb bukura t\u00eb ekranit, ka mbushur 29 vje\u00e7 m\u00eb","og_url":"https:\/\/www.visit-ulcinj.com\/blog\/2008\/12\/24\/adelina-ismajli-mbush-29-vjec\/","og_site_name":"Lajme nga Ulqini","article_published_time":"2008-12-24T19:40:50+00:00","article_modified_time":"2008-12-25T13:12:07+00:00","og_image":[{"url":"https:\/\/www.visit-ulcinj.com\/blog\/wp-content\/uploads\/2008\/12\/adelina-ismajli1-150x150.jpg"}],"twitter_misc":{"Written by":"ulqini","Est. reading time":"1 minute"},"schema":{"@context":"https:\/\/schema.org","@graph":[{"@type":"WebSite","@id":"https:\/\/www.visit-ulcinj.com\/blog\/#website","url":"https:\/\/www.visit-ulcinj.com\/blog\/","name":"Lajme nga Ulqini","description":"Lajme,Vijesti,Ulqini,Ulqin,Crna Gora,Mali i Zi","potentialAction":[{"@type":"SearchAction","target":{"@type":"EntryPoint","urlTemplate":"https:\/\/www.visit-ulcinj.com\/blog\/?s={search_term_string}"},"query-input":"required name=search_term_string"}],"inLanguage":"en-US"},{"@type":"ImageObject","inLanguage":"en-US","@id":"https:\/\/www.visit-ulcinj.com\/blog\/2008\/12\/24\/adelina-ismajli-mbush-29-vjec\/#primaryimage","url":"http:\/\/www.visit-ulcinj.com\/blog\/wp-content\/uploads\/2008\/12\/adelina-ismaili.jpg","contentUrl":"http:\/\/www.visit-ulcinj.com\/blog\/wp-content\/uploads\/2008\/12\/adelina-ismaili.jpg"},{"@type":"WebPage","@id":"https:\/\/www.visit-ulcinj.com\/blog\/2008\/12\/24\/adelina-ismajli-mbush-29-vjec\/#webpage","url":"https:\/\/www.visit-ulcinj.com\/blog\/2008\/12\/24\/adelina-ismajli-mbush-29-vjec\/","name":"Adelina Ismajli mbush 29 vje\u00e7 - Lajme nga Ulqini","isPartOf":{"@id":"https:\/\/www.visit-ulcinj.com\/blog\/#website"},"primaryImageOfPage":{"@id":"https:\/\/www.visit-ulcinj.com\/blog\/2008\/12\/24\/adelina-ismajli-mbush-29-vjec\/#primaryimage"},"datePublished":"2008-12-24T19:40:50+00:00","dateModified":"2008-12-25T13:12:07+00:00","author":{"@id":"https:\/\/www.visit-ulcinj.com\/blog\/#\/schema\/person\/dcab619c614d3038751c63bc2aadc06d"},"description":"Nj\u00eb nd\u00ebr k\u00ebng\u00ebtaret m\u00eb t\u00eb njohura dhe m\u00eb t\u00eb suksesshme t\u00eb sken\u00ebs kosovare, sig urisht dhe nj\u00eb nd\u00ebr femrat m\u00eb t\u00eb bukura t\u00eb ekranit, ka mbushur 29 vje\u00e7 m\u00eb","breadcrumb":{"@id":"https:\/\/www.visit-ulcinj.com\/blog\/2008\/12\/24\/adelina-ismajli-mbush-29-vjec\/#breadcrumb"},"inLanguage":"en-US","potentialAction":[{"@type":"ReadAction","target":["https:\/\/www.visit-ulcinj.com\/blog\/2008\/12\/24\/adelina-ismajli-mbush-29-vjec\/"]}]},{"@type":"BreadcrumbList","@id":"https:\/\/www.visit-ulcinj.com\/blog\/2008\/12\/24\/adelina-ismajli-mbush-29-vjec\/#breadcrumb","itemListElement":[{"@type":"ListItem","position":1,"name":"Adelina Ismajli mbush 29 vje\u00e7"}]},{"@type":"Person","@id":"https:\/\/www.visit-ulcinj.com\/blog\/#\/schema\/person\/dcab619c614d3038751c63bc2aadc06d","name":"ulqini","sameAs":["http:\/\/www.visit-ulcinj.com"],"url":"https:\/\/www.visit-ulcinj.com\/blog\/author\/admin\/"}]}},"jetpack_featured_media_url":"","jetpack_sharing_enabled":true,"jetpack_shortlink":"https:\/\/wp.me\/pe6lTn-1YZ","_links":{"self":[{"href":"https:\/\/www.visit-ulcinj.com\/blog\/wp-json\/wp\/v2\/posts\/7625"}],"collection":[{"href":"https:\/\/www.visit-ulcinj.com\/blog\/wp-json\/wp\/v2\/posts"}],"about":[{"href":"https:\/\/www.visit-ulcinj.com\/blog\/wp-json\/wp\/v2\/types\/post"}],"author":[{"embeddable":true,"href":"https:\/\/www.visit-ulcinj.com\/blog\/wp-json\/wp\/v2\/users\/1"}],"replies":[{"embeddable":true,"href":"https:\/\/www.visit-ulcinj.com\/blog\/wp-json\/wp\/v2\/comments?post=7625"}],"version-history":[{"count":0,"href":"https:\/\/www.visit-ulcinj.com\/blog\/wp-json\/wp\/v2\/posts\/7625\/revisions"}],"wp:attachment":[{"href":"https:\/\/www.visit-ulcinj.com\/blog\/wp-json\/wp\/v2\/media?parent=7625"}],"wp:term":[{"taxonomy":"category","embeddable":true,"href":"https:\/\/www.visit-ulcinj.com\/blog\/wp-json\/wp\/v2\/categories?post=7625"},{"taxonomy":"post_tag","embeddable":true,"href":"https:\/\/www.visit-ulcinj.com\/blog\/wp-json\/wp\/v2\/tags?post=7625"}],"curies":[{"name":"wp","href":"https:\/\/api.w.org\/{rel}","templated":true}]}}