{"id":76255,"date":"2013-11-15T11:56:44","date_gmt":"2013-11-15T10:56:44","guid":{"rendered":"http:\/\/www.visit-ulcinj.com\/blog\/?p=76255"},"modified":"2013-11-15T11:57:06","modified_gmt":"2013-11-15T10:57:06","slug":"pushohen-nga-puna-njezet-punetore-ne-kriporen-e-ulqinit","status":"publish","type":"post","link":"https:\/\/www.visit-ulcinj.com\/blog\/2013\/11\/15\/pushohen-nga-puna-njezet-punetore-ne-kriporen-e-ulqinit\/","title":{"rendered":"Pushohen nga puna nj\u00ebzet pun\u00ebtor\u00eb n\u00eb kriporen e Ulqinit"},"content":{"rendered":"<p><a href=\"http:\/\/www.visit-ulcinj.com\/blog\/wp-content\/uploads\/2013\/11\/Radnici-ulcinjske-Solane.jpg\"><img loading=\"lazy\" class=\"alignleft  wp-image-76044\" alt=\"Radnici-ulcinjske-Solane\" src=\"http:\/\/www.visit-ulcinj.com\/blog\/wp-content\/uploads\/2013\/11\/Radnici-ulcinjske-Solane.jpg\" width=\"508\" height=\"360\" \/><\/a>Ulqin \u2013 Nj\u00ebzet pun\u00ebtor\u00eb t\u00eb Kripores \u201cBajo\u00a0Sekuliq\u201d n\u00eb Ulqin, 19 prej t\u00eb cil\u00ebve shqiptar\u00eb,\u00a0jan\u00eb pushuar nga puna nga administrata\u00a0e falimentimit n\u00eb k\u00ebt\u00eb nd\u00ebrmarrje.\u00a0Administratori i falimentimit Ognjen Jovoviq\u00a0ka th\u00ebn\u00eb se t\u00eb 66 pun\u00ebtor\u00ebt e k\u00ebsaj\u00a0nd\u00ebrmarrjeje do t\u00eb pushohen nga puna,\u00a0por me 46 prej tyre do t\u00eb lidhen kontrata t\u00eb\u00a0reja pune t\u00eb vlefshme deri m\u00eb 31 dhjetor t\u00eb\u00a0k\u00ebtij viti, kurse nj\u00ebzet pun\u00ebtor\u00ebt e tjer\u00eb t\u00eb\u00a0pushuar nga puna do t\u00eb angazhohen me\u00a0prioritet n\u00eb rast nevoje.\u00a0Pun\u00ebtor\u00ebt e pushuar nga puna kan\u00eb protestuar\u00a0t\u00eb h\u00ebn\u00ebn para port\u00ebs n\u00eb hyrje t\u00eb Kripores.\u00a0Kryetari i Sindikat\u00ebs s\u00eb Kripores, Marko\u00a0Miranoviq, ka th\u00ebn\u00eb se askush nga pun\u00ebtor\u00ebt\u00a0e pushuar nga puna nuk do t\u2019i marr\u00eb\u00a0vendimet pa biseduar me administratorin\u00a0e falimentimit, duke paralajm\u00ebruar tubime\u00a0t\u00eb reja protestuese.\u00a0Pun\u00ebtor\u00ebt kan\u00eb th\u00ebn\u00eb se nuk pranojn\u00eb t\u2019i\u00a0marrin vendimet derisa nd\u00ebrmarrja mos\u00a0t\u2019ju paguaj t\u00eb gjitha borxhet dhe t\u2019ju lidh\u00eb\u00a0stazhin e pun\u00ebs.<\/p>\n<p>Ata madje kan\u00eb shfaqur dyshime se pushimi\u00a0nga puna \u00ebsht\u00eb b\u00ebr\u00eb mbi baza nacionale \u201cSipas cilave kritere kemi mbetur pa pun\u00eb?\u00a0Pse nga 20 pun\u00ebtor\u00ebt e shkarkuar 19 jan\u00eb\u00a0shqiptar\u00eb? Kam t\u00eb drejt\u00eb t\u00eb dyshoj q\u00eb e\u00a0gjitha \u00ebsht\u00eb b\u00ebr\u00eb n\u00eb baza nacionale\u201c, ka\u00a0th\u00ebn\u00eb Xhavit Cucoviq, i cili punon tash 25\u00a0vjet n\u00eb Kriporen e Ulqinit.\u00a0Pushimi i pun\u00ebtor\u00ebve nga puna \u00ebsht\u00eb paralajm\u00ebruar\u00a0q\u00eb n\u00eb fillim t\u00eb vitit, por n\u00eb fund\u00a0t\u00eb muajit shkurt drejtuesit e Kripores s\u00eb Ulqinit\u00a0dhe Sindikata e pun\u00ebtor\u00ebve t\u00eb k\u00ebsaj\u00a0nd\u00ebrmarrjeje kan\u00eb arritur kompromis t\u00eb\u00a0p\u00ebrkohsh\u00ebm p\u00ebr zgjidhjen e problemeve\u00a0t\u00eb tyre, n\u00eb takimin q\u00eb kan\u00eb mbajtur me\u00a0nd\u00ebrmjet\u00ebsimin e kryetarit t\u00eb Komun\u00ebs s\u00eb\u00a0Ulqinit, Nazif Cungu.\u00a0Pas debateve dhe argumenteve t\u00eb t\u00eb dyja\u00a0pal\u00ebve, pun\u00ebdh\u00ebn\u00ebsi ka premtuar at\u00ebher\u00eb\u00a0se nuk do t\u00eb pushoj\u00eb asnj\u00eb pun\u00ebtor nga\u00a0puna, si\u00e7 kishte paralajm\u00ebruar p\u00ebr shkak\u00a0t\u00eb procesit t\u00eb falimentimit n\u00eb k\u00ebt\u00eb nd\u00ebrmarrje,\u00a0dhe se me rreth 70 pun\u00ebtor\u00ebt e saj\u00a0do t\u00eb lidhin kontrata t\u00eb reja pune me afat\u00a0kat\u00ebrmujor.<\/p>\n<p>(Kohapress)<\/p>\n","protected":false},"excerpt":{"rendered":"<p>Ulqin \u2013 Nj\u00ebzet pun\u00ebtor\u00eb t\u00eb Kripores \u201cBajo\u00a0Sekuliq\u201d n\u00eb Ulqin, 19 prej t\u00eb cil\u00ebve shqiptar\u00eb,\u00a0jan\u00eb pushuar nga puna nga administrata\u00a0e falimentimit n\u00eb k\u00ebt\u00eb nd\u00ebrmarrje.\u00a0Administratori i falimentimit Ognjen Jovoviq\u00a0ka th\u00ebn\u00eb se t\u00eb 66 pun\u00ebtor\u00ebt e k\u00ebsaj\u00a0nd\u00ebrmarrjeje do t\u00eb pushohen nga puna,\u00a0por me 46 prej tyre do t\u00eb lidhen kontrata t\u00eb\u00a0reja pune t\u00eb vlefshme deri m\u00eb 31 dhjetor [&hellip;]<\/p>\n","protected":false},"author":1,"featured_media":0,"comment_status":"closed","ping_status":"closed","sticky":false,"template":"","format":"standard","meta":{"spay_email":"","jetpack_publicize_message":"","jetpack_is_tweetstorm":false,"jetpack_publicize_feature_enabled":true},"categories":[8],"tags":[],"jetpack_publicize_connections":[],"yoast_head":"<!-- This site is optimized with the Yoast SEO plugin v19.1 - https:\/\/yoast.com\/wordpress\/plugins\/seo\/ -->\n<title>Pushohen nga puna nj\u00ebzet pun\u00ebtor\u00eb n\u00eb kriporen e Ulqinit - Lajme nga Ulqini<\/title>\n<meta name=\"description\" content=\"Ulqin \u2013 Nj\u00ebzet pun\u00ebtor\u00eb t\u00eb Kripores \u201cBajo\u00a0Sekuliq\u201d n\u00eb Ulqin, 19 prej t\u00eb cil\u00ebve shqiptar\u00eb,\u00a0jan\u00eb pushuar nga puna nga administrata\u00a0e falimentimit n\u00eb k\u00ebt\u00eb\" \/>\n<meta name=\"robots\" content=\"index, follow, max-snippet:-1, max-image-preview:large, max-video-preview:-1\" \/>\n<link rel=\"canonical\" href=\"https:\/\/www.visit-ulcinj.com\/blog\/2013\/11\/15\/pushohen-nga-puna-njezet-punetore-ne-kriporen-e-ulqinit\/\" \/>\n<meta property=\"og:locale\" content=\"en_US\" \/>\n<meta property=\"og:type\" content=\"article\" \/>\n<meta property=\"og:title\" content=\"Pushohen nga puna nj\u00ebzet pun\u00ebtor\u00eb n\u00eb kriporen e Ulqinit - Lajme nga Ulqini\" \/>\n<meta property=\"og:description\" content=\"Ulqin \u2013 Nj\u00ebzet pun\u00ebtor\u00eb t\u00eb Kripores \u201cBajo\u00a0Sekuliq\u201d n\u00eb Ulqin, 19 prej t\u00eb cil\u00ebve shqiptar\u00eb,\u00a0jan\u00eb pushuar nga puna nga administrata\u00a0e falimentimit n\u00eb k\u00ebt\u00eb\" \/>\n<meta property=\"og:url\" content=\"https:\/\/www.visit-ulcinj.com\/blog\/2013\/11\/15\/pushohen-nga-puna-njezet-punetore-ne-kriporen-e-ulqinit\/\" \/>\n<meta property=\"og:site_name\" content=\"Lajme nga Ulqini\" \/>\n<meta property=\"article:published_time\" content=\"2013-11-15T10:56:44+00:00\" \/>\n<meta property=\"article:modified_time\" content=\"2013-11-15T10:57:06+00:00\" \/>\n<meta property=\"og:image\" content=\"http:\/\/www.visit-ulcinj.com\/blog\/wp-content\/uploads\/2013\/11\/Radnici-ulcinjske-Solane.jpg\" \/>\n<meta name=\"twitter:label1\" content=\"Written by\" \/>\n\t<meta name=\"twitter:data1\" content=\"ulqini\" \/>\n\t<meta name=\"twitter:label2\" content=\"Est. reading time\" \/>\n\t<meta name=\"twitter:data2\" content=\"2 minutes\" \/>\n<script type=\"application\/ld+json\" class=\"yoast-schema-graph\">{\"@context\":\"https:\/\/schema.org\",\"@graph\":[{\"@type\":\"WebSite\",\"@id\":\"https:\/\/www.visit-ulcinj.com\/blog\/#website\",\"url\":\"https:\/\/www.visit-ulcinj.com\/blog\/\",\"name\":\"Lajme nga Ulqini\",\"description\":\"Lajme,Vijesti,Ulqini,Ulqin,Crna Gora,Mali i Zi\",\"potentialAction\":[{\"@type\":\"SearchAction\",\"target\":{\"@type\":\"EntryPoint\",\"urlTemplate\":\"https:\/\/www.visit-ulcinj.com\/blog\/?s={search_term_string}\"},\"query-input\":\"required name=search_term_string\"}],\"inLanguage\":\"en-US\"},{\"@type\":\"ImageObject\",\"inLanguage\":\"en-US\",\"@id\":\"https:\/\/www.visit-ulcinj.com\/blog\/2013\/11\/15\/pushohen-nga-puna-njezet-punetore-ne-kriporen-e-ulqinit\/#primaryimage\",\"url\":\"https:\/\/www.visit-ulcinj.com\/blog\/wp-content\/uploads\/2013\/11\/Radnici-ulcinjske-Solane.jpg\",\"contentUrl\":\"https:\/\/www.visit-ulcinj.com\/blog\/wp-content\/uploads\/2013\/11\/Radnici-ulcinjske-Solane.jpg\",\"width\":640,\"height\":480},{\"@type\":\"WebPage\",\"@id\":\"https:\/\/www.visit-ulcinj.com\/blog\/2013\/11\/15\/pushohen-nga-puna-njezet-punetore-ne-kriporen-e-ulqinit\/#webpage\",\"url\":\"https:\/\/www.visit-ulcinj.com\/blog\/2013\/11\/15\/pushohen-nga-puna-njezet-punetore-ne-kriporen-e-ulqinit\/\",\"name\":\"Pushohen nga puna nj\u00ebzet pun\u00ebtor\u00eb n\u00eb kriporen e Ulqinit - Lajme nga Ulqini\",\"isPartOf\":{\"@id\":\"https:\/\/www.visit-ulcinj.com\/blog\/#website\"},\"primaryImageOfPage\":{\"@id\":\"https:\/\/www.visit-ulcinj.com\/blog\/2013\/11\/15\/pushohen-nga-puna-njezet-punetore-ne-kriporen-e-ulqinit\/#primaryimage\"},\"datePublished\":\"2013-11-15T10:56:44+00:00\",\"dateModified\":\"2013-11-15T10:57:06+00:00\",\"author\":{\"@id\":\"https:\/\/www.visit-ulcinj.com\/blog\/#\/schema\/person\/dcab619c614d3038751c63bc2aadc06d\"},\"description\":\"Ulqin \u2013 Nj\u00ebzet pun\u00ebtor\u00eb t\u00eb Kripores \u201cBajo\u00a0Sekuliq\u201d n\u00eb Ulqin, 19 prej t\u00eb cil\u00ebve shqiptar\u00eb,\u00a0jan\u00eb pushuar nga puna nga administrata\u00a0e falimentimit n\u00eb k\u00ebt\u00eb\",\"breadcrumb\":{\"@id\":\"https:\/\/www.visit-ulcinj.com\/blog\/2013\/11\/15\/pushohen-nga-puna-njezet-punetore-ne-kriporen-e-ulqinit\/#breadcrumb\"},\"inLanguage\":\"en-US\",\"potentialAction\":[{\"@type\":\"ReadAction\",\"target\":[\"https:\/\/www.visit-ulcinj.com\/blog\/2013\/11\/15\/pushohen-nga-puna-njezet-punetore-ne-kriporen-e-ulqinit\/\"]}]},{\"@type\":\"BreadcrumbList\",\"@id\":\"https:\/\/www.visit-ulcinj.com\/blog\/2013\/11\/15\/pushohen-nga-puna-njezet-punetore-ne-kriporen-e-ulqinit\/#breadcrumb\",\"itemListElement\":[{\"@type\":\"ListItem\",\"position\":1,\"name\":\"Pushohen nga puna nj\u00ebzet pun\u00ebtor\u00eb n\u00eb kriporen e Ulqinit\"}]},{\"@type\":\"Person\",\"@id\":\"https:\/\/www.visit-ulcinj.com\/blog\/#\/schema\/person\/dcab619c614d3038751c63bc2aadc06d\",\"name\":\"ulqini\",\"sameAs\":[\"http:\/\/www.visit-ulcinj.com\"],\"url\":\"https:\/\/www.visit-ulcinj.com\/blog\/author\/admin\/\"}]}<\/script>\n<!-- \/ Yoast SEO plugin. -->","yoast_head_json":{"title":"Pushohen nga puna nj\u00ebzet pun\u00ebtor\u00eb n\u00eb kriporen e Ulqinit - Lajme nga Ulqini","description":"Ulqin \u2013 Nj\u00ebzet pun\u00ebtor\u00eb t\u00eb Kripores \u201cBajo\u00a0Sekuliq\u201d n\u00eb Ulqin, 19 prej t\u00eb cil\u00ebve shqiptar\u00eb,\u00a0jan\u00eb pushuar nga puna nga administrata\u00a0e falimentimit n\u00eb k\u00ebt\u00eb","robots":{"index":"index","follow":"follow","max-snippet":"max-snippet:-1","max-image-preview":"max-image-preview:large","max-video-preview":"max-video-preview:-1"},"canonical":"https:\/\/www.visit-ulcinj.com\/blog\/2013\/11\/15\/pushohen-nga-puna-njezet-punetore-ne-kriporen-e-ulqinit\/","og_locale":"en_US","og_type":"article","og_title":"Pushohen nga puna nj\u00ebzet pun\u00ebtor\u00eb n\u00eb kriporen e Ulqinit - Lajme nga Ulqini","og_description":"Ulqin \u2013 Nj\u00ebzet pun\u00ebtor\u00eb t\u00eb Kripores \u201cBajo\u00a0Sekuliq\u201d n\u00eb Ulqin, 19 prej t\u00eb cil\u00ebve shqiptar\u00eb,\u00a0jan\u00eb pushuar nga puna nga administrata\u00a0e falimentimit n\u00eb k\u00ebt\u00eb","og_url":"https:\/\/www.visit-ulcinj.com\/blog\/2013\/11\/15\/pushohen-nga-puna-njezet-punetore-ne-kriporen-e-ulqinit\/","og_site_name":"Lajme nga Ulqini","article_published_time":"2013-11-15T10:56:44+00:00","article_modified_time":"2013-11-15T10:57:06+00:00","og_image":[{"url":"http:\/\/www.visit-ulcinj.com\/blog\/wp-content\/uploads\/2013\/11\/Radnici-ulcinjske-Solane.jpg"}],"twitter_misc":{"Written by":"ulqini","Est. reading time":"2 minutes"},"schema":{"@context":"https:\/\/schema.org","@graph":[{"@type":"WebSite","@id":"https:\/\/www.visit-ulcinj.com\/blog\/#website","url":"https:\/\/www.visit-ulcinj.com\/blog\/","name":"Lajme nga Ulqini","description":"Lajme,Vijesti,Ulqini,Ulqin,Crna Gora,Mali i Zi","potentialAction":[{"@type":"SearchAction","target":{"@type":"EntryPoint","urlTemplate":"https:\/\/www.visit-ulcinj.com\/blog\/?s={search_term_string}"},"query-input":"required name=search_term_string"}],"inLanguage":"en-US"},{"@type":"ImageObject","inLanguage":"en-US","@id":"https:\/\/www.visit-ulcinj.com\/blog\/2013\/11\/15\/pushohen-nga-puna-njezet-punetore-ne-kriporen-e-ulqinit\/#primaryimage","url":"https:\/\/www.visit-ulcinj.com\/blog\/wp-content\/uploads\/2013\/11\/Radnici-ulcinjske-Solane.jpg","contentUrl":"https:\/\/www.visit-ulcinj.com\/blog\/wp-content\/uploads\/2013\/11\/Radnici-ulcinjske-Solane.jpg","width":640,"height":480},{"@type":"WebPage","@id":"https:\/\/www.visit-ulcinj.com\/blog\/2013\/11\/15\/pushohen-nga-puna-njezet-punetore-ne-kriporen-e-ulqinit\/#webpage","url":"https:\/\/www.visit-ulcinj.com\/blog\/2013\/11\/15\/pushohen-nga-puna-njezet-punetore-ne-kriporen-e-ulqinit\/","name":"Pushohen nga puna nj\u00ebzet pun\u00ebtor\u00eb n\u00eb kriporen e Ulqinit - Lajme nga Ulqini","isPartOf":{"@id":"https:\/\/www.visit-ulcinj.com\/blog\/#website"},"primaryImageOfPage":{"@id":"https:\/\/www.visit-ulcinj.com\/blog\/2013\/11\/15\/pushohen-nga-puna-njezet-punetore-ne-kriporen-e-ulqinit\/#primaryimage"},"datePublished":"2013-11-15T10:56:44+00:00","dateModified":"2013-11-15T10:57:06+00:00","author":{"@id":"https:\/\/www.visit-ulcinj.com\/blog\/#\/schema\/person\/dcab619c614d3038751c63bc2aadc06d"},"description":"Ulqin \u2013 Nj\u00ebzet pun\u00ebtor\u00eb t\u00eb Kripores \u201cBajo\u00a0Sekuliq\u201d n\u00eb Ulqin, 19 prej t\u00eb cil\u00ebve shqiptar\u00eb,\u00a0jan\u00eb pushuar nga puna nga administrata\u00a0e falimentimit n\u00eb k\u00ebt\u00eb","breadcrumb":{"@id":"https:\/\/www.visit-ulcinj.com\/blog\/2013\/11\/15\/pushohen-nga-puna-njezet-punetore-ne-kriporen-e-ulqinit\/#breadcrumb"},"inLanguage":"en-US","potentialAction":[{"@type":"ReadAction","target":["https:\/\/www.visit-ulcinj.com\/blog\/2013\/11\/15\/pushohen-nga-puna-njezet-punetore-ne-kriporen-e-ulqinit\/"]}]},{"@type":"BreadcrumbList","@id":"https:\/\/www.visit-ulcinj.com\/blog\/2013\/11\/15\/pushohen-nga-puna-njezet-punetore-ne-kriporen-e-ulqinit\/#breadcrumb","itemListElement":[{"@type":"ListItem","position":1,"name":"Pushohen nga puna nj\u00ebzet pun\u00ebtor\u00eb n\u00eb kriporen e Ulqinit"}]},{"@type":"Person","@id":"https:\/\/www.visit-ulcinj.com\/blog\/#\/schema\/person\/dcab619c614d3038751c63bc2aadc06d","name":"ulqini","sameAs":["http:\/\/www.visit-ulcinj.com"],"url":"https:\/\/www.visit-ulcinj.com\/blog\/author\/admin\/"}]}},"jetpack_featured_media_url":"","jetpack_sharing_enabled":true,"jetpack_shortlink":"https:\/\/wp.me\/pe6lTn-jPV","_links":{"self":[{"href":"https:\/\/www.visit-ulcinj.com\/blog\/wp-json\/wp\/v2\/posts\/76255"}],"collection":[{"href":"https:\/\/www.visit-ulcinj.com\/blog\/wp-json\/wp\/v2\/posts"}],"about":[{"href":"https:\/\/www.visit-ulcinj.com\/blog\/wp-json\/wp\/v2\/types\/post"}],"author":[{"embeddable":true,"href":"https:\/\/www.visit-ulcinj.com\/blog\/wp-json\/wp\/v2\/users\/1"}],"replies":[{"embeddable":true,"href":"https:\/\/www.visit-ulcinj.com\/blog\/wp-json\/wp\/v2\/comments?post=76255"}],"version-history":[{"count":1,"href":"https:\/\/www.visit-ulcinj.com\/blog\/wp-json\/wp\/v2\/posts\/76255\/revisions"}],"predecessor-version":[{"id":76256,"href":"https:\/\/www.visit-ulcinj.com\/blog\/wp-json\/wp\/v2\/posts\/76255\/revisions\/76256"}],"wp:attachment":[{"href":"https:\/\/www.visit-ulcinj.com\/blog\/wp-json\/wp\/v2\/media?parent=76255"}],"wp:term":[{"taxonomy":"category","embeddable":true,"href":"https:\/\/www.visit-ulcinj.com\/blog\/wp-json\/wp\/v2\/categories?post=76255"},{"taxonomy":"post_tag","embeddable":true,"href":"https:\/\/www.visit-ulcinj.com\/blog\/wp-json\/wp\/v2\/tags?post=76255"}],"curies":[{"name":"wp","href":"https:\/\/api.w.org\/{rel}","templated":true}]}}