{"id":76257,"date":"2013-11-15T12:12:35","date_gmt":"2013-11-15T11:12:35","guid":{"rendered":"http:\/\/www.visit-ulcinj.com\/blog\/?p=76257"},"modified":"2013-11-15T12:12:35","modified_gmt":"2013-11-15T11:12:35","slug":"interviste-genci-nimanbegun-kryetar-keshillit-nacional-te-shqiptareve-ne-mal-te-zi","status":"publish","type":"post","link":"https:\/\/www.visit-ulcinj.com\/blog\/2013\/11\/15\/interviste-genci-nimanbegun-kryetar-keshillit-nacional-te-shqiptareve-ne-mal-te-zi\/","title":{"rendered":"Intervist\u00eb me Genci Nimanbegun, kryetar i K\u00ebshillit Nacional t\u00eb Shqiptar\u00ebve n\u00eb Mal t\u00eb Zi"},"content":{"rendered":"<p><b><a href=\"http:\/\/www.visit-ulcinj.com\/blog\/wp-content\/uploads\/2013\/11\/Genci-Nimanbegu.jpg\"><img loading=\"lazy\" class=\"alignleft  wp-image-76081\" alt=\"Genci Nimanbegu\" src=\"http:\/\/www.visit-ulcinj.com\/blog\/wp-content\/uploads\/2013\/11\/Genci-Nimanbegu.jpg\" width=\"508\" height=\"360\" \/><\/a>Koha javore:<\/b> Z. Nimanbegu, si e vler\u00ebsoni\u00a0pun\u00ebn e deritashme t\u00eb K\u00ebshillit Nacional\u00a0t\u00eb Shqiptar\u00ebve n\u00eb Mal t\u00eb Zi?<\/p>\n<p><b>G. Nimanbegu:<\/b> P\u00ebrb\u00ebrja e par\u00eb e KNSHs\u00eb\u00a0sigurisht q\u00eb ka pasur v\u00ebshtir\u00ebsit\u00eb\u00a0e veta; nga zhvillimi i kompetencave,\u00a0ngritja e pozicionit t\u00eb vet, por edhe realizimi\u00a0i funksioneve t\u00eb veta sipas statutit\u00a0dhe Ligjit mbi t\u00eb drejtat e pakicave. Nga vet\u00eb an\u00ebtar\u00ebt e KNSH-s\u00eb kam shum\u00eb\u00a0sugjerime se cilat ishin mang\u00ebsit\u00eb e\u00a0K\u00ebshillit n\u00eb t\u00eb kaluar\u00ebn. Gjithsesi besoj\u00a0se KNSH dhe z. Tahiri kan\u00eb dh\u00ebn\u00eb kontributin\u00a0e vet, i cili duhet t\u00eb vler\u00ebsohet\u00a0pozitivisht, me nj\u00eb v\u00ebrejtje: se m\u00eb\u00a0shum\u00eb kan\u00eb realizuar projekte kulturore\u00a0dhe m\u00eb pak aktivitete t\u00eb mir\u00ebfillta politike.\u00a0K\u00ebtu sigurisht q\u00eb ka rol edhe vet\u00eb skena politike e shqiptar\u00ebve n\u00eb Mal t\u00eb\u00a0Zi, si dhe shumica e arritur n\u00eb KNSH-n\u00eb\u00a0e kaluar. P\u00ebrfundimisht, KNSH-ja ishte\u00a0nj\u00eb foshnje e cila lindi, filloi t\u00eb ec\u00eb, t\u00eb\u00a0flas\u00eb dhe tani duhet t\u00eb filloj\u00eb t\u00eb punoj\u00eb\u00a0m\u00eb konkretisht n\u00eb \u00e7do aspekt.<\/p>\n<p><b>Koha javore:<\/b> N\u00eb \u00e7far\u00eb do t\u00eb p\u00ebrqendrohet\u00a0puna e KNSH-s\u00eb gjat\u00eb mandatit Tuaj?<\/p>\n<p><b>G. Nimanbegu:<\/b> Plani im \u00ebsht\u00eb q\u00eb t\u00eb\u00a0fokusohemi n\u00eb aktivitete politike ndaj\u00a0Qeveris\u00eb s\u00eb Malit t\u00eb Zi dhe ministris\u00eb\u00a0p\u00ebrkat\u00ebse n\u00eb ve\u00e7anti. Gjithashtu planifikoj\u00a0t\u00eb aktivizojm\u00eb shum\u00eb intelektual\u00eb\u00a0shqiptar\u00eb n\u00eb komisionet e KNSH-s\u00eb\u00a0sepse me kontributin e secilit, besoj q\u00eb\u00a0KNSH si organ q\u00eb sublimon q\u00ebndrimet e\u00a0shqiptar\u00ebve n\u00eb Mal t\u00eb Zi, do t\u00eb nd\u00ebrmarr\u00eb\u00a0iniciativa me interes t\u00eb p\u00ebrgjithsh\u00ebm\u00a0komb\u00ebtar, p\u00ebrafroj\u00eb q\u00ebndrimet politike\u00a0t\u00eb subjekteve nacionale. Puna dhe aktiviteti\u00a0me sektorin joqeveritar por edhe\u00a0me diaspor\u00eb, besoj q\u00eb \u00ebsht\u00eb i mir\u00ebpritur\u00a0nga k\u00ebto segmente t\u00eb shoq\u00ebris\u00eb.<\/p>\n<p><b>Koha javore:<\/b> Ju keni ardhur n\u00eb krye t\u00eb\u00a0KNSH-s\u00eb nga politika. Si dhe sa do t\u00eb\u00a0ket\u00eb kjo ndikim n\u00eb pun\u00ebn e KNSH-s\u00eb si\u00a0organiz\u00ebm mbipartiak dhe p\u00ebrfaq\u00ebsues\u00a0i shqiptar\u00ebve n\u00eb Mal t\u00eb Zi?<\/p>\n<p><b>G. Nimanbegu:<\/b> Un\u00eb besoj q\u00eb pozita e\u00a0kryetarit t\u00eb KNSH-s\u00eb \u00ebsht\u00eb dhe duhet t\u00eb\u00a0jet\u00eb politik\u00eb. N\u00eb t\u00eb nj\u00ebjt\u00ebn m\u00ebnyr\u00eb edhe\u00a0i gjith\u00eb K\u00ebshilli. Folklore, kremtime, aktivitete kulturore duhen realizuar vet\u00ebm\u00a0me rastet e kremtimeve t\u00eb festave komb\u00ebtare,\u00a0kurse shumica e aktiviteteve\u00a0duhet t\u00eb orientohen n\u00eb funksion t\u00eb zhvillimit\u00a0t\u00eb t\u00eb drejtave t\u00eb shqiptar\u00ebve n\u00eb\u00a0Mal t\u00eb Zi.<\/p>\n<p><b>Koha javore:<\/b> Sa jeni t\u00eb k\u00ebnaqur me kompetencat\u00a0e k\u00ebshillave nacionale n\u00eb baz\u00eb\u00a0t\u00eb zgjidhjeve ligjore ekzistuese?<\/p>\n<p><b>G. Nimanbegu:<\/b> Nuk jam ideator i Ligjit,\u00a0i cili mund\u00ebson krijimin e K\u00ebshillit. Por\u00a0m\u00eb par\u00eb duhet zhvilluar kompetencat\u00a0q\u00eb lejon ligji. Dhe m\u00eb lejoni q\u00eb n\u00eb k\u00ebt\u00eb\u00a0pyetje t\u00eb p\u00ebrgjigjet vet\u00eb kjo p\u00ebrb\u00ebrje e\u00a0KNSH-s\u00eb pas nj\u00eb viti apo edhe m\u00eb pak,\u00a0kur vet\u00eb an\u00ebtar\u00ebt e KNSH-s\u00eb t\u00eb shohin\u00a0se \u00e7ka \u00ebsht\u00eb mir\u00eb e \u00e7ka duhet ndryshuar\u00a0n\u00eb ligj.\u00a0Nj\u00eb nga v\u00ebrejtjet politike \u00ebsht\u00eb lejimi\u00a0i funksionimit t\u00eb K\u00ebshillit Nacional t\u00eb\u00a0Serb\u00ebve n\u00eb Mal t\u00eb Zi. P\u00ebr mua kjo \u00ebsht\u00eb\u00a0nj\u00eb dob\u00ebsi e ligjit q\u00eb duhet ndryshuar\u00a0urgjentisht.<\/p>\n<p><b>Koha javore:<\/b> KNSH \u00ebsht\u00eb ankuar shpesh\u00a0se mendimet dhe rekomandimet e tij,\u00a0edhe pse t\u00eb bazuara n\u00eb ligj, nuk jan\u00eb\u00a0marr\u00eb parasysh nga pushteti. Si do t\u00eb\u00a0veproni me q\u00ebllim t\u00eb jet\u00ebsimit t\u00eb t\u00eb drejtave\u00a0t\u00eb k\u00ebshillave nacionale (KNSH), t\u00eb\u00a0parashikuara me ligj?<\/p>\n<p><b>G. Nimanbegu:<\/b> Disa nga kompetencat\u00a0e K\u00ebshillit, posa\u00e7\u00ebrisht dh\u00ebnia e mendimit\u00a0p\u00ebr drejtor\u00eb t\u00eb shkollave, ishte\u00a0vet\u00ebm p\u00ebr sy dhe faqe. Ministri nuk i\u00a0respektonte. Mendoj q\u00eb me k\u00ebt\u00eb d\u00ebshmohet\u00a0se politizimi n\u00eb arsim \u00ebsht\u00eb element\u00a0q\u00eb lidhet me partit\u00eb malaziase n\u00eb\u00a0pushtet dhe q\u00eb \u00ebsht\u00eb n\u00eb d\u00ebm t\u00eb cil\u00ebsis\u00eb\u00a0s\u00eb procesit arsimor edhe t\u00eb shqiptar\u00ebve\u00a0n\u00eb Mal t\u00eb Zi.<\/p>\n<p><b>Koha javore:<\/b> N\u00eb diskutim publik \u00ebsht\u00eb Projektligji p\u00ebr zgjedhjen, p\u00ebrdorimin\u00a0dhe ekspozimin publik t\u00eb simboleve\u00a0nacionale? Cili \u00ebsht\u00eb q\u00ebndrimi i KNSHs\u00eb\u00a0rreth tij?<\/p>\n<p><b>G. Nimanbegu:<\/b> S\u00eb pari, v\u00ebrehet q\u00eb ky\u00a0Projektligj \u00ebsht\u00eb m\u00eb i mir\u00eb se ligji aktual.\u00a0Besoj se n\u00eb ligj duhet mund\u00ebsuar q\u00eb n\u00eb\u00a0komunat Ulqin, Tivar, Tuz \u2013 Podgoric\u00eb,\u00a0Plav\u00eb dhe Rozhaj\u00eb t\u00eb lejohet p\u00ebrdorimi\u00a0i simboleve komb\u00ebtare edhe n\u00eb institucionet\u00a0shtet\u00ebrore, por shqyrtimi publik\u00a0duhet t\u00eb p\u00ebrfundoj\u00eb m\u00eb 13 n\u00ebntor dhe\u00a0besoj se do t\u00eb ket\u00eb sugjerime t\u00eb tjera q\u00eb\u00a0do ta liberalizojn\u00eb maksimalisht p\u00ebrdorimin\u00a0e simboleve komb\u00ebtare.<\/p>\n<p><b>Bisedoi: I. Kallaba<br \/>\nKoha Javore\u00a0<\/b><\/p>\n","protected":false},"excerpt":{"rendered":"<p>Koha javore: Z. Nimanbegu, si e vler\u00ebsoni\u00a0pun\u00ebn e deritashme t\u00eb K\u00ebshillit Nacional\u00a0t\u00eb Shqiptar\u00ebve n\u00eb Mal t\u00eb Zi? G. Nimanbegu: P\u00ebrb\u00ebrja e par\u00eb e KNSHs\u00eb\u00a0sigurisht q\u00eb ka pasur v\u00ebshtir\u00ebsit\u00eb\u00a0e veta; nga zhvillimi i kompetencave,\u00a0ngritja e pozicionit t\u00eb vet, por edhe realizimi\u00a0i funksioneve t\u00eb veta sipas statutit\u00a0dhe Ligjit mbi t\u00eb drejtat e pakicave. Nga vet\u00eb an\u00ebtar\u00ebt e [&hellip;]<\/p>\n","protected":false},"author":1,"featured_media":0,"comment_status":"closed","ping_status":"closed","sticky":false,"template":"","format":"standard","meta":{"spay_email":"","jetpack_publicize_message":"","jetpack_is_tweetstorm":false,"jetpack_publicize_feature_enabled":true},"categories":[5],"tags":[],"jetpack_publicize_connections":[],"yoast_head":"<!-- This site is optimized with the Yoast SEO plugin v19.1 - https:\/\/yoast.com\/wordpress\/plugins\/seo\/ -->\n<title>Intervist\u00eb me Genci Nimanbegun, kryetar i K\u00ebshillit Nacional t\u00eb Shqiptar\u00ebve n\u00eb Mal t\u00eb Zi - Lajme nga Ulqini<\/title>\n<meta name=\"description\" content=\"Koha javore: Z. Nimanbegu, si e vler\u00ebsoni\u00a0pun\u00ebn e deritashme t\u00eb K\u00ebshillit Nacional\u00a0t\u00eb Shqiptar\u00ebve n\u00eb Mal t\u00eb Zi? G. Nimanbegu: P\u00ebrb\u00ebrja e par\u00eb e\" \/>\n<meta name=\"robots\" content=\"index, follow, max-snippet:-1, max-image-preview:large, max-video-preview:-1\" \/>\n<link rel=\"canonical\" href=\"https:\/\/www.visit-ulcinj.com\/blog\/2013\/11\/15\/interviste-genci-nimanbegun-kryetar-keshillit-nacional-te-shqiptareve-ne-mal-te-zi\/\" \/>\n<meta property=\"og:locale\" content=\"en_US\" \/>\n<meta property=\"og:type\" content=\"article\" \/>\n<meta property=\"og:title\" content=\"Intervist\u00eb me Genci Nimanbegun, kryetar i K\u00ebshillit Nacional t\u00eb Shqiptar\u00ebve n\u00eb Mal t\u00eb Zi - Lajme nga Ulqini\" \/>\n<meta property=\"og:description\" content=\"Koha javore: Z. Nimanbegu, si e vler\u00ebsoni\u00a0pun\u00ebn e deritashme t\u00eb K\u00ebshillit Nacional\u00a0t\u00eb Shqiptar\u00ebve n\u00eb Mal t\u00eb Zi? G. Nimanbegu: P\u00ebrb\u00ebrja e par\u00eb e\" \/>\n<meta property=\"og:url\" content=\"https:\/\/www.visit-ulcinj.com\/blog\/2013\/11\/15\/interviste-genci-nimanbegun-kryetar-keshillit-nacional-te-shqiptareve-ne-mal-te-zi\/\" \/>\n<meta property=\"og:site_name\" content=\"Lajme nga Ulqini\" \/>\n<meta property=\"article:published_time\" content=\"2013-11-15T11:12:35+00:00\" \/>\n<meta property=\"og:image\" content=\"http:\/\/www.visit-ulcinj.com\/blog\/wp-content\/uploads\/2013\/11\/Genci-Nimanbegu.jpg\" \/>\n<meta name=\"twitter:label1\" content=\"Written by\" \/>\n\t<meta name=\"twitter:data1\" content=\"ulqini\" \/>\n\t<meta name=\"twitter:label2\" content=\"Est. reading time\" \/>\n\t<meta name=\"twitter:data2\" content=\"4 minutes\" \/>\n<script type=\"application\/ld+json\" class=\"yoast-schema-graph\">{\"@context\":\"https:\/\/schema.org\",\"@graph\":[{\"@type\":\"WebSite\",\"@id\":\"https:\/\/www.visit-ulcinj.com\/blog\/#website\",\"url\":\"https:\/\/www.visit-ulcinj.com\/blog\/\",\"name\":\"Lajme nga Ulqini\",\"description\":\"Lajme,Vijesti,Ulqini,Ulqin,Crna Gora,Mali i Zi\",\"potentialAction\":[{\"@type\":\"SearchAction\",\"target\":{\"@type\":\"EntryPoint\",\"urlTemplate\":\"https:\/\/www.visit-ulcinj.com\/blog\/?s={search_term_string}\"},\"query-input\":\"required name=search_term_string\"}],\"inLanguage\":\"en-US\"},{\"@type\":\"ImageObject\",\"inLanguage\":\"en-US\",\"@id\":\"https:\/\/www.visit-ulcinj.com\/blog\/2013\/11\/15\/interviste-genci-nimanbegun-kryetar-keshillit-nacional-te-shqiptareve-ne-mal-te-zi\/#primaryimage\",\"url\":\"https:\/\/www.visit-ulcinj.com\/blog\/wp-content\/uploads\/2013\/11\/Genci-Nimanbegu.jpg\",\"contentUrl\":\"https:\/\/www.visit-ulcinj.com\/blog\/wp-content\/uploads\/2013\/11\/Genci-Nimanbegu.jpg\",\"width\":527,\"height\":402},{\"@type\":\"WebPage\",\"@id\":\"https:\/\/www.visit-ulcinj.com\/blog\/2013\/11\/15\/interviste-genci-nimanbegun-kryetar-keshillit-nacional-te-shqiptareve-ne-mal-te-zi\/#webpage\",\"url\":\"https:\/\/www.visit-ulcinj.com\/blog\/2013\/11\/15\/interviste-genci-nimanbegun-kryetar-keshillit-nacional-te-shqiptareve-ne-mal-te-zi\/\",\"name\":\"Intervist\u00eb me Genci Nimanbegun, kryetar i K\u00ebshillit Nacional t\u00eb Shqiptar\u00ebve n\u00eb Mal t\u00eb Zi - Lajme nga Ulqini\",\"isPartOf\":{\"@id\":\"https:\/\/www.visit-ulcinj.com\/blog\/#website\"},\"primaryImageOfPage\":{\"@id\":\"https:\/\/www.visit-ulcinj.com\/blog\/2013\/11\/15\/interviste-genci-nimanbegun-kryetar-keshillit-nacional-te-shqiptareve-ne-mal-te-zi\/#primaryimage\"},\"datePublished\":\"2013-11-15T11:12:35+00:00\",\"dateModified\":\"2013-11-15T11:12:35+00:00\",\"author\":{\"@id\":\"https:\/\/www.visit-ulcinj.com\/blog\/#\/schema\/person\/dcab619c614d3038751c63bc2aadc06d\"},\"description\":\"Koha javore: Z. Nimanbegu, si e vler\u00ebsoni\u00a0pun\u00ebn e deritashme t\u00eb K\u00ebshillit Nacional\u00a0t\u00eb Shqiptar\u00ebve n\u00eb Mal t\u00eb Zi? G. Nimanbegu: P\u00ebrb\u00ebrja e par\u00eb e\",\"breadcrumb\":{\"@id\":\"https:\/\/www.visit-ulcinj.com\/blog\/2013\/11\/15\/interviste-genci-nimanbegun-kryetar-keshillit-nacional-te-shqiptareve-ne-mal-te-zi\/#breadcrumb\"},\"inLanguage\":\"en-US\",\"potentialAction\":[{\"@type\":\"ReadAction\",\"target\":[\"https:\/\/www.visit-ulcinj.com\/blog\/2013\/11\/15\/interviste-genci-nimanbegun-kryetar-keshillit-nacional-te-shqiptareve-ne-mal-te-zi\/\"]}]},{\"@type\":\"BreadcrumbList\",\"@id\":\"https:\/\/www.visit-ulcinj.com\/blog\/2013\/11\/15\/interviste-genci-nimanbegun-kryetar-keshillit-nacional-te-shqiptareve-ne-mal-te-zi\/#breadcrumb\",\"itemListElement\":[{\"@type\":\"ListItem\",\"position\":1,\"name\":\"Intervist\u00eb me Genci Nimanbegun, kryetar i K\u00ebshillit Nacional t\u00eb Shqiptar\u00ebve n\u00eb Mal t\u00eb Zi\"}]},{\"@type\":\"Person\",\"@id\":\"https:\/\/www.visit-ulcinj.com\/blog\/#\/schema\/person\/dcab619c614d3038751c63bc2aadc06d\",\"name\":\"ulqini\",\"sameAs\":[\"http:\/\/www.visit-ulcinj.com\"],\"url\":\"https:\/\/www.visit-ulcinj.com\/blog\/author\/admin\/\"}]}<\/script>\n<!-- \/ Yoast SEO plugin. -->","yoast_head_json":{"title":"Intervist\u00eb me Genci Nimanbegun, kryetar i K\u00ebshillit Nacional t\u00eb Shqiptar\u00ebve n\u00eb Mal t\u00eb Zi - Lajme nga Ulqini","description":"Koha javore: Z. Nimanbegu, si e vler\u00ebsoni\u00a0pun\u00ebn e deritashme t\u00eb K\u00ebshillit Nacional\u00a0t\u00eb Shqiptar\u00ebve n\u00eb Mal t\u00eb Zi? G. Nimanbegu: P\u00ebrb\u00ebrja e par\u00eb e","robots":{"index":"index","follow":"follow","max-snippet":"max-snippet:-1","max-image-preview":"max-image-preview:large","max-video-preview":"max-video-preview:-1"},"canonical":"https:\/\/www.visit-ulcinj.com\/blog\/2013\/11\/15\/interviste-genci-nimanbegun-kryetar-keshillit-nacional-te-shqiptareve-ne-mal-te-zi\/","og_locale":"en_US","og_type":"article","og_title":"Intervist\u00eb me Genci Nimanbegun, kryetar i K\u00ebshillit Nacional t\u00eb Shqiptar\u00ebve n\u00eb Mal t\u00eb Zi - Lajme nga Ulqini","og_description":"Koha javore: Z. Nimanbegu, si e vler\u00ebsoni\u00a0pun\u00ebn e deritashme t\u00eb K\u00ebshillit Nacional\u00a0t\u00eb Shqiptar\u00ebve n\u00eb Mal t\u00eb Zi? G. Nimanbegu: P\u00ebrb\u00ebrja e par\u00eb e","og_url":"https:\/\/www.visit-ulcinj.com\/blog\/2013\/11\/15\/interviste-genci-nimanbegun-kryetar-keshillit-nacional-te-shqiptareve-ne-mal-te-zi\/","og_site_name":"Lajme nga Ulqini","article_published_time":"2013-11-15T11:12:35+00:00","og_image":[{"url":"http:\/\/www.visit-ulcinj.com\/blog\/wp-content\/uploads\/2013\/11\/Genci-Nimanbegu.jpg"}],"twitter_misc":{"Written by":"ulqini","Est. reading time":"4 minutes"},"schema":{"@context":"https:\/\/schema.org","@graph":[{"@type":"WebSite","@id":"https:\/\/www.visit-ulcinj.com\/blog\/#website","url":"https:\/\/www.visit-ulcinj.com\/blog\/","name":"Lajme nga Ulqini","description":"Lajme,Vijesti,Ulqini,Ulqin,Crna Gora,Mali i Zi","potentialAction":[{"@type":"SearchAction","target":{"@type":"EntryPoint","urlTemplate":"https:\/\/www.visit-ulcinj.com\/blog\/?s={search_term_string}"},"query-input":"required name=search_term_string"}],"inLanguage":"en-US"},{"@type":"ImageObject","inLanguage":"en-US","@id":"https:\/\/www.visit-ulcinj.com\/blog\/2013\/11\/15\/interviste-genci-nimanbegun-kryetar-keshillit-nacional-te-shqiptareve-ne-mal-te-zi\/#primaryimage","url":"https:\/\/www.visit-ulcinj.com\/blog\/wp-content\/uploads\/2013\/11\/Genci-Nimanbegu.jpg","contentUrl":"https:\/\/www.visit-ulcinj.com\/blog\/wp-content\/uploads\/2013\/11\/Genci-Nimanbegu.jpg","width":527,"height":402},{"@type":"WebPage","@id":"https:\/\/www.visit-ulcinj.com\/blog\/2013\/11\/15\/interviste-genci-nimanbegun-kryetar-keshillit-nacional-te-shqiptareve-ne-mal-te-zi\/#webpage","url":"https:\/\/www.visit-ulcinj.com\/blog\/2013\/11\/15\/interviste-genci-nimanbegun-kryetar-keshillit-nacional-te-shqiptareve-ne-mal-te-zi\/","name":"Intervist\u00eb me Genci Nimanbegun, kryetar i K\u00ebshillit Nacional t\u00eb Shqiptar\u00ebve n\u00eb Mal t\u00eb Zi - Lajme nga Ulqini","isPartOf":{"@id":"https:\/\/www.visit-ulcinj.com\/blog\/#website"},"primaryImageOfPage":{"@id":"https:\/\/www.visit-ulcinj.com\/blog\/2013\/11\/15\/interviste-genci-nimanbegun-kryetar-keshillit-nacional-te-shqiptareve-ne-mal-te-zi\/#primaryimage"},"datePublished":"2013-11-15T11:12:35+00:00","dateModified":"2013-11-15T11:12:35+00:00","author":{"@id":"https:\/\/www.visit-ulcinj.com\/blog\/#\/schema\/person\/dcab619c614d3038751c63bc2aadc06d"},"description":"Koha javore: Z. Nimanbegu, si e vler\u00ebsoni\u00a0pun\u00ebn e deritashme t\u00eb K\u00ebshillit Nacional\u00a0t\u00eb Shqiptar\u00ebve n\u00eb Mal t\u00eb Zi? G. Nimanbegu: P\u00ebrb\u00ebrja e par\u00eb e","breadcrumb":{"@id":"https:\/\/www.visit-ulcinj.com\/blog\/2013\/11\/15\/interviste-genci-nimanbegun-kryetar-keshillit-nacional-te-shqiptareve-ne-mal-te-zi\/#breadcrumb"},"inLanguage":"en-US","potentialAction":[{"@type":"ReadAction","target":["https:\/\/www.visit-ulcinj.com\/blog\/2013\/11\/15\/interviste-genci-nimanbegun-kryetar-keshillit-nacional-te-shqiptareve-ne-mal-te-zi\/"]}]},{"@type":"BreadcrumbList","@id":"https:\/\/www.visit-ulcinj.com\/blog\/2013\/11\/15\/interviste-genci-nimanbegun-kryetar-keshillit-nacional-te-shqiptareve-ne-mal-te-zi\/#breadcrumb","itemListElement":[{"@type":"ListItem","position":1,"name":"Intervist\u00eb me Genci Nimanbegun, kryetar i K\u00ebshillit Nacional t\u00eb Shqiptar\u00ebve n\u00eb Mal t\u00eb Zi"}]},{"@type":"Person","@id":"https:\/\/www.visit-ulcinj.com\/blog\/#\/schema\/person\/dcab619c614d3038751c63bc2aadc06d","name":"ulqini","sameAs":["http:\/\/www.visit-ulcinj.com"],"url":"https:\/\/www.visit-ulcinj.com\/blog\/author\/admin\/"}]}},"jetpack_featured_media_url":"","jetpack_sharing_enabled":true,"jetpack_shortlink":"https:\/\/wp.me\/pe6lTn-jPX","_links":{"self":[{"href":"https:\/\/www.visit-ulcinj.com\/blog\/wp-json\/wp\/v2\/posts\/76257"}],"collection":[{"href":"https:\/\/www.visit-ulcinj.com\/blog\/wp-json\/wp\/v2\/posts"}],"about":[{"href":"https:\/\/www.visit-ulcinj.com\/blog\/wp-json\/wp\/v2\/types\/post"}],"author":[{"embeddable":true,"href":"https:\/\/www.visit-ulcinj.com\/blog\/wp-json\/wp\/v2\/users\/1"}],"replies":[{"embeddable":true,"href":"https:\/\/www.visit-ulcinj.com\/blog\/wp-json\/wp\/v2\/comments?post=76257"}],"version-history":[{"count":1,"href":"https:\/\/www.visit-ulcinj.com\/blog\/wp-json\/wp\/v2\/posts\/76257\/revisions"}],"predecessor-version":[{"id":76258,"href":"https:\/\/www.visit-ulcinj.com\/blog\/wp-json\/wp\/v2\/posts\/76257\/revisions\/76258"}],"wp:attachment":[{"href":"https:\/\/www.visit-ulcinj.com\/blog\/wp-json\/wp\/v2\/media?parent=76257"}],"wp:term":[{"taxonomy":"category","embeddable":true,"href":"https:\/\/www.visit-ulcinj.com\/blog\/wp-json\/wp\/v2\/categories?post=76257"},{"taxonomy":"post_tag","embeddable":true,"href":"https:\/\/www.visit-ulcinj.com\/blog\/wp-json\/wp\/v2\/tags?post=76257"}],"curies":[{"name":"wp","href":"https:\/\/api.w.org\/{rel}","templated":true}]}}