{"id":76259,"date":"2013-11-15T14:20:07","date_gmt":"2013-11-15T13:20:07","guid":{"rendered":"http:\/\/www.visit-ulcinj.com\/blog\/?p=76259"},"modified":"2013-11-15T14:20:07","modified_gmt":"2013-11-15T13:20:07","slug":"nika-te-ndikoje-pozitivisht-kriza-politike-ne-mbushjen-e-arkes-se-komunes-se-ulqinit","status":"publish","type":"post","link":"https:\/\/www.visit-ulcinj.com\/blog\/2013\/11\/15\/nika-te-ndikoje-pozitivisht-kriza-politike-ne-mbushjen-e-arkes-se-komunes-se-ulqinit\/","title":{"rendered":"Nika: A do t\u00eb ndikoj\u00eb pozitivisht kriza politike n\u00eb mbushjen e ark\u00ebs s\u00eb komun\u00ebs s\u00eb Ulqinit"},"content":{"rendered":"<p><b><a href=\"http:\/\/www.visit-ulcinj.com\/blog\/wp-content\/uploads\/2013\/10\/Komuna-e-Ulqinit.jpg\"><img loading=\"lazy\" class=\"alignleft  wp-image-75775\" alt=\"Komuna e Ulqinit\" src=\"http:\/\/www.visit-ulcinj.com\/blog\/wp-content\/uploads\/2013\/10\/Komuna-e-Ulqinit.jpg\" width=\"508\" height=\"360\" \/><\/a>Shkruan ,Muhamet Nika: <\/b><\/p>\n<p><b>A DO T\u00cb NDIKOJ\u00cb\u00a0 POZITIVISHT KRIZA POLITIKE N\u00cb MBUSHJEN E\u00a0 ARK\u00cbS S\u00cb KOMUN\u00cbS\u00a0 S\u00cb ULQINIT PAS SHKURTIMIT T\u00cb MANDATIT T\u00cb KUVENDIT<\/b><\/p>\n<p>Dihet , nga\u00a0 praktika e \u00a0d\u00ebshmuar, q\u00eb krizat , \u00a0\u00a0\u00a0\u00a0t\u00eb individ\u00ebt e\u00a0 \u00e7do shoq\u00ebrie jan\u00eb p\u00ebrcjell\u00eb dhe p\u00ebrcillen \u00a0me kriz\u00ebn psikologjike t\u00eb pasiguris\u00eb \u00a0p\u00ebr humbjen e stabilitetit \u00a0n\u00eb raport me obligimet dhe borxhet e pa shlyera \u00a0Q\u00cb MUND T\u00cb KEN\u00cb \u00a0ndaj komun\u00ebs . Mendojm\u00eb se , k\u00ebtu n\u00eb Ulqin, n\u00eb \u00a0radh\u00eb t\u00eb par\u00eb duhet t\u00eb hyjn\u00eb\u00a0 obligimet e komunalive, me vite t\u00eb pashlyera te qytetar\u00ebve\u00a0 p\u00ebr legalizimin e objekteve nd\u00ebrtimore t\u00eb nd\u00ebrtuara pa plan. Edhe pse shum\u00eb kush mund t\u00eb ket\u00eb pritur, q\u00eb miratimi i planeve urbanistike dhe ulja drastike e \u00e7mimeve t\u00eb komunalieve n\u00eb raport me shifrat astronomike n\u00eb koh\u00ebn e pushtetit paraprak do t\u00eb mbush buxhetin e komun\u00ebs kjo nuk ndodhi?! Bojkotin qytetar\u00eb t\u00eb pages\u00eb, Nj\u00ebshi aktual i komun\u00ebs, \u00a0\u00a0e shpjegoi me r\u00ebnien e interesimit sepse objektet ve\u00e7 jan\u00eb t\u00eb p\u00ebrfunduara dhe q\u00eb kriza ekonomike e b\u00ebn\u00eb t\u00eb saj\u00ebn.<\/p>\n<p><b>Praktikat e k\u00ebqija q\u00eb pengonin pages\u00ebn e komunalive?!!<\/b><\/p>\n<p>Arsyet mund t\u00eb jen\u00eb t\u00eb shumta, por ajo \u00e7far\u00eb ishte m\u00eb e r\u00ebnd\u00ebsishmja p\u00ebr qytetarin e thjesht\u00eb, ishte v\u00ebnia e pagesave t\u00eb pa p\u00ebrballueshme- tep\u00ebr t\u00eb larta, t\u00eb cilat ulnin interesimin p\u00ebr tu shlyer, \u00a0tek qytetar\u00ebt. Zakonisht, \u00a0sipas praktik\u00ebs, parat\u00eb \u00a0duhet t\u00eb paguheshin menj\u00ebher\u00eb n\u00eb dor\u00eb, pa kurrfar\u00eb leht\u00ebsimi; fjala bie p\u00ebrmes kisteve(ratave)&#8230;. N\u00eb nj\u00eb situat\u00eb t\u00eb till\u00eb, komunaliet , ka mundur t\u2019i paguaj vet\u00ebm ndonj\u00eb investitor i huaj- pagesat e t\u00eb cil\u00ebve \u00a0shpesh her\u00eb ishin t\u00eb dyshimta,\u00a0 p\u00ebr lokacionet , ku jepeshin lejet nga pushteti vendor&#8230;. Leja e par\u00eb e paligjshme, duhet t\u00eb ket\u00eb qen\u00eb ajo q\u00eb i l\u00ebshohet nj\u00eb qytetari rus diku rreth viteve 98, \u00a0n\u00eb Kru\u00e7, me siguri\u00a0 n\u00eb baz\u00eb t\u00eb \u00a0rekomandimeve t\u00eb ndonj\u00eb zyrtari apo k\u00ebshilltari t\u00eb kuvendit t\u00eb komun\u00eb, mbase\u00a0 nga\u00a0 radh\u00ebt e Dps-s\u00eb , q\u00eb njihet p\u00ebr matrapazll\u00ebk, \u00a0t\u00eb tokave n\u00eb zona t\u00eb pa urbanizuara duke iu nd\u00ebrruar destinimin sipas planit ekzistues parapra jasht\u00eb institucionit t\u00eb kuvendit. Karakteristike e k\u00ebtij rasti , ishte l\u00ebshimi i lejes ,jasht\u00eb planit\u00a0 urbanistik, dhe jasht\u00eb \u00e7do plani tjet\u00ebr t\u00eb rregullimit t\u00eb mjedisit n\u00eb fuqi, e t\u00eb mos themi \u00a0q\u00eb objekti ishte ngritur, brenda zon\u00ebs s\u00eb ngusht\u00eb\u00a0\u00a0 te\u00a0 t\u00eb \u00a0mirave detare, p\u00ebr t\u00eb cilat komuna d\u00ebgjojm\u00eb shpesh \u00a0t\u00eb \u00a0qahet\u00a0 se nuk ka \u00a0kompetenca vendosjeje. \u00a0Andaj \u00a0\u00ebsht\u00eb tep\u00eb e dyshimt\u00eb, \u00a0t\u00eb dihet q\u00eb p\u00ebrse Morsko Dobro (Morsko Zlo), nuk u ankua fare p\u00ebr rastin e rusit, \u00a0por gjeti gjuh\u00eb t\u00eb p\u00ebrbashk\u00ebt me pushtetar\u00ebt vendor\u00eb. Nj\u00eb fakt tjet\u00ebr, edhe m\u00eb interesant, i praktik\u00ebs s\u00eb keqe, ishte momenti, q\u00eb leja si duket, u\u00a0 l\u00ebshua p\u00ebr objekt\u00a0 q\u00eb gjendej krejt n\u00eb kufi me\u00a0 komun\u00ebn\u00a0\u00a0 e \u00a0Tivarit dhe ndoshta i takon asaj&#8230;?!!! Arsyetimi i dh\u00ebnies s\u00eb lejes, n\u00eb at\u00eb koh\u00eb \u00e7mohej si\u00a0 \u00e7\u00ebshtje strategjike, sepse me t\u00eb hollat e zhvatura nga rusi do t\u00eb paguheshin 3-4 rroga t\u00eb pun\u00ebtor\u00ebve. Kuptohet q\u00eb edhe k\u00ebtu , kishim t\u00eb b\u00ebnim me nj\u00eb shkelje ligjore \u00a0nga se ligji \u00a0e ndalon q\u00eb paret e komunalive t\u00eb bart\u00ebn n\u00eb rroga t\u00eb te\u00a0 pun\u00ebsuarve . Ata , me ligj jan\u00eb t\u00eb destinuara p\u00ebr nd\u00ebrtimin e \u00a0infrastruktur\u00ebs n\u00eb qytet. M\u00eb pas ky rast shohim q\u00eb u \u00a0hapi shteg p\u00ebr dh\u00ebnie t\u00eb kushteve urbanistike edhe shum\u00eb e shum\u00eb rasteve tjera aty ku me plan ishte p\u00ebr shembull tok\u00eb bujq\u00ebsore ose \u00a0ullisht\u00eb.<\/p>\n<p>Sa u p\u00ebrket praktikave t\u00eb k\u00ebqija, shtojm\u00eb se n\u00eb k\u00ebt\u00eb koh\u00eb, ngjante, q\u00eb \u00a0me nj\u00eb vendim t\u00eb kolegjiumit, u dhan\u00eb mbi dhjetra leje t\u00eb pa ligjshme nd\u00ebrtimi. Kurse m\u00eb pas \u00a0\u00e7\u00ebshtja e k\u00ebtyre praktikave, p\u00ebrfundoi \u00a0n\u00eb prokurori e gjykata. Por me gjith\u00eb at\u00eb Kuvendi i k\u00ebsaj kohe , ve\u00e7ojm\u00eb q\u00eb \u00a0fatbardh\u00ebsisht, refuzoi \u00e7do pik\u00eb t\u00eb propozuar nga kryetar\u00ebt e komun\u00ebs e t\u00eb cilat ishin t\u00eb dyshimta si t\u00eb pa ligjshme.<\/p>\n<p>Etja p\u00ebr para,e k\u00ebtyre koh\u00ebve , nga\u00a0 ekzekutivi, \u00a0shkoi aq larg , sa q\u00eb u sulmuan edhe objektet e trash\u00ebgimis\u00eb kulturore, si \u00a0rasti i Xhamis\u00eb s\u00eb Mariner\u00ebve e. t.j. ku nj\u00ebshi i komun\u00ebs, s\u00eb at\u00ebhershme, hap\u00ebsir\u00ebn e k\u00ebsaj xhamie , ia propozoi kuvendit, q\u00eb ta tjet\u00ebrsoj\u00eb n\u00eb interes t\u00eb nd\u00ebrtimit t\u00eb nj\u00eb objekti afarist. Arsyetimi \u00a0i tij ,mbetej i nj\u00ebjt\u00eb, shitja e truallit, \u00a0sipas tij, do t\u00eb ndihmonte zgjidhjen e kriz\u00ebs financiare duke\u00a0 mbuluar \u00a0minusin e 3-4 rrogave t\u00eb te pun\u00ebsuarve n\u00eb komun\u00eb.<\/p>\n<p>Zhvatja e parave t\u00eb majme n\u00eb k\u00ebt\u00eb form\u00eb, dal\u00ebngadal\u00eb , po\u00a0 krijonte nj\u00eb frym\u00eb normale t\u00eb thithjes s\u00eb kapitalit, mbase t\u00eb pist\u00eb, nga \u00a0rus\u00ebt \u00a0e sidomos \u00a0filloi t\u00eb dep\u00ebrtoi kapitali i \u201ci bos\u00ebve\u00a0 narkotik\u00eb\u201c t\u00eb njohur t\u00eb rajonit,\u00a0 ku nj\u00eb pjes\u00eb e t\u00eb cil\u00ebve sot gjinden edhe \u00a0pas hekurave&#8230; Arrestimi i tyre, nuk kaloi pa prekur \u00a0edhe disa veta me funksione t\u00eb larta qoft\u00eb n\u00eb komun\u00eb qoft\u00eb n\u00eb republik\u00eb, p\u00ebr t\u00eb cilat mediat cek\u00ebn se \u00a0ishin t\u00eb p\u00ebrzier\u00a0 n\u00eb krim t\u00eb organizuar me \u00a0\u00a0mafioz\u00ebt e l\u00ebnd\u00ebve \u00a0narkotik\u00eb dhe atyre t\u00eb mafis\u00eb urbane. U tha se ndaj\u00a0 disave ve\u00e7\u00a0 kishin\u00a0 nisur hetimet e\u00a0 fshehta . Nga ana e tyre, \u00a0personat e p\u00ebrmendur kurr\u00eb nuk pat\u00ebn guximin t\u2019i demantojn\u00eb akuzat..?!!<\/p>\n<p>Ky p\u00ebrcaktimi i mbushjes s\u00eb\u00a0 buxhetit me mjete t\u00eb tilla nga pushteti i m\u00eb hersh\u00ebm me biznesmen\u00eb kontraverz\u00eb\u00a0 ndikonte keq sepse\u00a0 \u201ck\u00ebnaqte\u201d nevojat e pushtetar\u00ebve p\u00ebr t\u00eb holla, kurse nga ana tjet\u00ebr ata vet\u00eb , nuk tregonin interesim p\u00ebr miratim t\u00eb planeve dhe normalisht shtimin e interesimit p\u00ebr t\u00eb paguar&#8230;<\/p>\n<p><b>\u00c7far\u00eb u premtoi Forca qytetar\u00ebve rreth legalizimeve dhe pse do t\u00eb shtohet pagesa e komunalive\u00a0 nga\u00a0 qytetar\u00ebt<\/b><\/p>\n<p>Th\u00ebn\u00eb t\u00eb v\u00ebrtet\u00ebn, fryma e till\u00eb e\u00a0 mbledhjes s\u00eb komunalive kishte goditur\u00a0 qytetar\u00ebt dhe sip\u00ebrmarr\u00ebsit vendas q\u00eb u imponohej t\u00eb nd\u00ebrtonin jasht\u00eb planit, me p\u00ebrjashtim t\u00eb atyre\u00a0 q\u00eb ishin t\u00eb lidhur me personat e pushtetit vendor,dhe\u00a0 t\u00eb cil\u00ebve, \u00a0komuna , u kish lejuar t\u00eb nd\u00ebrtonin objekte t\u00eb forta duke i trajtuar sipas statusit t\u00eb\u00a0 \u00a0objekteve\u00a0 t\u00eb p\u00ebrkohshme \u00a0. P\u00ebr k\u00ebto persona, t\u00eb hollat e marra, n\u00eb em\u00ebr t\u00eb taks\u00ebs s\u00eb \u00a0objekteve\u00a0 t\u00eb p\u00ebrkohshme, komuna \u00a0mori p\u00ebrsip\u00ebr, q\u00eb atyre t\u2019 iu pranonte si pages\u00eb t\u00eb komunalive, \u00a0me rastin e miratimit t\u00eb planit dhe\u00a0 futjen \u00a0\u00a0\u00a0e tyre n\u00eb plan. Por edhe kjo form\u00eb e\u00a0 marrjes s\u00eb \u201cavansit\u201d t\u00eb komunalive, shpesh her\u00eb \u00ebsht\u00eb\u00a0 duke\u00a0 krijuar konteste gjyq\u00ebsore sepse planet nuk po miratohen . N\u00eb k\u00ebto rrethana, Forca, arriti t\u00eb krijoj\u00eb nj\u00eb klas\u00eb politike t\u00eb votuesve t\u00eb cil\u00ebt, \u00a0\u00a0pas ardhjes s\u00eb saj , n\u00eb pushtet e kusht\u00ebzuan \u00a0at\u00eb \u00a0me zbritjen e dukshme t\u00eb komunalive dhe pse jo , spontanisht,k\u00ebto rrethana , \u00a0krijuan frym\u00ebn \u00a0e mos pages\u00ebs s\u00eb tyre\u00a0 duke p\u00ebrfituar n\u00eb koh\u00eb nga prezenca e Forc\u00ebs n\u00eb\u00a0 pushtet&#8230; Shkuarja n\u00eb zgjedhje t\u00eb parakohshme, duke i shkurtuar mandatin kuvendit t\u00eb komun\u00ebs , dhe frika reale q\u00eb sjellin zgjedhjet rreth mund\u00ebsis\u00eb s\u00eb nd\u00ebrrimit t\u00eb pushtetit, si dhe rritjen ventuale t\u00eb komunalive, n\u00eb nivel t\u00eb komunave tjera, krijon psikoz\u00ebn e asaj q\u00eb i thon\u00eb \u201c koha nuk pret\u201d, andaj qytetar\u00ebt , pritet, q\u00eb masovikisht, t\u00eb fillojn\u00eb t\u00eb paguajn\u00eb komunalit, sidomos ata q\u00eb gjinden n\u00eb Fush\u00ebn e Ulqinit. Nuk e thon\u00eb kot se\u00a0 \u00e7do e keqe,\u00a0 e ka\u00a0 nj\u00eb\u00a0 t\u00eb mir\u00eb\u00a0 dhe \u00e7do e mir\u00eb e ka nj\u00eb t\u00eb keqe&#8230;?!!!<\/p>\n<p>P\u00ebr fund d\u00ebshirojm\u00eb t\u00eb cekim, se duke e ditur, q\u00eb disa qindra mija euro, jan\u00eb humbur\u00a0 nga\u00a0 komuna si l\u00ebnd\u00ebt gjyq\u00ebsore, e q\u00eb ishin t\u00eb destinuara\u00a0 p\u00ebr rroga t\u00eb te pun\u00ebsuarve, at\u00ebher\u00eb , do t\u00eb ishte plot\u00ebsisht e arsyeshme, q\u00eb nga parat\u00eb e komunalive , fillimisht t\u00eb shlyhet borxhi i t\u00eb te pun\u00ebsuarve n\u00eb administrat\u00ebn lokale dhe sektorin publik. E keqja dhe e mira e gjith\u00eb k\u00ebsaj, s\u00eb bashku, do t\u00eb ishte, q\u00eb ky veprim, do t\u00eb ishte investimi m\u00eb i mir\u00eb i \u201cligjsh\u00eb\u201d i pushtetit , p\u00ebr t\u00eb bler\u00eb votat e t\u00eb pun\u00ebsuarve atje,\u00a0 t\u00eb \u00a0\u00a0\u00a0cil\u00ebt, dihet q\u00eb \u00a0\u00a0n\u00eb zgjedhjet , e m\u00eb pashme i takonin nj\u00eb tabori tjet\u00ebr politik ?!!!<\/p>\n","protected":false},"excerpt":{"rendered":"<p>Shkruan ,Muhamet Nika: A DO T\u00cb NDIKOJ\u00cb\u00a0 POZITIVISHT KRIZA POLITIKE N\u00cb MBUSHJEN E\u00a0 ARK\u00cbS S\u00cb KOMUN\u00cbS\u00a0 S\u00cb ULQINIT PAS SHKURTIMIT T\u00cb MANDATIT T\u00cb KUVENDIT Dihet , nga\u00a0 praktika e \u00a0d\u00ebshmuar, q\u00eb krizat , \u00a0\u00a0\u00a0\u00a0t\u00eb individ\u00ebt e\u00a0 \u00e7do shoq\u00ebrie jan\u00eb p\u00ebrcjell\u00eb dhe p\u00ebrcillen \u00a0me kriz\u00ebn psikologjike t\u00eb pasiguris\u00eb \u00a0p\u00ebr humbjen e stabilitetit \u00a0n\u00eb raport me obligimet [&hellip;]<\/p>\n","protected":false},"author":1,"featured_media":0,"comment_status":"closed","ping_status":"closed","sticky":false,"template":"","format":"standard","meta":{"spay_email":"","jetpack_publicize_message":"","jetpack_is_tweetstorm":false,"jetpack_publicize_feature_enabled":true},"categories":[14249],"tags":[],"jetpack_publicize_connections":[],"yoast_head":"<!-- This site is optimized with the Yoast SEO plugin v19.1 - https:\/\/yoast.com\/wordpress\/plugins\/seo\/ -->\n<title>Nika: A do t\u00eb ndikoj\u00eb pozitivisht kriza politike n\u00eb mbushjen e ark\u00ebs s\u00eb komun\u00ebs s\u00eb Ulqinit - Lajme nga Ulqini<\/title>\n<meta name=\"description\" content=\"Shkruan ,Muhamet Nika: A DO T\u00cb NDIKOJ\u00cb\u00a0 POZITIVISHT KRIZA POLITIKE N\u00cb MBUSHJEN E\u00a0 ARK\u00cbS S\u00cb KOMUN\u00cbS\u00a0 S\u00cb ULQINIT PAS SHKURTIMIT T\u00cb MANDATIT T\u00cb KUVENDIT\" \/>\n<meta name=\"robots\" content=\"index, follow, max-snippet:-1, max-image-preview:large, max-video-preview:-1\" \/>\n<link rel=\"canonical\" href=\"https:\/\/www.visit-ulcinj.com\/blog\/2013\/11\/15\/nika-te-ndikoje-pozitivisht-kriza-politike-ne-mbushjen-e-arkes-se-komunes-se-ulqinit\/\" \/>\n<meta property=\"og:locale\" content=\"en_US\" \/>\n<meta property=\"og:type\" content=\"article\" \/>\n<meta property=\"og:title\" content=\"Nika: A do t\u00eb ndikoj\u00eb pozitivisht kriza politike n\u00eb mbushjen e ark\u00ebs s\u00eb komun\u00ebs s\u00eb Ulqinit - Lajme nga Ulqini\" \/>\n<meta property=\"og:description\" content=\"Shkruan ,Muhamet Nika: A DO T\u00cb NDIKOJ\u00cb\u00a0 POZITIVISHT KRIZA POLITIKE N\u00cb MBUSHJEN E\u00a0 ARK\u00cbS S\u00cb KOMUN\u00cbS\u00a0 S\u00cb ULQINIT PAS SHKURTIMIT T\u00cb MANDATIT T\u00cb KUVENDIT\" \/>\n<meta property=\"og:url\" content=\"https:\/\/www.visit-ulcinj.com\/blog\/2013\/11\/15\/nika-te-ndikoje-pozitivisht-kriza-politike-ne-mbushjen-e-arkes-se-komunes-se-ulqinit\/\" \/>\n<meta property=\"og:site_name\" content=\"Lajme nga Ulqini\" \/>\n<meta property=\"article:published_time\" content=\"2013-11-15T13:20:07+00:00\" \/>\n<meta property=\"og:image\" content=\"http:\/\/www.visit-ulcinj.com\/blog\/wp-content\/uploads\/2013\/10\/Komuna-e-Ulqinit.jpg\" \/>\n<meta name=\"twitter:label1\" content=\"Written by\" \/>\n\t<meta name=\"twitter:data1\" content=\"ulqini\" \/>\n\t<meta name=\"twitter:label2\" content=\"Est. reading time\" \/>\n\t<meta name=\"twitter:data2\" content=\"7 minutes\" \/>\n<script type=\"application\/ld+json\" class=\"yoast-schema-graph\">{\"@context\":\"https:\/\/schema.org\",\"@graph\":[{\"@type\":\"WebSite\",\"@id\":\"https:\/\/www.visit-ulcinj.com\/blog\/#website\",\"url\":\"https:\/\/www.visit-ulcinj.com\/blog\/\",\"name\":\"Lajme nga Ulqini\",\"description\":\"Lajme,Vijesti,Ulqini,Ulqin,Crna Gora,Mali i Zi\",\"potentialAction\":[{\"@type\":\"SearchAction\",\"target\":{\"@type\":\"EntryPoint\",\"urlTemplate\":\"https:\/\/www.visit-ulcinj.com\/blog\/?s={search_term_string}\"},\"query-input\":\"required name=search_term_string\"}],\"inLanguage\":\"en-US\"},{\"@type\":\"ImageObject\",\"inLanguage\":\"en-US\",\"@id\":\"https:\/\/www.visit-ulcinj.com\/blog\/2013\/11\/15\/nika-te-ndikoje-pozitivisht-kriza-politike-ne-mbushjen-e-arkes-se-komunes-se-ulqinit\/#primaryimage\",\"url\":\"https:\/\/www.visit-ulcinj.com\/blog\/wp-content\/uploads\/2013\/10\/Komuna-e-Ulqinit.jpg\",\"contentUrl\":\"https:\/\/www.visit-ulcinj.com\/blog\/wp-content\/uploads\/2013\/10\/Komuna-e-Ulqinit.jpg\",\"width\":960,\"height\":616},{\"@type\":\"WebPage\",\"@id\":\"https:\/\/www.visit-ulcinj.com\/blog\/2013\/11\/15\/nika-te-ndikoje-pozitivisht-kriza-politike-ne-mbushjen-e-arkes-se-komunes-se-ulqinit\/#webpage\",\"url\":\"https:\/\/www.visit-ulcinj.com\/blog\/2013\/11\/15\/nika-te-ndikoje-pozitivisht-kriza-politike-ne-mbushjen-e-arkes-se-komunes-se-ulqinit\/\",\"name\":\"Nika: A do t\u00eb ndikoj\u00eb pozitivisht kriza politike n\u00eb mbushjen e ark\u00ebs s\u00eb komun\u00ebs s\u00eb Ulqinit - Lajme nga Ulqini\",\"isPartOf\":{\"@id\":\"https:\/\/www.visit-ulcinj.com\/blog\/#website\"},\"primaryImageOfPage\":{\"@id\":\"https:\/\/www.visit-ulcinj.com\/blog\/2013\/11\/15\/nika-te-ndikoje-pozitivisht-kriza-politike-ne-mbushjen-e-arkes-se-komunes-se-ulqinit\/#primaryimage\"},\"datePublished\":\"2013-11-15T13:20:07+00:00\",\"dateModified\":\"2013-11-15T13:20:07+00:00\",\"author\":{\"@id\":\"https:\/\/www.visit-ulcinj.com\/blog\/#\/schema\/person\/dcab619c614d3038751c63bc2aadc06d\"},\"description\":\"Shkruan ,Muhamet Nika: A DO T\u00cb NDIKOJ\u00cb\u00a0 POZITIVISHT KRIZA POLITIKE N\u00cb MBUSHJEN E\u00a0 ARK\u00cbS S\u00cb KOMUN\u00cbS\u00a0 S\u00cb ULQINIT PAS SHKURTIMIT T\u00cb MANDATIT T\u00cb KUVENDIT\",\"breadcrumb\":{\"@id\":\"https:\/\/www.visit-ulcinj.com\/blog\/2013\/11\/15\/nika-te-ndikoje-pozitivisht-kriza-politike-ne-mbushjen-e-arkes-se-komunes-se-ulqinit\/#breadcrumb\"},\"inLanguage\":\"en-US\",\"potentialAction\":[{\"@type\":\"ReadAction\",\"target\":[\"https:\/\/www.visit-ulcinj.com\/blog\/2013\/11\/15\/nika-te-ndikoje-pozitivisht-kriza-politike-ne-mbushjen-e-arkes-se-komunes-se-ulqinit\/\"]}]},{\"@type\":\"BreadcrumbList\",\"@id\":\"https:\/\/www.visit-ulcinj.com\/blog\/2013\/11\/15\/nika-te-ndikoje-pozitivisht-kriza-politike-ne-mbushjen-e-arkes-se-komunes-se-ulqinit\/#breadcrumb\",\"itemListElement\":[{\"@type\":\"ListItem\",\"position\":1,\"name\":\"Nika: A do t\u00eb ndikoj\u00eb pozitivisht kriza politike n\u00eb mbushjen e ark\u00ebs s\u00eb komun\u00ebs s\u00eb Ulqinit\"}]},{\"@type\":\"Person\",\"@id\":\"https:\/\/www.visit-ulcinj.com\/blog\/#\/schema\/person\/dcab619c614d3038751c63bc2aadc06d\",\"name\":\"ulqini\",\"sameAs\":[\"http:\/\/www.visit-ulcinj.com\"],\"url\":\"https:\/\/www.visit-ulcinj.com\/blog\/author\/admin\/\"}]}<\/script>\n<!-- \/ Yoast SEO plugin. -->","yoast_head_json":{"title":"Nika: A do t\u00eb ndikoj\u00eb pozitivisht kriza politike n\u00eb mbushjen e ark\u00ebs s\u00eb komun\u00ebs s\u00eb Ulqinit - Lajme nga Ulqini","description":"Shkruan ,Muhamet Nika: A DO T\u00cb NDIKOJ\u00cb\u00a0 POZITIVISHT KRIZA POLITIKE N\u00cb MBUSHJEN E\u00a0 ARK\u00cbS S\u00cb KOMUN\u00cbS\u00a0 S\u00cb ULQINIT PAS SHKURTIMIT T\u00cb MANDATIT T\u00cb KUVENDIT","robots":{"index":"index","follow":"follow","max-snippet":"max-snippet:-1","max-image-preview":"max-image-preview:large","max-video-preview":"max-video-preview:-1"},"canonical":"https:\/\/www.visit-ulcinj.com\/blog\/2013\/11\/15\/nika-te-ndikoje-pozitivisht-kriza-politike-ne-mbushjen-e-arkes-se-komunes-se-ulqinit\/","og_locale":"en_US","og_type":"article","og_title":"Nika: A do t\u00eb ndikoj\u00eb pozitivisht kriza politike n\u00eb mbushjen e ark\u00ebs s\u00eb komun\u00ebs s\u00eb Ulqinit - Lajme nga Ulqini","og_description":"Shkruan ,Muhamet Nika: A DO T\u00cb NDIKOJ\u00cb\u00a0 POZITIVISHT KRIZA POLITIKE N\u00cb MBUSHJEN E\u00a0 ARK\u00cbS S\u00cb KOMUN\u00cbS\u00a0 S\u00cb ULQINIT PAS SHKURTIMIT T\u00cb MANDATIT T\u00cb KUVENDIT","og_url":"https:\/\/www.visit-ulcinj.com\/blog\/2013\/11\/15\/nika-te-ndikoje-pozitivisht-kriza-politike-ne-mbushjen-e-arkes-se-komunes-se-ulqinit\/","og_site_name":"Lajme nga Ulqini","article_published_time":"2013-11-15T13:20:07+00:00","og_image":[{"url":"http:\/\/www.visit-ulcinj.com\/blog\/wp-content\/uploads\/2013\/10\/Komuna-e-Ulqinit.jpg"}],"twitter_misc":{"Written by":"ulqini","Est. reading time":"7 minutes"},"schema":{"@context":"https:\/\/schema.org","@graph":[{"@type":"WebSite","@id":"https:\/\/www.visit-ulcinj.com\/blog\/#website","url":"https:\/\/www.visit-ulcinj.com\/blog\/","name":"Lajme nga Ulqini","description":"Lajme,Vijesti,Ulqini,Ulqin,Crna Gora,Mali i Zi","potentialAction":[{"@type":"SearchAction","target":{"@type":"EntryPoint","urlTemplate":"https:\/\/www.visit-ulcinj.com\/blog\/?s={search_term_string}"},"query-input":"required name=search_term_string"}],"inLanguage":"en-US"},{"@type":"ImageObject","inLanguage":"en-US","@id":"https:\/\/www.visit-ulcinj.com\/blog\/2013\/11\/15\/nika-te-ndikoje-pozitivisht-kriza-politike-ne-mbushjen-e-arkes-se-komunes-se-ulqinit\/#primaryimage","url":"https:\/\/www.visit-ulcinj.com\/blog\/wp-content\/uploads\/2013\/10\/Komuna-e-Ulqinit.jpg","contentUrl":"https:\/\/www.visit-ulcinj.com\/blog\/wp-content\/uploads\/2013\/10\/Komuna-e-Ulqinit.jpg","width":960,"height":616},{"@type":"WebPage","@id":"https:\/\/www.visit-ulcinj.com\/blog\/2013\/11\/15\/nika-te-ndikoje-pozitivisht-kriza-politike-ne-mbushjen-e-arkes-se-komunes-se-ulqinit\/#webpage","url":"https:\/\/www.visit-ulcinj.com\/blog\/2013\/11\/15\/nika-te-ndikoje-pozitivisht-kriza-politike-ne-mbushjen-e-arkes-se-komunes-se-ulqinit\/","name":"Nika: A do t\u00eb ndikoj\u00eb pozitivisht kriza politike n\u00eb mbushjen e ark\u00ebs s\u00eb komun\u00ebs s\u00eb Ulqinit - Lajme nga Ulqini","isPartOf":{"@id":"https:\/\/www.visit-ulcinj.com\/blog\/#website"},"primaryImageOfPage":{"@id":"https:\/\/www.visit-ulcinj.com\/blog\/2013\/11\/15\/nika-te-ndikoje-pozitivisht-kriza-politike-ne-mbushjen-e-arkes-se-komunes-se-ulqinit\/#primaryimage"},"datePublished":"2013-11-15T13:20:07+00:00","dateModified":"2013-11-15T13:20:07+00:00","author":{"@id":"https:\/\/www.visit-ulcinj.com\/blog\/#\/schema\/person\/dcab619c614d3038751c63bc2aadc06d"},"description":"Shkruan ,Muhamet Nika: A DO T\u00cb NDIKOJ\u00cb\u00a0 POZITIVISHT KRIZA POLITIKE N\u00cb MBUSHJEN E\u00a0 ARK\u00cbS S\u00cb KOMUN\u00cbS\u00a0 S\u00cb ULQINIT PAS SHKURTIMIT T\u00cb MANDATIT T\u00cb KUVENDIT","breadcrumb":{"@id":"https:\/\/www.visit-ulcinj.com\/blog\/2013\/11\/15\/nika-te-ndikoje-pozitivisht-kriza-politike-ne-mbushjen-e-arkes-se-komunes-se-ulqinit\/#breadcrumb"},"inLanguage":"en-US","potentialAction":[{"@type":"ReadAction","target":["https:\/\/www.visit-ulcinj.com\/blog\/2013\/11\/15\/nika-te-ndikoje-pozitivisht-kriza-politike-ne-mbushjen-e-arkes-se-komunes-se-ulqinit\/"]}]},{"@type":"BreadcrumbList","@id":"https:\/\/www.visit-ulcinj.com\/blog\/2013\/11\/15\/nika-te-ndikoje-pozitivisht-kriza-politike-ne-mbushjen-e-arkes-se-komunes-se-ulqinit\/#breadcrumb","itemListElement":[{"@type":"ListItem","position":1,"name":"Nika: A do t\u00eb ndikoj\u00eb pozitivisht kriza politike n\u00eb mbushjen e ark\u00ebs s\u00eb komun\u00ebs s\u00eb Ulqinit"}]},{"@type":"Person","@id":"https:\/\/www.visit-ulcinj.com\/blog\/#\/schema\/person\/dcab619c614d3038751c63bc2aadc06d","name":"ulqini","sameAs":["http:\/\/www.visit-ulcinj.com"],"url":"https:\/\/www.visit-ulcinj.com\/blog\/author\/admin\/"}]}},"jetpack_featured_media_url":"","jetpack_sharing_enabled":true,"jetpack_shortlink":"https:\/\/wp.me\/pe6lTn-jPZ","_links":{"self":[{"href":"https:\/\/www.visit-ulcinj.com\/blog\/wp-json\/wp\/v2\/posts\/76259"}],"collection":[{"href":"https:\/\/www.visit-ulcinj.com\/blog\/wp-json\/wp\/v2\/posts"}],"about":[{"href":"https:\/\/www.visit-ulcinj.com\/blog\/wp-json\/wp\/v2\/types\/post"}],"author":[{"embeddable":true,"href":"https:\/\/www.visit-ulcinj.com\/blog\/wp-json\/wp\/v2\/users\/1"}],"replies":[{"embeddable":true,"href":"https:\/\/www.visit-ulcinj.com\/blog\/wp-json\/wp\/v2\/comments?post=76259"}],"version-history":[{"count":1,"href":"https:\/\/www.visit-ulcinj.com\/blog\/wp-json\/wp\/v2\/posts\/76259\/revisions"}],"predecessor-version":[{"id":76260,"href":"https:\/\/www.visit-ulcinj.com\/blog\/wp-json\/wp\/v2\/posts\/76259\/revisions\/76260"}],"wp:attachment":[{"href":"https:\/\/www.visit-ulcinj.com\/blog\/wp-json\/wp\/v2\/media?parent=76259"}],"wp:term":[{"taxonomy":"category","embeddable":true,"href":"https:\/\/www.visit-ulcinj.com\/blog\/wp-json\/wp\/v2\/categories?post=76259"},{"taxonomy":"post_tag","embeddable":true,"href":"https:\/\/www.visit-ulcinj.com\/blog\/wp-json\/wp\/v2\/tags?post=76259"}],"curies":[{"name":"wp","href":"https:\/\/api.w.org\/{rel}","templated":true}]}}