{"id":76314,"date":"2013-11-16T20:12:46","date_gmt":"2013-11-16T19:12:46","guid":{"rendered":"http:\/\/www.visit-ulcinj.com\/blog\/?p=76314"},"modified":"2013-11-16T20:13:35","modified_gmt":"2013-11-16T19:13:35","slug":"kestenijada-2013-u-ostros-foto","status":"publish","type":"post","link":"https:\/\/www.visit-ulcinj.com\/blog\/2013\/11\/16\/kestenijada-2013-u-ostros-foto\/","title":{"rendered":"Kestenijada 2013 u Ostros + Foto"},"content":{"rendered":"<p><strong><a href=\"http:\/\/www.visit-ulcinj.com\/blog\/wp-content\/uploads\/2013\/11\/Festa-e-Geshtenjave-ne-Kraje-9.jpg\"><img loading=\"lazy\" class=\"alignleft  wp-image-76306\" alt=\"Festa e Geshtenjave ne Kraje-9\" src=\"http:\/\/www.visit-ulcinj.com\/blog\/wp-content\/uploads\/2013\/11\/Festa-e-Geshtenjave-ne-Kraje-9.jpg\" width=\"508\" height=\"360\" \/><\/a>Ko\u0161tanijada u osun\u010danom Ostrosu <\/strong><\/p>\n<p>U Ostrosu je danas odr\u017eana Ko\u0161tanijada, tradicionalna manifestacija koja se u ovoj prijezerskoj mjesnoj zajednici barske op\u0161tine odr\u017eava sedmi put, uz prisustvo velikog broja gostiju iz nekoliko crnogorskih gradova i susjedne Albanije.<\/p>\n<p>\u0160tandovi su bili postavljeni uz glavnu ulicu, a kao i svake godine, u gastronomskoj ponudi bilo je najvi\u0161e kestena, odnosno ko\u0161tanja, kako se izvorno govori u barskom kraju &#8211; pe\u010denih, kuvanih i torti od ko\u0161tanja. Gradi\u0107em se \u0161irio miris pr\u017eenih ukljeva, a u\u010desnici manifestacije iznijeli su i \u010duveni krajinski duvan, suve smokve, vijence ukljeva, masline, sir, vo\u0107e, povr\u0107e, \u010dajeve&#8230; Prire\u0111en je i bogat kulturno-umjetni\u010dki program.<\/p>\n<p>Predsjednik Organizacionog odbora Ko\u0161tanijade, ujedno i predsjednik Mjesne zajednice Ostros Emro Durakovi\u0107 podsjetio je prisutne na veliko bogatstvo ovoga kraja u prirodnim resursima, te na \u010dinjenicu da Krajina raspola\u017ee sa preko 20.000 stabala kestena, a da je ovda\u0161nja kestenova \u0161uma zakonom za\u0161ti\u0107ena.<\/p>\n<p>U ime Op\u0161tine Bar, obratio se potpredsjednik Osman Suba\u0161i\u0107, istakav\u0161i da je prepoznat zna\u010daj manifestacije, koja uz promociju prirodnih resursa ima i turisti\u010dki karakter. On je potencirao da je Ostros u paradokasalnom polo\u017eaju &#8211; na obali je Skadarskog jezera, a bezvodno je podru\u010dje, po\u0161to projekat za vodosnabdijevanje, star vi\u0161e od 30 godina, jo\u0161 nije zavr\u0161en. Suba\u0161i\u0107 je naveo da postoji interes za otvaranje grani\u010dnog prelaza Ckla i uspostavljanje brodske linije Virpazar- Ostros- Ckla- Skadar.<\/p>\n<p>Iza odr\u017eavanja ovogodi\u0161nje Ko\u0161tanijade stoje Op\u0161tina Bar, Turisti\u010dka organizacija Bar, Op\u0161tina Ulcinj, JP Komunalne djelatnosti Ulcinj i Nacionalni savjet Albanaca u Crnoj Gori, a ove je godine prvi put uvr\u0161tena u Program proslave Dana op\u0161tine Bar, 24. novembar.<\/p>\n<p>&nbsp;<\/p>\n<p><strong>Izvor: Analitika &#8211; Informativni Portal<br \/>\n<\/strong><\/p>\n<p><strong>Foto <a href=\"https:\/\/www.facebook.com\/media\/set\/?set=a.425593894230690.1073741971.256964464426968&amp;type=1\">Ko\u0161tanijada 2013. Ostros. Montenegro<\/a> Facebook<\/strong><\/p>\n\n\t\t<style type=\"text\/css\">\n\t\t\t#gallery-1 {\n\t\t\t\tmargin: auto;\n\t\t\t}\n\t\t\t#gallery-1 .gallery-item {\n\t\t\t\tfloat: left;\n\t\t\t\tmargin-top: 10px;\n\t\t\t\ttext-align: center;\n\t\t\t\twidth: 33%;\n\t\t\t}\n\t\t\t#gallery-1 img {\n\t\t\t\tborder: 2px solid #cfcfcf;\n\t\t\t}\n\t\t\t#gallery-1 .gallery-caption {\n\t\t\t\tmargin-left: 0;\n\t\t\t}\n\t\t\t\/* see gallery_shortcode() in wp-includes\/media.php *\/\n\t\t<\/style>\n\t\t<div id='gallery-1' class='gallery galleryid-76314 gallery-columns-3 gallery-size-thumbnail'><dl class='gallery-item'>\n\t\t\t<dt class='gallery-icon landscape'>\n\t\t\t\t<a href='https:\/\/www.visit-ulcinj.com\/blog\/2013\/11\/16\/festa-e-geshtenjave-ne-kraje-foto\/festa-e-geshtenjave-ne-kraje-15\/'><img width=\"150\" height=\"150\" src=\"https:\/\/www.visit-ulcinj.com\/blog\/wp-content\/uploads\/2013\/11\/Festa-e-Geshtenjave-ne-Kraje-15-150x150.jpg\" class=\"attachment-thumbnail size-thumbnail\" alt=\"\" loading=\"lazy\" \/><\/a>\n\t\t\t<\/dt><\/dl><dl class='gallery-item'>\n\t\t\t<dt class='gallery-icon landscape'>\n\t\t\t\t<a href='https:\/\/www.visit-ulcinj.com\/blog\/2013\/11\/16\/festa-e-geshtenjave-ne-kraje-foto\/festa-e-geshtenjave-ne-kraje-14\/'><img width=\"150\" height=\"150\" src=\"https:\/\/www.visit-ulcinj.com\/blog\/wp-content\/uploads\/2013\/11\/Festa-e-Geshtenjave-ne-Kraje-14-150x150.jpg\" class=\"attachment-thumbnail size-thumbnail\" alt=\"\" loading=\"lazy\" \/><\/a>\n\t\t\t<\/dt><\/dl><dl class='gallery-item'>\n\t\t\t<dt class='gallery-icon landscape'>\n\t\t\t\t<a href='https:\/\/www.visit-ulcinj.com\/blog\/2013\/11\/16\/festa-e-geshtenjave-ne-kraje-foto\/festa-e-geshtenjave-ne-kraje-13\/'><img width=\"150\" height=\"150\" src=\"https:\/\/www.visit-ulcinj.com\/blog\/wp-content\/uploads\/2013\/11\/Festa-e-Geshtenjave-ne-Kraje-13-150x150.jpg\" class=\"attachment-thumbnail size-thumbnail\" alt=\"\" loading=\"lazy\" \/><\/a>\n\t\t\t<\/dt><\/dl><br style=\"clear: both\" \/><dl class='gallery-item'>\n\t\t\t<dt class='gallery-icon landscape'>\n\t\t\t\t<a href='https:\/\/www.visit-ulcinj.com\/blog\/2013\/11\/16\/festa-e-geshtenjave-ne-kraje-foto\/festa-e-geshtenjave-ne-kraje-12\/'><img width=\"150\" height=\"150\" src=\"https:\/\/www.visit-ulcinj.com\/blog\/wp-content\/uploads\/2013\/11\/Festa-e-Geshtenjave-ne-Kraje-12-150x150.jpg\" class=\"attachment-thumbnail size-thumbnail\" alt=\"\" loading=\"lazy\" \/><\/a>\n\t\t\t<\/dt><\/dl><dl class='gallery-item'>\n\t\t\t<dt class='gallery-icon landscape'>\n\t\t\t\t<a href='https:\/\/www.visit-ulcinj.com\/blog\/2013\/11\/16\/festa-e-geshtenjave-ne-kraje-foto\/festa-e-geshtenjave-ne-kraje-11\/'><img width=\"150\" height=\"150\" src=\"https:\/\/www.visit-ulcinj.com\/blog\/wp-content\/uploads\/2013\/11\/Festa-e-Geshtenjave-ne-Kraje-11-150x150.jpg\" class=\"attachment-thumbnail size-thumbnail\" alt=\"\" loading=\"lazy\" \/><\/a>\n\t\t\t<\/dt><\/dl><dl class='gallery-item'>\n\t\t\t<dt class='gallery-icon landscape'>\n\t\t\t\t<a href='https:\/\/www.visit-ulcinj.com\/blog\/2013\/11\/16\/festa-e-geshtenjave-ne-kraje-foto\/festa-e-geshtenjave-ne-kraje-10\/'><img width=\"150\" height=\"150\" src=\"https:\/\/www.visit-ulcinj.com\/blog\/wp-content\/uploads\/2013\/11\/Festa-e-Geshtenjave-ne-Kraje-10-150x150.jpg\" class=\"attachment-thumbnail size-thumbnail\" alt=\"\" loading=\"lazy\" \/><\/a>\n\t\t\t<\/dt><\/dl><br style=\"clear: both\" \/><dl class='gallery-item'>\n\t\t\t<dt class='gallery-icon landscape'>\n\t\t\t\t<a href='https:\/\/www.visit-ulcinj.com\/blog\/2013\/11\/16\/festa-e-geshtenjave-ne-kraje-foto\/festa-e-geshtenjave-ne-kraje-8\/'><img width=\"150\" height=\"150\" src=\"https:\/\/www.visit-ulcinj.com\/blog\/wp-content\/uploads\/2013\/11\/Festa-e-Geshtenjave-ne-Kraje-8-150x150.jpg\" class=\"attachment-thumbnail size-thumbnail\" alt=\"\" loading=\"lazy\" \/><\/a>\n\t\t\t<\/dt><\/dl><dl class='gallery-item'>\n\t\t\t<dt class='gallery-icon landscape'>\n\t\t\t\t<a href='https:\/\/www.visit-ulcinj.com\/blog\/2013\/11\/16\/festa-e-geshtenjave-ne-kraje-foto\/festa-e-geshtenjave-ne-kraje-7\/'><img width=\"150\" height=\"150\" src=\"https:\/\/www.visit-ulcinj.com\/blog\/wp-content\/uploads\/2013\/11\/Festa-e-Geshtenjave-ne-Kraje-7-150x150.jpg\" class=\"attachment-thumbnail size-thumbnail\" alt=\"\" loading=\"lazy\" \/><\/a>\n\t\t\t<\/dt><\/dl><dl class='gallery-item'>\n\t\t\t<dt class='gallery-icon landscape'>\n\t\t\t\t<a href='https:\/\/www.visit-ulcinj.com\/blog\/2013\/11\/16\/festa-e-geshtenjave-ne-kraje-foto\/festa-e-geshtenjave-ne-kraje-6\/'><img width=\"150\" height=\"150\" src=\"https:\/\/www.visit-ulcinj.com\/blog\/wp-content\/uploads\/2013\/11\/Festa-e-Geshtenjave-ne-Kraje-6-150x150.jpg\" class=\"attachment-thumbnail size-thumbnail\" alt=\"\" loading=\"lazy\" \/><\/a>\n\t\t\t<\/dt><\/dl><br style=\"clear: both\" \/><dl class='gallery-item'>\n\t\t\t<dt class='gallery-icon landscape'>\n\t\t\t\t<a href='https:\/\/www.visit-ulcinj.com\/blog\/2013\/11\/16\/festa-e-geshtenjave-ne-kraje-foto\/festa-e-geshtenjave-ne-kraje-5\/'><img width=\"150\" height=\"150\" src=\"https:\/\/www.visit-ulcinj.com\/blog\/wp-content\/uploads\/2013\/11\/Festa-e-Geshtenjave-ne-Kraje-5-150x150.jpg\" class=\"attachment-thumbnail size-thumbnail\" alt=\"\" loading=\"lazy\" \/><\/a>\n\t\t\t<\/dt><\/dl><dl class='gallery-item'>\n\t\t\t<dt class='gallery-icon portrait'>\n\t\t\t\t<a href='https:\/\/www.visit-ulcinj.com\/blog\/2013\/11\/16\/festa-e-geshtenjave-ne-kraje-foto\/festa-e-geshtenjave-ne-kraje-4\/'><img width=\"150\" height=\"150\" src=\"https:\/\/www.visit-ulcinj.com\/blog\/wp-content\/uploads\/2013\/11\/Festa-e-Geshtenjave-ne-Kraje-4-150x150.jpg\" class=\"attachment-thumbnail size-thumbnail\" alt=\"\" loading=\"lazy\" \/><\/a>\n\t\t\t<\/dt><\/dl><dl class='gallery-item'>\n\t\t\t<dt class='gallery-icon landscape'>\n\t\t\t\t<a href='https:\/\/www.visit-ulcinj.com\/blog\/2013\/11\/16\/festa-e-geshtenjave-ne-kraje-foto\/festa-e-geshtenjave-ne-kraje-3\/'><img width=\"150\" height=\"150\" src=\"https:\/\/www.visit-ulcinj.com\/blog\/wp-content\/uploads\/2013\/11\/Festa-e-Geshtenjave-ne-Kraje-3-150x150.jpg\" class=\"attachment-thumbnail size-thumbnail\" alt=\"\" loading=\"lazy\" \/><\/a>\n\t\t\t<\/dt><\/dl><br style=\"clear: both\" \/><dl class='gallery-item'>\n\t\t\t<dt class='gallery-icon landscape'>\n\t\t\t\t<a href='https:\/\/www.visit-ulcinj.com\/blog\/2013\/11\/16\/festa-e-geshtenjave-ne-kraje-foto\/festa-e-geshtenjave-ne-kraje-2\/'><img width=\"150\" height=\"150\" src=\"https:\/\/www.visit-ulcinj.com\/blog\/wp-content\/uploads\/2013\/11\/Festa-e-Geshtenjave-ne-Kraje-2-150x150.jpg\" class=\"attachment-thumbnail size-thumbnail\" alt=\"\" loading=\"lazy\" \/><\/a>\n\t\t\t<\/dt><\/dl><dl class='gallery-item'>\n\t\t\t<dt class='gallery-icon landscape'>\n\t\t\t\t<a href='https:\/\/www.visit-ulcinj.com\/blog\/2013\/11\/16\/festa-e-geshtenjave-ne-kraje-foto\/festa-e-geshtenjave-ne-kraje-1\/'><img width=\"150\" height=\"150\" src=\"https:\/\/www.visit-ulcinj.com\/blog\/wp-content\/uploads\/2013\/11\/Festa-e-Geshtenjave-ne-Kraje-1-150x150.jpg\" class=\"attachment-thumbnail size-thumbnail\" alt=\"\" loading=\"lazy\" \/><\/a>\n\t\t\t<\/dt><\/dl><dl class='gallery-item'>\n\t\t\t<dt class='gallery-icon portrait'>\n\t\t\t\t<a href='https:\/\/www.visit-ulcinj.com\/blog\/2013\/11\/16\/festa-e-geshtenjave-ne-kraje-foto\/festa-e-geshtenjave-kraje-2013-1\/'><img width=\"150\" height=\"150\" src=\"https:\/\/www.visit-ulcinj.com\/blog\/wp-content\/uploads\/2013\/11\/Festa-e-geshtenjave-Kraje-2013-1-150x150.jpg\" class=\"attachment-thumbnail size-thumbnail\" alt=\"\" loading=\"lazy\" \/><\/a>\n\t\t\t<\/dt><\/dl><br style=\"clear: both\" \/><dl class='gallery-item'>\n\t\t\t<dt class='gallery-icon portrait'>\n\t\t\t\t<a href='https:\/\/www.visit-ulcinj.com\/blog\/2013\/11\/16\/festa-e-geshtenjave-ne-kraje-foto\/festa-e-geshtenjave-kraje-2013-10\/'><img width=\"150\" height=\"150\" src=\"https:\/\/www.visit-ulcinj.com\/blog\/wp-content\/uploads\/2013\/11\/Festa-e-geshtenjave-Kraje-2013-10-150x150.jpg\" class=\"attachment-thumbnail size-thumbnail\" alt=\"\" loading=\"lazy\" \/><\/a>\n\t\t\t<\/dt><\/dl><dl class='gallery-item'>\n\t\t\t<dt class='gallery-icon landscape'>\n\t\t\t\t<a href='https:\/\/www.visit-ulcinj.com\/blog\/2013\/11\/16\/festa-e-geshtenjave-ne-kraje-foto\/festa-e-geshtenjave-kraje-2013-9\/'><img width=\"150\" height=\"150\" src=\"https:\/\/www.visit-ulcinj.com\/blog\/wp-content\/uploads\/2013\/11\/Festa-e-geshtenjave-Kraje-2013-9-150x150.jpg\" class=\"attachment-thumbnail size-thumbnail\" alt=\"\" loading=\"lazy\" \/><\/a>\n\t\t\t<\/dt><\/dl><dl class='gallery-item'>\n\t\t\t<dt class='gallery-icon landscape'>\n\t\t\t\t<a href='https:\/\/www.visit-ulcinj.com\/blog\/2013\/11\/16\/festa-e-geshtenjave-ne-kraje-foto\/festa-e-geshtenjave-kraje-2013-8\/'><img width=\"150\" height=\"150\" src=\"https:\/\/www.visit-ulcinj.com\/blog\/wp-content\/uploads\/2013\/11\/Festa-e-geshtenjave-Kraje-2013-8-150x150.jpg\" class=\"attachment-thumbnail size-thumbnail\" alt=\"\" loading=\"lazy\" \/><\/a>\n\t\t\t<\/dt><\/dl><br style=\"clear: both\" \/><dl class='gallery-item'>\n\t\t\t<dt class='gallery-icon landscape'>\n\t\t\t\t<a href='https:\/\/www.visit-ulcinj.com\/blog\/2013\/11\/16\/festa-e-geshtenjave-ne-kraje-foto\/festa-e-geshtenjave-kraje-2013-7\/'><img width=\"150\" height=\"150\" src=\"https:\/\/www.visit-ulcinj.com\/blog\/wp-content\/uploads\/2013\/11\/Festa-e-geshtenjave-Kraje-2013-7-150x150.jpg\" class=\"attachment-thumbnail size-thumbnail\" alt=\"\" loading=\"lazy\" \/><\/a>\n\t\t\t<\/dt><\/dl><dl class='gallery-item'>\n\t\t\t<dt class='gallery-icon landscape'>\n\t\t\t\t<a href='https:\/\/www.visit-ulcinj.com\/blog\/2013\/11\/16\/festa-e-geshtenjave-ne-kraje-foto\/festa-e-geshtenjave-kraje-2013-6\/'><img width=\"150\" height=\"150\" src=\"https:\/\/www.visit-ulcinj.com\/blog\/wp-content\/uploads\/2013\/11\/Festa-e-geshtenjave-Kraje-2013-6-150x150.jpg\" class=\"attachment-thumbnail size-thumbnail\" alt=\"\" loading=\"lazy\" \/><\/a>\n\t\t\t<\/dt><\/dl><dl class='gallery-item'>\n\t\t\t<dt class='gallery-icon portrait'>\n\t\t\t\t<a href='https:\/\/www.visit-ulcinj.com\/blog\/2013\/11\/16\/festa-e-geshtenjave-ne-kraje-foto\/festa-e-geshtenjave-kraje-2013-5\/'><img width=\"150\" height=\"150\" src=\"https:\/\/www.visit-ulcinj.com\/blog\/wp-content\/uploads\/2013\/11\/Festa-e-geshtenjave-Kraje-2013-5-150x150.jpg\" class=\"attachment-thumbnail size-thumbnail\" alt=\"\" loading=\"lazy\" \/><\/a>\n\t\t\t<\/dt><\/dl><br style=\"clear: both\" \/><dl class='gallery-item'>\n\t\t\t<dt class='gallery-icon portrait'>\n\t\t\t\t<a href='https:\/\/www.visit-ulcinj.com\/blog\/2013\/11\/16\/festa-e-geshtenjave-ne-kraje-foto\/festa-e-geshtenjave-kraje-2013-4\/'><img width=\"150\" height=\"150\" src=\"https:\/\/www.visit-ulcinj.com\/blog\/wp-content\/uploads\/2013\/11\/Festa-e-geshtenjave-Kraje-2013-4-150x150.jpg\" class=\"attachment-thumbnail size-thumbnail\" alt=\"\" loading=\"lazy\" \/><\/a>\n\t\t\t<\/dt><\/dl><dl class='gallery-item'>\n\t\t\t<dt class='gallery-icon portrait'>\n\t\t\t\t<a href='https:\/\/www.visit-ulcinj.com\/blog\/2013\/11\/16\/festa-e-geshtenjave-ne-kraje-foto\/festa-e-geshtenjave-kraje-2013-3\/'><img width=\"150\" height=\"150\" src=\"https:\/\/www.visit-ulcinj.com\/blog\/wp-content\/uploads\/2013\/11\/Festa-e-geshtenjave-Kraje-2013-3-150x150.jpg\" class=\"attachment-thumbnail size-thumbnail\" alt=\"\" loading=\"lazy\" \/><\/a>\n\t\t\t<\/dt><\/dl><dl class='gallery-item'>\n\t\t\t<dt class='gallery-icon landscape'>\n\t\t\t\t<a href='https:\/\/www.visit-ulcinj.com\/blog\/2013\/11\/16\/festa-e-geshtenjave-ne-kraje-foto\/festa-e-geshtenjave-kraje-2013\/'><img width=\"150\" height=\"150\" src=\"https:\/\/www.visit-ulcinj.com\/blog\/wp-content\/uploads\/2013\/11\/Festa-e-geshtenjave-Kraje-2013-150x150.jpg\" class=\"attachment-thumbnail size-thumbnail\" alt=\"\" loading=\"lazy\" \/><\/a>\n\t\t\t<\/dt><\/dl><br style=\"clear: both\" \/>\n\t\t<\/div>\n\n<p>&nbsp;<\/p>\n","protected":false},"excerpt":{"rendered":"<p>Ko\u0161tanijada u osun\u010danom Ostrosu U Ostrosu je danas odr\u017eana Ko\u0161tanijada, tradicionalna manifestacija koja se u ovoj prijezerskoj mjesnoj zajednici barske op\u0161tine odr\u017eava sedmi put, uz prisustvo velikog broja gostiju iz nekoliko crnogorskih gradova i susjedne Albanije. \u0160tandovi su bili postavljeni uz glavnu ulicu, a kao i svake godine, u gastronomskoj ponudi bilo je najvi\u0161e kestena, [&hellip;]<\/p>\n","protected":false},"author":1,"featured_media":0,"comment_status":"closed","ping_status":"closed","sticky":false,"template":"","format":"standard","meta":{"spay_email":"","jetpack_publicize_message":"","jetpack_is_tweetstorm":false,"jetpack_publicize_feature_enabled":true},"categories":[8337],"tags":[],"jetpack_publicize_connections":[],"yoast_head":"<!-- This site is optimized with the Yoast SEO plugin v19.1 - https:\/\/yoast.com\/wordpress\/plugins\/seo\/ -->\n<title>Kestenijada 2013 u Ostros + Foto - Lajme nga Ulqini<\/title>\n<meta name=\"description\" content=\"Ko\u0161tanijada u osun\u010danom Ostrosu U Ostrosu je danas odr\u017eana Ko\u0161tanijada, tradicionalna manifestacija koja se u ovoj prijezerskoj mjesnoj zajednici barske\" \/>\n<meta name=\"robots\" content=\"index, follow, max-snippet:-1, max-image-preview:large, max-video-preview:-1\" \/>\n<link rel=\"canonical\" href=\"https:\/\/www.visit-ulcinj.com\/blog\/2013\/11\/16\/kestenijada-2013-u-ostros-foto\/\" \/>\n<meta property=\"og:locale\" content=\"en_US\" \/>\n<meta property=\"og:type\" content=\"article\" \/>\n<meta property=\"og:title\" content=\"Kestenijada 2013 u Ostros + Foto - Lajme nga Ulqini\" \/>\n<meta property=\"og:description\" content=\"Ko\u0161tanijada u osun\u010danom Ostrosu U Ostrosu je danas odr\u017eana Ko\u0161tanijada, tradicionalna manifestacija koja se u ovoj prijezerskoj mjesnoj zajednici barske\" \/>\n<meta property=\"og:url\" content=\"https:\/\/www.visit-ulcinj.com\/blog\/2013\/11\/16\/kestenijada-2013-u-ostros-foto\/\" \/>\n<meta property=\"og:site_name\" content=\"Lajme nga Ulqini\" \/>\n<meta property=\"article:published_time\" content=\"2013-11-16T19:12:46+00:00\" \/>\n<meta property=\"article:modified_time\" content=\"2013-11-16T19:13:35+00:00\" \/>\n<meta property=\"og:image\" content=\"https:\/\/www.visit-ulcinj.com\/blog\/wp-content\/uploads\/2013\/11\/Festa-e-Geshtenjave-ne-Kraje-15-150x150.jpg\" \/>\n<meta name=\"twitter:label1\" content=\"Written by\" \/>\n\t<meta name=\"twitter:data1\" content=\"ulqini\" \/>\n\t<meta name=\"twitter:label2\" content=\"Est. reading time\" \/>\n\t<meta name=\"twitter:data2\" content=\"2 minutes\" \/>\n<script type=\"application\/ld+json\" class=\"yoast-schema-graph\">{\"@context\":\"https:\/\/schema.org\",\"@graph\":[{\"@type\":\"WebSite\",\"@id\":\"https:\/\/www.visit-ulcinj.com\/blog\/#website\",\"url\":\"https:\/\/www.visit-ulcinj.com\/blog\/\",\"name\":\"Lajme nga Ulqini\",\"description\":\"Lajme,Vijesti,Ulqini,Ulqin,Crna Gora,Mali i Zi\",\"potentialAction\":[{\"@type\":\"SearchAction\",\"target\":{\"@type\":\"EntryPoint\",\"urlTemplate\":\"https:\/\/www.visit-ulcinj.com\/blog\/?s={search_term_string}\"},\"query-input\":\"required name=search_term_string\"}],\"inLanguage\":\"en-US\"},{\"@type\":\"ImageObject\",\"inLanguage\":\"en-US\",\"@id\":\"https:\/\/www.visit-ulcinj.com\/blog\/2013\/11\/16\/kestenijada-2013-u-ostros-foto\/#primaryimage\",\"url\":\"https:\/\/www.visit-ulcinj.com\/blog\/wp-content\/uploads\/2013\/11\/Festa-e-Geshtenjave-ne-Kraje-9.jpg\",\"contentUrl\":\"https:\/\/www.visit-ulcinj.com\/blog\/wp-content\/uploads\/2013\/11\/Festa-e-Geshtenjave-ne-Kraje-9.jpg\",\"width\":960,\"height\":640},{\"@type\":\"WebPage\",\"@id\":\"https:\/\/www.visit-ulcinj.com\/blog\/2013\/11\/16\/kestenijada-2013-u-ostros-foto\/#webpage\",\"url\":\"https:\/\/www.visit-ulcinj.com\/blog\/2013\/11\/16\/kestenijada-2013-u-ostros-foto\/\",\"name\":\"Kestenijada 2013 u Ostros + Foto - Lajme nga Ulqini\",\"isPartOf\":{\"@id\":\"https:\/\/www.visit-ulcinj.com\/blog\/#website\"},\"primaryImageOfPage\":{\"@id\":\"https:\/\/www.visit-ulcinj.com\/blog\/2013\/11\/16\/kestenijada-2013-u-ostros-foto\/#primaryimage\"},\"datePublished\":\"2013-11-16T19:12:46+00:00\",\"dateModified\":\"2013-11-16T19:13:35+00:00\",\"author\":{\"@id\":\"https:\/\/www.visit-ulcinj.com\/blog\/#\/schema\/person\/dcab619c614d3038751c63bc2aadc06d\"},\"description\":\"Ko\u0161tanijada u osun\u010danom Ostrosu U Ostrosu je danas odr\u017eana Ko\u0161tanijada, tradicionalna manifestacija koja se u ovoj prijezerskoj mjesnoj zajednici barske\",\"breadcrumb\":{\"@id\":\"https:\/\/www.visit-ulcinj.com\/blog\/2013\/11\/16\/kestenijada-2013-u-ostros-foto\/#breadcrumb\"},\"inLanguage\":\"en-US\",\"potentialAction\":[{\"@type\":\"ReadAction\",\"target\":[\"https:\/\/www.visit-ulcinj.com\/blog\/2013\/11\/16\/kestenijada-2013-u-ostros-foto\/\"]}]},{\"@type\":\"BreadcrumbList\",\"@id\":\"https:\/\/www.visit-ulcinj.com\/blog\/2013\/11\/16\/kestenijada-2013-u-ostros-foto\/#breadcrumb\",\"itemListElement\":[{\"@type\":\"ListItem\",\"position\":1,\"name\":\"Kestenijada 2013 u Ostros + Foto\"}]},{\"@type\":\"Person\",\"@id\":\"https:\/\/www.visit-ulcinj.com\/blog\/#\/schema\/person\/dcab619c614d3038751c63bc2aadc06d\",\"name\":\"ulqini\",\"sameAs\":[\"http:\/\/www.visit-ulcinj.com\"],\"url\":\"https:\/\/www.visit-ulcinj.com\/blog\/author\/admin\/\"}]}<\/script>\n<!-- \/ Yoast SEO plugin. -->","yoast_head_json":{"title":"Kestenijada 2013 u Ostros + Foto - Lajme nga Ulqini","description":"Ko\u0161tanijada u osun\u010danom Ostrosu U Ostrosu je danas odr\u017eana Ko\u0161tanijada, tradicionalna manifestacija koja se u ovoj prijezerskoj mjesnoj zajednici barske","robots":{"index":"index","follow":"follow","max-snippet":"max-snippet:-1","max-image-preview":"max-image-preview:large","max-video-preview":"max-video-preview:-1"},"canonical":"https:\/\/www.visit-ulcinj.com\/blog\/2013\/11\/16\/kestenijada-2013-u-ostros-foto\/","og_locale":"en_US","og_type":"article","og_title":"Kestenijada 2013 u Ostros + Foto - Lajme nga Ulqini","og_description":"Ko\u0161tanijada u osun\u010danom Ostrosu U Ostrosu je danas odr\u017eana Ko\u0161tanijada, tradicionalna manifestacija koja se u ovoj prijezerskoj mjesnoj zajednici barske","og_url":"https:\/\/www.visit-ulcinj.com\/blog\/2013\/11\/16\/kestenijada-2013-u-ostros-foto\/","og_site_name":"Lajme nga Ulqini","article_published_time":"2013-11-16T19:12:46+00:00","article_modified_time":"2013-11-16T19:13:35+00:00","og_image":[{"url":"https:\/\/www.visit-ulcinj.com\/blog\/wp-content\/uploads\/2013\/11\/Festa-e-Geshtenjave-ne-Kraje-15-150x150.jpg"}],"twitter_misc":{"Written by":"ulqini","Est. reading time":"2 minutes"},"schema":{"@context":"https:\/\/schema.org","@graph":[{"@type":"WebSite","@id":"https:\/\/www.visit-ulcinj.com\/blog\/#website","url":"https:\/\/www.visit-ulcinj.com\/blog\/","name":"Lajme nga Ulqini","description":"Lajme,Vijesti,Ulqini,Ulqin,Crna Gora,Mali i Zi","potentialAction":[{"@type":"SearchAction","target":{"@type":"EntryPoint","urlTemplate":"https:\/\/www.visit-ulcinj.com\/blog\/?s={search_term_string}"},"query-input":"required name=search_term_string"}],"inLanguage":"en-US"},{"@type":"ImageObject","inLanguage":"en-US","@id":"https:\/\/www.visit-ulcinj.com\/blog\/2013\/11\/16\/kestenijada-2013-u-ostros-foto\/#primaryimage","url":"https:\/\/www.visit-ulcinj.com\/blog\/wp-content\/uploads\/2013\/11\/Festa-e-Geshtenjave-ne-Kraje-9.jpg","contentUrl":"https:\/\/www.visit-ulcinj.com\/blog\/wp-content\/uploads\/2013\/11\/Festa-e-Geshtenjave-ne-Kraje-9.jpg","width":960,"height":640},{"@type":"WebPage","@id":"https:\/\/www.visit-ulcinj.com\/blog\/2013\/11\/16\/kestenijada-2013-u-ostros-foto\/#webpage","url":"https:\/\/www.visit-ulcinj.com\/blog\/2013\/11\/16\/kestenijada-2013-u-ostros-foto\/","name":"Kestenijada 2013 u Ostros + Foto - Lajme nga Ulqini","isPartOf":{"@id":"https:\/\/www.visit-ulcinj.com\/blog\/#website"},"primaryImageOfPage":{"@id":"https:\/\/www.visit-ulcinj.com\/blog\/2013\/11\/16\/kestenijada-2013-u-ostros-foto\/#primaryimage"},"datePublished":"2013-11-16T19:12:46+00:00","dateModified":"2013-11-16T19:13:35+00:00","author":{"@id":"https:\/\/www.visit-ulcinj.com\/blog\/#\/schema\/person\/dcab619c614d3038751c63bc2aadc06d"},"description":"Ko\u0161tanijada u osun\u010danom Ostrosu U Ostrosu je danas odr\u017eana Ko\u0161tanijada, tradicionalna manifestacija koja se u ovoj prijezerskoj mjesnoj zajednici barske","breadcrumb":{"@id":"https:\/\/www.visit-ulcinj.com\/blog\/2013\/11\/16\/kestenijada-2013-u-ostros-foto\/#breadcrumb"},"inLanguage":"en-US","potentialAction":[{"@type":"ReadAction","target":["https:\/\/www.visit-ulcinj.com\/blog\/2013\/11\/16\/kestenijada-2013-u-ostros-foto\/"]}]},{"@type":"BreadcrumbList","@id":"https:\/\/www.visit-ulcinj.com\/blog\/2013\/11\/16\/kestenijada-2013-u-ostros-foto\/#breadcrumb","itemListElement":[{"@type":"ListItem","position":1,"name":"Kestenijada 2013 u Ostros + Foto"}]},{"@type":"Person","@id":"https:\/\/www.visit-ulcinj.com\/blog\/#\/schema\/person\/dcab619c614d3038751c63bc2aadc06d","name":"ulqini","sameAs":["http:\/\/www.visit-ulcinj.com"],"url":"https:\/\/www.visit-ulcinj.com\/blog\/author\/admin\/"}]}},"jetpack_featured_media_url":"","jetpack_sharing_enabled":true,"jetpack_shortlink":"https:\/\/wp.me\/pe6lTn-jQS","_links":{"self":[{"href":"https:\/\/www.visit-ulcinj.com\/blog\/wp-json\/wp\/v2\/posts\/76314"}],"collection":[{"href":"https:\/\/www.visit-ulcinj.com\/blog\/wp-json\/wp\/v2\/posts"}],"about":[{"href":"https:\/\/www.visit-ulcinj.com\/blog\/wp-json\/wp\/v2\/types\/post"}],"author":[{"embeddable":true,"href":"https:\/\/www.visit-ulcinj.com\/blog\/wp-json\/wp\/v2\/users\/1"}],"replies":[{"embeddable":true,"href":"https:\/\/www.visit-ulcinj.com\/blog\/wp-json\/wp\/v2\/comments?post=76314"}],"version-history":[{"count":1,"href":"https:\/\/www.visit-ulcinj.com\/blog\/wp-json\/wp\/v2\/posts\/76314\/revisions"}],"predecessor-version":[{"id":76315,"href":"https:\/\/www.visit-ulcinj.com\/blog\/wp-json\/wp\/v2\/posts\/76314\/revisions\/76315"}],"wp:attachment":[{"href":"https:\/\/www.visit-ulcinj.com\/blog\/wp-json\/wp\/v2\/media?parent=76314"}],"wp:term":[{"taxonomy":"category","embeddable":true,"href":"https:\/\/www.visit-ulcinj.com\/blog\/wp-json\/wp\/v2\/categories?post=76314"},{"taxonomy":"post_tag","embeddable":true,"href":"https:\/\/www.visit-ulcinj.com\/blog\/wp-json\/wp\/v2\/tags?post=76314"}],"curies":[{"name":"wp","href":"https:\/\/api.w.org\/{rel}","templated":true}]}}