{"id":76321,"date":"2013-11-18T15:59:02","date_gmt":"2013-11-18T14:59:02","guid":{"rendered":"http:\/\/www.visit-ulcinj.com\/blog\/?p=76321"},"modified":"2013-11-20T18:23:38","modified_gmt":"2013-11-20T17:23:38","slug":"akt-vandal-ne-brendesi-te-museut-te-ulqinit","status":"publish","type":"post","link":"https:\/\/www.visit-ulcinj.com\/blog\/2013\/11\/18\/akt-vandal-ne-brendesi-te-museut-te-ulqinit\/","title":{"rendered":"Akt Vandal n\u00eb brend\u00ebsi t\u00eb Museut t\u00eb Ulqinit"},"content":{"rendered":"<p><strong><a href=\"http:\/\/www.visit-ulcinj.com\/blog\/wp-content\/uploads\/2013\/11\/Akt-Vandal-n\u00eb-brend\u00ebsi-t\u00eb-Museut-t\u00eb-Ulqinit-1.jpg\"><img loading=\"lazy\" class=\"alignleft  wp-image-76322\" alt=\"Akt Vandal n\u00eb brend\u00ebsi t\u00eb Museut t\u00eb Ulqinit-1\" src=\"http:\/\/www.visit-ulcinj.com\/blog\/wp-content\/uploads\/2013\/11\/Akt-Vandal-n\u00eb-brend\u00ebsi-t\u00eb-Museut-t\u00eb-Ulqinit-1.jpg\" width=\"508\" height=\"360\" \/><\/a>Vandalizohen shenjat n\u00eb brend\u00ebsi t\u00eb Museut<\/strong><\/p>\n<p>Fatkeq\u00ebshisht, dita dit\u00ebs jemi d\u00ebshmitar\u00eb se n\u00eb popullat\u00ebn ton\u00eb, apo s\u00eb paku n\u00eb nj\u00eb pjes\u00eb t\u00eb saj mungon nd\u00ebrgjegja dhe ndjenja e pron\u00ebsis\u00eb s\u00eb p\u00ebrbashk\u00ebt. Mund t\u00eb themi se k\u00ebto pamje t\u00eb l\u00ebn\u00eb pa fjal\u00eb, jan\u00eb shokuese, dhe q\u00eb kjo dukuri duhet t\u00eb jet\u00eb mjet studimi.<br \/>\n<a href=\"http:\/\/www.visit-ulcinj.com\/blog\/wp-content\/uploads\/2013\/11\/Akt-Vandal-n\u00eb-brend\u00ebsi-t\u00eb-Museut-t\u00eb-Ulqinit.jpg\"><img loading=\"lazy\" class=\"alignleft  wp-image-76323\" alt=\"Akt Vandal n\u00eb brend\u00ebsi t\u00eb Museut t\u00eb Ulqinit\" src=\"http:\/\/www.visit-ulcinj.com\/blog\/wp-content\/uploads\/2013\/11\/Akt-Vandal-n\u00eb-brend\u00ebsi-t\u00eb-Museut-t\u00eb-Ulqinit.jpg\" width=\"508\" height=\"360\" \/><\/a><\/p>\n<p>Cilido vandal q\u00eb e ka kryer k\u00ebt\u00eb veprim, duhet q\u00eb s\u00eb pari t\u00eb jet\u00eb i nd\u00ebrgjegjsh\u00ebm se k\u00ebto shenja dhe k\u00ebto materiale q\u00eb jan\u00eb vandalizuar jan\u00eb pron\u00eb e p\u00ebrbashk\u00ebt e shoq\u00ebris\u00eb ton\u00eb, dhe se me k\u00ebt\u00eb akt e ka d\u00ebmtuar xhepin e vet, dhe xhepin e qytetar\u00ebve tan\u00eb, dhe se ky akt \u00ebsht\u00eb i njajt\u00eb me thyerjen e xhamave t\u00eb dritareve t\u00eb sht\u00ebpis\u00eb s\u00eb vet. \u00cbsht\u00eb e pakuptueshme q\u00eb nj\u00eb person t\u00eb rrezikoj\u00eb jet\u00ebn t\u00eb ngjitet n\u00eb trapazanat e muzeut vet\u00ebm p\u00ebr kryerjen e aktit t\u00eb k\u00ebtij lloji, pra si akt seriozisht duhet t\u00eb jet\u00eb mjet analize.<br \/>\n<a href=\"http:\/\/www.visit-ulcinj.com\/blog\/wp-content\/uploads\/2013\/11\/Akt-Vandal-n\u00eb-brend\u00ebsi-t\u00eb-Museut-t\u00eb-Ulqinit-2.jpg\"><img loading=\"lazy\" class=\"alignleft  wp-image-76324\" alt=\"Akt Vandal n\u00eb brend\u00ebsi t\u00eb Museut t\u00eb Ulqinit-2\" src=\"http:\/\/www.visit-ulcinj.com\/blog\/wp-content\/uploads\/2013\/11\/Akt-Vandal-n\u00eb-brend\u00ebsi-t\u00eb-Museut-t\u00eb-Ulqinit-2.jpg\" width=\"508\" height=\"600\" \/><\/a><\/p>\n<p>Sidoqoft\u00eb, shpresojm\u00eb se organet kompetente do t\u00eb kryejn\u00eb pun\u00ebn e vet, dhe do t&#8217;a zbulojn\u00eb autorin apo autor\u00ebt e k\u00ebtij krimi, por q\u00eb gjithashtu k\u00ebto imazhe t\u00eb jen\u00eb mesazh p\u00ebr t\u00eb gjith\u00eb qytetar\u00ebt, se si nuk duhet t\u00eb veprohet dhe se ky \u00ebsht\u00eb akt I sh\u00ebmtuar duhet t\u00eb d\u00ebnohet, pasiq\u00eb k\u00ebto vandal\u00eb me k\u00ebt\u00eb veprim na kan\u00eb goditur t\u00eb gjith\u00eb neve si shoq\u00ebri..<\/p>\n<p>&nbsp;<\/p>\n<p><b>Zyra p\u00ebr Projekte dhe Bashk\u00ebpunim Nd\u00ebrkomb\u00ebtar, Komuna e Ulqinit <\/b><\/p>\n","protected":false},"excerpt":{"rendered":"<p>Vandalizohen shenjat n\u00eb brend\u00ebsi t\u00eb Museut Fatkeq\u00ebshisht, dita dit\u00ebs jemi d\u00ebshmitar\u00eb se n\u00eb popullat\u00ebn ton\u00eb, apo s\u00eb paku n\u00eb nj\u00eb pjes\u00eb t\u00eb saj mungon nd\u00ebrgjegja dhe ndjenja e pron\u00ebsis\u00eb s\u00eb p\u00ebrbashk\u00ebt. Mund t\u00eb themi se k\u00ebto pamje t\u00eb l\u00ebn\u00eb pa fjal\u00eb, jan\u00eb shokuese, dhe q\u00eb kjo dukuri duhet t\u00eb jet\u00eb mjet studimi. Cilido vandal q\u00eb [&hellip;]<\/p>\n","protected":false},"author":1,"featured_media":0,"comment_status":"closed","ping_status":"closed","sticky":false,"template":"","format":"standard","meta":{"spay_email":"","jetpack_publicize_message":"","jetpack_is_tweetstorm":false,"jetpack_publicize_feature_enabled":true},"categories":[4,1],"tags":[],"jetpack_publicize_connections":[],"yoast_head":"<!-- This site is optimized with the Yoast SEO plugin v19.1 - https:\/\/yoast.com\/wordpress\/plugins\/seo\/ -->\n<title>Akt Vandal n\u00eb brend\u00ebsi t\u00eb Museut t\u00eb Ulqinit - Lajme nga Ulqini<\/title>\n<meta name=\"description\" content=\"Vandalizohen shenjat n\u00eb brend\u00ebsi t\u00eb Museut Fatkeq\u00ebshisht, dita dit\u00ebs jemi d\u00ebshmitar\u00eb se n\u00eb popullat\u00ebn ton\u00eb, apo s\u00eb paku n\u00eb nj\u00eb pjes\u00eb t\u00eb saj mungon\" \/>\n<meta name=\"robots\" content=\"index, follow, max-snippet:-1, max-image-preview:large, max-video-preview:-1\" \/>\n<link rel=\"canonical\" href=\"https:\/\/www.visit-ulcinj.com\/blog\/2013\/11\/18\/akt-vandal-ne-brendesi-te-museut-te-ulqinit\/\" \/>\n<meta property=\"og:locale\" content=\"en_US\" \/>\n<meta property=\"og:type\" content=\"article\" \/>\n<meta property=\"og:title\" content=\"Akt Vandal n\u00eb brend\u00ebsi t\u00eb Museut t\u00eb Ulqinit - Lajme nga Ulqini\" \/>\n<meta property=\"og:description\" content=\"Vandalizohen shenjat n\u00eb brend\u00ebsi t\u00eb Museut Fatkeq\u00ebshisht, dita dit\u00ebs jemi d\u00ebshmitar\u00eb se n\u00eb popullat\u00ebn ton\u00eb, apo s\u00eb paku n\u00eb nj\u00eb pjes\u00eb t\u00eb saj mungon\" \/>\n<meta property=\"og:url\" content=\"https:\/\/www.visit-ulcinj.com\/blog\/2013\/11\/18\/akt-vandal-ne-brendesi-te-museut-te-ulqinit\/\" \/>\n<meta property=\"og:site_name\" content=\"Lajme nga Ulqini\" \/>\n<meta property=\"article:published_time\" content=\"2013-11-18T14:59:02+00:00\" \/>\n<meta property=\"article:modified_time\" content=\"2013-11-20T17:23:38+00:00\" \/>\n<meta name=\"twitter:label1\" content=\"Written by\" \/>\n\t<meta name=\"twitter:data1\" content=\"ulqini\" \/>\n\t<meta name=\"twitter:label2\" content=\"Est. reading time\" \/>\n\t<meta name=\"twitter:data2\" content=\"1 minute\" \/>\n<script type=\"application\/ld+json\" class=\"yoast-schema-graph\">{\"@context\":\"https:\/\/schema.org\",\"@graph\":[{\"@type\":\"WebSite\",\"@id\":\"https:\/\/www.visit-ulcinj.com\/blog\/#website\",\"url\":\"https:\/\/www.visit-ulcinj.com\/blog\/\",\"name\":\"Lajme nga Ulqini\",\"description\":\"Lajme,Vijesti,Ulqini,Ulqin,Crna Gora,Mali i Zi\",\"potentialAction\":[{\"@type\":\"SearchAction\",\"target\":{\"@type\":\"EntryPoint\",\"urlTemplate\":\"https:\/\/www.visit-ulcinj.com\/blog\/?s={search_term_string}\"},\"query-input\":\"required name=search_term_string\"}],\"inLanguage\":\"en-US\"},{\"@type\":\"WebPage\",\"@id\":\"https:\/\/www.visit-ulcinj.com\/blog\/2013\/11\/18\/akt-vandal-ne-brendesi-te-museut-te-ulqinit\/#webpage\",\"url\":\"https:\/\/www.visit-ulcinj.com\/blog\/2013\/11\/18\/akt-vandal-ne-brendesi-te-museut-te-ulqinit\/\",\"name\":\"Akt Vandal n\u00eb brend\u00ebsi t\u00eb Museut t\u00eb Ulqinit - Lajme nga Ulqini\",\"isPartOf\":{\"@id\":\"https:\/\/www.visit-ulcinj.com\/blog\/#website\"},\"datePublished\":\"2013-11-18T14:59:02+00:00\",\"dateModified\":\"2013-11-20T17:23:38+00:00\",\"author\":{\"@id\":\"https:\/\/www.visit-ulcinj.com\/blog\/#\/schema\/person\/dcab619c614d3038751c63bc2aadc06d\"},\"description\":\"Vandalizohen shenjat n\u00eb brend\u00ebsi t\u00eb Museut Fatkeq\u00ebshisht, dita dit\u00ebs jemi d\u00ebshmitar\u00eb se n\u00eb popullat\u00ebn ton\u00eb, apo s\u00eb paku n\u00eb nj\u00eb pjes\u00eb t\u00eb saj mungon\",\"breadcrumb\":{\"@id\":\"https:\/\/www.visit-ulcinj.com\/blog\/2013\/11\/18\/akt-vandal-ne-brendesi-te-museut-te-ulqinit\/#breadcrumb\"},\"inLanguage\":\"en-US\",\"potentialAction\":[{\"@type\":\"ReadAction\",\"target\":[\"https:\/\/www.visit-ulcinj.com\/blog\/2013\/11\/18\/akt-vandal-ne-brendesi-te-museut-te-ulqinit\/\"]}]},{\"@type\":\"BreadcrumbList\",\"@id\":\"https:\/\/www.visit-ulcinj.com\/blog\/2013\/11\/18\/akt-vandal-ne-brendesi-te-museut-te-ulqinit\/#breadcrumb\",\"itemListElement\":[{\"@type\":\"ListItem\",\"position\":1,\"name\":\"Akt Vandal n\u00eb brend\u00ebsi t\u00eb Museut t\u00eb Ulqinit\"}]},{\"@type\":\"Person\",\"@id\":\"https:\/\/www.visit-ulcinj.com\/blog\/#\/schema\/person\/dcab619c614d3038751c63bc2aadc06d\",\"name\":\"ulqini\",\"sameAs\":[\"http:\/\/www.visit-ulcinj.com\"],\"url\":\"https:\/\/www.visit-ulcinj.com\/blog\/author\/admin\/\"}]}<\/script>\n<!-- \/ Yoast SEO plugin. -->","yoast_head_json":{"title":"Akt Vandal n\u00eb brend\u00ebsi t\u00eb Museut t\u00eb Ulqinit - Lajme nga Ulqini","description":"Vandalizohen shenjat n\u00eb brend\u00ebsi t\u00eb Museut Fatkeq\u00ebshisht, dita dit\u00ebs jemi d\u00ebshmitar\u00eb se n\u00eb popullat\u00ebn ton\u00eb, apo s\u00eb paku n\u00eb nj\u00eb pjes\u00eb t\u00eb saj mungon","robots":{"index":"index","follow":"follow","max-snippet":"max-snippet:-1","max-image-preview":"max-image-preview:large","max-video-preview":"max-video-preview:-1"},"canonical":"https:\/\/www.visit-ulcinj.com\/blog\/2013\/11\/18\/akt-vandal-ne-brendesi-te-museut-te-ulqinit\/","og_locale":"en_US","og_type":"article","og_title":"Akt Vandal n\u00eb brend\u00ebsi t\u00eb Museut t\u00eb Ulqinit - Lajme nga Ulqini","og_description":"Vandalizohen shenjat n\u00eb brend\u00ebsi t\u00eb Museut Fatkeq\u00ebshisht, dita dit\u00ebs jemi d\u00ebshmitar\u00eb se n\u00eb popullat\u00ebn ton\u00eb, apo s\u00eb paku n\u00eb nj\u00eb pjes\u00eb t\u00eb saj mungon","og_url":"https:\/\/www.visit-ulcinj.com\/blog\/2013\/11\/18\/akt-vandal-ne-brendesi-te-museut-te-ulqinit\/","og_site_name":"Lajme nga Ulqini","article_published_time":"2013-11-18T14:59:02+00:00","article_modified_time":"2013-11-20T17:23:38+00:00","twitter_misc":{"Written by":"ulqini","Est. reading time":"1 minute"},"schema":{"@context":"https:\/\/schema.org","@graph":[{"@type":"WebSite","@id":"https:\/\/www.visit-ulcinj.com\/blog\/#website","url":"https:\/\/www.visit-ulcinj.com\/blog\/","name":"Lajme nga Ulqini","description":"Lajme,Vijesti,Ulqini,Ulqin,Crna Gora,Mali i Zi","potentialAction":[{"@type":"SearchAction","target":{"@type":"EntryPoint","urlTemplate":"https:\/\/www.visit-ulcinj.com\/blog\/?s={search_term_string}"},"query-input":"required name=search_term_string"}],"inLanguage":"en-US"},{"@type":"WebPage","@id":"https:\/\/www.visit-ulcinj.com\/blog\/2013\/11\/18\/akt-vandal-ne-brendesi-te-museut-te-ulqinit\/#webpage","url":"https:\/\/www.visit-ulcinj.com\/blog\/2013\/11\/18\/akt-vandal-ne-brendesi-te-museut-te-ulqinit\/","name":"Akt Vandal n\u00eb brend\u00ebsi t\u00eb Museut t\u00eb Ulqinit - Lajme nga Ulqini","isPartOf":{"@id":"https:\/\/www.visit-ulcinj.com\/blog\/#website"},"datePublished":"2013-11-18T14:59:02+00:00","dateModified":"2013-11-20T17:23:38+00:00","author":{"@id":"https:\/\/www.visit-ulcinj.com\/blog\/#\/schema\/person\/dcab619c614d3038751c63bc2aadc06d"},"description":"Vandalizohen shenjat n\u00eb brend\u00ebsi t\u00eb Museut Fatkeq\u00ebshisht, dita dit\u00ebs jemi d\u00ebshmitar\u00eb se n\u00eb popullat\u00ebn ton\u00eb, apo s\u00eb paku n\u00eb nj\u00eb pjes\u00eb t\u00eb saj mungon","breadcrumb":{"@id":"https:\/\/www.visit-ulcinj.com\/blog\/2013\/11\/18\/akt-vandal-ne-brendesi-te-museut-te-ulqinit\/#breadcrumb"},"inLanguage":"en-US","potentialAction":[{"@type":"ReadAction","target":["https:\/\/www.visit-ulcinj.com\/blog\/2013\/11\/18\/akt-vandal-ne-brendesi-te-museut-te-ulqinit\/"]}]},{"@type":"BreadcrumbList","@id":"https:\/\/www.visit-ulcinj.com\/blog\/2013\/11\/18\/akt-vandal-ne-brendesi-te-museut-te-ulqinit\/#breadcrumb","itemListElement":[{"@type":"ListItem","position":1,"name":"Akt Vandal n\u00eb brend\u00ebsi t\u00eb Museut t\u00eb Ulqinit"}]},{"@type":"Person","@id":"https:\/\/www.visit-ulcinj.com\/blog\/#\/schema\/person\/dcab619c614d3038751c63bc2aadc06d","name":"ulqini","sameAs":["http:\/\/www.visit-ulcinj.com"],"url":"https:\/\/www.visit-ulcinj.com\/blog\/author\/admin\/"}]}},"jetpack_featured_media_url":"","jetpack_sharing_enabled":true,"jetpack_shortlink":"https:\/\/wp.me\/pe6lTn-jQZ","_links":{"self":[{"href":"https:\/\/www.visit-ulcinj.com\/blog\/wp-json\/wp\/v2\/posts\/76321"}],"collection":[{"href":"https:\/\/www.visit-ulcinj.com\/blog\/wp-json\/wp\/v2\/posts"}],"about":[{"href":"https:\/\/www.visit-ulcinj.com\/blog\/wp-json\/wp\/v2\/types\/post"}],"author":[{"embeddable":true,"href":"https:\/\/www.visit-ulcinj.com\/blog\/wp-json\/wp\/v2\/users\/1"}],"replies":[{"embeddable":true,"href":"https:\/\/www.visit-ulcinj.com\/blog\/wp-json\/wp\/v2\/comments?post=76321"}],"version-history":[{"count":2,"href":"https:\/\/www.visit-ulcinj.com\/blog\/wp-json\/wp\/v2\/posts\/76321\/revisions"}],"predecessor-version":[{"id":76326,"href":"https:\/\/www.visit-ulcinj.com\/blog\/wp-json\/wp\/v2\/posts\/76321\/revisions\/76326"}],"wp:attachment":[{"href":"https:\/\/www.visit-ulcinj.com\/blog\/wp-json\/wp\/v2\/media?parent=76321"}],"wp:term":[{"taxonomy":"category","embeddable":true,"href":"https:\/\/www.visit-ulcinj.com\/blog\/wp-json\/wp\/v2\/categories?post=76321"},{"taxonomy":"post_tag","embeddable":true,"href":"https:\/\/www.visit-ulcinj.com\/blog\/wp-json\/wp\/v2\/tags?post=76321"}],"curies":[{"name":"wp","href":"https:\/\/api.w.org\/{rel}","templated":true}]}}