{"id":76340,"date":"2013-11-18T22:51:43","date_gmt":"2013-11-18T21:51:43","guid":{"rendered":"http:\/\/www.visit-ulcinj.com\/blog\/?p=76340"},"modified":"2013-11-20T18:24:08","modified_gmt":"2013-11-20T17:24:08","slug":"per-sanimin-rrugeve-ne-ane-te-malit-45-000e","status":"publish","type":"post","link":"https:\/\/www.visit-ulcinj.com\/blog\/2013\/11\/18\/per-sanimin-rrugeve-ne-ane-te-malit-45-000e\/","title":{"rendered":"P\u00ebr sanimin i rrug\u00ebve n\u00eb Ane t\u00eb Malit 45 000\u20ac"},"content":{"rendered":"<p><strong><a href=\"http:\/\/www.visit-ulcinj.com\/blog\/wp-content\/uploads\/2013\/11\/Avdulla-Dervishi-Sekretarijati-per-ceshtje-komunale-dhe-mbrojtjen-e-ambijentit_Ulqin.jpg\"><img loading=\"lazy\" class=\"alignleft  wp-image-76341\" alt=\"Avdulla-Dervishi-Sekretarijati-per-ceshtje-komunale-dhe-mbrojtjen-e-ambijentit_Ulqin\" src=\"http:\/\/www.visit-ulcinj.com\/blog\/wp-content\/uploads\/2013\/11\/Avdulla-Dervishi-Sekretarijati-per-ceshtje-komunale-dhe-mbrojtjen-e-ambijentit_Ulqin.jpg\" width=\"300\" height=\"324\" \/><\/a>\u00a0Njoftim q\u00eb vjen nga Sekretarijati per \u00e7eshtje komunale dhe mbrojtje te ambijentit jetesor\u00a0 <\/strong><\/p>\n<p>Ne vijim po ju informoj ne lidhje me aktvitetin ne fushen e investimeve qe ka filluar vikendin e kalurar ne Komunen tone.<\/p>\n<p>Sanimi i aksit rrugor Milla Poshtme \u2013 Bojke dhe aksit rrugor Sh.F. ne Kryth \u2013 Milla Nelt. Punet i zhvillon kompania qe ishte me e mire ne tender &#8211; \u00a0Sh.P.K. \u201cAsfallt Beton \u201c nga Podgorica.<\/p>\n<p>Vlera totale e keti investimi eshte 44.493,45 eur.<\/p>\n<p>&nbsp;<\/p>\n<p><strong>Sekretarijati per ceshtje komunale dhe mbrojtje te ambijentit jetesor<\/strong><\/p>\n<p><strong>Avdulla Dervishi, dipl.ecc<\/strong><\/p>\n","protected":false},"excerpt":{"rendered":"<p>\u00a0Njoftim q\u00eb vjen nga Sekretarijati per \u00e7eshtje komunale dhe mbrojtje te ambijentit jetesor\u00a0 Ne vijim po ju informoj ne lidhje me aktvitetin ne fushen e investimeve qe ka filluar vikendin e kalurar ne Komunen tone. Sanimi i aksit rrugor Milla Poshtme \u2013 Bojke dhe aksit rrugor Sh.F. ne Kryth \u2013 Milla Nelt. Punet i zhvillon [&hellip;]<\/p>\n","protected":false},"author":1,"featured_media":0,"comment_status":"closed","ping_status":"closed","sticky":false,"template":"","format":"standard","meta":{"spay_email":"","jetpack_publicize_message":"","jetpack_is_tweetstorm":false,"jetpack_publicize_feature_enabled":true},"categories":[11],"tags":[],"jetpack_publicize_connections":[],"yoast_head":"<!-- This site is optimized with the Yoast SEO plugin v19.1 - https:\/\/yoast.com\/wordpress\/plugins\/seo\/ -->\n<title>P\u00ebr sanimin i rrug\u00ebve n\u00eb Ane t\u00eb Malit 45 000\u20ac - Lajme nga Ulqini<\/title>\n<meta name=\"description\" content=\"\u00a0Njoftim q\u00eb vjen nga Sekretarijati per \u00e7eshtje komunale dhe mbrojtje te ambijentit jetesor\u00a0 Ne vijim po ju informoj ne lidhje me aktvitetin ne fushen e\" \/>\n<meta name=\"robots\" content=\"index, follow, max-snippet:-1, max-image-preview:large, max-video-preview:-1\" \/>\n<link rel=\"canonical\" href=\"https:\/\/www.visit-ulcinj.com\/blog\/2013\/11\/18\/per-sanimin-rrugeve-ne-ane-te-malit-45-000e\/\" \/>\n<meta property=\"og:locale\" content=\"en_US\" \/>\n<meta property=\"og:type\" content=\"article\" \/>\n<meta property=\"og:title\" content=\"P\u00ebr sanimin i rrug\u00ebve n\u00eb Ane t\u00eb Malit 45 000\u20ac - Lajme nga Ulqini\" \/>\n<meta property=\"og:description\" content=\"\u00a0Njoftim q\u00eb vjen nga Sekretarijati per \u00e7eshtje komunale dhe mbrojtje te ambijentit jetesor\u00a0 Ne vijim po ju informoj ne lidhje me aktvitetin ne fushen e\" \/>\n<meta property=\"og:url\" content=\"https:\/\/www.visit-ulcinj.com\/blog\/2013\/11\/18\/per-sanimin-rrugeve-ne-ane-te-malit-45-000e\/\" \/>\n<meta property=\"og:site_name\" content=\"Lajme nga Ulqini\" \/>\n<meta property=\"article:published_time\" content=\"2013-11-18T21:51:43+00:00\" \/>\n<meta property=\"article:modified_time\" content=\"2013-11-20T17:24:08+00:00\" \/>\n<meta property=\"og:image\" content=\"http:\/\/www.visit-ulcinj.com\/blog\/wp-content\/uploads\/2013\/11\/Avdulla-Dervishi-Sekretarijati-per-ceshtje-komunale-dhe-mbrojtjen-e-ambijentit_Ulqin.jpg\" \/>\n<meta name=\"twitter:label1\" content=\"Written by\" \/>\n\t<meta name=\"twitter:data1\" content=\"ulqini\" \/>\n<script type=\"application\/ld+json\" class=\"yoast-schema-graph\">{\"@context\":\"https:\/\/schema.org\",\"@graph\":[{\"@type\":\"WebSite\",\"@id\":\"https:\/\/www.visit-ulcinj.com\/blog\/#website\",\"url\":\"https:\/\/www.visit-ulcinj.com\/blog\/\",\"name\":\"Lajme nga Ulqini\",\"description\":\"Lajme,Vijesti,Ulqini,Ulqin,Crna Gora,Mali i Zi\",\"potentialAction\":[{\"@type\":\"SearchAction\",\"target\":{\"@type\":\"EntryPoint\",\"urlTemplate\":\"https:\/\/www.visit-ulcinj.com\/blog\/?s={search_term_string}\"},\"query-input\":\"required name=search_term_string\"}],\"inLanguage\":\"en-US\"},{\"@type\":\"ImageObject\",\"inLanguage\":\"en-US\",\"@id\":\"https:\/\/www.visit-ulcinj.com\/blog\/2013\/11\/18\/per-sanimin-rrugeve-ne-ane-te-malit-45-000e\/#primaryimage\",\"url\":\"https:\/\/www.visit-ulcinj.com\/blog\/wp-content\/uploads\/2013\/11\/Avdulla-Dervishi-Sekretarijati-per-ceshtje-komunale-dhe-mbrojtjen-e-ambijentit_Ulqin.jpg\",\"contentUrl\":\"https:\/\/www.visit-ulcinj.com\/blog\/wp-content\/uploads\/2013\/11\/Avdulla-Dervishi-Sekretarijati-per-ceshtje-komunale-dhe-mbrojtjen-e-ambijentit_Ulqin.jpg\",\"width\":241,\"height\":324},{\"@type\":\"WebPage\",\"@id\":\"https:\/\/www.visit-ulcinj.com\/blog\/2013\/11\/18\/per-sanimin-rrugeve-ne-ane-te-malit-45-000e\/#webpage\",\"url\":\"https:\/\/www.visit-ulcinj.com\/blog\/2013\/11\/18\/per-sanimin-rrugeve-ne-ane-te-malit-45-000e\/\",\"name\":\"P\u00ebr sanimin i rrug\u00ebve n\u00eb Ane t\u00eb Malit 45 000\u20ac - Lajme nga Ulqini\",\"isPartOf\":{\"@id\":\"https:\/\/www.visit-ulcinj.com\/blog\/#website\"},\"primaryImageOfPage\":{\"@id\":\"https:\/\/www.visit-ulcinj.com\/blog\/2013\/11\/18\/per-sanimin-rrugeve-ne-ane-te-malit-45-000e\/#primaryimage\"},\"datePublished\":\"2013-11-18T21:51:43+00:00\",\"dateModified\":\"2013-11-20T17:24:08+00:00\",\"author\":{\"@id\":\"https:\/\/www.visit-ulcinj.com\/blog\/#\/schema\/person\/dcab619c614d3038751c63bc2aadc06d\"},\"description\":\"\u00a0Njoftim q\u00eb vjen nga Sekretarijati per \u00e7eshtje komunale dhe mbrojtje te ambijentit jetesor\u00a0 Ne vijim po ju informoj ne lidhje me aktvitetin ne fushen e\",\"breadcrumb\":{\"@id\":\"https:\/\/www.visit-ulcinj.com\/blog\/2013\/11\/18\/per-sanimin-rrugeve-ne-ane-te-malit-45-000e\/#breadcrumb\"},\"inLanguage\":\"en-US\",\"potentialAction\":[{\"@type\":\"ReadAction\",\"target\":[\"https:\/\/www.visit-ulcinj.com\/blog\/2013\/11\/18\/per-sanimin-rrugeve-ne-ane-te-malit-45-000e\/\"]}]},{\"@type\":\"BreadcrumbList\",\"@id\":\"https:\/\/www.visit-ulcinj.com\/blog\/2013\/11\/18\/per-sanimin-rrugeve-ne-ane-te-malit-45-000e\/#breadcrumb\",\"itemListElement\":[{\"@type\":\"ListItem\",\"position\":1,\"name\":\"P\u00ebr sanimin i rrug\u00ebve n\u00eb Ane t\u00eb Malit 45 000\u20ac\"}]},{\"@type\":\"Person\",\"@id\":\"https:\/\/www.visit-ulcinj.com\/blog\/#\/schema\/person\/dcab619c614d3038751c63bc2aadc06d\",\"name\":\"ulqini\",\"sameAs\":[\"http:\/\/www.visit-ulcinj.com\"],\"url\":\"https:\/\/www.visit-ulcinj.com\/blog\/author\/admin\/\"}]}<\/script>\n<!-- \/ Yoast SEO plugin. -->","yoast_head_json":{"title":"P\u00ebr sanimin i rrug\u00ebve n\u00eb Ane t\u00eb Malit 45 000\u20ac - Lajme nga Ulqini","description":"\u00a0Njoftim q\u00eb vjen nga Sekretarijati per \u00e7eshtje komunale dhe mbrojtje te ambijentit jetesor\u00a0 Ne vijim po ju informoj ne lidhje me aktvitetin ne fushen e","robots":{"index":"index","follow":"follow","max-snippet":"max-snippet:-1","max-image-preview":"max-image-preview:large","max-video-preview":"max-video-preview:-1"},"canonical":"https:\/\/www.visit-ulcinj.com\/blog\/2013\/11\/18\/per-sanimin-rrugeve-ne-ane-te-malit-45-000e\/","og_locale":"en_US","og_type":"article","og_title":"P\u00ebr sanimin i rrug\u00ebve n\u00eb Ane t\u00eb Malit 45 000\u20ac - Lajme nga Ulqini","og_description":"\u00a0Njoftim q\u00eb vjen nga Sekretarijati per \u00e7eshtje komunale dhe mbrojtje te ambijentit jetesor\u00a0 Ne vijim po ju informoj ne lidhje me aktvitetin ne fushen e","og_url":"https:\/\/www.visit-ulcinj.com\/blog\/2013\/11\/18\/per-sanimin-rrugeve-ne-ane-te-malit-45-000e\/","og_site_name":"Lajme nga Ulqini","article_published_time":"2013-11-18T21:51:43+00:00","article_modified_time":"2013-11-20T17:24:08+00:00","og_image":[{"url":"http:\/\/www.visit-ulcinj.com\/blog\/wp-content\/uploads\/2013\/11\/Avdulla-Dervishi-Sekretarijati-per-ceshtje-komunale-dhe-mbrojtjen-e-ambijentit_Ulqin.jpg"}],"twitter_misc":{"Written by":"ulqini"},"schema":{"@context":"https:\/\/schema.org","@graph":[{"@type":"WebSite","@id":"https:\/\/www.visit-ulcinj.com\/blog\/#website","url":"https:\/\/www.visit-ulcinj.com\/blog\/","name":"Lajme nga Ulqini","description":"Lajme,Vijesti,Ulqini,Ulqin,Crna Gora,Mali i Zi","potentialAction":[{"@type":"SearchAction","target":{"@type":"EntryPoint","urlTemplate":"https:\/\/www.visit-ulcinj.com\/blog\/?s={search_term_string}"},"query-input":"required name=search_term_string"}],"inLanguage":"en-US"},{"@type":"ImageObject","inLanguage":"en-US","@id":"https:\/\/www.visit-ulcinj.com\/blog\/2013\/11\/18\/per-sanimin-rrugeve-ne-ane-te-malit-45-000e\/#primaryimage","url":"https:\/\/www.visit-ulcinj.com\/blog\/wp-content\/uploads\/2013\/11\/Avdulla-Dervishi-Sekretarijati-per-ceshtje-komunale-dhe-mbrojtjen-e-ambijentit_Ulqin.jpg","contentUrl":"https:\/\/www.visit-ulcinj.com\/blog\/wp-content\/uploads\/2013\/11\/Avdulla-Dervishi-Sekretarijati-per-ceshtje-komunale-dhe-mbrojtjen-e-ambijentit_Ulqin.jpg","width":241,"height":324},{"@type":"WebPage","@id":"https:\/\/www.visit-ulcinj.com\/blog\/2013\/11\/18\/per-sanimin-rrugeve-ne-ane-te-malit-45-000e\/#webpage","url":"https:\/\/www.visit-ulcinj.com\/blog\/2013\/11\/18\/per-sanimin-rrugeve-ne-ane-te-malit-45-000e\/","name":"P\u00ebr sanimin i rrug\u00ebve n\u00eb Ane t\u00eb Malit 45 000\u20ac - Lajme nga Ulqini","isPartOf":{"@id":"https:\/\/www.visit-ulcinj.com\/blog\/#website"},"primaryImageOfPage":{"@id":"https:\/\/www.visit-ulcinj.com\/blog\/2013\/11\/18\/per-sanimin-rrugeve-ne-ane-te-malit-45-000e\/#primaryimage"},"datePublished":"2013-11-18T21:51:43+00:00","dateModified":"2013-11-20T17:24:08+00:00","author":{"@id":"https:\/\/www.visit-ulcinj.com\/blog\/#\/schema\/person\/dcab619c614d3038751c63bc2aadc06d"},"description":"\u00a0Njoftim q\u00eb vjen nga Sekretarijati per \u00e7eshtje komunale dhe mbrojtje te ambijentit jetesor\u00a0 Ne vijim po ju informoj ne lidhje me aktvitetin ne fushen e","breadcrumb":{"@id":"https:\/\/www.visit-ulcinj.com\/blog\/2013\/11\/18\/per-sanimin-rrugeve-ne-ane-te-malit-45-000e\/#breadcrumb"},"inLanguage":"en-US","potentialAction":[{"@type":"ReadAction","target":["https:\/\/www.visit-ulcinj.com\/blog\/2013\/11\/18\/per-sanimin-rrugeve-ne-ane-te-malit-45-000e\/"]}]},{"@type":"BreadcrumbList","@id":"https:\/\/www.visit-ulcinj.com\/blog\/2013\/11\/18\/per-sanimin-rrugeve-ne-ane-te-malit-45-000e\/#breadcrumb","itemListElement":[{"@type":"ListItem","position":1,"name":"P\u00ebr sanimin i rrug\u00ebve n\u00eb Ane t\u00eb Malit 45 000\u20ac"}]},{"@type":"Person","@id":"https:\/\/www.visit-ulcinj.com\/blog\/#\/schema\/person\/dcab619c614d3038751c63bc2aadc06d","name":"ulqini","sameAs":["http:\/\/www.visit-ulcinj.com"],"url":"https:\/\/www.visit-ulcinj.com\/blog\/author\/admin\/"}]}},"jetpack_featured_media_url":"","jetpack_sharing_enabled":true,"jetpack_shortlink":"https:\/\/wp.me\/pe6lTn-jRi","_links":{"self":[{"href":"https:\/\/www.visit-ulcinj.com\/blog\/wp-json\/wp\/v2\/posts\/76340"}],"collection":[{"href":"https:\/\/www.visit-ulcinj.com\/blog\/wp-json\/wp\/v2\/posts"}],"about":[{"href":"https:\/\/www.visit-ulcinj.com\/blog\/wp-json\/wp\/v2\/types\/post"}],"author":[{"embeddable":true,"href":"https:\/\/www.visit-ulcinj.com\/blog\/wp-json\/wp\/v2\/users\/1"}],"replies":[{"embeddable":true,"href":"https:\/\/www.visit-ulcinj.com\/blog\/wp-json\/wp\/v2\/comments?post=76340"}],"version-history":[{"count":1,"href":"https:\/\/www.visit-ulcinj.com\/blog\/wp-json\/wp\/v2\/posts\/76340\/revisions"}],"predecessor-version":[{"id":76342,"href":"https:\/\/www.visit-ulcinj.com\/blog\/wp-json\/wp\/v2\/posts\/76340\/revisions\/76342"}],"wp:attachment":[{"href":"https:\/\/www.visit-ulcinj.com\/blog\/wp-json\/wp\/v2\/media?parent=76340"}],"wp:term":[{"taxonomy":"category","embeddable":true,"href":"https:\/\/www.visit-ulcinj.com\/blog\/wp-json\/wp\/v2\/categories?post=76340"},{"taxonomy":"post_tag","embeddable":true,"href":"https:\/\/www.visit-ulcinj.com\/blog\/wp-json\/wp\/v2\/tags?post=76340"}],"curies":[{"name":"wp","href":"https:\/\/api.w.org\/{rel}","templated":true}]}}