{"id":76343,"date":"2013-11-19T06:33:08","date_gmt":"2013-11-19T05:33:08","guid":{"rendered":"http:\/\/www.visit-ulcinj.com\/blog\/?p=76343"},"modified":"2013-11-19T06:33:08","modified_gmt":"2013-11-19T05:33:08","slug":"karamanaga-svjeze-ukrasno-cvijece-pristana","status":"publish","type":"post","link":"https:\/\/www.visit-ulcinj.com\/blog\/2013\/11\/19\/karamanaga-svjeze-ukrasno-cvijece-pristana\/","title":{"rendered":"Karamanaga: Svje\u017ee ukrasno cvije\u0107e Pristana"},"content":{"rendered":"<p><a href=\"http:\/\/www.visit-ulcinj.com\/blog\/wp-content\/uploads\/2013\/11\/Rana-dhe-Zana...2013-2.jpg\"><img loading=\"lazy\" class=\"alignleft  wp-image-76330\" alt=\"Rana dhe Zana...2013-2\" src=\"http:\/\/www.visit-ulcinj.com\/blog\/wp-content\/uploads\/2013\/11\/Rana-dhe-Zana...2013-2.jpg\" width=\"508\" height=\"360\" \/><\/a>Ovako danas izgleda dio parka ispred restorana &#8220;Holegro&#8221;, na Pristanu. Svje\u017ee zamijenjeno ukrasno cvije\u0107e, jo\u0161 vi\u0161e do\u010darava ovaj jedino preostali kutak zelenila na na\u0161em Pristanu. Park je lijepo i ukusno ure\u0111en i svakodnevno se odr\u017eava i ljeti i zimi. Na\u0161 Pristan je nekad imao mnogo vi\u0161e zelenila, mnogo vi\u0161e klupa, i mnogo vi\u0161e cvije\u0107a. Imao je i jednog divnog ba\u0161tovana gospodina Rexhepa Gogu koji je u te parkove unosio svoju du\u0161u, oplemenjuju\u0107i svojim radom i svojim znanjem, ovaj &#8220;bo\u017eanski&#8221; prostor.Volio je cvije\u0107e i zelenilo i nadasve volio je posao koji je sa toliko ljubavi radio.Nakon njega , Pristan se promijenio. Promijenila su se vremena, i on se od nekad prelijepog \u0161etali\u0161ata, vremenom mijenjao, dobijaju\u0107i razne objekte raznih oblika, dok bi se ponekad u no\u0107nim satima posebno, pretvarao u jedno veliko va\u0161ari\u0161te&#8230;<\/p>\n<p><a href=\"http:\/\/www.visit-ulcinj.com\/blog\/wp-content\/uploads\/2013\/11\/Rana-dhe-Zana...2013-4.jpg\"><img loading=\"lazy\" class=\"alignleft  wp-image-76331\" alt=\"Rana dhe Zana...2013-4\" src=\"http:\/\/www.visit-ulcinj.com\/blog\/wp-content\/uploads\/2013\/11\/Rana-dhe-Zana...2013-4.jpg\" width=\"508\" height=\"360\" \/><\/a><\/p>\n<p>Naravno, devastiran je do te mjere da je izgubio epitet&#8221; lijepog&#8221; \u0161etali\u0161ta, sa intencijom daljeg srozavanja. Ja ho\u0107u da vjerujem, da gospodin ili gospoda, koji su radili &#8220;generalne&#8221;urbanisti\u010dke planove, nijesu potpali toliko pod uticaj, lokalnin mo\u0107nika i individualaca koji mogu da uti\u010du, da se &#8220;\u017ertvuje&#8221;i ovaj park kod &#8220;Holegra&#8221;. Bio bi to pravi zlo\u010din prema na\u0161em gradu. Dana\u0161nja slika ovog parka podsje\u0107a me na ona zlatna vremena na\u0161eg turizma, i zbog toga i sa posebnim pijetetom pominjem gospodina, koji je tako divno odr\u017eavao sve parkove na Pristanu, pa i ovaj kod &#8220;Holegra&#8221;. Kada gledam ovaj park i ovo cvije\u0107e koje se tako lijepo njeguje, ho\u0107u da vjerujem da smo ipak dio jednog civilizovanog svijeta. Zbog toga ho\u0107u i da pohvalim jednu Damu, gospo\u0111u Zanu Holaj &#8211; Sarvan, kojas je danas na \u010delu Komunalnog preduze\u0107a.<br \/>\n<a href=\"http:\/\/www.visit-ulcinj.com\/blog\/wp-content\/uploads\/2013\/11\/Rana-dhe-Zana...2013.jpg\"><img loading=\"lazy\" class=\"alignleft  wp-image-76329\" alt=\"Rana dhe Zana...2013\" src=\"http:\/\/www.visit-ulcinj.com\/blog\/wp-content\/uploads\/2013\/11\/Rana-dhe-Zana...2013.jpg\" width=\"508\" height=\"360\" \/><\/a><\/p>\n<p>Mislim da je&#8221; Komunalno&#8221;podijeleno, ali ovaj dio koji vodi ova Dama, se mora pohvaliti. Nije samo park i cvije\u0107e kod &#8220;Holegra&#8221;, ve\u0107 i druge zelene povr\u0161ine. Uostalom sve&#8221; \u017eardinjere&#8221; na Pristanu su uvijek pune cvije\u0107a. Kad god nai\u0111e neki &#8220;Huligan&#8221; i obori &#8220;\u017eardinjeru&#8221; ili po\u010dupa cvije\u0107e, slede\u0107i dan se odmah zamijenjuje novim. Dakle, moram priznati, da nam je grad \u010distiji. To tvrde i mnogi strani i doma\u0107i gosti, koje ja \u010desto vodim kroz Ulcinj i kroz Stari grad. Zana je \u010desto na Pristanu i svuda tamo gdje ima problema.Naravno, uvijek mo\u017ee i mora biti i ljep\u0161e i \u010distije. Ali, mi se svi moramo i priupitati, koliko mi dajemo doprinos, da nam je grad \u010distiji i ljep\u0161i.<\/p>\n<p><a href=\"http:\/\/www.visit-ulcinj.com\/blog\/wp-content\/uploads\/2013\/11\/Rana-dhe-Zana...2013-5.jpg\"><img loading=\"lazy\" class=\"alignleft  wp-image-76332\" alt=\"Rana dhe Zana...2013-5\" src=\"http:\/\/www.visit-ulcinj.com\/blog\/wp-content\/uploads\/2013\/11\/Rana-dhe-Zana...2013-5.jpg\" width=\"508\" height=\"360\" \/><\/a><\/p>\n<p>Po\u0161tovanje, reda i discipline, po\u0161tovanje vremena za izno\u0161enje sme\u0107a je jako bitno. Svjedoci smo odlaganja \u0161uta i sli\u010dnog otpada na mjestima koja za to nijesu odre\u0111ena. Dakle moramo dati svoj doprinos, moramo razmi\u0161ljati da nam javne povr\u0161ine moraju biti \u010diste kao na\u0161e dvori\u0161te. Jedino takvim odnosom mo\u017eemo podignuti nivo na\u0161e kulture na onaj nivo, koji nam i pripada. Rad sa mladima po \u0161kolama je jako bitan za pravilno vaspitanje i pravilan odnos prema \u017eivotnoj sredini i njenoj za\u0161titi. Moram priznati da se kod nas ipak de\u0161avaju neke promjene, bar na ovom planu. Zato sam i mi\u0161ljenja da je gospo\u0111a Zana Holaj &#8211; Sarvan na \u010delu ovog dijela &#8220;Komunalnog&#8221; koji se brine o izgledu na\u0161eg grada, ipak bila pravi pogodak, biv\u0161e &#8220;vlade&#8221; na\u0161e op\u0161tine. O\u010digledno je, da je &#8220;Komunalnom&#8221; bila potrebana jedna prava \u017eenska ruka.<\/p>\n<p data-ft=\"{&quot;tn&quot;:&quot;C&quot;}\"><strong><a id=\"js_39\" href=\"https:\/\/www.facebook.com\/ismet.karamanaga\" data-hovercard=\"\/ajax\/hovercard\/user.php?id=1359492972\">Ismet Karamanaga Facebook<\/a><\/strong><\/p>\n","protected":false},"excerpt":{"rendered":"<p>Ovako danas izgleda dio parka ispred restorana &#8220;Holegro&#8221;, na Pristanu. Svje\u017ee zamijenjeno ukrasno cvije\u0107e, jo\u0161 vi\u0161e do\u010darava ovaj jedino preostali kutak zelenila na na\u0161em Pristanu. Park je lijepo i ukusno ure\u0111en i svakodnevno se odr\u017eava i ljeti i zimi. Na\u0161 Pristan je nekad imao mnogo vi\u0161e zelenila, mnogo vi\u0161e klupa, i mnogo vi\u0161e cvije\u0107a. Imao [&hellip;]<\/p>\n","protected":false},"author":1,"featured_media":0,"comment_status":"closed","ping_status":"closed","sticky":false,"template":"","format":"standard","meta":{"spay_email":"","jetpack_publicize_message":"","jetpack_is_tweetstorm":false,"jetpack_publicize_feature_enabled":true},"categories":[8337],"tags":[],"jetpack_publicize_connections":[],"yoast_head":"<!-- This site is optimized with the Yoast SEO plugin v19.1 - https:\/\/yoast.com\/wordpress\/plugins\/seo\/ -->\n<title>Karamanaga: Svje\u017ee ukrasno cvije\u0107e Pristana - Lajme nga Ulqini<\/title>\n<meta name=\"description\" content=\"Ovako danas izgleda dio parka ispred restorana &quot;Holegro&quot;, na Pristanu. Svje\u017ee zamijenjeno ukrasno cvije\u0107e, jo\u0161 vi\u0161e do\u010darava ovaj jedino preostali kutak\" \/>\n<meta name=\"robots\" content=\"index, follow, max-snippet:-1, max-image-preview:large, max-video-preview:-1\" \/>\n<link rel=\"canonical\" href=\"https:\/\/www.visit-ulcinj.com\/blog\/2013\/11\/19\/karamanaga-svjeze-ukrasno-cvijece-pristana\/\" \/>\n<meta property=\"og:locale\" content=\"en_US\" \/>\n<meta property=\"og:type\" content=\"article\" \/>\n<meta property=\"og:title\" content=\"Karamanaga: Svje\u017ee ukrasno cvije\u0107e Pristana - Lajme nga Ulqini\" \/>\n<meta property=\"og:description\" content=\"Ovako danas izgleda dio parka ispred restorana &quot;Holegro&quot;, na Pristanu. Svje\u017ee zamijenjeno ukrasno cvije\u0107e, jo\u0161 vi\u0161e do\u010darava ovaj jedino preostali kutak\" \/>\n<meta property=\"og:url\" content=\"https:\/\/www.visit-ulcinj.com\/blog\/2013\/11\/19\/karamanaga-svjeze-ukrasno-cvijece-pristana\/\" \/>\n<meta property=\"og:site_name\" content=\"Lajme nga Ulqini\" \/>\n<meta property=\"article:published_time\" content=\"2013-11-19T05:33:08+00:00\" \/>\n<meta property=\"og:image\" content=\"http:\/\/www.visit-ulcinj.com\/blog\/wp-content\/uploads\/2013\/11\/Rana-dhe-Zana...2013-2.jpg\" \/>\n<meta name=\"twitter:label1\" content=\"Written by\" \/>\n\t<meta name=\"twitter:data1\" content=\"ulqini\" \/>\n\t<meta name=\"twitter:label2\" content=\"Est. reading time\" \/>\n\t<meta name=\"twitter:data2\" content=\"3 minutes\" \/>\n<script type=\"application\/ld+json\" class=\"yoast-schema-graph\">{\"@context\":\"https:\/\/schema.org\",\"@graph\":[{\"@type\":\"WebSite\",\"@id\":\"https:\/\/www.visit-ulcinj.com\/blog\/#website\",\"url\":\"https:\/\/www.visit-ulcinj.com\/blog\/\",\"name\":\"Lajme nga Ulqini\",\"description\":\"Lajme,Vijesti,Ulqini,Ulqin,Crna Gora,Mali i Zi\",\"potentialAction\":[{\"@type\":\"SearchAction\",\"target\":{\"@type\":\"EntryPoint\",\"urlTemplate\":\"https:\/\/www.visit-ulcinj.com\/blog\/?s={search_term_string}\"},\"query-input\":\"required name=search_term_string\"}],\"inLanguage\":\"en-US\"},{\"@type\":\"ImageObject\",\"inLanguage\":\"en-US\",\"@id\":\"https:\/\/www.visit-ulcinj.com\/blog\/2013\/11\/19\/karamanaga-svjeze-ukrasno-cvijece-pristana\/#primaryimage\",\"url\":\"https:\/\/www.visit-ulcinj.com\/blog\/wp-content\/uploads\/2013\/11\/Rana-dhe-Zana...2013-2.jpg\",\"contentUrl\":\"https:\/\/www.visit-ulcinj.com\/blog\/wp-content\/uploads\/2013\/11\/Rana-dhe-Zana...2013-2.jpg\",\"width\":960,\"height\":720},{\"@type\":\"WebPage\",\"@id\":\"https:\/\/www.visit-ulcinj.com\/blog\/2013\/11\/19\/karamanaga-svjeze-ukrasno-cvijece-pristana\/#webpage\",\"url\":\"https:\/\/www.visit-ulcinj.com\/blog\/2013\/11\/19\/karamanaga-svjeze-ukrasno-cvijece-pristana\/\",\"name\":\"Karamanaga: Svje\u017ee ukrasno cvije\u0107e Pristana - Lajme nga Ulqini\",\"isPartOf\":{\"@id\":\"https:\/\/www.visit-ulcinj.com\/blog\/#website\"},\"primaryImageOfPage\":{\"@id\":\"https:\/\/www.visit-ulcinj.com\/blog\/2013\/11\/19\/karamanaga-svjeze-ukrasno-cvijece-pristana\/#primaryimage\"},\"datePublished\":\"2013-11-19T05:33:08+00:00\",\"dateModified\":\"2013-11-19T05:33:08+00:00\",\"author\":{\"@id\":\"https:\/\/www.visit-ulcinj.com\/blog\/#\/schema\/person\/dcab619c614d3038751c63bc2aadc06d\"},\"description\":\"Ovako danas izgleda dio parka ispred restorana \\\"Holegro\\\", na Pristanu. Svje\u017ee zamijenjeno ukrasno cvije\u0107e, jo\u0161 vi\u0161e do\u010darava ovaj jedino preostali kutak\",\"breadcrumb\":{\"@id\":\"https:\/\/www.visit-ulcinj.com\/blog\/2013\/11\/19\/karamanaga-svjeze-ukrasno-cvijece-pristana\/#breadcrumb\"},\"inLanguage\":\"en-US\",\"potentialAction\":[{\"@type\":\"ReadAction\",\"target\":[\"https:\/\/www.visit-ulcinj.com\/blog\/2013\/11\/19\/karamanaga-svjeze-ukrasno-cvijece-pristana\/\"]}]},{\"@type\":\"BreadcrumbList\",\"@id\":\"https:\/\/www.visit-ulcinj.com\/blog\/2013\/11\/19\/karamanaga-svjeze-ukrasno-cvijece-pristana\/#breadcrumb\",\"itemListElement\":[{\"@type\":\"ListItem\",\"position\":1,\"name\":\"Karamanaga: Svje\u017ee ukrasno cvije\u0107e Pristana\"}]},{\"@type\":\"Person\",\"@id\":\"https:\/\/www.visit-ulcinj.com\/blog\/#\/schema\/person\/dcab619c614d3038751c63bc2aadc06d\",\"name\":\"ulqini\",\"sameAs\":[\"http:\/\/www.visit-ulcinj.com\"],\"url\":\"https:\/\/www.visit-ulcinj.com\/blog\/author\/admin\/\"}]}<\/script>\n<!-- \/ Yoast SEO plugin. -->","yoast_head_json":{"title":"Karamanaga: Svje\u017ee ukrasno cvije\u0107e Pristana - Lajme nga Ulqini","description":"Ovako danas izgleda dio parka ispred restorana \"Holegro\", na Pristanu. Svje\u017ee zamijenjeno ukrasno cvije\u0107e, jo\u0161 vi\u0161e do\u010darava ovaj jedino preostali kutak","robots":{"index":"index","follow":"follow","max-snippet":"max-snippet:-1","max-image-preview":"max-image-preview:large","max-video-preview":"max-video-preview:-1"},"canonical":"https:\/\/www.visit-ulcinj.com\/blog\/2013\/11\/19\/karamanaga-svjeze-ukrasno-cvijece-pristana\/","og_locale":"en_US","og_type":"article","og_title":"Karamanaga: Svje\u017ee ukrasno cvije\u0107e Pristana - Lajme nga Ulqini","og_description":"Ovako danas izgleda dio parka ispred restorana \"Holegro\", na Pristanu. Svje\u017ee zamijenjeno ukrasno cvije\u0107e, jo\u0161 vi\u0161e do\u010darava ovaj jedino preostali kutak","og_url":"https:\/\/www.visit-ulcinj.com\/blog\/2013\/11\/19\/karamanaga-svjeze-ukrasno-cvijece-pristana\/","og_site_name":"Lajme nga Ulqini","article_published_time":"2013-11-19T05:33:08+00:00","og_image":[{"url":"http:\/\/www.visit-ulcinj.com\/blog\/wp-content\/uploads\/2013\/11\/Rana-dhe-Zana...2013-2.jpg"}],"twitter_misc":{"Written by":"ulqini","Est. reading time":"3 minutes"},"schema":{"@context":"https:\/\/schema.org","@graph":[{"@type":"WebSite","@id":"https:\/\/www.visit-ulcinj.com\/blog\/#website","url":"https:\/\/www.visit-ulcinj.com\/blog\/","name":"Lajme nga Ulqini","description":"Lajme,Vijesti,Ulqini,Ulqin,Crna Gora,Mali i Zi","potentialAction":[{"@type":"SearchAction","target":{"@type":"EntryPoint","urlTemplate":"https:\/\/www.visit-ulcinj.com\/blog\/?s={search_term_string}"},"query-input":"required name=search_term_string"}],"inLanguage":"en-US"},{"@type":"ImageObject","inLanguage":"en-US","@id":"https:\/\/www.visit-ulcinj.com\/blog\/2013\/11\/19\/karamanaga-svjeze-ukrasno-cvijece-pristana\/#primaryimage","url":"https:\/\/www.visit-ulcinj.com\/blog\/wp-content\/uploads\/2013\/11\/Rana-dhe-Zana...2013-2.jpg","contentUrl":"https:\/\/www.visit-ulcinj.com\/blog\/wp-content\/uploads\/2013\/11\/Rana-dhe-Zana...2013-2.jpg","width":960,"height":720},{"@type":"WebPage","@id":"https:\/\/www.visit-ulcinj.com\/blog\/2013\/11\/19\/karamanaga-svjeze-ukrasno-cvijece-pristana\/#webpage","url":"https:\/\/www.visit-ulcinj.com\/blog\/2013\/11\/19\/karamanaga-svjeze-ukrasno-cvijece-pristana\/","name":"Karamanaga: Svje\u017ee ukrasno cvije\u0107e Pristana - Lajme nga Ulqini","isPartOf":{"@id":"https:\/\/www.visit-ulcinj.com\/blog\/#website"},"primaryImageOfPage":{"@id":"https:\/\/www.visit-ulcinj.com\/blog\/2013\/11\/19\/karamanaga-svjeze-ukrasno-cvijece-pristana\/#primaryimage"},"datePublished":"2013-11-19T05:33:08+00:00","dateModified":"2013-11-19T05:33:08+00:00","author":{"@id":"https:\/\/www.visit-ulcinj.com\/blog\/#\/schema\/person\/dcab619c614d3038751c63bc2aadc06d"},"description":"Ovako danas izgleda dio parka ispred restorana \"Holegro\", na Pristanu. Svje\u017ee zamijenjeno ukrasno cvije\u0107e, jo\u0161 vi\u0161e do\u010darava ovaj jedino preostali kutak","breadcrumb":{"@id":"https:\/\/www.visit-ulcinj.com\/blog\/2013\/11\/19\/karamanaga-svjeze-ukrasno-cvijece-pristana\/#breadcrumb"},"inLanguage":"en-US","potentialAction":[{"@type":"ReadAction","target":["https:\/\/www.visit-ulcinj.com\/blog\/2013\/11\/19\/karamanaga-svjeze-ukrasno-cvijece-pristana\/"]}]},{"@type":"BreadcrumbList","@id":"https:\/\/www.visit-ulcinj.com\/blog\/2013\/11\/19\/karamanaga-svjeze-ukrasno-cvijece-pristana\/#breadcrumb","itemListElement":[{"@type":"ListItem","position":1,"name":"Karamanaga: Svje\u017ee ukrasno cvije\u0107e Pristana"}]},{"@type":"Person","@id":"https:\/\/www.visit-ulcinj.com\/blog\/#\/schema\/person\/dcab619c614d3038751c63bc2aadc06d","name":"ulqini","sameAs":["http:\/\/www.visit-ulcinj.com"],"url":"https:\/\/www.visit-ulcinj.com\/blog\/author\/admin\/"}]}},"jetpack_featured_media_url":"","jetpack_sharing_enabled":true,"jetpack_shortlink":"https:\/\/wp.me\/pe6lTn-jRl","_links":{"self":[{"href":"https:\/\/www.visit-ulcinj.com\/blog\/wp-json\/wp\/v2\/posts\/76343"}],"collection":[{"href":"https:\/\/www.visit-ulcinj.com\/blog\/wp-json\/wp\/v2\/posts"}],"about":[{"href":"https:\/\/www.visit-ulcinj.com\/blog\/wp-json\/wp\/v2\/types\/post"}],"author":[{"embeddable":true,"href":"https:\/\/www.visit-ulcinj.com\/blog\/wp-json\/wp\/v2\/users\/1"}],"replies":[{"embeddable":true,"href":"https:\/\/www.visit-ulcinj.com\/blog\/wp-json\/wp\/v2\/comments?post=76343"}],"version-history":[{"count":1,"href":"https:\/\/www.visit-ulcinj.com\/blog\/wp-json\/wp\/v2\/posts\/76343\/revisions"}],"predecessor-version":[{"id":76344,"href":"https:\/\/www.visit-ulcinj.com\/blog\/wp-json\/wp\/v2\/posts\/76343\/revisions\/76344"}],"wp:attachment":[{"href":"https:\/\/www.visit-ulcinj.com\/blog\/wp-json\/wp\/v2\/media?parent=76343"}],"wp:term":[{"taxonomy":"category","embeddable":true,"href":"https:\/\/www.visit-ulcinj.com\/blog\/wp-json\/wp\/v2\/categories?post=76343"},{"taxonomy":"post_tag","embeddable":true,"href":"https:\/\/www.visit-ulcinj.com\/blog\/wp-json\/wp\/v2\/tags?post=76343"}],"curies":[{"name":"wp","href":"https:\/\/api.w.org\/{rel}","templated":true}]}}