{"id":76354,"date":"2013-11-19T07:52:47","date_gmt":"2013-11-19T06:52:47","guid":{"rendered":"http:\/\/www.visit-ulcinj.com\/blog\/?p=76354"},"modified":"2013-11-19T07:52:47","modified_gmt":"2013-11-19T06:52:47","slug":"tika-dorezoi-projektin-e-ujesjellesit-ne-kraje","status":"publish","type":"post","link":"https:\/\/www.visit-ulcinj.com\/blog\/2013\/11\/19\/tika-dorezoi-projektin-e-ujesjellesit-ne-kraje\/","title":{"rendered":"TIKA dor\u00ebzoi Projektin e uj\u00ebsjell\u00ebsit n\u00eb Kraj\u00eb"},"content":{"rendered":"<p><strong><a href=\"http:\/\/www.visit-ulcinj.com\/blog\/wp-content\/uploads\/2013\/11\/TIKA-dor\u00ebzoi-Projektin-e-uj\u00ebsjell\u00ebsit-n\u00eb-Kraj\u00eb.jpg\"><img loading=\"lazy\" class=\"alignleft  wp-image-76355\" alt=\"TIKA dor\u00ebzoi Projektin e uj\u00ebsjell\u00ebsit n\u00eb Kraj\u00eb\" src=\"http:\/\/www.visit-ulcinj.com\/blog\/wp-content\/uploads\/2013\/11\/TIKA-dor\u00ebzoi-Projektin-e-uj\u00ebsjell\u00ebsit-n\u00eb-Kraj\u00eb.jpg\" width=\"508\" height=\"360\" \/><\/a>T\u00eb h\u00ebn\u00ebn m\u00eb 18.11.2013, p\u00ebrfaq\u00ebsues t\u00eb Agjencis\u00eb Turke p\u00ebr bashk\u00ebpunim dhe koordinim TIKA solemnisht dor\u00ebzuan n\u00eb pranin\u00eb e an\u00ebtar\u00ebve t\u00eb K\u00ebshillit t\u00eb Bashk\u00ebsis\u00eb Vendore Ostros Projektin p\u00ebr furnizim me uj\u00eb t\u00eb Kraj\u00ebs . T\u00eb pranish\u00ebm n\u00eb k\u00ebt\u00eb ceremony ishin edhe k\u00ebshill\u00ebtar\u00ebt n\u00eb kuvendin komunal t\u00eb Tivarit Beqir Bejasheviq dhe Ali Gje\u00e7britaj.<\/strong><\/p>\n<p>Solemnitetin e hapi kryetari i Bashk\u00ebsis\u00eb Vendore, Emro Duraku i cili n\u00eb fjal\u00ebn e rastit p\u00ebrshendeti p\u00ebrfaq\u00ebsuesit e Komun\u00ebs s\u00eb Tivarit dhe t\u00eb TIKA-s\u00eb dhe me pak fjel\u00eb p\u00ebrshkroi aktivitetin e K\u00ebshillit t\u00eb Bashk\u00ebsis\u00eb Lokale rreth Projektit t\u00eb uj\u00ebsjell\u00ebsit. Fol\u00ebn me k\u00ebt\u00eb rast n\u00ebnkryetari i komun\u00ebs s\u00eb Tivarit, Osman Subashiq dhe drejtori i Agjencis\u00eb p\u00ebr invesime i komune s\u00eb Tivarit, Vido Dabanoviq. N\u00eb fjel\u00ebn e tij koordinatori i TIKA-s z. Mustafa YZAICI tha se Kraja \u00ebsht\u00eb nj\u00eb zon\u00eb shum\u00eb interesante p\u00ebr ne. Qellimi jon\u00eb \u00ebsht\u00eb q\u00eb t\u2019i ndihmojm\u00eb k\u00ebta nj\u00ebr\u00ebz q\u00eb jetojn\u00eb k\u00ebtu q\u00eb t\u00eb ken\u00eb nj\u00eb jet\u00eb normale. Projekti q\u00eb kemi b\u00ebr\u00eb ne, tha ai \u00ebsht\u00eb i domodosh\u00ebm dhe populli turk ka investuar q\u00eb ky t\u00eb p\u00ebrfundohet. Ndima jon\u00eb, u shpreh ai nuk p\u00ebrfundon k\u00ebtu.<br \/>\n<a href=\"http:\/\/www.visit-ulcinj.com\/blog\/wp-content\/uploads\/2013\/11\/TIKA-dor\u00ebzoi-Projektin-e-uj\u00ebsjell\u00ebsit-n\u00eb-Kraj\u00eb-1.jpg\"><img loading=\"lazy\" class=\"alignleft  wp-image-76356\" alt=\"TIKA dor\u00ebzoi Projektin e uj\u00ebsjell\u00ebsit n\u00eb Kraj\u00eb-1\" src=\"http:\/\/www.visit-ulcinj.com\/blog\/wp-content\/uploads\/2013\/11\/TIKA-dor\u00ebzoi-Projektin-e-uj\u00ebsjell\u00ebsit-n\u00eb-Kraj\u00eb-1.jpg\" width=\"508\" height=\"360\" \/><\/a><\/p>\n<p>Kordinatori Mustafa YZAICI Solmenisht m\u00eb pas ia dorzoi p\u00ebrfaq\u00ebsuesit t\u00eb komun\u00ebs z. Vido Dabanoviq, Projektin e furnizimit me uj\u00eb t\u00eb Kraj\u00ebs.<br \/>\nPas dor\u00ebzimit t\u00eb projektit pritet ai t\u00eb d t\u00eb \u00e7ohet n\u00eb Biron projektuese n\u00eb Bjello Pole ku do t\u00eb b\u00ebh\u00ebt p\u00ebrshatshm\u00ebria me ligjet e Malit t\u00eb Zi. P\u00ebrfaq\u00ebsuesit e Agjencis\u00eb turke p\u00ebr bashk\u00ebpunim dhe koordinim jan\u00eb t\u00eb bindur se punimet n\u00eb teren p\u00ebr realizimin e Projektit do t\u00eb fillojn\u00eb posa Projekti t\u00eb kaloj filtr\u00ebn ligjore.<\/p>\n<p>T\u00eb shtojm\u00eb se gjat\u00eb vizit\u00ebs s\u00eb fundit t\u00eb p\u00ebrfaq\u00ebsu\u00ebsve t\u00eb Agjencis\u00eb Turke p\u00ebr Bashk\u00ebpunim dhe koordinim n\u00eb Kraj\u00eb me rastin e fest\u00ebs s\u00eb g\u00ebshtanjave, t\u00eb shoq\u00ebruar nga kryetari K\u00ebshillit t\u00eb BV Ostrosit z. Emro Duraku vizituan Repartin e p\u00ebrpunimit t\u00eb bim\u00ebve mjekuese e cila ka vite q\u00eb \u00ebsht\u00eb jasht funksionit. TIKA, sipas Emro Durakut po shqyrton mund\u00ebsin\u00eb e rihapjes s\u00eb k\u00ebtij reparti. N\u00ebse kjo b\u00ebh\u00ebt realitet shum\u00eb vende pune do t\u00eb hapeshin n\u00eb Kraj\u00eb, sidomos p\u00ebr t\u00eb rinj\u00ebt. Kujtojm\u00eb se koh\u00eb m\u00eb par\u00eb Agjencisia Turke p\u00ebr Bashk\u00ebpunim dhe koordinim ka financuar meremetimin e ambulanc\u00ebs s\u00eb Kraj\u00ebs.<\/p>\n<p><strong>Ali Gje\u00e7britaj<br \/>\nBurimi: KrajaOnline<br \/>\n<\/strong><\/p>\n","protected":false},"excerpt":{"rendered":"<p>T\u00eb h\u00ebn\u00ebn m\u00eb 18.11.2013, p\u00ebrfaq\u00ebsues t\u00eb Agjencis\u00eb Turke p\u00ebr bashk\u00ebpunim dhe koordinim TIKA solemnisht dor\u00ebzuan n\u00eb pranin\u00eb e an\u00ebtar\u00ebve t\u00eb K\u00ebshillit t\u00eb Bashk\u00ebsis\u00eb Vendore Ostros Projektin p\u00ebr furnizim me uj\u00eb t\u00eb Kraj\u00ebs . T\u00eb pranish\u00ebm n\u00eb k\u00ebt\u00eb ceremony ishin edhe k\u00ebshill\u00ebtar\u00ebt n\u00eb kuvendin komunal t\u00eb Tivarit Beqir Bejasheviq dhe Ali Gje\u00e7britaj. Solemnitetin e hapi kryetari [&hellip;]<\/p>\n","protected":false},"author":1,"featured_media":0,"comment_status":"closed","ping_status":"closed","sticky":false,"template":"","format":"standard","meta":{"spay_email":"","jetpack_publicize_message":"","jetpack_is_tweetstorm":false,"jetpack_publicize_feature_enabled":true},"categories":[6950],"tags":[],"jetpack_publicize_connections":[],"yoast_head":"<!-- This site is optimized with the Yoast SEO plugin v19.1 - https:\/\/yoast.com\/wordpress\/plugins\/seo\/ -->\n<title>TIKA dor\u00ebzoi Projektin e uj\u00ebsjell\u00ebsit n\u00eb Kraj\u00eb - Lajme nga Ulqini<\/title>\n<meta name=\"description\" content=\"T\u00eb h\u00ebn\u00ebn m\u00eb 18.11.2013, p\u00ebrfaq\u00ebsues t\u00eb Agjencis\u00eb Turke p\u00ebr bashk\u00ebpunim dhe koordinim TIKA solemnisht dor\u00ebzuan n\u00eb pranin\u00eb e an\u00ebtar\u00ebve t\u00eb K\u00ebshillit t\u00eb\" \/>\n<meta name=\"robots\" content=\"index, follow, max-snippet:-1, max-image-preview:large, max-video-preview:-1\" \/>\n<link rel=\"canonical\" href=\"https:\/\/www.visit-ulcinj.com\/blog\/2013\/11\/19\/tika-dorezoi-projektin-e-ujesjellesit-ne-kraje\/\" \/>\n<meta property=\"og:locale\" content=\"en_US\" \/>\n<meta property=\"og:type\" content=\"article\" \/>\n<meta property=\"og:title\" content=\"TIKA dor\u00ebzoi Projektin e uj\u00ebsjell\u00ebsit n\u00eb Kraj\u00eb - Lajme nga Ulqini\" \/>\n<meta property=\"og:description\" content=\"T\u00eb h\u00ebn\u00ebn m\u00eb 18.11.2013, p\u00ebrfaq\u00ebsues t\u00eb Agjencis\u00eb Turke p\u00ebr bashk\u00ebpunim dhe koordinim TIKA solemnisht dor\u00ebzuan n\u00eb pranin\u00eb e an\u00ebtar\u00ebve t\u00eb K\u00ebshillit t\u00eb\" \/>\n<meta property=\"og:url\" content=\"https:\/\/www.visit-ulcinj.com\/blog\/2013\/11\/19\/tika-dorezoi-projektin-e-ujesjellesit-ne-kraje\/\" \/>\n<meta property=\"og:site_name\" content=\"Lajme nga Ulqini\" \/>\n<meta property=\"article:published_time\" content=\"2013-11-19T06:52:47+00:00\" \/>\n<meta name=\"twitter:label1\" content=\"Written by\" \/>\n\t<meta name=\"twitter:data1\" content=\"ulqini\" \/>\n\t<meta name=\"twitter:label2\" content=\"Est. reading time\" \/>\n\t<meta name=\"twitter:data2\" content=\"2 minutes\" \/>\n<script type=\"application\/ld+json\" class=\"yoast-schema-graph\">{\"@context\":\"https:\/\/schema.org\",\"@graph\":[{\"@type\":\"WebSite\",\"@id\":\"https:\/\/www.visit-ulcinj.com\/blog\/#website\",\"url\":\"https:\/\/www.visit-ulcinj.com\/blog\/\",\"name\":\"Lajme nga Ulqini\",\"description\":\"Lajme,Vijesti,Ulqini,Ulqin,Crna Gora,Mali i Zi\",\"potentialAction\":[{\"@type\":\"SearchAction\",\"target\":{\"@type\":\"EntryPoint\",\"urlTemplate\":\"https:\/\/www.visit-ulcinj.com\/blog\/?s={search_term_string}\"},\"query-input\":\"required name=search_term_string\"}],\"inLanguage\":\"en-US\"},{\"@type\":\"WebPage\",\"@id\":\"https:\/\/www.visit-ulcinj.com\/blog\/2013\/11\/19\/tika-dorezoi-projektin-e-ujesjellesit-ne-kraje\/#webpage\",\"url\":\"https:\/\/www.visit-ulcinj.com\/blog\/2013\/11\/19\/tika-dorezoi-projektin-e-ujesjellesit-ne-kraje\/\",\"name\":\"TIKA dor\u00ebzoi Projektin e uj\u00ebsjell\u00ebsit n\u00eb Kraj\u00eb - Lajme nga Ulqini\",\"isPartOf\":{\"@id\":\"https:\/\/www.visit-ulcinj.com\/blog\/#website\"},\"datePublished\":\"2013-11-19T06:52:47+00:00\",\"dateModified\":\"2013-11-19T06:52:47+00:00\",\"author\":{\"@id\":\"https:\/\/www.visit-ulcinj.com\/blog\/#\/schema\/person\/dcab619c614d3038751c63bc2aadc06d\"},\"description\":\"T\u00eb h\u00ebn\u00ebn m\u00eb 18.11.2013, p\u00ebrfaq\u00ebsues t\u00eb Agjencis\u00eb Turke p\u00ebr bashk\u00ebpunim dhe koordinim TIKA solemnisht dor\u00ebzuan n\u00eb pranin\u00eb e an\u00ebtar\u00ebve t\u00eb K\u00ebshillit t\u00eb\",\"breadcrumb\":{\"@id\":\"https:\/\/www.visit-ulcinj.com\/blog\/2013\/11\/19\/tika-dorezoi-projektin-e-ujesjellesit-ne-kraje\/#breadcrumb\"},\"inLanguage\":\"en-US\",\"potentialAction\":[{\"@type\":\"ReadAction\",\"target\":[\"https:\/\/www.visit-ulcinj.com\/blog\/2013\/11\/19\/tika-dorezoi-projektin-e-ujesjellesit-ne-kraje\/\"]}]},{\"@type\":\"BreadcrumbList\",\"@id\":\"https:\/\/www.visit-ulcinj.com\/blog\/2013\/11\/19\/tika-dorezoi-projektin-e-ujesjellesit-ne-kraje\/#breadcrumb\",\"itemListElement\":[{\"@type\":\"ListItem\",\"position\":1,\"name\":\"TIKA dor\u00ebzoi Projektin e uj\u00ebsjell\u00ebsit n\u00eb Kraj\u00eb\"}]},{\"@type\":\"Person\",\"@id\":\"https:\/\/www.visit-ulcinj.com\/blog\/#\/schema\/person\/dcab619c614d3038751c63bc2aadc06d\",\"name\":\"ulqini\",\"sameAs\":[\"http:\/\/www.visit-ulcinj.com\"],\"url\":\"https:\/\/www.visit-ulcinj.com\/blog\/author\/admin\/\"}]}<\/script>\n<!-- \/ Yoast SEO plugin. -->","yoast_head_json":{"title":"TIKA dor\u00ebzoi Projektin e uj\u00ebsjell\u00ebsit n\u00eb Kraj\u00eb - Lajme nga Ulqini","description":"T\u00eb h\u00ebn\u00ebn m\u00eb 18.11.2013, p\u00ebrfaq\u00ebsues t\u00eb Agjencis\u00eb Turke p\u00ebr bashk\u00ebpunim dhe koordinim TIKA solemnisht dor\u00ebzuan n\u00eb pranin\u00eb e an\u00ebtar\u00ebve t\u00eb K\u00ebshillit t\u00eb","robots":{"index":"index","follow":"follow","max-snippet":"max-snippet:-1","max-image-preview":"max-image-preview:large","max-video-preview":"max-video-preview:-1"},"canonical":"https:\/\/www.visit-ulcinj.com\/blog\/2013\/11\/19\/tika-dorezoi-projektin-e-ujesjellesit-ne-kraje\/","og_locale":"en_US","og_type":"article","og_title":"TIKA dor\u00ebzoi Projektin e uj\u00ebsjell\u00ebsit n\u00eb Kraj\u00eb - Lajme nga Ulqini","og_description":"T\u00eb h\u00ebn\u00ebn m\u00eb 18.11.2013, p\u00ebrfaq\u00ebsues t\u00eb Agjencis\u00eb Turke p\u00ebr bashk\u00ebpunim dhe koordinim TIKA solemnisht dor\u00ebzuan n\u00eb pranin\u00eb e an\u00ebtar\u00ebve t\u00eb K\u00ebshillit t\u00eb","og_url":"https:\/\/www.visit-ulcinj.com\/blog\/2013\/11\/19\/tika-dorezoi-projektin-e-ujesjellesit-ne-kraje\/","og_site_name":"Lajme nga Ulqini","article_published_time":"2013-11-19T06:52:47+00:00","twitter_misc":{"Written by":"ulqini","Est. reading time":"2 minutes"},"schema":{"@context":"https:\/\/schema.org","@graph":[{"@type":"WebSite","@id":"https:\/\/www.visit-ulcinj.com\/blog\/#website","url":"https:\/\/www.visit-ulcinj.com\/blog\/","name":"Lajme nga Ulqini","description":"Lajme,Vijesti,Ulqini,Ulqin,Crna Gora,Mali i Zi","potentialAction":[{"@type":"SearchAction","target":{"@type":"EntryPoint","urlTemplate":"https:\/\/www.visit-ulcinj.com\/blog\/?s={search_term_string}"},"query-input":"required name=search_term_string"}],"inLanguage":"en-US"},{"@type":"WebPage","@id":"https:\/\/www.visit-ulcinj.com\/blog\/2013\/11\/19\/tika-dorezoi-projektin-e-ujesjellesit-ne-kraje\/#webpage","url":"https:\/\/www.visit-ulcinj.com\/blog\/2013\/11\/19\/tika-dorezoi-projektin-e-ujesjellesit-ne-kraje\/","name":"TIKA dor\u00ebzoi Projektin e uj\u00ebsjell\u00ebsit n\u00eb Kraj\u00eb - Lajme nga Ulqini","isPartOf":{"@id":"https:\/\/www.visit-ulcinj.com\/blog\/#website"},"datePublished":"2013-11-19T06:52:47+00:00","dateModified":"2013-11-19T06:52:47+00:00","author":{"@id":"https:\/\/www.visit-ulcinj.com\/blog\/#\/schema\/person\/dcab619c614d3038751c63bc2aadc06d"},"description":"T\u00eb h\u00ebn\u00ebn m\u00eb 18.11.2013, p\u00ebrfaq\u00ebsues t\u00eb Agjencis\u00eb Turke p\u00ebr bashk\u00ebpunim dhe koordinim TIKA solemnisht dor\u00ebzuan n\u00eb pranin\u00eb e an\u00ebtar\u00ebve t\u00eb K\u00ebshillit t\u00eb","breadcrumb":{"@id":"https:\/\/www.visit-ulcinj.com\/blog\/2013\/11\/19\/tika-dorezoi-projektin-e-ujesjellesit-ne-kraje\/#breadcrumb"},"inLanguage":"en-US","potentialAction":[{"@type":"ReadAction","target":["https:\/\/www.visit-ulcinj.com\/blog\/2013\/11\/19\/tika-dorezoi-projektin-e-ujesjellesit-ne-kraje\/"]}]},{"@type":"BreadcrumbList","@id":"https:\/\/www.visit-ulcinj.com\/blog\/2013\/11\/19\/tika-dorezoi-projektin-e-ujesjellesit-ne-kraje\/#breadcrumb","itemListElement":[{"@type":"ListItem","position":1,"name":"TIKA dor\u00ebzoi Projektin e uj\u00ebsjell\u00ebsit n\u00eb Kraj\u00eb"}]},{"@type":"Person","@id":"https:\/\/www.visit-ulcinj.com\/blog\/#\/schema\/person\/dcab619c614d3038751c63bc2aadc06d","name":"ulqini","sameAs":["http:\/\/www.visit-ulcinj.com"],"url":"https:\/\/www.visit-ulcinj.com\/blog\/author\/admin\/"}]}},"jetpack_featured_media_url":"","jetpack_sharing_enabled":true,"jetpack_shortlink":"https:\/\/wp.me\/pe6lTn-jRw","_links":{"self":[{"href":"https:\/\/www.visit-ulcinj.com\/blog\/wp-json\/wp\/v2\/posts\/76354"}],"collection":[{"href":"https:\/\/www.visit-ulcinj.com\/blog\/wp-json\/wp\/v2\/posts"}],"about":[{"href":"https:\/\/www.visit-ulcinj.com\/blog\/wp-json\/wp\/v2\/types\/post"}],"author":[{"embeddable":true,"href":"https:\/\/www.visit-ulcinj.com\/blog\/wp-json\/wp\/v2\/users\/1"}],"replies":[{"embeddable":true,"href":"https:\/\/www.visit-ulcinj.com\/blog\/wp-json\/wp\/v2\/comments?post=76354"}],"version-history":[{"count":1,"href":"https:\/\/www.visit-ulcinj.com\/blog\/wp-json\/wp\/v2\/posts\/76354\/revisions"}],"predecessor-version":[{"id":76357,"href":"https:\/\/www.visit-ulcinj.com\/blog\/wp-json\/wp\/v2\/posts\/76354\/revisions\/76357"}],"wp:attachment":[{"href":"https:\/\/www.visit-ulcinj.com\/blog\/wp-json\/wp\/v2\/media?parent=76354"}],"wp:term":[{"taxonomy":"category","embeddable":true,"href":"https:\/\/www.visit-ulcinj.com\/blog\/wp-json\/wp\/v2\/categories?post=76354"},{"taxonomy":"post_tag","embeddable":true,"href":"https:\/\/www.visit-ulcinj.com\/blog\/wp-json\/wp\/v2\/tags?post=76354"}],"curies":[{"name":"wp","href":"https:\/\/api.w.org\/{rel}","templated":true}]}}