{"id":76358,"date":"2013-11-19T08:59:41","date_gmt":"2013-11-19T07:59:41","guid":{"rendered":"http:\/\/www.visit-ulcinj.com\/blog\/?p=76358"},"modified":"2013-11-19T09:00:02","modified_gmt":"2013-11-19T08:00:02","slug":"izbori-u-ulcinju-ce-kostati-50-000-eura","status":"publish","type":"post","link":"https:\/\/www.visit-ulcinj.com\/blog\/2013\/11\/19\/izbori-u-ulcinju-ce-kostati-50-000-eura\/","title":{"rendered":"Izbori u Ulcinju \u0107e ko\u0161tati 50.000 eura"},"content":{"rendered":"<p><a href=\"http:\/\/www.visit-ulcinj.com\/blog\/wp-content\/uploads\/2013\/11\/Izbori-u-Ulcinju-2013.jpg\"><img loading=\"lazy\" class=\"alignleft  wp-image-76359\" alt=\"Izbori u Ulcinju 2013\" src=\"http:\/\/www.visit-ulcinj.com\/blog\/wp-content\/uploads\/2013\/11\/Izbori-u-Ulcinju-2013.jpg\" width=\"508\" height=\"299\" \/><\/a>\u201cJo\u0161 prije \u0161est mjeseci tra\u017eili smo izbore kako bi iza\u0161li iz krize u koju je upala vladaju\u0107a koalicija i kada su njeno funkcionisanje po\u010dele da optere\u0107uju ucjene\u201d, kazao je Nimanbegu<\/p>\n<p>Vanredni lokalni izbori, koji \u0107e u Ulcinju biti odr\u017eani po\u010detkom naredne godine, dolaze u vrijeme sve prisutnijeg ekonomskog kolapsa, velikog nezadovoljstva i nezainteresovanosti mje\u0161tana i uprkos tome, ogromnog entuzijazma i ambicije politi\u010dara da i u takvim uslovima zavrijede glas i povjerenje. Redovni izbori planirani su za jesen naredne godine i svaka pragmati\u010dna vlast smogla bi snage da gra\u0111ane u vrijeme nezapam\u0107ene krize po\u0161tedi ne malog tro\u0161ka u iznosu od oko 50 hiljada eura i od njih povjerenje zatra\u017ei poslije ljeta ali, kako je priznao visoki funkcioner Force i poslanik Genci Nimanbegu, vladaju\u0107a koalicija nije imala kapaciteta da odgovori zadatku.<\/p>\n<p><a href=\"http:\/\/www.visit-ulcinj.com\/blog\/wp-content\/uploads\/2013\/11\/Genci-Nimanbegu1.jpg\"><img loading=\"lazy\" class=\"alignleft  wp-image-76360\" alt=\"Genci-Nimanbegu\" src=\"http:\/\/www.visit-ulcinj.com\/blog\/wp-content\/uploads\/2013\/11\/Genci-Nimanbegu1.jpg\" width=\"300\" height=\"330\" \/><\/a>\u201cJo\u0161 prije \u0161est mjeseci tra\u017eili smo izbore kako bi iza\u0161li iz krize u koju je upala vladaju\u0107a koalicija i kada su njeno funkcionisanje po\u010dele da optere\u0107uju ucjene\u201d, kazao je Nimanbegu \u201cVijestima\u201d. On je ocijenio da su izbori zbog toga bili neophodni i izrazio o\u010dekivanje da \u0107e naredna vlast biti efikasnija u svojim poslovima.<\/p>\n<p>Da su izbori neophodni uprkos krizi i prezasi\u0107enosti mje\u0161tana neispunjenim obe\u0107anjima, sla\u017eu se i predstavnici ostalih partija u lokalnom parlamentu.<\/p>\n<p>\u0160ef ulcinjskog DPS Ljoro Nreki\u0107 kazao je da su izbori najbolji na\u010din da se izabere zdrava vlast. Na pitanje \u201cVijesti\u201d da li su mogli biti izbjegnuti sada u januaru, on je odgovorio potvrdno.<\/p>\n<p>\u201cU jednom periodu mogli smo formirati vlast sa Forcom i Demokratskom partijom Fatmira \u0110eke do redovnih izbora. Onda je DP odustao, a mi nijesmo htjeli da biramo izme\u0111u koalicionih partnera. Zato je Op\u0161tinski odbor odlu\u010dio da se ide na izbore\u201d, kazao je Nreki\u0107. U vladaju\u0107oj koaliciji, osim Force i DP, bili su i SDP i Perspektiva.<\/p>\n<p>Andrija \u0106etkovi\u0107 iz SNP-a kazao je da su izbori neophodni jer je vlast svo vrijeme radila isklju\u010divo za svoje, a ne za interese gra\u0111ana.<\/p>\n<p>\u201cTa\u010dno je da je kriza i da izbori ko\u0161taju. Ali ovaj narod i grad mnogo vi\u0161e ko\u0161ta ovakva nesposobna vlast\u201d, kazao je \u0106etkovi\u0107.<\/p>\n<p><a href=\"http:\/\/www.visit-ulcinj.com\/blog\/wp-content\/uploads\/2013\/11\/Andrija-Cetkovic.jpg\"><img loading=\"lazy\" class=\"alignleft  wp-image-76168\" alt=\"Andrija-Cetkovic\" src=\"http:\/\/www.visit-ulcinj.com\/blog\/wp-content\/uploads\/2013\/11\/Andrija-Cetkovic.jpg\" width=\"508\" height=\"360\" \/><\/a><\/p>\n<p>I odbornik DUA Hatid\u017ea \u0110oni ocijenila je \u201eda su bez obzira na propalu turisti\u010dku sezonu, finansijsku krizu i besparicu, izbori u Ulcinju bili neophodni zato \u0161to sukob unutar vladaju\u0107e koalicije i vi\u0161emjese\u010dno nefunkcionisanje lokalnog parlamenta, ko\u0161taju gra\u0111ane vi\u0161e od bilo kojih izbora\u201c.<\/p>\n<p><a href=\"http:\/\/www.visit-ulcinj.com\/blog\/wp-content\/uploads\/2013\/10\/Hatidze-Djoni.jpg\"><img loading=\"lazy\" class=\"alignleft  wp-image-75540\" alt=\"Hatidze Djoni\" src=\"http:\/\/www.visit-ulcinj.com\/blog\/wp-content\/uploads\/2013\/10\/Hatidze-Djoni.jpg\" width=\"508\" height=\"360\" \/><\/a><\/p>\n<p>\u201c\u010cekanje do sljede\u0107e jeseni bilo bi pogubno, jer sa ovakvom vla\u0161\u0107u i njihovim sva\u0111ama i nesuglasicama, neusvajanjem vitalnih i izuzetno bitnih odluka, niko normalan ne mo\u017ee o\u010dekivati ni puniji bud\u017eet, ni bolju finansijsku situaciju\u201d, ocijenila je ona.<\/p>\n<p>I dok su politi\u010dari jedinstveni u ocjeni da su izbori bili neophodni i dok partije ve\u0107 formiraju \u0161tabove i osmi\u0161ljaju kampanju, mnogi od onih od kojih \u0107e tra\u017eiti glas, o tome ne znaju ni\u0161ta.<\/p>\n<p>\u201cKakvi izbori? Ovdje kod nas? &#8211; pita Zudija Ad\u017eovi\u0107 odgovaraju\u0107i na pitanje da li zna kada su izbori i kako komentari\u0161e to \u0161to \u0107e biti odr\u017eani u vrijeme velike krize.<\/p>\n<p>\u201cNemam pojma, bato. Ali ako su sada, pa sramota. Ovaj narod nema da pije ni da jede, a oni izbore. A grijanje?- pita se on aludiraju\u0107i na skori po\u010detak zime.<\/p>\n<p>I ostali sagovornici \u201cVijesti\u201d, mahom nijesu znali da je Skup\u0161tina skratila mandat.<\/p>\n<p>Poznati ugostitelj Adem Tivari nezaintersovano ka\u017ee da o tome ne zna ama ba\u0161 ni\u0161ta.<\/p>\n<p>\u201cPojma nemam, a ne bi se \u010dudio. Ni\u0161ta ne rade, samo uzimaju. Nema tu izbora, nisam u toku\u201d, kazao je on dodav\u0161i da narod mnogo o\u010dekuje, a sve vi\u0161e trpi.<\/p>\n<p>\u201cDokle vi\u0161e da trpimo. Nema ko nije du\u017ean. Ne\u0107u samo ja da \u017eivim dobro, ho\u0107u da tako \u017eivi i moj kom\u0161ija\u201d, ka\u017ee Tivari.<\/p>\n<p>Na razgovor o izborima pristaje i radnik solane i ribar Nikola \u010cilingiri.<\/p>\n<p>\u201cNe znam \u0161ta \u0107e biti na Cetinju, ali nije dobro\u201d, ka\u017ee on dok prodaje ribu ispred \u201cBonite\u201d. Na sugestiju da se pitanje odnosilo na izbore u Ulcinju, za\u010du\u0111eno pita za kada su zakazani.<\/p>\n<p>\u201cA svejedno vi\u0161e, sve izbori do izbora, a narod sve vi\u0161e bez para\u201d, rekao je.<\/p>\n<p>Izbori u Ulcinju dolaze u nezgodno vrijeme za sve. Mu\u010dno \u0107e biti po\u0107i za glas, recimo u Kravare, gdje je svih \u0161est izvora pija\u0107e vode zara\u017eeno e\u0161erihijom koli, a gotovo niko ni prstom nije mrdnuo niti se raspitao za zdravlje vi\u0161e od 1.500 seljana.<\/p>\n<p>Te\u0161ko \u0107e biti tra\u017eiti glas i od ugostitelja ili trgovaca nakon za njih frustriraju\u0107e sezone koju su obilje\u017eili inspektori sa visokim nov\u010danim kaznama koje jo\u0161 pla\u0107aju.<\/p>\n<p>Nimalo lako ne\u0107e izgledati ni pohod na glasove kod one populacije koja je \u010dvrsto vjerovala u obe\u0107anja da \u0107e po\u010deti investicije, zaposlenja i bolji \u017eivot. \u0160ta novo obe\u0107ati obespravljenim radnicima solane za glasove.? Na kraju, kako animnirati gra\u0111ane da iza\u0111u na izbore kada predstavnici prethodne vlasti potpi\u0161u dokument u kome pi\u0161e da su radili lo\u0161e&#8230;<\/p>\n<p>&nbsp;<\/p>\n<p><a href=\"http:\/\/www.vijesti.me\/vijesti\/izbori-ulcinju-ce-kostati-50-000-eura-clanak-161139\" target=\"_blank\"><strong>Samir Adrovi\u0107<\/strong><\/a><br \/>\n<a href=\"http:\/\/www.vijesti.me\/vijesti\/izbori-ulcinju-ce-kostati-50-000-eura-clanak-161139\" target=\"_blank\"><strong>Vijesti online<\/strong><\/a><\/p>\n","protected":false},"excerpt":{"rendered":"<p>\u201cJo\u0161 prije \u0161est mjeseci tra\u017eili smo izbore kako bi iza\u0161li iz krize u koju je upala vladaju\u0107a koalicija i kada su njeno funkcionisanje po\u010dele da optere\u0107uju ucjene\u201d, kazao je Nimanbegu Vanredni lokalni izbori, koji \u0107e u Ulcinju biti odr\u017eani po\u010detkom naredne godine, dolaze u vrijeme sve prisutnijeg ekonomskog kolapsa, velikog nezadovoljstva i nezainteresovanosti mje\u0161tana i [&hellip;]<\/p>\n","protected":false},"author":1,"featured_media":0,"comment_status":"closed","ping_status":"closed","sticky":false,"template":"","format":"standard","meta":{"spay_email":"","jetpack_publicize_message":"","jetpack_is_tweetstorm":false,"jetpack_publicize_feature_enabled":true},"categories":[8337],"tags":[],"jetpack_publicize_connections":[],"yoast_head":"<!-- This site is optimized with the Yoast SEO plugin v19.1 - https:\/\/yoast.com\/wordpress\/plugins\/seo\/ -->\n<title>Izbori u Ulcinju \u0107e ko\u0161tati 50.000 eura - Lajme nga Ulqini<\/title>\n<meta name=\"description\" content=\"\u201cJo\u0161 prije \u0161est mjeseci tra\u017eili smo izbore kako bi iza\u0161li iz krize u koju je upala vladaju\u0107a koalicija i kada su njeno funkcionisanje po\u010dele da optere\u0107uju\" \/>\n<meta name=\"robots\" content=\"index, follow, max-snippet:-1, max-image-preview:large, max-video-preview:-1\" \/>\n<link rel=\"canonical\" href=\"https:\/\/www.visit-ulcinj.com\/blog\/2013\/11\/19\/izbori-u-ulcinju-ce-kostati-50-000-eura\/\" \/>\n<meta property=\"og:locale\" content=\"en_US\" \/>\n<meta property=\"og:type\" content=\"article\" \/>\n<meta property=\"og:title\" content=\"Izbori u Ulcinju \u0107e ko\u0161tati 50.000 eura - Lajme nga Ulqini\" \/>\n<meta property=\"og:description\" content=\"\u201cJo\u0161 prije \u0161est mjeseci tra\u017eili smo izbore kako bi iza\u0161li iz krize u koju je upala vladaju\u0107a koalicija i kada su njeno funkcionisanje po\u010dele da optere\u0107uju\" \/>\n<meta property=\"og:url\" content=\"https:\/\/www.visit-ulcinj.com\/blog\/2013\/11\/19\/izbori-u-ulcinju-ce-kostati-50-000-eura\/\" \/>\n<meta property=\"og:site_name\" content=\"Lajme nga Ulqini\" \/>\n<meta property=\"article:published_time\" content=\"2013-11-19T07:59:41+00:00\" \/>\n<meta property=\"article:modified_time\" content=\"2013-11-19T08:00:02+00:00\" \/>\n<meta property=\"og:image\" content=\"http:\/\/www.visit-ulcinj.com\/blog\/wp-content\/uploads\/2013\/11\/Izbori-u-Ulcinju-2013.jpg\" \/>\n<meta name=\"twitter:label1\" content=\"Written by\" \/>\n\t<meta name=\"twitter:data1\" content=\"ulqini\" \/>\n\t<meta name=\"twitter:label2\" content=\"Est. reading time\" \/>\n\t<meta name=\"twitter:data2\" content=\"4 minutes\" \/>\n<script type=\"application\/ld+json\" class=\"yoast-schema-graph\">{\"@context\":\"https:\/\/schema.org\",\"@graph\":[{\"@type\":\"WebSite\",\"@id\":\"https:\/\/www.visit-ulcinj.com\/blog\/#website\",\"url\":\"https:\/\/www.visit-ulcinj.com\/blog\/\",\"name\":\"Lajme nga Ulqini\",\"description\":\"Lajme,Vijesti,Ulqini,Ulqin,Crna Gora,Mali i Zi\",\"potentialAction\":[{\"@type\":\"SearchAction\",\"target\":{\"@type\":\"EntryPoint\",\"urlTemplate\":\"https:\/\/www.visit-ulcinj.com\/blog\/?s={search_term_string}\"},\"query-input\":\"required name=search_term_string\"}],\"inLanguage\":\"en-US\"},{\"@type\":\"ImageObject\",\"inLanguage\":\"en-US\",\"@id\":\"https:\/\/www.visit-ulcinj.com\/blog\/2013\/11\/19\/izbori-u-ulcinju-ce-kostati-50-000-eura\/#primaryimage\",\"url\":\"https:\/\/www.visit-ulcinj.com\/blog\/wp-content\/uploads\/2013\/11\/Izbori-u-Ulcinju-2013.jpg\",\"contentUrl\":\"https:\/\/www.visit-ulcinj.com\/blog\/wp-content\/uploads\/2013\/11\/Izbori-u-Ulcinju-2013.jpg\",\"width\":490,\"height\":299},{\"@type\":\"WebPage\",\"@id\":\"https:\/\/www.visit-ulcinj.com\/blog\/2013\/11\/19\/izbori-u-ulcinju-ce-kostati-50-000-eura\/#webpage\",\"url\":\"https:\/\/www.visit-ulcinj.com\/blog\/2013\/11\/19\/izbori-u-ulcinju-ce-kostati-50-000-eura\/\",\"name\":\"Izbori u Ulcinju \u0107e ko\u0161tati 50.000 eura - Lajme nga Ulqini\",\"isPartOf\":{\"@id\":\"https:\/\/www.visit-ulcinj.com\/blog\/#website\"},\"primaryImageOfPage\":{\"@id\":\"https:\/\/www.visit-ulcinj.com\/blog\/2013\/11\/19\/izbori-u-ulcinju-ce-kostati-50-000-eura\/#primaryimage\"},\"datePublished\":\"2013-11-19T07:59:41+00:00\",\"dateModified\":\"2013-11-19T08:00:02+00:00\",\"author\":{\"@id\":\"https:\/\/www.visit-ulcinj.com\/blog\/#\/schema\/person\/dcab619c614d3038751c63bc2aadc06d\"},\"description\":\"\u201cJo\u0161 prije \u0161est mjeseci tra\u017eili smo izbore kako bi iza\u0161li iz krize u koju je upala vladaju\u0107a koalicija i kada su njeno funkcionisanje po\u010dele da optere\u0107uju\",\"breadcrumb\":{\"@id\":\"https:\/\/www.visit-ulcinj.com\/blog\/2013\/11\/19\/izbori-u-ulcinju-ce-kostati-50-000-eura\/#breadcrumb\"},\"inLanguage\":\"en-US\",\"potentialAction\":[{\"@type\":\"ReadAction\",\"target\":[\"https:\/\/www.visit-ulcinj.com\/blog\/2013\/11\/19\/izbori-u-ulcinju-ce-kostati-50-000-eura\/\"]}]},{\"@type\":\"BreadcrumbList\",\"@id\":\"https:\/\/www.visit-ulcinj.com\/blog\/2013\/11\/19\/izbori-u-ulcinju-ce-kostati-50-000-eura\/#breadcrumb\",\"itemListElement\":[{\"@type\":\"ListItem\",\"position\":1,\"name\":\"Izbori u Ulcinju \u0107e ko\u0161tati 50.000 eura\"}]},{\"@type\":\"Person\",\"@id\":\"https:\/\/www.visit-ulcinj.com\/blog\/#\/schema\/person\/dcab619c614d3038751c63bc2aadc06d\",\"name\":\"ulqini\",\"sameAs\":[\"http:\/\/www.visit-ulcinj.com\"],\"url\":\"https:\/\/www.visit-ulcinj.com\/blog\/author\/admin\/\"}]}<\/script>\n<!-- \/ Yoast SEO plugin. -->","yoast_head_json":{"title":"Izbori u Ulcinju \u0107e ko\u0161tati 50.000 eura - Lajme nga Ulqini","description":"\u201cJo\u0161 prije \u0161est mjeseci tra\u017eili smo izbore kako bi iza\u0161li iz krize u koju je upala vladaju\u0107a koalicija i kada su njeno funkcionisanje po\u010dele da optere\u0107uju","robots":{"index":"index","follow":"follow","max-snippet":"max-snippet:-1","max-image-preview":"max-image-preview:large","max-video-preview":"max-video-preview:-1"},"canonical":"https:\/\/www.visit-ulcinj.com\/blog\/2013\/11\/19\/izbori-u-ulcinju-ce-kostati-50-000-eura\/","og_locale":"en_US","og_type":"article","og_title":"Izbori u Ulcinju \u0107e ko\u0161tati 50.000 eura - Lajme nga Ulqini","og_description":"\u201cJo\u0161 prije \u0161est mjeseci tra\u017eili smo izbore kako bi iza\u0161li iz krize u koju je upala vladaju\u0107a koalicija i kada su njeno funkcionisanje po\u010dele da optere\u0107uju","og_url":"https:\/\/www.visit-ulcinj.com\/blog\/2013\/11\/19\/izbori-u-ulcinju-ce-kostati-50-000-eura\/","og_site_name":"Lajme nga Ulqini","article_published_time":"2013-11-19T07:59:41+00:00","article_modified_time":"2013-11-19T08:00:02+00:00","og_image":[{"url":"http:\/\/www.visit-ulcinj.com\/blog\/wp-content\/uploads\/2013\/11\/Izbori-u-Ulcinju-2013.jpg"}],"twitter_misc":{"Written by":"ulqini","Est. reading time":"4 minutes"},"schema":{"@context":"https:\/\/schema.org","@graph":[{"@type":"WebSite","@id":"https:\/\/www.visit-ulcinj.com\/blog\/#website","url":"https:\/\/www.visit-ulcinj.com\/blog\/","name":"Lajme nga Ulqini","description":"Lajme,Vijesti,Ulqini,Ulqin,Crna Gora,Mali i Zi","potentialAction":[{"@type":"SearchAction","target":{"@type":"EntryPoint","urlTemplate":"https:\/\/www.visit-ulcinj.com\/blog\/?s={search_term_string}"},"query-input":"required name=search_term_string"}],"inLanguage":"en-US"},{"@type":"ImageObject","inLanguage":"en-US","@id":"https:\/\/www.visit-ulcinj.com\/blog\/2013\/11\/19\/izbori-u-ulcinju-ce-kostati-50-000-eura\/#primaryimage","url":"https:\/\/www.visit-ulcinj.com\/blog\/wp-content\/uploads\/2013\/11\/Izbori-u-Ulcinju-2013.jpg","contentUrl":"https:\/\/www.visit-ulcinj.com\/blog\/wp-content\/uploads\/2013\/11\/Izbori-u-Ulcinju-2013.jpg","width":490,"height":299},{"@type":"WebPage","@id":"https:\/\/www.visit-ulcinj.com\/blog\/2013\/11\/19\/izbori-u-ulcinju-ce-kostati-50-000-eura\/#webpage","url":"https:\/\/www.visit-ulcinj.com\/blog\/2013\/11\/19\/izbori-u-ulcinju-ce-kostati-50-000-eura\/","name":"Izbori u Ulcinju \u0107e ko\u0161tati 50.000 eura - Lajme nga Ulqini","isPartOf":{"@id":"https:\/\/www.visit-ulcinj.com\/blog\/#website"},"primaryImageOfPage":{"@id":"https:\/\/www.visit-ulcinj.com\/blog\/2013\/11\/19\/izbori-u-ulcinju-ce-kostati-50-000-eura\/#primaryimage"},"datePublished":"2013-11-19T07:59:41+00:00","dateModified":"2013-11-19T08:00:02+00:00","author":{"@id":"https:\/\/www.visit-ulcinj.com\/blog\/#\/schema\/person\/dcab619c614d3038751c63bc2aadc06d"},"description":"\u201cJo\u0161 prije \u0161est mjeseci tra\u017eili smo izbore kako bi iza\u0161li iz krize u koju je upala vladaju\u0107a koalicija i kada su njeno funkcionisanje po\u010dele da optere\u0107uju","breadcrumb":{"@id":"https:\/\/www.visit-ulcinj.com\/blog\/2013\/11\/19\/izbori-u-ulcinju-ce-kostati-50-000-eura\/#breadcrumb"},"inLanguage":"en-US","potentialAction":[{"@type":"ReadAction","target":["https:\/\/www.visit-ulcinj.com\/blog\/2013\/11\/19\/izbori-u-ulcinju-ce-kostati-50-000-eura\/"]}]},{"@type":"BreadcrumbList","@id":"https:\/\/www.visit-ulcinj.com\/blog\/2013\/11\/19\/izbori-u-ulcinju-ce-kostati-50-000-eura\/#breadcrumb","itemListElement":[{"@type":"ListItem","position":1,"name":"Izbori u Ulcinju \u0107e ko\u0161tati 50.000 eura"}]},{"@type":"Person","@id":"https:\/\/www.visit-ulcinj.com\/blog\/#\/schema\/person\/dcab619c614d3038751c63bc2aadc06d","name":"ulqini","sameAs":["http:\/\/www.visit-ulcinj.com"],"url":"https:\/\/www.visit-ulcinj.com\/blog\/author\/admin\/"}]}},"jetpack_featured_media_url":"","jetpack_sharing_enabled":true,"jetpack_shortlink":"https:\/\/wp.me\/pe6lTn-jRA","_links":{"self":[{"href":"https:\/\/www.visit-ulcinj.com\/blog\/wp-json\/wp\/v2\/posts\/76358"}],"collection":[{"href":"https:\/\/www.visit-ulcinj.com\/blog\/wp-json\/wp\/v2\/posts"}],"about":[{"href":"https:\/\/www.visit-ulcinj.com\/blog\/wp-json\/wp\/v2\/types\/post"}],"author":[{"embeddable":true,"href":"https:\/\/www.visit-ulcinj.com\/blog\/wp-json\/wp\/v2\/users\/1"}],"replies":[{"embeddable":true,"href":"https:\/\/www.visit-ulcinj.com\/blog\/wp-json\/wp\/v2\/comments?post=76358"}],"version-history":[{"count":2,"href":"https:\/\/www.visit-ulcinj.com\/blog\/wp-json\/wp\/v2\/posts\/76358\/revisions"}],"predecessor-version":[{"id":76363,"href":"https:\/\/www.visit-ulcinj.com\/blog\/wp-json\/wp\/v2\/posts\/76358\/revisions\/76363"}],"wp:attachment":[{"href":"https:\/\/www.visit-ulcinj.com\/blog\/wp-json\/wp\/v2\/media?parent=76358"}],"wp:term":[{"taxonomy":"category","embeddable":true,"href":"https:\/\/www.visit-ulcinj.com\/blog\/wp-json\/wp\/v2\/categories?post=76358"},{"taxonomy":"post_tag","embeddable":true,"href":"https:\/\/www.visit-ulcinj.com\/blog\/wp-json\/wp\/v2\/tags?post=76358"}],"curies":[{"name":"wp","href":"https:\/\/api.w.org\/{rel}","templated":true}]}}