{"id":76370,"date":"2013-11-19T11:57:53","date_gmt":"2013-11-19T10:57:53","guid":{"rendered":"http:\/\/www.visit-ulcinj.com\/blog\/?p=76370"},"modified":"2013-11-19T11:57:53","modified_gmt":"2013-11-19T10:57:53","slug":"dafina-zeqiri-kthehet-nga-amerika-pink","status":"publish","type":"post","link":"https:\/\/www.visit-ulcinj.com\/blog\/2013\/11\/19\/dafina-zeqiri-kthehet-nga-amerika-pink\/","title":{"rendered":"Dafina Zeqiri kthehet nga Amerika \u201cPink\u201d"},"content":{"rendered":"<p><a href=\"http:\/\/www.visit-ulcinj.com\/blog\/wp-content\/uploads\/2013\/11\/Dafina-Zeqiri-Pink.jpg\"><img loading=\"lazy\" class=\"alignleft  wp-image-76371\" alt=\"Dafina-Zeqiri-Pink\" src=\"http:\/\/www.visit-ulcinj.com\/blog\/wp-content\/uploads\/2013\/11\/Dafina-Zeqiri-Pink.jpg\" width=\"508\" height=\"360\" \/><\/a>Kur t\u00eb gjith\u00eb presin q\u00eb k\u00ebng\u00ebtarja Dafina Zeqiri t\u00eb kthehet nga Amerika me ndonj\u00eb projekt t\u00eb ri apo k\u00ebng\u00ebn q\u00eb mendohet se \u00ebsht\u00eb b\u00ebr\u00eb tashm\u00eb edhe n\u00eb versionin anglisht, ku flitet se \u00ebsht\u00eb nj\u00eb \u201cdiss\u201d p\u00ebr koleg\u00ebt e saj, ajo na shfaqet ndryshe por si look. Ja ku po vjen Dafina me look t\u00eb ri, me flok\u00eb pink, q\u00eb t\u00eb japin m\u00eb shum\u00eb p\u00ebrshtypje se jan\u00eb nj\u00eb pal\u00eb paruke, sesa t\u00eb vetat, por q\u00eb gjithsesi duket shum\u00eb seksi.<\/p>\n<p>Ajo k\u00ebto foto m\u00ebsojm\u00eb se e ka realizuar n\u00eb New York, ku vazhdon t\u00eb q\u00ebndroj\u00eb ende atje, por deri tani n\u00eb programet festive t\u00eb produksioneve t\u00eb ndryshme filmike dhe televizive nuk ka marr\u00eb pjes\u00eb askund. Por jan\u00eb thjesht foto n\u00eb k\u00ebt\u00eb stil apo t\u00eb shk\u00ebputura nga videoja m\u00eb e re, pritet t\u00eb shihet pasi ajo \u00ebsht\u00eb nj\u00eb nga k\u00ebng\u00ebtaret e befasive.<\/p>\n<p><strong>Panorama Plus<\/strong><\/p>\n<!--YouTube Error: bad URL entered-->\n","protected":false},"excerpt":{"rendered":"<p>Kur t\u00eb gjith\u00eb presin q\u00eb k\u00ebng\u00ebtarja Dafina Zeqiri t\u00eb kthehet nga Amerika me ndonj\u00eb projekt t\u00eb ri apo k\u00ebng\u00ebn q\u00eb mendohet se \u00ebsht\u00eb b\u00ebr\u00eb tashm\u00eb edhe n\u00eb versionin anglisht, ku flitet se \u00ebsht\u00eb nj\u00eb \u201cdiss\u201d p\u00ebr koleg\u00ebt e saj, ajo na shfaqet ndryshe por si look. Ja ku po vjen Dafina me look t\u00eb ri, [&hellip;]<\/p>\n","protected":false},"author":1,"featured_media":0,"comment_status":"closed","ping_status":"closed","sticky":false,"template":"","format":"standard","meta":{"spay_email":"","jetpack_publicize_message":"","jetpack_is_tweetstorm":false,"jetpack_publicize_feature_enabled":true},"categories":[1],"tags":[],"jetpack_publicize_connections":[],"yoast_head":"<!-- This site is optimized with the Yoast SEO plugin v19.1 - https:\/\/yoast.com\/wordpress\/plugins\/seo\/ -->\n<title>Dafina Zeqiri kthehet nga Amerika \u201cPink\u201d - Lajme nga Ulqini<\/title>\n<meta name=\"description\" content=\"Kur t\u00eb gjith\u00eb presin q\u00eb k\u00ebng\u00ebtarja Dafina Zeqiri t\u00eb kthehet nga Amerika me ndonj\u00eb projekt t\u00eb ri apo k\u00ebng\u00ebn q\u00eb mendohet se \u00ebsht\u00eb b\u00ebr\u00eb tashm\u00eb edhe n\u00eb\" \/>\n<meta name=\"robots\" content=\"index, follow, max-snippet:-1, max-image-preview:large, max-video-preview:-1\" \/>\n<link rel=\"canonical\" href=\"https:\/\/www.visit-ulcinj.com\/blog\/2013\/11\/19\/dafina-zeqiri-kthehet-nga-amerika-pink\/\" \/>\n<meta property=\"og:locale\" content=\"en_US\" \/>\n<meta property=\"og:type\" content=\"article\" \/>\n<meta property=\"og:title\" content=\"Dafina Zeqiri kthehet nga Amerika \u201cPink\u201d - Lajme nga Ulqini\" \/>\n<meta property=\"og:description\" content=\"Kur t\u00eb gjith\u00eb presin q\u00eb k\u00ebng\u00ebtarja Dafina Zeqiri t\u00eb kthehet nga Amerika me ndonj\u00eb projekt t\u00eb ri apo k\u00ebng\u00ebn q\u00eb mendohet se \u00ebsht\u00eb b\u00ebr\u00eb tashm\u00eb edhe n\u00eb\" \/>\n<meta property=\"og:url\" content=\"https:\/\/www.visit-ulcinj.com\/blog\/2013\/11\/19\/dafina-zeqiri-kthehet-nga-amerika-pink\/\" \/>\n<meta property=\"og:site_name\" content=\"Lajme nga Ulqini\" \/>\n<meta property=\"article:published_time\" content=\"2013-11-19T10:57:53+00:00\" \/>\n<meta property=\"og:image\" content=\"http:\/\/www.visit-ulcinj.com\/blog\/wp-content\/uploads\/2013\/11\/Dafina-Zeqiri-Pink.jpg\" \/>\n<meta name=\"twitter:label1\" content=\"Written by\" \/>\n\t<meta name=\"twitter:data1\" content=\"ulqini\" \/>\n\t<meta name=\"twitter:label2\" content=\"Est. reading time\" \/>\n\t<meta name=\"twitter:data2\" content=\"1 minute\" \/>\n<script type=\"application\/ld+json\" class=\"yoast-schema-graph\">{\"@context\":\"https:\/\/schema.org\",\"@graph\":[{\"@type\":\"WebSite\",\"@id\":\"https:\/\/www.visit-ulcinj.com\/blog\/#website\",\"url\":\"https:\/\/www.visit-ulcinj.com\/blog\/\",\"name\":\"Lajme nga Ulqini\",\"description\":\"Lajme,Vijesti,Ulqini,Ulqin,Crna Gora,Mali i Zi\",\"potentialAction\":[{\"@type\":\"SearchAction\",\"target\":{\"@type\":\"EntryPoint\",\"urlTemplate\":\"https:\/\/www.visit-ulcinj.com\/blog\/?s={search_term_string}\"},\"query-input\":\"required name=search_term_string\"}],\"inLanguage\":\"en-US\"},{\"@type\":\"ImageObject\",\"inLanguage\":\"en-US\",\"@id\":\"https:\/\/www.visit-ulcinj.com\/blog\/2013\/11\/19\/dafina-zeqiri-kthehet-nga-amerika-pink\/#primaryimage\",\"url\":\"https:\/\/www.visit-ulcinj.com\/blog\/wp-content\/uploads\/2013\/11\/Dafina-Zeqiri-Pink.jpg\",\"contentUrl\":\"https:\/\/www.visit-ulcinj.com\/blog\/wp-content\/uploads\/2013\/11\/Dafina-Zeqiri-Pink.jpg\",\"width\":600,\"height\":400},{\"@type\":\"WebPage\",\"@id\":\"https:\/\/www.visit-ulcinj.com\/blog\/2013\/11\/19\/dafina-zeqiri-kthehet-nga-amerika-pink\/#webpage\",\"url\":\"https:\/\/www.visit-ulcinj.com\/blog\/2013\/11\/19\/dafina-zeqiri-kthehet-nga-amerika-pink\/\",\"name\":\"Dafina Zeqiri kthehet nga Amerika \u201cPink\u201d - Lajme nga Ulqini\",\"isPartOf\":{\"@id\":\"https:\/\/www.visit-ulcinj.com\/blog\/#website\"},\"primaryImageOfPage\":{\"@id\":\"https:\/\/www.visit-ulcinj.com\/blog\/2013\/11\/19\/dafina-zeqiri-kthehet-nga-amerika-pink\/#primaryimage\"},\"datePublished\":\"2013-11-19T10:57:53+00:00\",\"dateModified\":\"2013-11-19T10:57:53+00:00\",\"author\":{\"@id\":\"https:\/\/www.visit-ulcinj.com\/blog\/#\/schema\/person\/dcab619c614d3038751c63bc2aadc06d\"},\"description\":\"Kur t\u00eb gjith\u00eb presin q\u00eb k\u00ebng\u00ebtarja Dafina Zeqiri t\u00eb kthehet nga Amerika me ndonj\u00eb projekt t\u00eb ri apo k\u00ebng\u00ebn q\u00eb mendohet se \u00ebsht\u00eb b\u00ebr\u00eb tashm\u00eb edhe n\u00eb\",\"breadcrumb\":{\"@id\":\"https:\/\/www.visit-ulcinj.com\/blog\/2013\/11\/19\/dafina-zeqiri-kthehet-nga-amerika-pink\/#breadcrumb\"},\"inLanguage\":\"en-US\",\"potentialAction\":[{\"@type\":\"ReadAction\",\"target\":[\"https:\/\/www.visit-ulcinj.com\/blog\/2013\/11\/19\/dafina-zeqiri-kthehet-nga-amerika-pink\/\"]}]},{\"@type\":\"BreadcrumbList\",\"@id\":\"https:\/\/www.visit-ulcinj.com\/blog\/2013\/11\/19\/dafina-zeqiri-kthehet-nga-amerika-pink\/#breadcrumb\",\"itemListElement\":[{\"@type\":\"ListItem\",\"position\":1,\"name\":\"Dafina Zeqiri kthehet nga Amerika \u201cPink\u201d\"}]},{\"@type\":\"Person\",\"@id\":\"https:\/\/www.visit-ulcinj.com\/blog\/#\/schema\/person\/dcab619c614d3038751c63bc2aadc06d\",\"name\":\"ulqini\",\"sameAs\":[\"http:\/\/www.visit-ulcinj.com\"],\"url\":\"https:\/\/www.visit-ulcinj.com\/blog\/author\/admin\/\"}]}<\/script>\n<!-- \/ Yoast SEO plugin. -->","yoast_head_json":{"title":"Dafina Zeqiri kthehet nga Amerika \u201cPink\u201d - Lajme nga Ulqini","description":"Kur t\u00eb gjith\u00eb presin q\u00eb k\u00ebng\u00ebtarja Dafina Zeqiri t\u00eb kthehet nga Amerika me ndonj\u00eb projekt t\u00eb ri apo k\u00ebng\u00ebn q\u00eb mendohet se \u00ebsht\u00eb b\u00ebr\u00eb tashm\u00eb edhe n\u00eb","robots":{"index":"index","follow":"follow","max-snippet":"max-snippet:-1","max-image-preview":"max-image-preview:large","max-video-preview":"max-video-preview:-1"},"canonical":"https:\/\/www.visit-ulcinj.com\/blog\/2013\/11\/19\/dafina-zeqiri-kthehet-nga-amerika-pink\/","og_locale":"en_US","og_type":"article","og_title":"Dafina Zeqiri kthehet nga Amerika \u201cPink\u201d - Lajme nga Ulqini","og_description":"Kur t\u00eb gjith\u00eb presin q\u00eb k\u00ebng\u00ebtarja Dafina Zeqiri t\u00eb kthehet nga Amerika me ndonj\u00eb projekt t\u00eb ri apo k\u00ebng\u00ebn q\u00eb mendohet se \u00ebsht\u00eb b\u00ebr\u00eb tashm\u00eb edhe n\u00eb","og_url":"https:\/\/www.visit-ulcinj.com\/blog\/2013\/11\/19\/dafina-zeqiri-kthehet-nga-amerika-pink\/","og_site_name":"Lajme nga Ulqini","article_published_time":"2013-11-19T10:57:53+00:00","og_image":[{"url":"http:\/\/www.visit-ulcinj.com\/blog\/wp-content\/uploads\/2013\/11\/Dafina-Zeqiri-Pink.jpg"}],"twitter_misc":{"Written by":"ulqini","Est. reading time":"1 minute"},"schema":{"@context":"https:\/\/schema.org","@graph":[{"@type":"WebSite","@id":"https:\/\/www.visit-ulcinj.com\/blog\/#website","url":"https:\/\/www.visit-ulcinj.com\/blog\/","name":"Lajme nga Ulqini","description":"Lajme,Vijesti,Ulqini,Ulqin,Crna Gora,Mali i Zi","potentialAction":[{"@type":"SearchAction","target":{"@type":"EntryPoint","urlTemplate":"https:\/\/www.visit-ulcinj.com\/blog\/?s={search_term_string}"},"query-input":"required name=search_term_string"}],"inLanguage":"en-US"},{"@type":"ImageObject","inLanguage":"en-US","@id":"https:\/\/www.visit-ulcinj.com\/blog\/2013\/11\/19\/dafina-zeqiri-kthehet-nga-amerika-pink\/#primaryimage","url":"https:\/\/www.visit-ulcinj.com\/blog\/wp-content\/uploads\/2013\/11\/Dafina-Zeqiri-Pink.jpg","contentUrl":"https:\/\/www.visit-ulcinj.com\/blog\/wp-content\/uploads\/2013\/11\/Dafina-Zeqiri-Pink.jpg","width":600,"height":400},{"@type":"WebPage","@id":"https:\/\/www.visit-ulcinj.com\/blog\/2013\/11\/19\/dafina-zeqiri-kthehet-nga-amerika-pink\/#webpage","url":"https:\/\/www.visit-ulcinj.com\/blog\/2013\/11\/19\/dafina-zeqiri-kthehet-nga-amerika-pink\/","name":"Dafina Zeqiri kthehet nga Amerika \u201cPink\u201d - Lajme nga Ulqini","isPartOf":{"@id":"https:\/\/www.visit-ulcinj.com\/blog\/#website"},"primaryImageOfPage":{"@id":"https:\/\/www.visit-ulcinj.com\/blog\/2013\/11\/19\/dafina-zeqiri-kthehet-nga-amerika-pink\/#primaryimage"},"datePublished":"2013-11-19T10:57:53+00:00","dateModified":"2013-11-19T10:57:53+00:00","author":{"@id":"https:\/\/www.visit-ulcinj.com\/blog\/#\/schema\/person\/dcab619c614d3038751c63bc2aadc06d"},"description":"Kur t\u00eb gjith\u00eb presin q\u00eb k\u00ebng\u00ebtarja Dafina Zeqiri t\u00eb kthehet nga Amerika me ndonj\u00eb projekt t\u00eb ri apo k\u00ebng\u00ebn q\u00eb mendohet se \u00ebsht\u00eb b\u00ebr\u00eb tashm\u00eb edhe n\u00eb","breadcrumb":{"@id":"https:\/\/www.visit-ulcinj.com\/blog\/2013\/11\/19\/dafina-zeqiri-kthehet-nga-amerika-pink\/#breadcrumb"},"inLanguage":"en-US","potentialAction":[{"@type":"ReadAction","target":["https:\/\/www.visit-ulcinj.com\/blog\/2013\/11\/19\/dafina-zeqiri-kthehet-nga-amerika-pink\/"]}]},{"@type":"BreadcrumbList","@id":"https:\/\/www.visit-ulcinj.com\/blog\/2013\/11\/19\/dafina-zeqiri-kthehet-nga-amerika-pink\/#breadcrumb","itemListElement":[{"@type":"ListItem","position":1,"name":"Dafina Zeqiri kthehet nga Amerika \u201cPink\u201d"}]},{"@type":"Person","@id":"https:\/\/www.visit-ulcinj.com\/blog\/#\/schema\/person\/dcab619c614d3038751c63bc2aadc06d","name":"ulqini","sameAs":["http:\/\/www.visit-ulcinj.com"],"url":"https:\/\/www.visit-ulcinj.com\/blog\/author\/admin\/"}]}},"jetpack_featured_media_url":"","jetpack_sharing_enabled":true,"jetpack_shortlink":"https:\/\/wp.me\/pe6lTn-jRM","_links":{"self":[{"href":"https:\/\/www.visit-ulcinj.com\/blog\/wp-json\/wp\/v2\/posts\/76370"}],"collection":[{"href":"https:\/\/www.visit-ulcinj.com\/blog\/wp-json\/wp\/v2\/posts"}],"about":[{"href":"https:\/\/www.visit-ulcinj.com\/blog\/wp-json\/wp\/v2\/types\/post"}],"author":[{"embeddable":true,"href":"https:\/\/www.visit-ulcinj.com\/blog\/wp-json\/wp\/v2\/users\/1"}],"replies":[{"embeddable":true,"href":"https:\/\/www.visit-ulcinj.com\/blog\/wp-json\/wp\/v2\/comments?post=76370"}],"version-history":[{"count":1,"href":"https:\/\/www.visit-ulcinj.com\/blog\/wp-json\/wp\/v2\/posts\/76370\/revisions"}],"predecessor-version":[{"id":76372,"href":"https:\/\/www.visit-ulcinj.com\/blog\/wp-json\/wp\/v2\/posts\/76370\/revisions\/76372"}],"wp:attachment":[{"href":"https:\/\/www.visit-ulcinj.com\/blog\/wp-json\/wp\/v2\/media?parent=76370"}],"wp:term":[{"taxonomy":"category","embeddable":true,"href":"https:\/\/www.visit-ulcinj.com\/blog\/wp-json\/wp\/v2\/categories?post=76370"},{"taxonomy":"post_tag","embeddable":true,"href":"https:\/\/www.visit-ulcinj.com\/blog\/wp-json\/wp\/v2\/tags?post=76370"}],"curies":[{"name":"wp","href":"https:\/\/api.w.org\/{rel}","templated":true}]}}