{"id":76382,"date":"2013-11-19T18:48:16","date_gmt":"2013-11-19T17:48:16","guid":{"rendered":"http:\/\/www.visit-ulcinj.com\/blog\/?p=76382"},"modified":"2013-11-19T21:04:49","modified_gmt":"2013-11-19T20:04:49","slug":"kkchampion-perfaqesim-dinjitoz-ne-tirane","status":"publish","type":"post","link":"https:\/\/www.visit-ulcinj.com\/blog\/2013\/11\/19\/kkchampion-perfaqesim-dinjitoz-ne-tirane\/","title":{"rendered":"KK\u2019\u2019Champion\u2019\u2019- p\u00ebrfaq\u00ebsim dinjitoz n\u00eb Tiran\u00eb &#8211; Video"},"content":{"rendered":"<p><a href=\"http:\/\/www.visit-ulcinj.com\/blog\/wp-content\/uploads\/2013\/11\/KK-Champion-Tirana-Karate-Open.jpg\"><img loading=\"lazy\" class=\"alignleft  wp-image-76383\" alt=\"KK Champion-Tirana Karate Open\" src=\"http:\/\/www.visit-ulcinj.com\/blog\/wp-content\/uploads\/2013\/11\/KK-Champion-Tirana-Karate-Open.jpg\" width=\"508\" height=\"360\" \/><\/a>Te dielen,me 17 nentor 2013 klubi I karatese Champion mori pjese ne turneun \u2018\u2019Tirana Karate Open\u2019\u2019qe u mbajt ne Tirane. Pjesmarres ishin 5 shtete me mbi 350 garues Champion mori pjese me 7 garues nder te cilet 2 ne kata individuele kurse 5 ne luftra individuale te cilet fituan 2 medalje te arta dhe 3 bronzi.<\/p>\n<p><a href=\"http:\/\/www.visit-ulcinj.com\/blog\/wp-content\/uploads\/2013\/11\/KK-Champion-Tirana-Karate-Open-1.jpg\"><img loading=\"lazy\" class=\"alignleft  wp-image-76384\" alt=\"KK Champion-Tirana Karate Open-1\" src=\"http:\/\/www.visit-ulcinj.com\/blog\/wp-content\/uploads\/2013\/11\/KK-Champion-Tirana-Karate-Open-1.jpg\" width=\"508\" height=\"360\" \/><\/a><\/p>\n<p>Ne kategorine -42kg,me medalje te arte u kurorezua Melita Shata.Ndersa ne kategorine -47 kg gjithashtu me medalje te arte Andrea Dragojeviq per te cilen ishte nje sfide duke marre parasysh konkurencen e madhe ne kategorine e saj.<\/p>\n<p><a href=\"http:\/\/www.visit-ulcinj.com\/blog\/wp-content\/uploads\/2013\/11\/KK-Champion-Tirana-Karate-Open-2.jpg\"><img loading=\"lazy\" class=\"alignleft  wp-image-76385\" alt=\"KK Champion-Tirana Karate Open-2\" src=\"http:\/\/www.visit-ulcinj.com\/blog\/wp-content\/uploads\/2013\/11\/KK-Champion-Tirana-Karate-Open-2.jpg\" width=\"508\" height=\"360\" \/><\/a><\/p>\n<p>Por Andrea me talentin e saj te vacant po tregon se sfidat per te nuk sherbejne si pengese por po e bejne ate cdo here e me te suksesshme.Ne finale ajo doli fituese me rezultat 7:1. Ne kategorine +32kg,grupmosha 2003,me medalje bronzi u kurorezua Leona Markiq,ndersa Eliza Markiq poashtu me medalje bronzi ne kategorine +40kg,grupmosha 2001.<\/p>\n<p><a href=\"http:\/\/www.visit-ulcinj.com\/blog\/wp-content\/uploads\/2013\/11\/KK-Champion-Tirana-Karate-Open-3.jpg\"><img loading=\"lazy\" class=\"alignleft  wp-image-76386\" alt=\"KK Champion-Tirana Karate Open-3\" src=\"http:\/\/www.visit-ulcinj.com\/blog\/wp-content\/uploads\/2013\/11\/KK-Champion-Tirana-Karate-Open-3.jpg\" width=\"508\" height=\"360\" \/><\/a><\/p>\n<p>Kurse ne kategorine e kadeteve +54kg,me medalje bronzi Ivana Rangjelloviq. Ky turne ishte i organizuar ne nivel te larte me sportiste te suksesshem.Nga Mali i Zi moren pjese 5 klube:KK.Bratstvo,KK Bar,KK Ulqini,KK Albulena dhe KK Champion. Traineri i klubit te karatese Champion Lek Markiqi dhe ndihmestraineri Rizo Resyli,falenderojne organizatorin per ftesen dhe mikpritjen.Gjithashtu urojne nxenesit per fitoret edhe ne kete gare duke ju uruar suksese edhe ne garat ne vazhdim.<\/p>\n<p id=\"webMessengerHeaderName\"><strong><a id=\"js_62\" href=\"https:\/\/www.facebook.com\/champion.karate.7\" data-hovercard=\"\/ajax\/hovercard\/hovercard.php?id=100002191016175&amp;extragetparams=%7B%7D\">Me shum Foto &#8211; Karate Club Champion Ulcinj Facebook<\/a><\/strong><\/p>\n<!--YouTube Error: bad URL entered-->\n","protected":false},"excerpt":{"rendered":"<p>Te dielen,me 17 nentor 2013 klubi I karatese Champion mori pjese ne turneun \u2018\u2019Tirana Karate Open\u2019\u2019qe u mbajt ne Tirane. Pjesmarres ishin 5 shtete me mbi 350 garues Champion mori pjese me 7 garues nder te cilet 2 ne kata individuele kurse 5 ne luftra individuale te cilet fituan 2 medalje te arta dhe 3 [&hellip;]<\/p>\n","protected":false},"author":1,"featured_media":0,"comment_status":"closed","ping_status":"closed","sticky":false,"template":"","format":"standard","meta":{"spay_email":"","jetpack_publicize_message":"","jetpack_is_tweetstorm":false,"jetpack_publicize_feature_enabled":true},"categories":[1,3],"tags":[],"jetpack_publicize_connections":[],"yoast_head":"<!-- This site is optimized with the Yoast SEO plugin v19.1 - https:\/\/yoast.com\/wordpress\/plugins\/seo\/ -->\n<title>KK\u2019\u2019Champion\u2019\u2019- p\u00ebrfaq\u00ebsim dinjitoz n\u00eb Tiran\u00eb - Video - Lajme nga Ulqini<\/title>\n<meta name=\"description\" content=\"Te dielen,me 17 nentor 2013 klubi I karatese Champion mori pjese ne turneun \u2018\u2019Tirana Karate Open\u2019\u2019qe u mbajt ne Tirane. Pjesmarres ishin 5 shtete me mbi\" \/>\n<meta name=\"robots\" content=\"index, follow, max-snippet:-1, max-image-preview:large, max-video-preview:-1\" \/>\n<link rel=\"canonical\" href=\"https:\/\/www.visit-ulcinj.com\/blog\/2013\/11\/19\/kkchampion-perfaqesim-dinjitoz-ne-tirane\/\" \/>\n<meta property=\"og:locale\" content=\"en_US\" \/>\n<meta property=\"og:type\" content=\"article\" \/>\n<meta property=\"og:title\" content=\"KK\u2019\u2019Champion\u2019\u2019- p\u00ebrfaq\u00ebsim dinjitoz n\u00eb Tiran\u00eb - Video - Lajme nga Ulqini\" \/>\n<meta property=\"og:description\" content=\"Te dielen,me 17 nentor 2013 klubi I karatese Champion mori pjese ne turneun \u2018\u2019Tirana Karate Open\u2019\u2019qe u mbajt ne Tirane. Pjesmarres ishin 5 shtete me mbi\" \/>\n<meta property=\"og:url\" content=\"https:\/\/www.visit-ulcinj.com\/blog\/2013\/11\/19\/kkchampion-perfaqesim-dinjitoz-ne-tirane\/\" \/>\n<meta property=\"og:site_name\" content=\"Lajme nga Ulqini\" \/>\n<meta property=\"article:published_time\" content=\"2013-11-19T17:48:16+00:00\" \/>\n<meta property=\"article:modified_time\" content=\"2013-11-19T20:04:49+00:00\" \/>\n<meta property=\"og:image\" content=\"http:\/\/www.visit-ulcinj.com\/blog\/wp-content\/uploads\/2013\/11\/KK-Champion-Tirana-Karate-Open.jpg\" \/>\n<meta name=\"twitter:label1\" content=\"Written by\" \/>\n\t<meta name=\"twitter:data1\" content=\"ulqini\" \/>\n\t<meta name=\"twitter:label2\" content=\"Est. reading time\" \/>\n\t<meta name=\"twitter:data2\" content=\"1 minute\" \/>\n<script type=\"application\/ld+json\" class=\"yoast-schema-graph\">{\"@context\":\"https:\/\/schema.org\",\"@graph\":[{\"@type\":\"WebSite\",\"@id\":\"https:\/\/www.visit-ulcinj.com\/blog\/#website\",\"url\":\"https:\/\/www.visit-ulcinj.com\/blog\/\",\"name\":\"Lajme nga Ulqini\",\"description\":\"Lajme,Vijesti,Ulqini,Ulqin,Crna Gora,Mali i Zi\",\"potentialAction\":[{\"@type\":\"SearchAction\",\"target\":{\"@type\":\"EntryPoint\",\"urlTemplate\":\"https:\/\/www.visit-ulcinj.com\/blog\/?s={search_term_string}\"},\"query-input\":\"required name=search_term_string\"}],\"inLanguage\":\"en-US\"},{\"@type\":\"ImageObject\",\"inLanguage\":\"en-US\",\"@id\":\"https:\/\/www.visit-ulcinj.com\/blog\/2013\/11\/19\/kkchampion-perfaqesim-dinjitoz-ne-tirane\/#primaryimage\",\"url\":\"https:\/\/www.visit-ulcinj.com\/blog\/wp-content\/uploads\/2013\/11\/KK-Champion-Tirana-Karate-Open.jpg\",\"contentUrl\":\"https:\/\/www.visit-ulcinj.com\/blog\/wp-content\/uploads\/2013\/11\/KK-Champion-Tirana-Karate-Open.jpg\",\"width\":640,\"height\":480},{\"@type\":\"WebPage\",\"@id\":\"https:\/\/www.visit-ulcinj.com\/blog\/2013\/11\/19\/kkchampion-perfaqesim-dinjitoz-ne-tirane\/#webpage\",\"url\":\"https:\/\/www.visit-ulcinj.com\/blog\/2013\/11\/19\/kkchampion-perfaqesim-dinjitoz-ne-tirane\/\",\"name\":\"KK\u2019\u2019Champion\u2019\u2019- p\u00ebrfaq\u00ebsim dinjitoz n\u00eb Tiran\u00eb - Video - Lajme nga Ulqini\",\"isPartOf\":{\"@id\":\"https:\/\/www.visit-ulcinj.com\/blog\/#website\"},\"primaryImageOfPage\":{\"@id\":\"https:\/\/www.visit-ulcinj.com\/blog\/2013\/11\/19\/kkchampion-perfaqesim-dinjitoz-ne-tirane\/#primaryimage\"},\"datePublished\":\"2013-11-19T17:48:16+00:00\",\"dateModified\":\"2013-11-19T20:04:49+00:00\",\"author\":{\"@id\":\"https:\/\/www.visit-ulcinj.com\/blog\/#\/schema\/person\/dcab619c614d3038751c63bc2aadc06d\"},\"description\":\"Te dielen,me 17 nentor 2013 klubi I karatese Champion mori pjese ne turneun \u2018\u2019Tirana Karate Open\u2019\u2019qe u mbajt ne Tirane. Pjesmarres ishin 5 shtete me mbi\",\"breadcrumb\":{\"@id\":\"https:\/\/www.visit-ulcinj.com\/blog\/2013\/11\/19\/kkchampion-perfaqesim-dinjitoz-ne-tirane\/#breadcrumb\"},\"inLanguage\":\"en-US\",\"potentialAction\":[{\"@type\":\"ReadAction\",\"target\":[\"https:\/\/www.visit-ulcinj.com\/blog\/2013\/11\/19\/kkchampion-perfaqesim-dinjitoz-ne-tirane\/\"]}]},{\"@type\":\"BreadcrumbList\",\"@id\":\"https:\/\/www.visit-ulcinj.com\/blog\/2013\/11\/19\/kkchampion-perfaqesim-dinjitoz-ne-tirane\/#breadcrumb\",\"itemListElement\":[{\"@type\":\"ListItem\",\"position\":1,\"name\":\"KK\u2019\u2019Champion\u2019\u2019- p\u00ebrfaq\u00ebsim dinjitoz n\u00eb Tiran\u00eb &#8211; Video\"}]},{\"@type\":\"Person\",\"@id\":\"https:\/\/www.visit-ulcinj.com\/blog\/#\/schema\/person\/dcab619c614d3038751c63bc2aadc06d\",\"name\":\"ulqini\",\"sameAs\":[\"http:\/\/www.visit-ulcinj.com\"],\"url\":\"https:\/\/www.visit-ulcinj.com\/blog\/author\/admin\/\"}]}<\/script>\n<!-- \/ Yoast SEO plugin. -->","yoast_head_json":{"title":"KK\u2019\u2019Champion\u2019\u2019- p\u00ebrfaq\u00ebsim dinjitoz n\u00eb Tiran\u00eb - Video - Lajme nga Ulqini","description":"Te dielen,me 17 nentor 2013 klubi I karatese Champion mori pjese ne turneun \u2018\u2019Tirana Karate Open\u2019\u2019qe u mbajt ne Tirane. Pjesmarres ishin 5 shtete me mbi","robots":{"index":"index","follow":"follow","max-snippet":"max-snippet:-1","max-image-preview":"max-image-preview:large","max-video-preview":"max-video-preview:-1"},"canonical":"https:\/\/www.visit-ulcinj.com\/blog\/2013\/11\/19\/kkchampion-perfaqesim-dinjitoz-ne-tirane\/","og_locale":"en_US","og_type":"article","og_title":"KK\u2019\u2019Champion\u2019\u2019- p\u00ebrfaq\u00ebsim dinjitoz n\u00eb Tiran\u00eb - Video - Lajme nga Ulqini","og_description":"Te dielen,me 17 nentor 2013 klubi I karatese Champion mori pjese ne turneun \u2018\u2019Tirana Karate Open\u2019\u2019qe u mbajt ne Tirane. Pjesmarres ishin 5 shtete me mbi","og_url":"https:\/\/www.visit-ulcinj.com\/blog\/2013\/11\/19\/kkchampion-perfaqesim-dinjitoz-ne-tirane\/","og_site_name":"Lajme nga Ulqini","article_published_time":"2013-11-19T17:48:16+00:00","article_modified_time":"2013-11-19T20:04:49+00:00","og_image":[{"url":"http:\/\/www.visit-ulcinj.com\/blog\/wp-content\/uploads\/2013\/11\/KK-Champion-Tirana-Karate-Open.jpg"}],"twitter_misc":{"Written by":"ulqini","Est. reading time":"1 minute"},"schema":{"@context":"https:\/\/schema.org","@graph":[{"@type":"WebSite","@id":"https:\/\/www.visit-ulcinj.com\/blog\/#website","url":"https:\/\/www.visit-ulcinj.com\/blog\/","name":"Lajme nga Ulqini","description":"Lajme,Vijesti,Ulqini,Ulqin,Crna Gora,Mali i Zi","potentialAction":[{"@type":"SearchAction","target":{"@type":"EntryPoint","urlTemplate":"https:\/\/www.visit-ulcinj.com\/blog\/?s={search_term_string}"},"query-input":"required name=search_term_string"}],"inLanguage":"en-US"},{"@type":"ImageObject","inLanguage":"en-US","@id":"https:\/\/www.visit-ulcinj.com\/blog\/2013\/11\/19\/kkchampion-perfaqesim-dinjitoz-ne-tirane\/#primaryimage","url":"https:\/\/www.visit-ulcinj.com\/blog\/wp-content\/uploads\/2013\/11\/KK-Champion-Tirana-Karate-Open.jpg","contentUrl":"https:\/\/www.visit-ulcinj.com\/blog\/wp-content\/uploads\/2013\/11\/KK-Champion-Tirana-Karate-Open.jpg","width":640,"height":480},{"@type":"WebPage","@id":"https:\/\/www.visit-ulcinj.com\/blog\/2013\/11\/19\/kkchampion-perfaqesim-dinjitoz-ne-tirane\/#webpage","url":"https:\/\/www.visit-ulcinj.com\/blog\/2013\/11\/19\/kkchampion-perfaqesim-dinjitoz-ne-tirane\/","name":"KK\u2019\u2019Champion\u2019\u2019- p\u00ebrfaq\u00ebsim dinjitoz n\u00eb Tiran\u00eb - Video - Lajme nga Ulqini","isPartOf":{"@id":"https:\/\/www.visit-ulcinj.com\/blog\/#website"},"primaryImageOfPage":{"@id":"https:\/\/www.visit-ulcinj.com\/blog\/2013\/11\/19\/kkchampion-perfaqesim-dinjitoz-ne-tirane\/#primaryimage"},"datePublished":"2013-11-19T17:48:16+00:00","dateModified":"2013-11-19T20:04:49+00:00","author":{"@id":"https:\/\/www.visit-ulcinj.com\/blog\/#\/schema\/person\/dcab619c614d3038751c63bc2aadc06d"},"description":"Te dielen,me 17 nentor 2013 klubi I karatese Champion mori pjese ne turneun \u2018\u2019Tirana Karate Open\u2019\u2019qe u mbajt ne Tirane. Pjesmarres ishin 5 shtete me mbi","breadcrumb":{"@id":"https:\/\/www.visit-ulcinj.com\/blog\/2013\/11\/19\/kkchampion-perfaqesim-dinjitoz-ne-tirane\/#breadcrumb"},"inLanguage":"en-US","potentialAction":[{"@type":"ReadAction","target":["https:\/\/www.visit-ulcinj.com\/blog\/2013\/11\/19\/kkchampion-perfaqesim-dinjitoz-ne-tirane\/"]}]},{"@type":"BreadcrumbList","@id":"https:\/\/www.visit-ulcinj.com\/blog\/2013\/11\/19\/kkchampion-perfaqesim-dinjitoz-ne-tirane\/#breadcrumb","itemListElement":[{"@type":"ListItem","position":1,"name":"KK\u2019\u2019Champion\u2019\u2019- p\u00ebrfaq\u00ebsim dinjitoz n\u00eb Tiran\u00eb &#8211; Video"}]},{"@type":"Person","@id":"https:\/\/www.visit-ulcinj.com\/blog\/#\/schema\/person\/dcab619c614d3038751c63bc2aadc06d","name":"ulqini","sameAs":["http:\/\/www.visit-ulcinj.com"],"url":"https:\/\/www.visit-ulcinj.com\/blog\/author\/admin\/"}]}},"jetpack_featured_media_url":"","jetpack_sharing_enabled":true,"jetpack_shortlink":"https:\/\/wp.me\/pe6lTn-jRY","_links":{"self":[{"href":"https:\/\/www.visit-ulcinj.com\/blog\/wp-json\/wp\/v2\/posts\/76382"}],"collection":[{"href":"https:\/\/www.visit-ulcinj.com\/blog\/wp-json\/wp\/v2\/posts"}],"about":[{"href":"https:\/\/www.visit-ulcinj.com\/blog\/wp-json\/wp\/v2\/types\/post"}],"author":[{"embeddable":true,"href":"https:\/\/www.visit-ulcinj.com\/blog\/wp-json\/wp\/v2\/users\/1"}],"replies":[{"embeddable":true,"href":"https:\/\/www.visit-ulcinj.com\/blog\/wp-json\/wp\/v2\/comments?post=76382"}],"version-history":[{"count":2,"href":"https:\/\/www.visit-ulcinj.com\/blog\/wp-json\/wp\/v2\/posts\/76382\/revisions"}],"predecessor-version":[{"id":76388,"href":"https:\/\/www.visit-ulcinj.com\/blog\/wp-json\/wp\/v2\/posts\/76382\/revisions\/76388"}],"wp:attachment":[{"href":"https:\/\/www.visit-ulcinj.com\/blog\/wp-json\/wp\/v2\/media?parent=76382"}],"wp:term":[{"taxonomy":"category","embeddable":true,"href":"https:\/\/www.visit-ulcinj.com\/blog\/wp-json\/wp\/v2\/categories?post=76382"},{"taxonomy":"post_tag","embeddable":true,"href":"https:\/\/www.visit-ulcinj.com\/blog\/wp-json\/wp\/v2\/tags?post=76382"}],"curies":[{"name":"wp","href":"https:\/\/api.w.org\/{rel}","templated":true}]}}