{"id":76389,"date":"2013-11-19T21:03:25","date_gmt":"2013-11-19T20:03:25","guid":{"rendered":"http:\/\/www.visit-ulcinj.com\/blog\/?p=76389"},"modified":"2013-11-26T16:51:38","modified_gmt":"2013-11-26T15:51:38","slug":"bashkimi-dha-rezultat-te-shkelqyer-ne-tirana-karate-open-2013","status":"publish","type":"post","link":"https:\/\/www.visit-ulcinj.com\/blog\/2013\/11\/19\/bashkimi-dha-rezultat-te-shkelqyer-ne-tirana-karate-open-2013\/","title":{"rendered":"Bashkimi dha rezultat t\u00eb shk\u00eblqyer n\u00eb Tirana Karate Open 2013 &#8211; Video"},"content":{"rendered":"<p><a href=\"http:\/\/www.visit-ulcinj.com\/blog\/wp-content\/uploads\/2013\/11\/Klubet-e-karates\u00eb-Ulqini-Rei-Olympic.jpg\"><img loading=\"lazy\" class=\"alignleft  wp-image-76390\" alt=\"Klubet e karates\u00eb Ulqini - Rei - Olympic\" src=\"http:\/\/www.visit-ulcinj.com\/blog\/wp-content\/uploads\/2013\/11\/Klubet-e-karates\u00eb-Ulqini-Rei-Olympic.jpg\" width=\"508\" height=\"360\" \/><\/a>Klubi i karates\u00eb \u201cUlqini\u201d, klubi i par\u00eb i karates\u00eb n\u00eb komun\u00ebn e Ulqinit dhe Klubi i karates\u00eb \u201cRei\u201d, klubi m\u00eb i ri n\u00eb Ulqin, bashkuan forcat e veta p\u00ebr t\u00eb marr\u00eb pjes\u00eb n\u00eb Turneun ndr\u00ebkomb\u00ebtar t\u00eb karates\u00eb \u201cTIRANA KARATE OPEN 2013\u201d, i cili u organizua m\u00eb 17 n\u00ebntor 2013 p\u00ebr nder t\u00eb \u00e7lirimit t\u00eb Tiran\u00ebs. P\u00ebr nj\u00eb prezentim m\u00eb t\u00eb mir\u00eb t\u00eb qytetit ton\u00eb dy klubet u dakorduan q\u00eb n\u00eb k\u00ebt\u00eb turne t\u00eb marrin pjes\u00eb n\u00eb em\u00ebr t\u00eb Klubit t\u00eb karates\u00eb \u201cUlqini\u201d, me emrin e qytetit. K\u00ebshtu \u201cULQINI\u201d n\u00eb baz\u00eb t\u00eb rezultateve zyrtare nga Federata e Karates\u00eb s\u00eb Shqip\u00ebris\u00eb \u00ebsht\u00eb klubi m\u00eb i suksessh\u00ebm n\u00eb mesin e t\u00eb gjith\u00eb klubeve pjes\u00ebmarr\u00ebse t\u00eb Turneut, duke fituar m\u00eb s\u00eb shumti medalje t\u00eb arta, pra me m\u00eb shum\u00eb kampion\u00eb dhe n\u00eb p\u00ebrgjith\u00ebsi me m\u00eb shum\u00eb medalje t\u00eb fituara se klubet e tjera..<\/p>\n<p>Karateist\u00ebt e KK \u201cUlqini\u201d dhe KK \u201cRei\u201d arrit\u00ebn t\u00eb fitojn\u00eb 22 medalje: 10 medalje t\u00eb arta, 6 t\u00eb argjendta dhe 6 t\u00eb bronzta. Ky ishte nj\u00eb sukses i madh, pasi q\u00eb n\u00eb k\u00ebt\u00eb gar\u00eb mor\u00ebn pjes\u00eb shum\u00eb garues t\u00eb mir\u00eb nga Mali i Zi, Kosova, Maqedonia, Greqia si dhe klube nga Shqip\u00ebria.<br \/>\nN\u00eb k\u00ebt\u00eb turne mor\u00ebn pjes\u00eb 35 klube me mbi 350 garues. Turneu ishte i organizuar n\u00eb nj\u00eb nivel t\u00eb lart\u00eb, p\u00ebr \u00e7ka p\u00ebrg\u00ebzojm\u00eb organizatorin, Federat\u00ebn e Karates\u00eb s\u00eb Shqip\u00ebris\u00eb, n\u00eb krye me kryetarin Petrit Baba, drejtorin Ramiz Ismailgeci dhe selektorin Parid Dule.<\/p>\n<p>Dy klubet e karates\u00eb n\u00eb k\u00ebt\u00eb turne mor\u00ebn pjes\u00eb me 22 garues t\u00eb gjeneratave t\u00eb ndryshme.<br \/>\nNga radh\u00ebt e KK \u201cUlqini\u201d dhe KK \u201cRei\u201d k\u00ebta garues u kuror\u00ebzuan me medalje t\u00eb arta dhe u shpall\u00ebn kampion\u00eb t\u00eb Turneut: Hantie Ibro\u00e7i e cila u kuror\u00ebzua me dy medalje t\u00eb arta, pastaj Eliza Salihi, Diell\u00ebza Rama, Ronald Jacoviq, Adnan Kuqi, Izabella Ivanoviq, Venesa Nuhi, Edmond Mehmedoviq dhe Antigona Rama. Duhet cekur se edhe an\u00ebtarja e klubit t\u00eb karates\u00eb \u201cUlqini\u201d Seida Suma u shpall kampione, por k\u00ebsaj here rezultati shkon p\u00ebr klubin \u201cIliria\u201d nga Prishtina, ku ajo ushtron p\u00ebr momentin si studente.<br \/>\nP\u00ebrve\u00e7 k\u00ebtyre medaljeve k\u00ebta garues u kuror\u00ebzuan edhe me medalje t\u00eb tjera.<\/p>\n<p>Me nga disa medalje t\u00eb tjera u shp\u00ebrblyen: Albert Rudoviq, Admir Sella, Pjeter Hota, Gabriell Bytyqi, Ensar Marshiq, Katarina Marnikoviq dhe Lavdim Tula.<\/p>\n<p>Trajner\u00ebt dhe udh\u00ebheq\u00ebsit e Klubi t\u00eb Karates\u00eb \u201cUlqini\u201d dhe Klubit t\u00eb karates\u00eb \u201cRei\u201d kan\u00eb nj\u00eb bashk\u00ebpunim t\u00eb shk\u00eblqyer dhe nd\u00ebrmjet tyre kan\u00eb b\u00ebr\u00eb nj\u00eb marr\u00ebveshje p\u00ebr pun\u00eb dhe pjes\u00ebmarrje t\u00eb p\u00ebrbashk\u00ebt n\u00eb gara jasht\u00eb vendi si nj\u00eb ekip, me q\u00ebllim t\u00eb nj\u00eb p\u00ebrfaq\u00ebsimi sa m\u00eb t\u00eb mir\u00eb t\u00eb qytetit ton\u00eb. K\u00ebsaj marr\u00ebveshjeje i \u00ebsht\u00eb bashkangjitur edhe klubi i karates\u00eb \u201cOlympic\u201d, i cili \u00ebsht\u00eb i regjistruar n\u00eb Ministrin\u00eb e Sporteve t\u00eb Malit t\u00eb Zi dhe k\u00ebshtu \u00ebsht\u00eb formuar nj\u00eb union i klubeve t\u00eb karates\u00eb s\u00eb Ulqinit, t\u00eb cilit presin q\u00eb t\u2019i bashkangjiten edhe klubet e tjera n\u00eb komun\u00ebn e Ulqinit, q\u00eb n\u00eb t\u00eb ardhmnen t\u00eb jemi edhe m\u00eb t\u00eb fort\u00eb. Vlen t\u00eb ceket se nga k\u00ebto klube t\u00eb bashkuara ka karateist\u00eb t\u00eb cil\u00ebt mbajn\u00eb tituj nga kampionatet shtet\u00ebrore, komb\u00ebtare, ballkanike, evropiane e shum\u00eb e shum\u00eb tituj t\u00eb tjer\u00eb nga arenat nd\u00ebrkomb\u00ebtare. Po ashtu, ky union i klubeve ka nj\u00eb ekip profesionist\u00ebsh t\u00eb trajner\u00ebve si n\u00eb kata po ashtu dhe n\u00eb luft\u00ebra.<\/p>\n<p><strong>Sh\u00ebrbimi informativ i Klubeve t\u00eb karates\u00eb \u201cUlqini\u201d &#8211; \u201cRei\u201d &#8211; \u201cOlympic\u201d<\/strong><\/p>\n<!--YouTube Error: bad URL entered-->\n","protected":false},"excerpt":{"rendered":"<p>Klubi i karates\u00eb \u201cUlqini\u201d, klubi i par\u00eb i karates\u00eb n\u00eb komun\u00ebn e Ulqinit dhe Klubi i karates\u00eb \u201cRei\u201d, klubi m\u00eb i ri n\u00eb Ulqin, bashkuan forcat e veta p\u00ebr t\u00eb marr\u00eb pjes\u00eb n\u00eb Turneun ndr\u00ebkomb\u00ebtar t\u00eb karates\u00eb \u201cTIRANA KARATE OPEN 2013\u201d, i cili u organizua m\u00eb 17 n\u00ebntor 2013 p\u00ebr nder t\u00eb \u00e7lirimit t\u00eb Tiran\u00ebs. [&hellip;]<\/p>\n","protected":false},"author":1,"featured_media":0,"comment_status":"closed","ping_status":"closed","sticky":false,"template":"","format":"standard","meta":{"spay_email":"","jetpack_publicize_message":"","jetpack_is_tweetstorm":false,"jetpack_publicize_feature_enabled":true},"categories":[1,3],"tags":[],"jetpack_publicize_connections":[],"yoast_head":"<!-- This site is optimized with the Yoast SEO plugin v19.1 - https:\/\/yoast.com\/wordpress\/plugins\/seo\/ -->\n<title>Bashkimi dha rezultat t\u00eb shk\u00eblqyer n\u00eb Tirana Karate Open 2013 - Video - Lajme nga Ulqini<\/title>\n<meta name=\"description\" content=\"Klubi i karates\u00eb \u201cUlqini\u201d, klubi i par\u00eb i karates\u00eb n\u00eb komun\u00ebn e Ulqinit dhe Klubi i karates\u00eb \u201cRei\u201d, klubi m\u00eb i ri n\u00eb Ulqin, bashkuan forcat e veta p\u00ebr t\u00eb\" \/>\n<meta name=\"robots\" content=\"index, follow, max-snippet:-1, max-image-preview:large, max-video-preview:-1\" \/>\n<link rel=\"canonical\" href=\"https:\/\/www.visit-ulcinj.com\/blog\/2013\/11\/19\/bashkimi-dha-rezultat-te-shkelqyer-ne-tirana-karate-open-2013\/\" \/>\n<meta property=\"og:locale\" content=\"en_US\" \/>\n<meta property=\"og:type\" content=\"article\" \/>\n<meta property=\"og:title\" content=\"Bashkimi dha rezultat t\u00eb shk\u00eblqyer n\u00eb Tirana Karate Open 2013 - Video - Lajme nga Ulqini\" \/>\n<meta property=\"og:description\" content=\"Klubi i karates\u00eb \u201cUlqini\u201d, klubi i par\u00eb i karates\u00eb n\u00eb komun\u00ebn e Ulqinit dhe Klubi i karates\u00eb \u201cRei\u201d, klubi m\u00eb i ri n\u00eb Ulqin, bashkuan forcat e veta p\u00ebr t\u00eb\" \/>\n<meta property=\"og:url\" content=\"https:\/\/www.visit-ulcinj.com\/blog\/2013\/11\/19\/bashkimi-dha-rezultat-te-shkelqyer-ne-tirana-karate-open-2013\/\" \/>\n<meta property=\"og:site_name\" content=\"Lajme nga Ulqini\" \/>\n<meta property=\"article:published_time\" content=\"2013-11-19T20:03:25+00:00\" \/>\n<meta property=\"article:modified_time\" content=\"2013-11-26T15:51:38+00:00\" \/>\n<meta name=\"twitter:label1\" content=\"Written by\" \/>\n\t<meta name=\"twitter:data1\" content=\"ulqini\" \/>\n\t<meta name=\"twitter:label2\" content=\"Est. reading time\" \/>\n\t<meta name=\"twitter:data2\" content=\"3 minutes\" \/>\n<script type=\"application\/ld+json\" class=\"yoast-schema-graph\">{\"@context\":\"https:\/\/schema.org\",\"@graph\":[{\"@type\":\"WebSite\",\"@id\":\"https:\/\/www.visit-ulcinj.com\/blog\/#website\",\"url\":\"https:\/\/www.visit-ulcinj.com\/blog\/\",\"name\":\"Lajme nga Ulqini\",\"description\":\"Lajme,Vijesti,Ulqini,Ulqin,Crna Gora,Mali i Zi\",\"potentialAction\":[{\"@type\":\"SearchAction\",\"target\":{\"@type\":\"EntryPoint\",\"urlTemplate\":\"https:\/\/www.visit-ulcinj.com\/blog\/?s={search_term_string}\"},\"query-input\":\"required name=search_term_string\"}],\"inLanguage\":\"en-US\"},{\"@type\":\"WebPage\",\"@id\":\"https:\/\/www.visit-ulcinj.com\/blog\/2013\/11\/19\/bashkimi-dha-rezultat-te-shkelqyer-ne-tirana-karate-open-2013\/#webpage\",\"url\":\"https:\/\/www.visit-ulcinj.com\/blog\/2013\/11\/19\/bashkimi-dha-rezultat-te-shkelqyer-ne-tirana-karate-open-2013\/\",\"name\":\"Bashkimi dha rezultat t\u00eb shk\u00eblqyer n\u00eb Tirana Karate Open 2013 - Video - Lajme nga Ulqini\",\"isPartOf\":{\"@id\":\"https:\/\/www.visit-ulcinj.com\/blog\/#website\"},\"datePublished\":\"2013-11-19T20:03:25+00:00\",\"dateModified\":\"2013-11-26T15:51:38+00:00\",\"author\":{\"@id\":\"https:\/\/www.visit-ulcinj.com\/blog\/#\/schema\/person\/dcab619c614d3038751c63bc2aadc06d\"},\"description\":\"Klubi i karates\u00eb \u201cUlqini\u201d, klubi i par\u00eb i karates\u00eb n\u00eb komun\u00ebn e Ulqinit dhe Klubi i karates\u00eb \u201cRei\u201d, klubi m\u00eb i ri n\u00eb Ulqin, bashkuan forcat e veta p\u00ebr t\u00eb\",\"breadcrumb\":{\"@id\":\"https:\/\/www.visit-ulcinj.com\/blog\/2013\/11\/19\/bashkimi-dha-rezultat-te-shkelqyer-ne-tirana-karate-open-2013\/#breadcrumb\"},\"inLanguage\":\"en-US\",\"potentialAction\":[{\"@type\":\"ReadAction\",\"target\":[\"https:\/\/www.visit-ulcinj.com\/blog\/2013\/11\/19\/bashkimi-dha-rezultat-te-shkelqyer-ne-tirana-karate-open-2013\/\"]}]},{\"@type\":\"BreadcrumbList\",\"@id\":\"https:\/\/www.visit-ulcinj.com\/blog\/2013\/11\/19\/bashkimi-dha-rezultat-te-shkelqyer-ne-tirana-karate-open-2013\/#breadcrumb\",\"itemListElement\":[{\"@type\":\"ListItem\",\"position\":1,\"name\":\"Bashkimi dha rezultat t\u00eb shk\u00eblqyer n\u00eb Tirana Karate Open 2013 &#8211; Video\"}]},{\"@type\":\"Person\",\"@id\":\"https:\/\/www.visit-ulcinj.com\/blog\/#\/schema\/person\/dcab619c614d3038751c63bc2aadc06d\",\"name\":\"ulqini\",\"sameAs\":[\"http:\/\/www.visit-ulcinj.com\"],\"url\":\"https:\/\/www.visit-ulcinj.com\/blog\/author\/admin\/\"}]}<\/script>\n<!-- \/ Yoast SEO plugin. -->","yoast_head_json":{"title":"Bashkimi dha rezultat t\u00eb shk\u00eblqyer n\u00eb Tirana Karate Open 2013 - Video - Lajme nga Ulqini","description":"Klubi i karates\u00eb \u201cUlqini\u201d, klubi i par\u00eb i karates\u00eb n\u00eb komun\u00ebn e Ulqinit dhe Klubi i karates\u00eb \u201cRei\u201d, klubi m\u00eb i ri n\u00eb Ulqin, bashkuan forcat e veta p\u00ebr t\u00eb","robots":{"index":"index","follow":"follow","max-snippet":"max-snippet:-1","max-image-preview":"max-image-preview:large","max-video-preview":"max-video-preview:-1"},"canonical":"https:\/\/www.visit-ulcinj.com\/blog\/2013\/11\/19\/bashkimi-dha-rezultat-te-shkelqyer-ne-tirana-karate-open-2013\/","og_locale":"en_US","og_type":"article","og_title":"Bashkimi dha rezultat t\u00eb shk\u00eblqyer n\u00eb Tirana Karate Open 2013 - Video - Lajme nga Ulqini","og_description":"Klubi i karates\u00eb \u201cUlqini\u201d, klubi i par\u00eb i karates\u00eb n\u00eb komun\u00ebn e Ulqinit dhe Klubi i karates\u00eb \u201cRei\u201d, klubi m\u00eb i ri n\u00eb Ulqin, bashkuan forcat e veta p\u00ebr t\u00eb","og_url":"https:\/\/www.visit-ulcinj.com\/blog\/2013\/11\/19\/bashkimi-dha-rezultat-te-shkelqyer-ne-tirana-karate-open-2013\/","og_site_name":"Lajme nga Ulqini","article_published_time":"2013-11-19T20:03:25+00:00","article_modified_time":"2013-11-26T15:51:38+00:00","twitter_misc":{"Written by":"ulqini","Est. reading time":"3 minutes"},"schema":{"@context":"https:\/\/schema.org","@graph":[{"@type":"WebSite","@id":"https:\/\/www.visit-ulcinj.com\/blog\/#website","url":"https:\/\/www.visit-ulcinj.com\/blog\/","name":"Lajme nga Ulqini","description":"Lajme,Vijesti,Ulqini,Ulqin,Crna Gora,Mali i Zi","potentialAction":[{"@type":"SearchAction","target":{"@type":"EntryPoint","urlTemplate":"https:\/\/www.visit-ulcinj.com\/blog\/?s={search_term_string}"},"query-input":"required name=search_term_string"}],"inLanguage":"en-US"},{"@type":"WebPage","@id":"https:\/\/www.visit-ulcinj.com\/blog\/2013\/11\/19\/bashkimi-dha-rezultat-te-shkelqyer-ne-tirana-karate-open-2013\/#webpage","url":"https:\/\/www.visit-ulcinj.com\/blog\/2013\/11\/19\/bashkimi-dha-rezultat-te-shkelqyer-ne-tirana-karate-open-2013\/","name":"Bashkimi dha rezultat t\u00eb shk\u00eblqyer n\u00eb Tirana Karate Open 2013 - Video - Lajme nga Ulqini","isPartOf":{"@id":"https:\/\/www.visit-ulcinj.com\/blog\/#website"},"datePublished":"2013-11-19T20:03:25+00:00","dateModified":"2013-11-26T15:51:38+00:00","author":{"@id":"https:\/\/www.visit-ulcinj.com\/blog\/#\/schema\/person\/dcab619c614d3038751c63bc2aadc06d"},"description":"Klubi i karates\u00eb \u201cUlqini\u201d, klubi i par\u00eb i karates\u00eb n\u00eb komun\u00ebn e Ulqinit dhe Klubi i karates\u00eb \u201cRei\u201d, klubi m\u00eb i ri n\u00eb Ulqin, bashkuan forcat e veta p\u00ebr t\u00eb","breadcrumb":{"@id":"https:\/\/www.visit-ulcinj.com\/blog\/2013\/11\/19\/bashkimi-dha-rezultat-te-shkelqyer-ne-tirana-karate-open-2013\/#breadcrumb"},"inLanguage":"en-US","potentialAction":[{"@type":"ReadAction","target":["https:\/\/www.visit-ulcinj.com\/blog\/2013\/11\/19\/bashkimi-dha-rezultat-te-shkelqyer-ne-tirana-karate-open-2013\/"]}]},{"@type":"BreadcrumbList","@id":"https:\/\/www.visit-ulcinj.com\/blog\/2013\/11\/19\/bashkimi-dha-rezultat-te-shkelqyer-ne-tirana-karate-open-2013\/#breadcrumb","itemListElement":[{"@type":"ListItem","position":1,"name":"Bashkimi dha rezultat t\u00eb shk\u00eblqyer n\u00eb Tirana Karate Open 2013 &#8211; Video"}]},{"@type":"Person","@id":"https:\/\/www.visit-ulcinj.com\/blog\/#\/schema\/person\/dcab619c614d3038751c63bc2aadc06d","name":"ulqini","sameAs":["http:\/\/www.visit-ulcinj.com"],"url":"https:\/\/www.visit-ulcinj.com\/blog\/author\/admin\/"}]}},"jetpack_featured_media_url":"","jetpack_sharing_enabled":true,"jetpack_shortlink":"https:\/\/wp.me\/pe6lTn-jS5","_links":{"self":[{"href":"https:\/\/www.visit-ulcinj.com\/blog\/wp-json\/wp\/v2\/posts\/76389"}],"collection":[{"href":"https:\/\/www.visit-ulcinj.com\/blog\/wp-json\/wp\/v2\/posts"}],"about":[{"href":"https:\/\/www.visit-ulcinj.com\/blog\/wp-json\/wp\/v2\/types\/post"}],"author":[{"embeddable":true,"href":"https:\/\/www.visit-ulcinj.com\/blog\/wp-json\/wp\/v2\/users\/1"}],"replies":[{"embeddable":true,"href":"https:\/\/www.visit-ulcinj.com\/blog\/wp-json\/wp\/v2\/comments?post=76389"}],"version-history":[{"count":2,"href":"https:\/\/www.visit-ulcinj.com\/blog\/wp-json\/wp\/v2\/posts\/76389\/revisions"}],"predecessor-version":[{"id":76392,"href":"https:\/\/www.visit-ulcinj.com\/blog\/wp-json\/wp\/v2\/posts\/76389\/revisions\/76392"}],"wp:attachment":[{"href":"https:\/\/www.visit-ulcinj.com\/blog\/wp-json\/wp\/v2\/media?parent=76389"}],"wp:term":[{"taxonomy":"category","embeddable":true,"href":"https:\/\/www.visit-ulcinj.com\/blog\/wp-json\/wp\/v2\/categories?post=76389"},{"taxonomy":"post_tag","embeddable":true,"href":"https:\/\/www.visit-ulcinj.com\/blog\/wp-json\/wp\/v2\/tags?post=76389"}],"curies":[{"name":"wp","href":"https:\/\/api.w.org\/{rel}","templated":true}]}}