{"id":76393,"date":"2013-11-19T23:31:14","date_gmt":"2013-11-19T22:31:14","guid":{"rendered":"http:\/\/www.visit-ulcinj.com\/blog\/?p=76393"},"modified":"2013-11-20T18:23:10","modified_gmt":"2013-11-20T17:23:10","slug":"takimi-perfaqesuesit-e-bankes-kfw-komuna-ulqinit","status":"publish","type":"post","link":"https:\/\/www.visit-ulcinj.com\/blog\/2013\/11\/19\/takimi-perfaqesuesit-e-bankes-kfw-komuna-ulqinit\/","title":{"rendered":"Takimi me p\u00ebrfaq\u00ebsuesit e bank\u00ebs KFW &#038; Komuna Ulqinit"},"content":{"rendered":"<p><strong><a href=\"http:\/\/www.visit-ulcinj.com\/blog\/wp-content\/uploads\/2013\/11\/Nazif-Cungu-Banka-KFW.jpg\"><img loading=\"lazy\" class=\"alignleft  wp-image-76394\" alt=\"Nazif-Cungu-Banka KFW\" src=\"http:\/\/www.visit-ulcinj.com\/blog\/wp-content\/uploads\/2013\/11\/Nazif-Cungu-Banka-KFW.jpg\" width=\"508\" height=\"360\" \/><\/a>Takimi me KFW lidhur me projektin e investimit n\u00eb uj\u00ebsjell\u00ebs dhe kanalizim<\/strong><\/p>\n<p>ot u mbajt takim pune nd\u00ebrmjet p\u00ebrfaq\u00ebsuesve t\u00eb komun\u00ebs s\u00eb Ulqinit, ujsjell\u00ebsit t\u00eb Ulqinit dhe p\u00ebrfaq\u00ebsuesve t\u00eb Vodakomit n\u00eb t\u00eb cilin jan\u00eb analizuar p\u00ebrgjegj\u00ebsit e p\u00ebrcaktuara me marr\u00ebveshjen e n\u00ebnshkruar n\u00eb gusht t\u00eb k\u00ebtij viti. KFW banka p\u00ebr realizimin e faz\u00ebs s\u00eb par\u00eb t\u00eb investimeve n\u00eb rrjetin e uj\u00ebsjell\u00ebsit dhe kanalizimeve n\u00eb komun\u00ebn e Ulqinit, ka ofruar 20 milion euro kredi me interes t\u00eb but\u00eb si dhe nj\u00eb grant prej 1 milion euro i cili do t\u00eb shfryt\u00ebzohet nga nd\u00ebrmarrja e uj\u00ebsjell\u00ebsit dhe kanalizimit p\u00ebr p\u00ebrmir\u00ebsimin e gjendj\u00ebs s\u00eb saj teknike dhe financiare. Meq\u00eb KFW banka \u00ebsht\u00eb duke caktuar konsultant\u00ebt q\u00eb do t\u00eb punojn\u00eb n\u00eb implementim t\u00eb k\u00ebtij projekti, n\u00eb takimin sot jan\u00eb analizuar aktivitetet e nd\u00ebrmarra nga Uj\u00ebsjell\u00ebsi dhe Komuna lidhur me p\u00ebrgjegj\u00ebsit e p\u00ebrcaktuara me marr\u00ebveshjen e n\u00ebnshkruar, q\u00eb nj\u00ebkoh\u00ebsisht jan\u00eb kusht p\u00ebr realizimin e faz\u00ebs s\u00eb par\u00eb t\u00eb k\u00ebtij investimi dhe kan\u00eb p\u00ebr q\u00ebllim revitalizimin e nd\u00ebrmarrjes s\u00eb uj\u00ebsjell\u00ebsit. Komuna e Ulqinit sipas marr\u00ebveshjes duhet t\u00eb kthej borxhin q\u00eb ka ndaj uj\u00ebsjell\u00ebsit, derisa p\u00ebrgjegj\u00ebsit e uj\u00ebsjell\u00ebsit p\u00ebrfshinj\u00eb, rritjen e \u00e7mimit t\u00eb ujit n\u00eb amvis\u00ebri p\u00ebr 15% si dhe zvog\u00eblimin e numrit t\u00eb tep\u00ebrt t\u00eb t\u00eb pun\u00ebsuarve n\u00eb k\u00ebte nd\u00ebrmarrje.<\/p>\n<p><a href=\"http:\/\/www.visit-ulcinj.com\/blog\/wp-content\/uploads\/2013\/11\/Nazif-Cungu-Banka-KFW-1.jpg\"><img loading=\"lazy\" class=\"alignleft  wp-image-76395\" alt=\"Nazif-Cungu-Banka KFW-1\" src=\"http:\/\/www.visit-ulcinj.com\/blog\/wp-content\/uploads\/2013\/11\/Nazif-Cungu-Banka-KFW-1.jpg\" width=\"508\" height=\"360\" \/><\/a><\/p>\n<p>Borxhi i Komun\u00ebs s\u00eb Ulqinit ndaj nd\u00ebrmarrjes s\u00eb uj\u00ebsjell\u00ebsit kap vler\u00ebn prej 470 mij\u00eb euro. Nga ky borxh, 300 mij\u00eb do t\u00eb kthehen me shlyerjen e kontributeve t\u00eb uj\u00ebsjell\u00ebsit. Nd\u00ebrsa shuma prej 170 mij\u00eb euro mbetet t\u00eb shqyrtohet nga komisioni i p\u00ebrbashk\u00ebt, i themeluar p\u00ebr k\u00ebt\u00eb q\u00ebllim. Borxhi prej 50 mij\u00eb euro mbetet i kontestuesh\u00ebm, meq\u00eb sipas vendimit t\u00eb komun\u00ebs \u00ebsht\u00eb borxh i Sh\u00ebrbimit t\u00eb zjarr\u00ebfiks\u00ebve ndaj uj\u00ebsjell\u00ebsit. Nd\u00ebrsa pjesa tjet\u00ebr, poashtu t\u00eb shlyhet nga komuna si borxh i uj\u00ebsjellesit per kontributet e kat\u00ebr muajve t\u00eb par\u00eb t\u00eb vitit, e q\u00eb arrijn\u00eb shum\u00ebn prej 185 mij euro.<\/p>\n<p>Sa i p\u00ebrket nd\u00ebrmarrjes uj\u00ebsjell\u00ebsit, deri m\u00eb tani ka plot\u00ebsuar kushtin e par\u00eb, me rritjen e\u00a0\u00e7mimit t\u00eb ujit p\u00ebr amvis\u00ebri p\u00ebr 17%. Derisa kushti i dyt\u00eb, q\u00eb ka t\u00eb b\u00ebj\u00eb me zvog\u00eblimin e numrit t\u00eb pun\u00ebsuarve mbetet ende i paplot\u00ebsuar.<br \/>\n<a href=\"http:\/\/www.visit-ulcinj.com\/blog\/wp-content\/uploads\/2013\/11\/Nazif-Cungu-Banka-KFW-2.jpg\"><img loading=\"lazy\" class=\"alignleft  wp-image-76397\" alt=\"Nazif-Cungu-Banka KFW-2\" src=\"http:\/\/www.visit-ulcinj.com\/blog\/wp-content\/uploads\/2013\/11\/Nazif-Cungu-Banka-KFW-2.jpg\" width=\"508\" height=\"360\" \/><\/a><\/p>\n<p>Drejtori i uj\u00ebsjell\u00ebsit, z. Avdiu ka informuar gjerman\u00ebt p\u00ebr gj\u00ebndjen e r\u00ebnd\u00eb n\u00eb nd\u00ebrmarrjen e uj\u00ebsjell\u00ebsit, si rezultat i borxheve ndaj k\u00ebsaj nd\u00ebrmarrje dhe num\u00ebrit t\u00eb madh\u00eb t\u00eb t\u00eb pun\u00ebsuarve, q\u00eb kryesisht jan\u00eb angazhuar nga drejtori paraprak\u00eb gjat\u00eb periudh\u00ebs s\u00eb zgjidhjeve t\u00eb kaluara parlamentare. Ai ka konfirmuar q\u00eb me ardhjen e tij\u00eb n\u00eb pozicionin e drejtorit t\u00eb ri, ka zvog\u00ebluar numrin e t\u00eb pun\u00ebsuarve duksh\u00ebm, rreth 100 pun\u00ebtor\u00eb, por q\u00eb e sheh t\u00eb pamundur t\u00eb zvogloj k\u00ebt\u00eb num\u00ebr edhe p\u00ebr 47 pun\u00ebtor\u00eb, sa k\u00ebrkon studimi i fizibilitetit nga KFW.<\/p>\n<p>Sipas k\u00ebrkes\u00ebs t\u00eb KFW, zvog\u00eblimi i numrit t\u00eb pun\u00ebtor\u00ebve duhet t\u00eb jet\u00eb gradual. Komuna e Ulqinit u shpreh e gatshme q\u00eb t\u00eb mb\u00ebshtes\u00eb programin social p\u00ebr pun\u00ebtor\u00ebt e larguar nga puna.<\/p>\n<p>Projekti i investimit n\u00eb uj\u00ebsjell\u00ebs dhe kanalizim mbetet projekti m\u00eb i madh dhe m\u00eb ambicioz p\u00ebr komun\u00ebn e Ulqinit i cili p\u00ebrve\u00e7 q\u00eb do t\u00eb p\u00ebrmirsojn\u00eb gjendjen e sistemit t\u00eb uj\u00ebsjell\u00ebsit dhe kanalizimeve n\u00eb qytetin ton\u00eb, do tu hap rrug\u00eb investimeve t\u00eb tjera.<\/p>\n","protected":false},"excerpt":{"rendered":"<p>Takimi me KFW lidhur me projektin e investimit n\u00eb uj\u00ebsjell\u00ebs dhe kanalizim ot u mbajt takim pune nd\u00ebrmjet p\u00ebrfaq\u00ebsuesve t\u00eb komun\u00ebs s\u00eb Ulqinit, ujsjell\u00ebsit t\u00eb Ulqinit dhe p\u00ebrfaq\u00ebsuesve t\u00eb Vodakomit n\u00eb t\u00eb cilin jan\u00eb analizuar p\u00ebrgjegj\u00ebsit e p\u00ebrcaktuara me marr\u00ebveshjen e n\u00ebnshkruar n\u00eb gusht t\u00eb k\u00ebtij viti. KFW banka p\u00ebr realizimin e faz\u00ebs s\u00eb par\u00eb [&hellip;]<\/p>\n","protected":false},"author":1,"featured_media":0,"comment_status":"closed","ping_status":"closed","sticky":false,"template":"","format":"standard","meta":{"spay_email":"","jetpack_publicize_message":"","jetpack_is_tweetstorm":false,"jetpack_publicize_feature_enabled":true},"categories":[10,1],"tags":[],"jetpack_publicize_connections":[],"yoast_head":"<!-- This site is optimized with the Yoast SEO plugin v19.1 - https:\/\/yoast.com\/wordpress\/plugins\/seo\/ -->\n<title>Takimi me p\u00ebrfaq\u00ebsuesit e bank\u00ebs KFW &amp; Komuna Ulqinit - Lajme nga Ulqini<\/title>\n<meta name=\"description\" content=\"Takimi me KFW lidhur me projektin e investimit n\u00eb uj\u00ebsjell\u00ebs dhe kanalizim ot u mbajt takim pune nd\u00ebrmjet p\u00ebrfaq\u00ebsuesve t\u00eb komun\u00ebs s\u00eb Ulqinit, ujsjell\u00ebsit\" \/>\n<meta name=\"robots\" content=\"index, follow, max-snippet:-1, max-image-preview:large, max-video-preview:-1\" \/>\n<link rel=\"canonical\" href=\"https:\/\/www.visit-ulcinj.com\/blog\/2013\/11\/19\/takimi-perfaqesuesit-e-bankes-kfw-komuna-ulqinit\/\" \/>\n<meta property=\"og:locale\" content=\"en_US\" \/>\n<meta property=\"og:type\" content=\"article\" \/>\n<meta property=\"og:title\" content=\"Takimi me p\u00ebrfaq\u00ebsuesit e bank\u00ebs KFW &amp; Komuna Ulqinit - Lajme nga Ulqini\" \/>\n<meta property=\"og:description\" content=\"Takimi me KFW lidhur me projektin e investimit n\u00eb uj\u00ebsjell\u00ebs dhe kanalizim ot u mbajt takim pune nd\u00ebrmjet p\u00ebrfaq\u00ebsuesve t\u00eb komun\u00ebs s\u00eb Ulqinit, ujsjell\u00ebsit\" \/>\n<meta property=\"og:url\" content=\"https:\/\/www.visit-ulcinj.com\/blog\/2013\/11\/19\/takimi-perfaqesuesit-e-bankes-kfw-komuna-ulqinit\/\" \/>\n<meta property=\"og:site_name\" content=\"Lajme nga Ulqini\" \/>\n<meta property=\"article:published_time\" content=\"2013-11-19T22:31:14+00:00\" \/>\n<meta property=\"article:modified_time\" content=\"2013-11-20T17:23:10+00:00\" \/>\n<meta property=\"og:image\" content=\"http:\/\/www.visit-ulcinj.com\/blog\/wp-content\/uploads\/2013\/11\/Nazif-Cungu-Banka-KFW.jpg\" \/>\n<meta name=\"twitter:label1\" content=\"Written by\" \/>\n\t<meta name=\"twitter:data1\" content=\"ulqini\" \/>\n\t<meta name=\"twitter:label2\" content=\"Est. reading time\" \/>\n\t<meta name=\"twitter:data2\" content=\"3 minutes\" \/>\n<script type=\"application\/ld+json\" class=\"yoast-schema-graph\">{\"@context\":\"https:\/\/schema.org\",\"@graph\":[{\"@type\":\"WebSite\",\"@id\":\"https:\/\/www.visit-ulcinj.com\/blog\/#website\",\"url\":\"https:\/\/www.visit-ulcinj.com\/blog\/\",\"name\":\"Lajme nga Ulqini\",\"description\":\"Lajme,Vijesti,Ulqini,Ulqin,Crna Gora,Mali i Zi\",\"potentialAction\":[{\"@type\":\"SearchAction\",\"target\":{\"@type\":\"EntryPoint\",\"urlTemplate\":\"https:\/\/www.visit-ulcinj.com\/blog\/?s={search_term_string}\"},\"query-input\":\"required name=search_term_string\"}],\"inLanguage\":\"en-US\"},{\"@type\":\"ImageObject\",\"inLanguage\":\"en-US\",\"@id\":\"https:\/\/www.visit-ulcinj.com\/blog\/2013\/11\/19\/takimi-perfaqesuesit-e-bankes-kfw-komuna-ulqinit\/#primaryimage\",\"url\":\"https:\/\/www.visit-ulcinj.com\/blog\/wp-content\/uploads\/2013\/11\/Nazif-Cungu-Banka-KFW.jpg\",\"contentUrl\":\"https:\/\/www.visit-ulcinj.com\/blog\/wp-content\/uploads\/2013\/11\/Nazif-Cungu-Banka-KFW.jpg\",\"width\":768,\"height\":509},{\"@type\":\"WebPage\",\"@id\":\"https:\/\/www.visit-ulcinj.com\/blog\/2013\/11\/19\/takimi-perfaqesuesit-e-bankes-kfw-komuna-ulqinit\/#webpage\",\"url\":\"https:\/\/www.visit-ulcinj.com\/blog\/2013\/11\/19\/takimi-perfaqesuesit-e-bankes-kfw-komuna-ulqinit\/\",\"name\":\"Takimi me p\u00ebrfaq\u00ebsuesit e bank\u00ebs KFW & Komuna Ulqinit - Lajme nga Ulqini\",\"isPartOf\":{\"@id\":\"https:\/\/www.visit-ulcinj.com\/blog\/#website\"},\"primaryImageOfPage\":{\"@id\":\"https:\/\/www.visit-ulcinj.com\/blog\/2013\/11\/19\/takimi-perfaqesuesit-e-bankes-kfw-komuna-ulqinit\/#primaryimage\"},\"datePublished\":\"2013-11-19T22:31:14+00:00\",\"dateModified\":\"2013-11-20T17:23:10+00:00\",\"author\":{\"@id\":\"https:\/\/www.visit-ulcinj.com\/blog\/#\/schema\/person\/dcab619c614d3038751c63bc2aadc06d\"},\"description\":\"Takimi me KFW lidhur me projektin e investimit n\u00eb uj\u00ebsjell\u00ebs dhe kanalizim ot u mbajt takim pune nd\u00ebrmjet p\u00ebrfaq\u00ebsuesve t\u00eb komun\u00ebs s\u00eb Ulqinit, ujsjell\u00ebsit\",\"breadcrumb\":{\"@id\":\"https:\/\/www.visit-ulcinj.com\/blog\/2013\/11\/19\/takimi-perfaqesuesit-e-bankes-kfw-komuna-ulqinit\/#breadcrumb\"},\"inLanguage\":\"en-US\",\"potentialAction\":[{\"@type\":\"ReadAction\",\"target\":[\"https:\/\/www.visit-ulcinj.com\/blog\/2013\/11\/19\/takimi-perfaqesuesit-e-bankes-kfw-komuna-ulqinit\/\"]}]},{\"@type\":\"BreadcrumbList\",\"@id\":\"https:\/\/www.visit-ulcinj.com\/blog\/2013\/11\/19\/takimi-perfaqesuesit-e-bankes-kfw-komuna-ulqinit\/#breadcrumb\",\"itemListElement\":[{\"@type\":\"ListItem\",\"position\":1,\"name\":\"Takimi me p\u00ebrfaq\u00ebsuesit e bank\u00ebs KFW &#038; Komuna Ulqinit\"}]},{\"@type\":\"Person\",\"@id\":\"https:\/\/www.visit-ulcinj.com\/blog\/#\/schema\/person\/dcab619c614d3038751c63bc2aadc06d\",\"name\":\"ulqini\",\"sameAs\":[\"http:\/\/www.visit-ulcinj.com\"],\"url\":\"https:\/\/www.visit-ulcinj.com\/blog\/author\/admin\/\"}]}<\/script>\n<!-- \/ Yoast SEO plugin. -->","yoast_head_json":{"title":"Takimi me p\u00ebrfaq\u00ebsuesit e bank\u00ebs KFW & Komuna Ulqinit - Lajme nga Ulqini","description":"Takimi me KFW lidhur me projektin e investimit n\u00eb uj\u00ebsjell\u00ebs dhe kanalizim ot u mbajt takim pune nd\u00ebrmjet p\u00ebrfaq\u00ebsuesve t\u00eb komun\u00ebs s\u00eb Ulqinit, ujsjell\u00ebsit","robots":{"index":"index","follow":"follow","max-snippet":"max-snippet:-1","max-image-preview":"max-image-preview:large","max-video-preview":"max-video-preview:-1"},"canonical":"https:\/\/www.visit-ulcinj.com\/blog\/2013\/11\/19\/takimi-perfaqesuesit-e-bankes-kfw-komuna-ulqinit\/","og_locale":"en_US","og_type":"article","og_title":"Takimi me p\u00ebrfaq\u00ebsuesit e bank\u00ebs KFW & Komuna Ulqinit - Lajme nga Ulqini","og_description":"Takimi me KFW lidhur me projektin e investimit n\u00eb uj\u00ebsjell\u00ebs dhe kanalizim ot u mbajt takim pune nd\u00ebrmjet p\u00ebrfaq\u00ebsuesve t\u00eb komun\u00ebs s\u00eb Ulqinit, ujsjell\u00ebsit","og_url":"https:\/\/www.visit-ulcinj.com\/blog\/2013\/11\/19\/takimi-perfaqesuesit-e-bankes-kfw-komuna-ulqinit\/","og_site_name":"Lajme nga Ulqini","article_published_time":"2013-11-19T22:31:14+00:00","article_modified_time":"2013-11-20T17:23:10+00:00","og_image":[{"url":"http:\/\/www.visit-ulcinj.com\/blog\/wp-content\/uploads\/2013\/11\/Nazif-Cungu-Banka-KFW.jpg"}],"twitter_misc":{"Written by":"ulqini","Est. reading time":"3 minutes"},"schema":{"@context":"https:\/\/schema.org","@graph":[{"@type":"WebSite","@id":"https:\/\/www.visit-ulcinj.com\/blog\/#website","url":"https:\/\/www.visit-ulcinj.com\/blog\/","name":"Lajme nga Ulqini","description":"Lajme,Vijesti,Ulqini,Ulqin,Crna Gora,Mali i Zi","potentialAction":[{"@type":"SearchAction","target":{"@type":"EntryPoint","urlTemplate":"https:\/\/www.visit-ulcinj.com\/blog\/?s={search_term_string}"},"query-input":"required name=search_term_string"}],"inLanguage":"en-US"},{"@type":"ImageObject","inLanguage":"en-US","@id":"https:\/\/www.visit-ulcinj.com\/blog\/2013\/11\/19\/takimi-perfaqesuesit-e-bankes-kfw-komuna-ulqinit\/#primaryimage","url":"https:\/\/www.visit-ulcinj.com\/blog\/wp-content\/uploads\/2013\/11\/Nazif-Cungu-Banka-KFW.jpg","contentUrl":"https:\/\/www.visit-ulcinj.com\/blog\/wp-content\/uploads\/2013\/11\/Nazif-Cungu-Banka-KFW.jpg","width":768,"height":509},{"@type":"WebPage","@id":"https:\/\/www.visit-ulcinj.com\/blog\/2013\/11\/19\/takimi-perfaqesuesit-e-bankes-kfw-komuna-ulqinit\/#webpage","url":"https:\/\/www.visit-ulcinj.com\/blog\/2013\/11\/19\/takimi-perfaqesuesit-e-bankes-kfw-komuna-ulqinit\/","name":"Takimi me p\u00ebrfaq\u00ebsuesit e bank\u00ebs KFW & Komuna Ulqinit - Lajme nga Ulqini","isPartOf":{"@id":"https:\/\/www.visit-ulcinj.com\/blog\/#website"},"primaryImageOfPage":{"@id":"https:\/\/www.visit-ulcinj.com\/blog\/2013\/11\/19\/takimi-perfaqesuesit-e-bankes-kfw-komuna-ulqinit\/#primaryimage"},"datePublished":"2013-11-19T22:31:14+00:00","dateModified":"2013-11-20T17:23:10+00:00","author":{"@id":"https:\/\/www.visit-ulcinj.com\/blog\/#\/schema\/person\/dcab619c614d3038751c63bc2aadc06d"},"description":"Takimi me KFW lidhur me projektin e investimit n\u00eb uj\u00ebsjell\u00ebs dhe kanalizim ot u mbajt takim pune nd\u00ebrmjet p\u00ebrfaq\u00ebsuesve t\u00eb komun\u00ebs s\u00eb Ulqinit, ujsjell\u00ebsit","breadcrumb":{"@id":"https:\/\/www.visit-ulcinj.com\/blog\/2013\/11\/19\/takimi-perfaqesuesit-e-bankes-kfw-komuna-ulqinit\/#breadcrumb"},"inLanguage":"en-US","potentialAction":[{"@type":"ReadAction","target":["https:\/\/www.visit-ulcinj.com\/blog\/2013\/11\/19\/takimi-perfaqesuesit-e-bankes-kfw-komuna-ulqinit\/"]}]},{"@type":"BreadcrumbList","@id":"https:\/\/www.visit-ulcinj.com\/blog\/2013\/11\/19\/takimi-perfaqesuesit-e-bankes-kfw-komuna-ulqinit\/#breadcrumb","itemListElement":[{"@type":"ListItem","position":1,"name":"Takimi me p\u00ebrfaq\u00ebsuesit e bank\u00ebs KFW &#038; Komuna Ulqinit"}]},{"@type":"Person","@id":"https:\/\/www.visit-ulcinj.com\/blog\/#\/schema\/person\/dcab619c614d3038751c63bc2aadc06d","name":"ulqini","sameAs":["http:\/\/www.visit-ulcinj.com"],"url":"https:\/\/www.visit-ulcinj.com\/blog\/author\/admin\/"}]}},"jetpack_featured_media_url":"","jetpack_sharing_enabled":true,"jetpack_shortlink":"https:\/\/wp.me\/pe6lTn-jS9","_links":{"self":[{"href":"https:\/\/www.visit-ulcinj.com\/blog\/wp-json\/wp\/v2\/posts\/76393"}],"collection":[{"href":"https:\/\/www.visit-ulcinj.com\/blog\/wp-json\/wp\/v2\/posts"}],"about":[{"href":"https:\/\/www.visit-ulcinj.com\/blog\/wp-json\/wp\/v2\/types\/post"}],"author":[{"embeddable":true,"href":"https:\/\/www.visit-ulcinj.com\/blog\/wp-json\/wp\/v2\/users\/1"}],"replies":[{"embeddable":true,"href":"https:\/\/www.visit-ulcinj.com\/blog\/wp-json\/wp\/v2\/comments?post=76393"}],"version-history":[{"count":2,"href":"https:\/\/www.visit-ulcinj.com\/blog\/wp-json\/wp\/v2\/posts\/76393\/revisions"}],"predecessor-version":[{"id":76398,"href":"https:\/\/www.visit-ulcinj.com\/blog\/wp-json\/wp\/v2\/posts\/76393\/revisions\/76398"}],"wp:attachment":[{"href":"https:\/\/www.visit-ulcinj.com\/blog\/wp-json\/wp\/v2\/media?parent=76393"}],"wp:term":[{"taxonomy":"category","embeddable":true,"href":"https:\/\/www.visit-ulcinj.com\/blog\/wp-json\/wp\/v2\/categories?post=76393"},{"taxonomy":"post_tag","embeddable":true,"href":"https:\/\/www.visit-ulcinj.com\/blog\/wp-json\/wp\/v2\/tags?post=76393"}],"curies":[{"name":"wp","href":"https:\/\/api.w.org\/{rel}","templated":true}]}}