{"id":76399,"date":"2013-11-20T11:49:06","date_gmt":"2013-11-20T10:49:06","guid":{"rendered":"http:\/\/www.visit-ulcinj.com\/blog\/?p=76399"},"modified":"2013-11-20T11:49:06","modified_gmt":"2013-11-20T10:49:06","slug":"filip-vujanovic-izbori-u-ulcinju-26-januara-2014","status":"publish","type":"post","link":"https:\/\/www.visit-ulcinj.com\/blog\/2013\/11\/20\/filip-vujanovic-izbori-u-ulcinju-26-januara-2014\/","title":{"rendered":"Filip Vujanovi\u0107: Izbori u Ulcinju 26. januara 2014"},"content":{"rendered":"<p><a href=\"http:\/\/www.visit-ulcinj.com\/blog\/wp-content\/uploads\/2013\/03\/filip-vujanovic-ulcinj.jpg\"><img loading=\"lazy\" class=\"alignleft  wp-image-69528\" alt=\"filip-vujanovic-ulcinj\" src=\"http:\/\/www.visit-ulcinj.com\/blog\/wp-content\/uploads\/2013\/03\/filip-vujanovic-ulcinj.jpg\" width=\"508\" height=\"300\" \/><\/a>Predsjednik Crne Gore Filip Vujanovi\u0107 donio je odluku o raspisivanju izbora za odbornike u Skup\u0161tini op\u0161tine Ulcinj koji \u0107e se odr\u017eati 26. januara sljede\u0107e godine.<\/p>\n<div>\n<p>Kako je saop\u0161teno iz Vujanovi\u0107evog kabineta, rokovi za sprovo\u0111enje izbornih radnji po\u010dinju od danas.<\/p>\n<p>Rok za dostavljanje izbornih lista za odbornike Op\u0161tinskoj izbornoj komisiji je od 11. decembra do 31. decembra.<\/p>\n<p>Pravo na medijsko pra\u0107enje u predizbornoj kampanji po\u010dinje od dana potvr\u0111ivanja izborne liste u\u010desnika predizborne kampanje, a prestaje 24. januara 2014. godine u 24 \u010dasa.<\/p>\n<p>\u201cOva odluka stupa na snagu danom dono\u0161enja, a objavi\u0107e se u &#8220;Slu\u017ebenom listu Crne Gore\u201c i u &#8220;Slu\u017ebenom listu Crne Gore \u2013 op\u0161tinski propisi\u201c\u201d, zaklju\u010deno je u saop\u0161tenju.<\/p>\n<p><strong>Izvor: CDM<\/strong><\/p>\n<\/div>\n","protected":false},"excerpt":{"rendered":"<p>Predsjednik Crne Gore Filip Vujanovi\u0107 donio je odluku o raspisivanju izbora za odbornike u Skup\u0161tini op\u0161tine Ulcinj koji \u0107e se odr\u017eati 26. januara sljede\u0107e godine. Kako je saop\u0161teno iz Vujanovi\u0107evog kabineta, rokovi za sprovo\u0111enje izbornih radnji po\u010dinju od danas. Rok za dostavljanje izbornih lista za odbornike Op\u0161tinskoj izbornoj komisiji je od 11. decembra do 31. [&hellip;]<\/p>\n","protected":false},"author":1,"featured_media":0,"comment_status":"closed","ping_status":"closed","sticky":false,"template":"","format":"standard","meta":{"spay_email":"","jetpack_publicize_message":"","jetpack_is_tweetstorm":false,"jetpack_publicize_feature_enabled":true},"categories":[8337],"tags":[],"jetpack_publicize_connections":[],"yoast_head":"<!-- This site is optimized with the Yoast SEO plugin v19.1 - https:\/\/yoast.com\/wordpress\/plugins\/seo\/ -->\n<title>Filip Vujanovi\u0107: Izbori u Ulcinju 26. januara 2014 - Lajme nga Ulqini<\/title>\n<meta name=\"description\" content=\"Predsjednik Crne Gore Filip Vujanovi\u0107 donio je odluku o raspisivanju izbora za odbornike u Skup\u0161tini op\u0161tine Ulcinj koji \u0107e se odr\u017eati 26. januara\" \/>\n<meta name=\"robots\" content=\"index, follow, max-snippet:-1, max-image-preview:large, max-video-preview:-1\" \/>\n<link rel=\"canonical\" href=\"https:\/\/www.visit-ulcinj.com\/blog\/2013\/11\/20\/filip-vujanovic-izbori-u-ulcinju-26-januara-2014\/\" \/>\n<meta property=\"og:locale\" content=\"en_US\" \/>\n<meta property=\"og:type\" content=\"article\" \/>\n<meta property=\"og:title\" content=\"Filip Vujanovi\u0107: Izbori u Ulcinju 26. januara 2014 - Lajme nga Ulqini\" \/>\n<meta property=\"og:description\" content=\"Predsjednik Crne Gore Filip Vujanovi\u0107 donio je odluku o raspisivanju izbora za odbornike u Skup\u0161tini op\u0161tine Ulcinj koji \u0107e se odr\u017eati 26. januara\" \/>\n<meta property=\"og:url\" content=\"https:\/\/www.visit-ulcinj.com\/blog\/2013\/11\/20\/filip-vujanovic-izbori-u-ulcinju-26-januara-2014\/\" \/>\n<meta property=\"og:site_name\" content=\"Lajme nga Ulqini\" \/>\n<meta property=\"article:published_time\" content=\"2013-11-20T10:49:06+00:00\" \/>\n<meta property=\"og:image\" content=\"http:\/\/www.visit-ulcinj.com\/blog\/wp-content\/uploads\/2013\/03\/filip-vujanovic-ulcinj.jpg\" \/>\n<meta name=\"twitter:label1\" content=\"Written by\" \/>\n\t<meta name=\"twitter:data1\" content=\"ulqini\" \/>\n\t<meta name=\"twitter:label2\" content=\"Est. reading time\" \/>\n\t<meta name=\"twitter:data2\" content=\"1 minute\" \/>\n<script type=\"application\/ld+json\" class=\"yoast-schema-graph\">{\"@context\":\"https:\/\/schema.org\",\"@graph\":[{\"@type\":\"WebSite\",\"@id\":\"https:\/\/www.visit-ulcinj.com\/blog\/#website\",\"url\":\"https:\/\/www.visit-ulcinj.com\/blog\/\",\"name\":\"Lajme nga Ulqini\",\"description\":\"Lajme,Vijesti,Ulqini,Ulqin,Crna Gora,Mali i Zi\",\"potentialAction\":[{\"@type\":\"SearchAction\",\"target\":{\"@type\":\"EntryPoint\",\"urlTemplate\":\"https:\/\/www.visit-ulcinj.com\/blog\/?s={search_term_string}\"},\"query-input\":\"required name=search_term_string\"}],\"inLanguage\":\"en-US\"},{\"@type\":\"ImageObject\",\"inLanguage\":\"en-US\",\"@id\":\"https:\/\/www.visit-ulcinj.com\/blog\/2013\/11\/20\/filip-vujanovic-izbori-u-ulcinju-26-januara-2014\/#primaryimage\",\"url\":\"https:\/\/www.visit-ulcinj.com\/blog\/wp-content\/uploads\/2013\/03\/filip-vujanovic-ulcinj.jpg\",\"contentUrl\":\"https:\/\/www.visit-ulcinj.com\/blog\/wp-content\/uploads\/2013\/03\/filip-vujanovic-ulcinj.jpg\",\"width\":400,\"height\":300},{\"@type\":\"WebPage\",\"@id\":\"https:\/\/www.visit-ulcinj.com\/blog\/2013\/11\/20\/filip-vujanovic-izbori-u-ulcinju-26-januara-2014\/#webpage\",\"url\":\"https:\/\/www.visit-ulcinj.com\/blog\/2013\/11\/20\/filip-vujanovic-izbori-u-ulcinju-26-januara-2014\/\",\"name\":\"Filip Vujanovi\u0107: Izbori u Ulcinju 26. januara 2014 - Lajme nga Ulqini\",\"isPartOf\":{\"@id\":\"https:\/\/www.visit-ulcinj.com\/blog\/#website\"},\"primaryImageOfPage\":{\"@id\":\"https:\/\/www.visit-ulcinj.com\/blog\/2013\/11\/20\/filip-vujanovic-izbori-u-ulcinju-26-januara-2014\/#primaryimage\"},\"datePublished\":\"2013-11-20T10:49:06+00:00\",\"dateModified\":\"2013-11-20T10:49:06+00:00\",\"author\":{\"@id\":\"https:\/\/www.visit-ulcinj.com\/blog\/#\/schema\/person\/dcab619c614d3038751c63bc2aadc06d\"},\"description\":\"Predsjednik Crne Gore Filip Vujanovi\u0107 donio je odluku o raspisivanju izbora za odbornike u Skup\u0161tini op\u0161tine Ulcinj koji \u0107e se odr\u017eati 26. januara\",\"breadcrumb\":{\"@id\":\"https:\/\/www.visit-ulcinj.com\/blog\/2013\/11\/20\/filip-vujanovic-izbori-u-ulcinju-26-januara-2014\/#breadcrumb\"},\"inLanguage\":\"en-US\",\"potentialAction\":[{\"@type\":\"ReadAction\",\"target\":[\"https:\/\/www.visit-ulcinj.com\/blog\/2013\/11\/20\/filip-vujanovic-izbori-u-ulcinju-26-januara-2014\/\"]}]},{\"@type\":\"BreadcrumbList\",\"@id\":\"https:\/\/www.visit-ulcinj.com\/blog\/2013\/11\/20\/filip-vujanovic-izbori-u-ulcinju-26-januara-2014\/#breadcrumb\",\"itemListElement\":[{\"@type\":\"ListItem\",\"position\":1,\"name\":\"Filip Vujanovi\u0107: Izbori u Ulcinju 26. januara 2014\"}]},{\"@type\":\"Person\",\"@id\":\"https:\/\/www.visit-ulcinj.com\/blog\/#\/schema\/person\/dcab619c614d3038751c63bc2aadc06d\",\"name\":\"ulqini\",\"sameAs\":[\"http:\/\/www.visit-ulcinj.com\"],\"url\":\"https:\/\/www.visit-ulcinj.com\/blog\/author\/admin\/\"}]}<\/script>\n<!-- \/ Yoast SEO plugin. -->","yoast_head_json":{"title":"Filip Vujanovi\u0107: Izbori u Ulcinju 26. januara 2014 - Lajme nga Ulqini","description":"Predsjednik Crne Gore Filip Vujanovi\u0107 donio je odluku o raspisivanju izbora za odbornike u Skup\u0161tini op\u0161tine Ulcinj koji \u0107e se odr\u017eati 26. januara","robots":{"index":"index","follow":"follow","max-snippet":"max-snippet:-1","max-image-preview":"max-image-preview:large","max-video-preview":"max-video-preview:-1"},"canonical":"https:\/\/www.visit-ulcinj.com\/blog\/2013\/11\/20\/filip-vujanovic-izbori-u-ulcinju-26-januara-2014\/","og_locale":"en_US","og_type":"article","og_title":"Filip Vujanovi\u0107: Izbori u Ulcinju 26. januara 2014 - Lajme nga Ulqini","og_description":"Predsjednik Crne Gore Filip Vujanovi\u0107 donio je odluku o raspisivanju izbora za odbornike u Skup\u0161tini op\u0161tine Ulcinj koji \u0107e se odr\u017eati 26. januara","og_url":"https:\/\/www.visit-ulcinj.com\/blog\/2013\/11\/20\/filip-vujanovic-izbori-u-ulcinju-26-januara-2014\/","og_site_name":"Lajme nga Ulqini","article_published_time":"2013-11-20T10:49:06+00:00","og_image":[{"url":"http:\/\/www.visit-ulcinj.com\/blog\/wp-content\/uploads\/2013\/03\/filip-vujanovic-ulcinj.jpg"}],"twitter_misc":{"Written by":"ulqini","Est. reading time":"1 minute"},"schema":{"@context":"https:\/\/schema.org","@graph":[{"@type":"WebSite","@id":"https:\/\/www.visit-ulcinj.com\/blog\/#website","url":"https:\/\/www.visit-ulcinj.com\/blog\/","name":"Lajme nga Ulqini","description":"Lajme,Vijesti,Ulqini,Ulqin,Crna Gora,Mali i Zi","potentialAction":[{"@type":"SearchAction","target":{"@type":"EntryPoint","urlTemplate":"https:\/\/www.visit-ulcinj.com\/blog\/?s={search_term_string}"},"query-input":"required name=search_term_string"}],"inLanguage":"en-US"},{"@type":"ImageObject","inLanguage":"en-US","@id":"https:\/\/www.visit-ulcinj.com\/blog\/2013\/11\/20\/filip-vujanovic-izbori-u-ulcinju-26-januara-2014\/#primaryimage","url":"https:\/\/www.visit-ulcinj.com\/blog\/wp-content\/uploads\/2013\/03\/filip-vujanovic-ulcinj.jpg","contentUrl":"https:\/\/www.visit-ulcinj.com\/blog\/wp-content\/uploads\/2013\/03\/filip-vujanovic-ulcinj.jpg","width":400,"height":300},{"@type":"WebPage","@id":"https:\/\/www.visit-ulcinj.com\/blog\/2013\/11\/20\/filip-vujanovic-izbori-u-ulcinju-26-januara-2014\/#webpage","url":"https:\/\/www.visit-ulcinj.com\/blog\/2013\/11\/20\/filip-vujanovic-izbori-u-ulcinju-26-januara-2014\/","name":"Filip Vujanovi\u0107: Izbori u Ulcinju 26. januara 2014 - Lajme nga Ulqini","isPartOf":{"@id":"https:\/\/www.visit-ulcinj.com\/blog\/#website"},"primaryImageOfPage":{"@id":"https:\/\/www.visit-ulcinj.com\/blog\/2013\/11\/20\/filip-vujanovic-izbori-u-ulcinju-26-januara-2014\/#primaryimage"},"datePublished":"2013-11-20T10:49:06+00:00","dateModified":"2013-11-20T10:49:06+00:00","author":{"@id":"https:\/\/www.visit-ulcinj.com\/blog\/#\/schema\/person\/dcab619c614d3038751c63bc2aadc06d"},"description":"Predsjednik Crne Gore Filip Vujanovi\u0107 donio je odluku o raspisivanju izbora za odbornike u Skup\u0161tini op\u0161tine Ulcinj koji \u0107e se odr\u017eati 26. januara","breadcrumb":{"@id":"https:\/\/www.visit-ulcinj.com\/blog\/2013\/11\/20\/filip-vujanovic-izbori-u-ulcinju-26-januara-2014\/#breadcrumb"},"inLanguage":"en-US","potentialAction":[{"@type":"ReadAction","target":["https:\/\/www.visit-ulcinj.com\/blog\/2013\/11\/20\/filip-vujanovic-izbori-u-ulcinju-26-januara-2014\/"]}]},{"@type":"BreadcrumbList","@id":"https:\/\/www.visit-ulcinj.com\/blog\/2013\/11\/20\/filip-vujanovic-izbori-u-ulcinju-26-januara-2014\/#breadcrumb","itemListElement":[{"@type":"ListItem","position":1,"name":"Filip Vujanovi\u0107: Izbori u Ulcinju 26. januara 2014"}]},{"@type":"Person","@id":"https:\/\/www.visit-ulcinj.com\/blog\/#\/schema\/person\/dcab619c614d3038751c63bc2aadc06d","name":"ulqini","sameAs":["http:\/\/www.visit-ulcinj.com"],"url":"https:\/\/www.visit-ulcinj.com\/blog\/author\/admin\/"}]}},"jetpack_featured_media_url":"","jetpack_sharing_enabled":true,"jetpack_shortlink":"https:\/\/wp.me\/pe6lTn-jSf","_links":{"self":[{"href":"https:\/\/www.visit-ulcinj.com\/blog\/wp-json\/wp\/v2\/posts\/76399"}],"collection":[{"href":"https:\/\/www.visit-ulcinj.com\/blog\/wp-json\/wp\/v2\/posts"}],"about":[{"href":"https:\/\/www.visit-ulcinj.com\/blog\/wp-json\/wp\/v2\/types\/post"}],"author":[{"embeddable":true,"href":"https:\/\/www.visit-ulcinj.com\/blog\/wp-json\/wp\/v2\/users\/1"}],"replies":[{"embeddable":true,"href":"https:\/\/www.visit-ulcinj.com\/blog\/wp-json\/wp\/v2\/comments?post=76399"}],"version-history":[{"count":1,"href":"https:\/\/www.visit-ulcinj.com\/blog\/wp-json\/wp\/v2\/posts\/76399\/revisions"}],"predecessor-version":[{"id":76400,"href":"https:\/\/www.visit-ulcinj.com\/blog\/wp-json\/wp\/v2\/posts\/76399\/revisions\/76400"}],"wp:attachment":[{"href":"https:\/\/www.visit-ulcinj.com\/blog\/wp-json\/wp\/v2\/media?parent=76399"}],"wp:term":[{"taxonomy":"category","embeddable":true,"href":"https:\/\/www.visit-ulcinj.com\/blog\/wp-json\/wp\/v2\/categories?post=76399"},{"taxonomy":"post_tag","embeddable":true,"href":"https:\/\/www.visit-ulcinj.com\/blog\/wp-json\/wp\/v2\/tags?post=76399"}],"curies":[{"name":"wp","href":"https:\/\/api.w.org\/{rel}","templated":true}]}}