{"id":76407,"date":"2013-11-20T18:19:42","date_gmt":"2013-11-20T17:19:42","guid":{"rendered":"http:\/\/www.visit-ulcinj.com\/blog\/?p=76407"},"modified":"2013-11-21T07:38:30","modified_gmt":"2013-11-21T06:38:30","slug":"kerkohet-zgjidhje-per-punetoret-e-kripores-se-ulqinit","status":"publish","type":"post","link":"https:\/\/www.visit-ulcinj.com\/blog\/2013\/11\/20\/kerkohet-zgjidhje-per-punetoret-e-kripores-se-ulqinit\/","title":{"rendered":"K\u00ebrkohet zgjidhje p\u00ebr pun\u00ebtor\u00ebt e Kripores s\u00eb Ulqinit"},"content":{"rendered":"<p><strong><a href=\"http:\/\/www.visit-ulcinj.com\/blog\/wp-content\/uploads\/2013\/11\/Nazif-Cungu-me-pun\u00ebtor\u00ebt-e-Kripores-s\u00eb-Ulqinit.jpg\"><img loading=\"lazy\" class=\"alignleft  wp-image-76408\" alt=\"Nazif-Cungu-me-pun\u00ebtor\u00ebt e Kripores s\u00eb Ulqinit\" src=\"http:\/\/www.visit-ulcinj.com\/blog\/wp-content\/uploads\/2013\/11\/Nazif-Cungu-me-pun\u00ebtor\u00ebt-e-Kripores-s\u00eb-Ulqinit.jpg\" width=\"508\" height=\"360\" \/><\/a>Takim lidhur me mund\u00ebsin\u00eb e gjetjes s\u00eb zgjidhjes p\u00ebr pun\u00ebtor\u00ebt e kripores t\u00eb pushuar nga puna<\/strong><\/p>\n<p>Sot kryetari i Komun\u00ebs Nazif Cungu ka mbajtur nj\u00eb takim ku \u00ebsht\u00eb diskutuar mund\u00ebsia e zgjidhjes p\u00ebr pun\u00ebtor\u00ebt e kripores t\u00eb pushuar nga puna. N\u00eb takim kan\u00eb marr\u00eb pjes\u00eb p\u00ebrfaq\u00ebsuesit e pun\u00ebtor\u00ebve t\u00eb pushuar p\u00ebrfaq\u00ebsuesin e tyre, p\u00ebrfaq\u00ebsuesi i sindikatave t\u00eb kripores, drejtori i falimentimit dhe drejtori i &#8220;Eurofondit&#8221; \u2013 pronarit t\u00eb shumic\u00ebs s\u00eb Kryipores. Kryetari nga t\u00eb pranishmit ka k\u00ebrkuar angazhim maksimal me q\u00ebllim t\u00eb zgjidhjes s\u00eb problemit t\u00eb pun\u00ebtor\u00ebve t\u00eb pushuar, para s\u00eb gjithash pages\u00ebn e t\u00eb ardhurave, tatimeve dhe kontributeve si dhe hartimin programit social, por sot nuk \u00ebsht\u00eb arritur nj\u00eb marr\u00ebveshje.<\/p>\n<p><a href=\"http:\/\/www.visit-ulcinj.com\/blog\/wp-content\/uploads\/2013\/11\/Nazif-Cungu-me-pun\u00ebtor\u00ebt-e-Kripores-s\u00eb-Ulqinit-2.jpg\"><img loading=\"lazy\" class=\"alignleft  wp-image-76413\" alt=\"Nazif-Cungu-me-pun\u00ebtor\u00ebt e Kripores s\u00eb Ulqinit-2\" src=\"http:\/\/www.visit-ulcinj.com\/blog\/wp-content\/uploads\/2013\/11\/Nazif-Cungu-me-pun\u00ebtor\u00ebt-e-Kripores-s\u00eb-Ulqinit-2.jpg\" width=\"508\" height=\"360\" \/><\/a><\/p>\n<p>P\u00ebrfaq\u00ebsuesit e pun\u00ebtor\u00ebve dhe sindikat\u00ebs kan\u00eb shprehur pak\u00ebnaq\u00ebsin\u00eb e tyre me rastin e pushimit t\u00eb tyre nga puna. Kan\u00eb th\u00ebn\u00eb se lista e pun\u00ebtor\u00ebve t\u00eb cil\u00ebve nuk u \u00ebsht\u00eb zgjatur kontrata \u00ebsht\u00eb hartuar n\u00eb m\u00ebnyr\u00eb jo transparente, n\u00eb baza nacionale dhe pa kritere reale, dhe se p\u00ebr k\u00ebt\u00eb shkak e p\u00ebson afarizimi i Kripores. T\u00eb pushuarit jan\u00eb pun\u00ebtor\u00eb t\u00eb kualifikuar t\u00eb cil\u00ebt me vite kan\u00eb qen\u00eb bart\u00ebs t\u00eb pun\u00ebs n\u00eb Kripore, e pushimi i tyre tentohet t\u00eb z\u00ebvend\u00ebsohet me ri kompozime t\u00eb pa kualifikuara. Kan\u00eb k\u00ebrkuar pages\u00ebn e rrogave t\u00eb mbetura, pages\u00ebn e tatimeve dhe kontributeve si dhe lidhjen e stazhit.<br \/>\nNga ana tjet\u00ebr drejtori i falimentimit Ognjen Jovoviq i ka hedhur posht\u00eb k\u00ebto pretendime dhe ka deklaruar q\u00eb shkaku i vet\u00ebm i pushimit nga puna \u00ebsht\u00eb jo rentabiliteti i nd\u00ebrmarrjes, sepse Kriporja tashm\u00eb shum\u00eb vite \u00ebsht\u00eb n\u00eb situat\u00eb t\u00eb v\u00ebshtir\u00eb dhe ka sqaruar se me shitjen e rezervave ekzistuese t\u00eb krip\u00ebs nuk mund t\u00eb sigurohet pagesa e rrogave p\u00ebr t\u00eb gjith\u00eb pun\u00ebtor\u00ebt dhe t\u00eb mbulohen pun\u00ebt operative. Ka shtuar se nga t\u00eb ardhurat ekzistuese t\u00eb Kripores nuk mund t\u00eb financohet asnj\u00ebfar\u00eb programi social, por q\u00eb do t\u00eb angazhohet t\u00eb paguaj pagat e mbetura pun\u00ebtor\u00ebve.<\/p>\n<p><a href=\"http:\/\/www.visit-ulcinj.com\/blog\/wp-content\/uploads\/2013\/11\/Nazif-Cungu-me-pun\u00ebtor\u00ebt-e-Kripores-s\u00eb-Ulqinit-1.jpg\"><img loading=\"lazy\" class=\"alignleft  wp-image-76411\" alt=\"Nazif-Cungu-me-pun\u00ebtor\u00ebt e Kripores s\u00eb Ulqinit-1\" src=\"http:\/\/www.visit-ulcinj.com\/blog\/wp-content\/uploads\/2013\/11\/Nazif-Cungu-me-pun\u00ebtor\u00ebt-e-Kripores-s\u00eb-Ulqinit-1.jpg\" width=\"508\" height=\"360\" \/><\/a><br \/>\nKryetari i Eurofondit Bojsha Shotra ka deklaruar se tatimet dhe kontributet e mbetura si dhe programi social mund t\u00eb paguhen vet\u00ebm me shitjen e mas\u00ebs falimentuese dhe gjetjen e investitorit strategjik. Megjithat\u00eb p\u00ebr nj\u00eb gj\u00eb t\u00eb till\u00eb duhen siguruar kushtet me dokumentacion planifikues e hap\u00ebsinor dhe n\u00eb nj\u00eb pjes\u00eb t\u00eb Kripores t\u00eb lejohet valorizimi me q\u00ebllim q\u00eb blerja e saj t\u00eb jet\u00eb fitimprur\u00ebse p\u00ebr investitor\u00ebt. Me k\u00ebt\u00eb do t\u00eb p\u00ebrfitonin edhe pun\u00ebtor\u00ebt edhe komuna, e do t\u00eb ruhej edhe prodhimi i krip\u00ebs.<\/p>\n","protected":false},"excerpt":{"rendered":"<p>Takim lidhur me mund\u00ebsin\u00eb e gjetjes s\u00eb zgjidhjes p\u00ebr pun\u00ebtor\u00ebt e kripores t\u00eb pushuar nga puna Sot kryetari i Komun\u00ebs Nazif Cungu ka mbajtur nj\u00eb takim ku \u00ebsht\u00eb diskutuar mund\u00ebsia e zgjidhjes p\u00ebr pun\u00ebtor\u00ebt e kripores t\u00eb pushuar nga puna. N\u00eb takim kan\u00eb marr\u00eb pjes\u00eb p\u00ebrfaq\u00ebsuesit e pun\u00ebtor\u00ebve t\u00eb pushuar p\u00ebrfaq\u00ebsuesin e tyre, p\u00ebrfaq\u00ebsuesi i [&hellip;]<\/p>\n","protected":false},"author":1,"featured_media":0,"comment_status":"closed","ping_status":"closed","sticky":false,"template":"","format":"standard","meta":{"spay_email":"","jetpack_publicize_message":"","jetpack_is_tweetstorm":false,"jetpack_publicize_feature_enabled":true},"categories":[1,6950],"tags":[],"jetpack_publicize_connections":[],"yoast_head":"<!-- This site is optimized with the Yoast SEO plugin v19.1 - https:\/\/yoast.com\/wordpress\/plugins\/seo\/ -->\n<title>K\u00ebrkohet zgjidhje p\u00ebr pun\u00ebtor\u00ebt e Kripores s\u00eb Ulqinit - Lajme nga Ulqini<\/title>\n<meta name=\"description\" content=\"Takim lidhur me mund\u00ebsin\u00eb e gjetjes s\u00eb zgjidhjes p\u00ebr pun\u00ebtor\u00ebt e kripores t\u00eb pushuar nga puna Sot kryetari i Komun\u00ebs Nazif Cungu ka mbajtur nj\u00eb takim ku\" \/>\n<meta name=\"robots\" content=\"index, follow, max-snippet:-1, max-image-preview:large, max-video-preview:-1\" \/>\n<link rel=\"canonical\" href=\"https:\/\/www.visit-ulcinj.com\/blog\/2013\/11\/20\/kerkohet-zgjidhje-per-punetoret-e-kripores-se-ulqinit\/\" \/>\n<meta property=\"og:locale\" content=\"en_US\" \/>\n<meta property=\"og:type\" content=\"article\" \/>\n<meta property=\"og:title\" content=\"K\u00ebrkohet zgjidhje p\u00ebr pun\u00ebtor\u00ebt e Kripores s\u00eb Ulqinit - Lajme nga Ulqini\" \/>\n<meta property=\"og:description\" content=\"Takim lidhur me mund\u00ebsin\u00eb e gjetjes s\u00eb zgjidhjes p\u00ebr pun\u00ebtor\u00ebt e kripores t\u00eb pushuar nga puna Sot kryetari i Komun\u00ebs Nazif Cungu ka mbajtur nj\u00eb takim ku\" \/>\n<meta property=\"og:url\" content=\"https:\/\/www.visit-ulcinj.com\/blog\/2013\/11\/20\/kerkohet-zgjidhje-per-punetoret-e-kripores-se-ulqinit\/\" \/>\n<meta property=\"og:site_name\" content=\"Lajme nga Ulqini\" \/>\n<meta property=\"article:published_time\" content=\"2013-11-20T17:19:42+00:00\" \/>\n<meta property=\"article:modified_time\" content=\"2013-11-21T06:38:30+00:00\" \/>\n<meta name=\"twitter:label1\" content=\"Written by\" \/>\n\t<meta name=\"twitter:data1\" content=\"ulqini\" \/>\n\t<meta name=\"twitter:label2\" content=\"Est. reading time\" \/>\n\t<meta name=\"twitter:data2\" content=\"2 minutes\" \/>\n<script type=\"application\/ld+json\" class=\"yoast-schema-graph\">{\"@context\":\"https:\/\/schema.org\",\"@graph\":[{\"@type\":\"WebSite\",\"@id\":\"https:\/\/www.visit-ulcinj.com\/blog\/#website\",\"url\":\"https:\/\/www.visit-ulcinj.com\/blog\/\",\"name\":\"Lajme nga Ulqini\",\"description\":\"Lajme,Vijesti,Ulqini,Ulqin,Crna Gora,Mali i Zi\",\"potentialAction\":[{\"@type\":\"SearchAction\",\"target\":{\"@type\":\"EntryPoint\",\"urlTemplate\":\"https:\/\/www.visit-ulcinj.com\/blog\/?s={search_term_string}\"},\"query-input\":\"required name=search_term_string\"}],\"inLanguage\":\"en-US\"},{\"@type\":\"WebPage\",\"@id\":\"https:\/\/www.visit-ulcinj.com\/blog\/2013\/11\/20\/kerkohet-zgjidhje-per-punetoret-e-kripores-se-ulqinit\/#webpage\",\"url\":\"https:\/\/www.visit-ulcinj.com\/blog\/2013\/11\/20\/kerkohet-zgjidhje-per-punetoret-e-kripores-se-ulqinit\/\",\"name\":\"K\u00ebrkohet zgjidhje p\u00ebr pun\u00ebtor\u00ebt e Kripores s\u00eb Ulqinit - Lajme nga Ulqini\",\"isPartOf\":{\"@id\":\"https:\/\/www.visit-ulcinj.com\/blog\/#website\"},\"datePublished\":\"2013-11-20T17:19:42+00:00\",\"dateModified\":\"2013-11-21T06:38:30+00:00\",\"author\":{\"@id\":\"https:\/\/www.visit-ulcinj.com\/blog\/#\/schema\/person\/dcab619c614d3038751c63bc2aadc06d\"},\"description\":\"Takim lidhur me mund\u00ebsin\u00eb e gjetjes s\u00eb zgjidhjes p\u00ebr pun\u00ebtor\u00ebt e kripores t\u00eb pushuar nga puna Sot kryetari i Komun\u00ebs Nazif Cungu ka mbajtur nj\u00eb takim ku\",\"breadcrumb\":{\"@id\":\"https:\/\/www.visit-ulcinj.com\/blog\/2013\/11\/20\/kerkohet-zgjidhje-per-punetoret-e-kripores-se-ulqinit\/#breadcrumb\"},\"inLanguage\":\"en-US\",\"potentialAction\":[{\"@type\":\"ReadAction\",\"target\":[\"https:\/\/www.visit-ulcinj.com\/blog\/2013\/11\/20\/kerkohet-zgjidhje-per-punetoret-e-kripores-se-ulqinit\/\"]}]},{\"@type\":\"BreadcrumbList\",\"@id\":\"https:\/\/www.visit-ulcinj.com\/blog\/2013\/11\/20\/kerkohet-zgjidhje-per-punetoret-e-kripores-se-ulqinit\/#breadcrumb\",\"itemListElement\":[{\"@type\":\"ListItem\",\"position\":1,\"name\":\"K\u00ebrkohet zgjidhje p\u00ebr pun\u00ebtor\u00ebt e Kripores s\u00eb Ulqinit\"}]},{\"@type\":\"Person\",\"@id\":\"https:\/\/www.visit-ulcinj.com\/blog\/#\/schema\/person\/dcab619c614d3038751c63bc2aadc06d\",\"name\":\"ulqini\",\"sameAs\":[\"http:\/\/www.visit-ulcinj.com\"],\"url\":\"https:\/\/www.visit-ulcinj.com\/blog\/author\/admin\/\"}]}<\/script>\n<!-- \/ Yoast SEO plugin. -->","yoast_head_json":{"title":"K\u00ebrkohet zgjidhje p\u00ebr pun\u00ebtor\u00ebt e Kripores s\u00eb Ulqinit - Lajme nga Ulqini","description":"Takim lidhur me mund\u00ebsin\u00eb e gjetjes s\u00eb zgjidhjes p\u00ebr pun\u00ebtor\u00ebt e kripores t\u00eb pushuar nga puna Sot kryetari i Komun\u00ebs Nazif Cungu ka mbajtur nj\u00eb takim ku","robots":{"index":"index","follow":"follow","max-snippet":"max-snippet:-1","max-image-preview":"max-image-preview:large","max-video-preview":"max-video-preview:-1"},"canonical":"https:\/\/www.visit-ulcinj.com\/blog\/2013\/11\/20\/kerkohet-zgjidhje-per-punetoret-e-kripores-se-ulqinit\/","og_locale":"en_US","og_type":"article","og_title":"K\u00ebrkohet zgjidhje p\u00ebr pun\u00ebtor\u00ebt e Kripores s\u00eb Ulqinit - Lajme nga Ulqini","og_description":"Takim lidhur me mund\u00ebsin\u00eb e gjetjes s\u00eb zgjidhjes p\u00ebr pun\u00ebtor\u00ebt e kripores t\u00eb pushuar nga puna Sot kryetari i Komun\u00ebs Nazif Cungu ka mbajtur nj\u00eb takim ku","og_url":"https:\/\/www.visit-ulcinj.com\/blog\/2013\/11\/20\/kerkohet-zgjidhje-per-punetoret-e-kripores-se-ulqinit\/","og_site_name":"Lajme nga Ulqini","article_published_time":"2013-11-20T17:19:42+00:00","article_modified_time":"2013-11-21T06:38:30+00:00","twitter_misc":{"Written by":"ulqini","Est. reading time":"2 minutes"},"schema":{"@context":"https:\/\/schema.org","@graph":[{"@type":"WebSite","@id":"https:\/\/www.visit-ulcinj.com\/blog\/#website","url":"https:\/\/www.visit-ulcinj.com\/blog\/","name":"Lajme nga Ulqini","description":"Lajme,Vijesti,Ulqini,Ulqin,Crna Gora,Mali i Zi","potentialAction":[{"@type":"SearchAction","target":{"@type":"EntryPoint","urlTemplate":"https:\/\/www.visit-ulcinj.com\/blog\/?s={search_term_string}"},"query-input":"required name=search_term_string"}],"inLanguage":"en-US"},{"@type":"WebPage","@id":"https:\/\/www.visit-ulcinj.com\/blog\/2013\/11\/20\/kerkohet-zgjidhje-per-punetoret-e-kripores-se-ulqinit\/#webpage","url":"https:\/\/www.visit-ulcinj.com\/blog\/2013\/11\/20\/kerkohet-zgjidhje-per-punetoret-e-kripores-se-ulqinit\/","name":"K\u00ebrkohet zgjidhje p\u00ebr pun\u00ebtor\u00ebt e Kripores s\u00eb Ulqinit - Lajme nga Ulqini","isPartOf":{"@id":"https:\/\/www.visit-ulcinj.com\/blog\/#website"},"datePublished":"2013-11-20T17:19:42+00:00","dateModified":"2013-11-21T06:38:30+00:00","author":{"@id":"https:\/\/www.visit-ulcinj.com\/blog\/#\/schema\/person\/dcab619c614d3038751c63bc2aadc06d"},"description":"Takim lidhur me mund\u00ebsin\u00eb e gjetjes s\u00eb zgjidhjes p\u00ebr pun\u00ebtor\u00ebt e kripores t\u00eb pushuar nga puna Sot kryetari i Komun\u00ebs Nazif Cungu ka mbajtur nj\u00eb takim ku","breadcrumb":{"@id":"https:\/\/www.visit-ulcinj.com\/blog\/2013\/11\/20\/kerkohet-zgjidhje-per-punetoret-e-kripores-se-ulqinit\/#breadcrumb"},"inLanguage":"en-US","potentialAction":[{"@type":"ReadAction","target":["https:\/\/www.visit-ulcinj.com\/blog\/2013\/11\/20\/kerkohet-zgjidhje-per-punetoret-e-kripores-se-ulqinit\/"]}]},{"@type":"BreadcrumbList","@id":"https:\/\/www.visit-ulcinj.com\/blog\/2013\/11\/20\/kerkohet-zgjidhje-per-punetoret-e-kripores-se-ulqinit\/#breadcrumb","itemListElement":[{"@type":"ListItem","position":1,"name":"K\u00ebrkohet zgjidhje p\u00ebr pun\u00ebtor\u00ebt e Kripores s\u00eb Ulqinit"}]},{"@type":"Person","@id":"https:\/\/www.visit-ulcinj.com\/blog\/#\/schema\/person\/dcab619c614d3038751c63bc2aadc06d","name":"ulqini","sameAs":["http:\/\/www.visit-ulcinj.com"],"url":"https:\/\/www.visit-ulcinj.com\/blog\/author\/admin\/"}]}},"jetpack_featured_media_url":"","jetpack_sharing_enabled":true,"jetpack_shortlink":"https:\/\/wp.me\/pe6lTn-jSn","_links":{"self":[{"href":"https:\/\/www.visit-ulcinj.com\/blog\/wp-json\/wp\/v2\/posts\/76407"}],"collection":[{"href":"https:\/\/www.visit-ulcinj.com\/blog\/wp-json\/wp\/v2\/posts"}],"about":[{"href":"https:\/\/www.visit-ulcinj.com\/blog\/wp-json\/wp\/v2\/types\/post"}],"author":[{"embeddable":true,"href":"https:\/\/www.visit-ulcinj.com\/blog\/wp-json\/wp\/v2\/users\/1"}],"replies":[{"embeddable":true,"href":"https:\/\/www.visit-ulcinj.com\/blog\/wp-json\/wp\/v2\/comments?post=76407"}],"version-history":[{"count":3,"href":"https:\/\/www.visit-ulcinj.com\/blog\/wp-json\/wp\/v2\/posts\/76407\/revisions"}],"predecessor-version":[{"id":76415,"href":"https:\/\/www.visit-ulcinj.com\/blog\/wp-json\/wp\/v2\/posts\/76407\/revisions\/76415"}],"wp:attachment":[{"href":"https:\/\/www.visit-ulcinj.com\/blog\/wp-json\/wp\/v2\/media?parent=76407"}],"wp:term":[{"taxonomy":"category","embeddable":true,"href":"https:\/\/www.visit-ulcinj.com\/blog\/wp-json\/wp\/v2\/categories?post=76407"},{"taxonomy":"post_tag","embeddable":true,"href":"https:\/\/www.visit-ulcinj.com\/blog\/wp-json\/wp\/v2\/tags?post=76407"}],"curies":[{"name":"wp","href":"https:\/\/api.w.org\/{rel}","templated":true}]}}