{"id":76410,"date":"2013-11-20T18:29:18","date_gmt":"2013-11-20T17:29:18","guid":{"rendered":"http:\/\/www.visit-ulcinj.com\/blog\/?p=76410"},"modified":"2013-11-20T18:29:18","modified_gmt":"2013-11-20T17:29:18","slug":"sastanak-pronalaska-rjesenja-za-otpustene-radnike-solane","status":"publish","type":"post","link":"https:\/\/www.visit-ulcinj.com\/blog\/2013\/11\/20\/sastanak-pronalaska-rjesenja-za-otpustene-radnike-solane\/","title":{"rendered":"Sastanak pronalaska rje\u0161enja za otpu\u0161tene radnike Solane"},"content":{"rendered":"<p><strong><a href=\"http:\/\/www.visit-ulcinj.com\/blog\/wp-content\/uploads\/2013\/11\/Nazif-Cungu-me-pun\u00ebtor\u00ebt-e-Kripores-s\u00eb-Ulqinit-1.jpg\"><img loading=\"lazy\" class=\"alignleft  wp-image-76411\" alt=\"Nazif-Cungu-me-pun\u00ebtor\u00ebt e Kripores s\u00eb Ulqinit-1\" src=\"http:\/\/www.visit-ulcinj.com\/blog\/wp-content\/uploads\/2013\/11\/Nazif-Cungu-me-pun\u00ebtor\u00ebt-e-Kripores-s\u00eb-Ulqinit-1.jpg\" width=\"508\" height=\"360\" \/><\/a>Sastanak povodom mogu\u0107nosti pronalaska rje\u0161enja za nedavno otpu\u0161tene radnike Solane<\/strong><\/p>\n<p>Danas je predsjednik Op\u0161tine Ulcinj Nazif Cungu odr\u017eao sastanak povodom mogu\u0107nosti pronalaska rje\u0161enja za nedavno otpu\u0161tene radnike Solane. Sastanku su prisustvovali predstavnici otpu\u0161tenih radnika sa zastupnikom, predstavnik sindikata Solane, ste\u010dajni upravnik i direktor \u201eEurofonda&#8221; \u2013 ve\u0107inskog vlasnika Solane. Predsjednik je od prisutnih zatra\u017eio maksimalno zalaganje kako bi se rije\u0161io problem otpu\u0161tenih radnika, prije svega isplatu zaostalih zarada, poreza i doprinosa kao i izradu socijalnog programa, me\u0111utim do dogovora se danas nije moglo do\u0107i.<\/p>\n<p>Predstavnici radnika i sindikata su izrazili nezadovoljstvo povodom njihovog nedavnog otpu\u0161tanja. Naveli su da je lista radnika kojima nije produ\u017een ugovor napravljena netransparentno, na nacionalnoj osnovi i bez realnih kriterijuma, i da zbog toga trpi poslovanje Solane. Otpu\u0161teni su kvalifikovani ljudi koji su godinama bili nosioci posla na Solani, a njihovo otpu\u0161tanje se poku\u0161ava nadomijestiti nekvalitetnim prekompozicijama. Tra\u017eili su izmirivanje zaostalih zarada, uplatu poreza i doprinosa i povezivanje radnog sta\u017ea.<br \/>\nSa druge strane ste\u010dajni upravnik Ognjen Jovovi\u0107 odbacio je ove navode radnika i izjavio da je jedini razlog otpu\u0161tanja nerentabilnost preduze\u0107a, jer je Solana ve\u0107 dugo godina u te\u0161koj situaciji i pojasnio da sa prodajom postoje\u0107ih zaliha soli ne mo\u017ee obezbijediti isplata zarada svim radnicima i pokriti operativni tro\u0161kovi. Dodao je da se iz postoje\u0107ih prihoda Solane ne mo\u017ee finansirati bilo kakav socijalni program, a da \u0107e nastojati da isplati dugovane zarade radnicima.<br \/>\nPredsjednik Eurofonda Boj\u0161a \u0160otra izjavio je da se zaostali porezi i doprinosi i socijalni program mogu isplatiti jedino prodajom ste\u010dajne mase i pronalaskom strate\u0161kog investitora. Me\u0111utim za to treba obezbijediti uslove prostornoplanskom dokumentacijom, i dozvoliti da se na jednom dijelu Solane omogu\u0107i valorizacija kako bi njena kupovina bila isplativa za investitore. Time bi profitirali i radnici i Op\u0161tina, a odr\u017eala bi se i proizvodnja soli.<\/p>\n","protected":false},"excerpt":{"rendered":"<p>Sastanak povodom mogu\u0107nosti pronalaska rje\u0161enja za nedavno otpu\u0161tene radnike Solane Danas je predsjednik Op\u0161tine Ulcinj Nazif Cungu odr\u017eao sastanak povodom mogu\u0107nosti pronalaska rje\u0161enja za nedavno otpu\u0161tene radnike Solane. Sastanku su prisustvovali predstavnici otpu\u0161tenih radnika sa zastupnikom, predstavnik sindikata Solane, ste\u010dajni upravnik i direktor \u201eEurofonda&#8221; \u2013 ve\u0107inskog vlasnika Solane. Predsjednik je od prisutnih zatra\u017eio maksimalno zalaganje [&hellip;]<\/p>\n","protected":false},"author":1,"featured_media":0,"comment_status":"closed","ping_status":"closed","sticky":false,"template":"","format":"standard","meta":{"spay_email":"","jetpack_publicize_message":"","jetpack_is_tweetstorm":false,"jetpack_publicize_feature_enabled":true},"categories":[8337],"tags":[],"jetpack_publicize_connections":[],"yoast_head":"<!-- This site is optimized with the Yoast SEO plugin v19.1 - https:\/\/yoast.com\/wordpress\/plugins\/seo\/ -->\n<title>Sastanak pronalaska rje\u0161enja za otpu\u0161tene radnike Solane - Lajme nga Ulqini<\/title>\n<meta name=\"description\" content=\"Sastanak povodom mogu\u0107nosti pronalaska rje\u0161enja za nedavno otpu\u0161tene radnike Solane Danas je predsjednik Op\u0161tine Ulcinj Nazif Cungu odr\u017eao sastanak\" \/>\n<meta name=\"robots\" content=\"index, follow, max-snippet:-1, max-image-preview:large, max-video-preview:-1\" \/>\n<link rel=\"canonical\" href=\"https:\/\/www.visit-ulcinj.com\/blog\/2013\/11\/20\/sastanak-pronalaska-rjesenja-za-otpustene-radnike-solane\/\" \/>\n<meta property=\"og:locale\" content=\"en_US\" \/>\n<meta property=\"og:type\" content=\"article\" \/>\n<meta property=\"og:title\" content=\"Sastanak pronalaska rje\u0161enja za otpu\u0161tene radnike Solane - Lajme nga Ulqini\" \/>\n<meta property=\"og:description\" content=\"Sastanak povodom mogu\u0107nosti pronalaska rje\u0161enja za nedavno otpu\u0161tene radnike Solane Danas je predsjednik Op\u0161tine Ulcinj Nazif Cungu odr\u017eao sastanak\" \/>\n<meta property=\"og:url\" content=\"https:\/\/www.visit-ulcinj.com\/blog\/2013\/11\/20\/sastanak-pronalaska-rjesenja-za-otpustene-radnike-solane\/\" \/>\n<meta property=\"og:site_name\" content=\"Lajme nga Ulqini\" \/>\n<meta property=\"article:published_time\" content=\"2013-11-20T17:29:18+00:00\" \/>\n<meta name=\"twitter:label1\" content=\"Written by\" \/>\n\t<meta name=\"twitter:data1\" content=\"ulqini\" \/>\n\t<meta name=\"twitter:label2\" content=\"Est. reading time\" \/>\n\t<meta name=\"twitter:data2\" content=\"2 minutes\" \/>\n<script type=\"application\/ld+json\" class=\"yoast-schema-graph\">{\"@context\":\"https:\/\/schema.org\",\"@graph\":[{\"@type\":\"WebSite\",\"@id\":\"https:\/\/www.visit-ulcinj.com\/blog\/#website\",\"url\":\"https:\/\/www.visit-ulcinj.com\/blog\/\",\"name\":\"Lajme nga Ulqini\",\"description\":\"Lajme,Vijesti,Ulqini,Ulqin,Crna Gora,Mali i Zi\",\"potentialAction\":[{\"@type\":\"SearchAction\",\"target\":{\"@type\":\"EntryPoint\",\"urlTemplate\":\"https:\/\/www.visit-ulcinj.com\/blog\/?s={search_term_string}\"},\"query-input\":\"required name=search_term_string\"}],\"inLanguage\":\"en-US\"},{\"@type\":\"WebPage\",\"@id\":\"https:\/\/www.visit-ulcinj.com\/blog\/2013\/11\/20\/sastanak-pronalaska-rjesenja-za-otpustene-radnike-solane\/#webpage\",\"url\":\"https:\/\/www.visit-ulcinj.com\/blog\/2013\/11\/20\/sastanak-pronalaska-rjesenja-za-otpustene-radnike-solane\/\",\"name\":\"Sastanak pronalaska rje\u0161enja za otpu\u0161tene radnike Solane - Lajme nga Ulqini\",\"isPartOf\":{\"@id\":\"https:\/\/www.visit-ulcinj.com\/blog\/#website\"},\"datePublished\":\"2013-11-20T17:29:18+00:00\",\"dateModified\":\"2013-11-20T17:29:18+00:00\",\"author\":{\"@id\":\"https:\/\/www.visit-ulcinj.com\/blog\/#\/schema\/person\/dcab619c614d3038751c63bc2aadc06d\"},\"description\":\"Sastanak povodom mogu\u0107nosti pronalaska rje\u0161enja za nedavno otpu\u0161tene radnike Solane Danas je predsjednik Op\u0161tine Ulcinj Nazif Cungu odr\u017eao sastanak\",\"breadcrumb\":{\"@id\":\"https:\/\/www.visit-ulcinj.com\/blog\/2013\/11\/20\/sastanak-pronalaska-rjesenja-za-otpustene-radnike-solane\/#breadcrumb\"},\"inLanguage\":\"en-US\",\"potentialAction\":[{\"@type\":\"ReadAction\",\"target\":[\"https:\/\/www.visit-ulcinj.com\/blog\/2013\/11\/20\/sastanak-pronalaska-rjesenja-za-otpustene-radnike-solane\/\"]}]},{\"@type\":\"BreadcrumbList\",\"@id\":\"https:\/\/www.visit-ulcinj.com\/blog\/2013\/11\/20\/sastanak-pronalaska-rjesenja-za-otpustene-radnike-solane\/#breadcrumb\",\"itemListElement\":[{\"@type\":\"ListItem\",\"position\":1,\"name\":\"Sastanak pronalaska rje\u0161enja za otpu\u0161tene radnike Solane\"}]},{\"@type\":\"Person\",\"@id\":\"https:\/\/www.visit-ulcinj.com\/blog\/#\/schema\/person\/dcab619c614d3038751c63bc2aadc06d\",\"name\":\"ulqini\",\"sameAs\":[\"http:\/\/www.visit-ulcinj.com\"],\"url\":\"https:\/\/www.visit-ulcinj.com\/blog\/author\/admin\/\"}]}<\/script>\n<!-- \/ Yoast SEO plugin. -->","yoast_head_json":{"title":"Sastanak pronalaska rje\u0161enja za otpu\u0161tene radnike Solane - Lajme nga Ulqini","description":"Sastanak povodom mogu\u0107nosti pronalaska rje\u0161enja za nedavno otpu\u0161tene radnike Solane Danas je predsjednik Op\u0161tine Ulcinj Nazif Cungu odr\u017eao sastanak","robots":{"index":"index","follow":"follow","max-snippet":"max-snippet:-1","max-image-preview":"max-image-preview:large","max-video-preview":"max-video-preview:-1"},"canonical":"https:\/\/www.visit-ulcinj.com\/blog\/2013\/11\/20\/sastanak-pronalaska-rjesenja-za-otpustene-radnike-solane\/","og_locale":"en_US","og_type":"article","og_title":"Sastanak pronalaska rje\u0161enja za otpu\u0161tene radnike Solane - Lajme nga Ulqini","og_description":"Sastanak povodom mogu\u0107nosti pronalaska rje\u0161enja za nedavno otpu\u0161tene radnike Solane Danas je predsjednik Op\u0161tine Ulcinj Nazif Cungu odr\u017eao sastanak","og_url":"https:\/\/www.visit-ulcinj.com\/blog\/2013\/11\/20\/sastanak-pronalaska-rjesenja-za-otpustene-radnike-solane\/","og_site_name":"Lajme nga Ulqini","article_published_time":"2013-11-20T17:29:18+00:00","twitter_misc":{"Written by":"ulqini","Est. reading time":"2 minutes"},"schema":{"@context":"https:\/\/schema.org","@graph":[{"@type":"WebSite","@id":"https:\/\/www.visit-ulcinj.com\/blog\/#website","url":"https:\/\/www.visit-ulcinj.com\/blog\/","name":"Lajme nga Ulqini","description":"Lajme,Vijesti,Ulqini,Ulqin,Crna Gora,Mali i Zi","potentialAction":[{"@type":"SearchAction","target":{"@type":"EntryPoint","urlTemplate":"https:\/\/www.visit-ulcinj.com\/blog\/?s={search_term_string}"},"query-input":"required name=search_term_string"}],"inLanguage":"en-US"},{"@type":"WebPage","@id":"https:\/\/www.visit-ulcinj.com\/blog\/2013\/11\/20\/sastanak-pronalaska-rjesenja-za-otpustene-radnike-solane\/#webpage","url":"https:\/\/www.visit-ulcinj.com\/blog\/2013\/11\/20\/sastanak-pronalaska-rjesenja-za-otpustene-radnike-solane\/","name":"Sastanak pronalaska rje\u0161enja za otpu\u0161tene radnike Solane - Lajme nga Ulqini","isPartOf":{"@id":"https:\/\/www.visit-ulcinj.com\/blog\/#website"},"datePublished":"2013-11-20T17:29:18+00:00","dateModified":"2013-11-20T17:29:18+00:00","author":{"@id":"https:\/\/www.visit-ulcinj.com\/blog\/#\/schema\/person\/dcab619c614d3038751c63bc2aadc06d"},"description":"Sastanak povodom mogu\u0107nosti pronalaska rje\u0161enja za nedavno otpu\u0161tene radnike Solane Danas je predsjednik Op\u0161tine Ulcinj Nazif Cungu odr\u017eao sastanak","breadcrumb":{"@id":"https:\/\/www.visit-ulcinj.com\/blog\/2013\/11\/20\/sastanak-pronalaska-rjesenja-za-otpustene-radnike-solane\/#breadcrumb"},"inLanguage":"en-US","potentialAction":[{"@type":"ReadAction","target":["https:\/\/www.visit-ulcinj.com\/blog\/2013\/11\/20\/sastanak-pronalaska-rjesenja-za-otpustene-radnike-solane\/"]}]},{"@type":"BreadcrumbList","@id":"https:\/\/www.visit-ulcinj.com\/blog\/2013\/11\/20\/sastanak-pronalaska-rjesenja-za-otpustene-radnike-solane\/#breadcrumb","itemListElement":[{"@type":"ListItem","position":1,"name":"Sastanak pronalaska rje\u0161enja za otpu\u0161tene radnike Solane"}]},{"@type":"Person","@id":"https:\/\/www.visit-ulcinj.com\/blog\/#\/schema\/person\/dcab619c614d3038751c63bc2aadc06d","name":"ulqini","sameAs":["http:\/\/www.visit-ulcinj.com"],"url":"https:\/\/www.visit-ulcinj.com\/blog\/author\/admin\/"}]}},"jetpack_featured_media_url":"","jetpack_sharing_enabled":true,"jetpack_shortlink":"https:\/\/wp.me\/pe6lTn-jSq","_links":{"self":[{"href":"https:\/\/www.visit-ulcinj.com\/blog\/wp-json\/wp\/v2\/posts\/76410"}],"collection":[{"href":"https:\/\/www.visit-ulcinj.com\/blog\/wp-json\/wp\/v2\/posts"}],"about":[{"href":"https:\/\/www.visit-ulcinj.com\/blog\/wp-json\/wp\/v2\/types\/post"}],"author":[{"embeddable":true,"href":"https:\/\/www.visit-ulcinj.com\/blog\/wp-json\/wp\/v2\/users\/1"}],"replies":[{"embeddable":true,"href":"https:\/\/www.visit-ulcinj.com\/blog\/wp-json\/wp\/v2\/comments?post=76410"}],"version-history":[{"count":1,"href":"https:\/\/www.visit-ulcinj.com\/blog\/wp-json\/wp\/v2\/posts\/76410\/revisions"}],"predecessor-version":[{"id":76412,"href":"https:\/\/www.visit-ulcinj.com\/blog\/wp-json\/wp\/v2\/posts\/76410\/revisions\/76412"}],"wp:attachment":[{"href":"https:\/\/www.visit-ulcinj.com\/blog\/wp-json\/wp\/v2\/media?parent=76410"}],"wp:term":[{"taxonomy":"category","embeddable":true,"href":"https:\/\/www.visit-ulcinj.com\/blog\/wp-json\/wp\/v2\/categories?post=76410"},{"taxonomy":"post_tag","embeddable":true,"href":"https:\/\/www.visit-ulcinj.com\/blog\/wp-json\/wp\/v2\/tags?post=76410"}],"curies":[{"name":"wp","href":"https:\/\/api.w.org\/{rel}","templated":true}]}}