{"id":76422,"date":"2013-11-21T07:34:58","date_gmt":"2013-11-21T06:34:58","guid":{"rendered":"http:\/\/www.visit-ulcinj.com\/blog\/?p=76422"},"modified":"2013-11-21T16:23:09","modified_gmt":"2013-11-21T15:23:09","slug":"humb-jeten-ne-aksident-sokol-olldashi-video","status":"publish","type":"post","link":"https:\/\/www.visit-ulcinj.com\/blog\/2013\/11\/21\/humb-jeten-ne-aksident-sokol-olldashi-video\/","title":{"rendered":"Humb jet\u00ebn n\u00eb aksident Sokol Olldashi &#8211; Video"},"content":{"rendered":"<p><a href=\"http:\/\/www.visit-ulcinj.com\/blog\/wp-content\/uploads\/2013\/11\/olldashi-aksident-sonte.jpg\"><img loading=\"lazy\" class=\"alignleft  wp-image-76423\" alt=\"olldashi aksident sonte\" src=\"http:\/\/www.visit-ulcinj.com\/blog\/wp-content\/uploads\/2013\/11\/olldashi-aksident-sonte.jpg\" width=\"508\" height=\"360\" \/><\/a>Deputeti i Partis\u00eb Demokratik\u00eb, Sokol Olldashi ka humbur jet\u00ebn n\u00eb nj\u00eb aksident rrugor n\u00eb aksin Tiran\u00eb-Elbasan. Ministria e Brendshme ka konfirmuar se \u00ebsht\u00eb trupi i Olldashit ai i cili \u00ebsht\u00eb gjetur n\u00eb makin\u00eb. M\u00ebsohet se fytyra e deputeti t\u00eb ndjer\u00eb \u00ebsht\u00eb e shp\u00ebrfytyruar, por identifikimi \u00ebsht\u00eb b\u00ebr\u00eb nga mjetet e identifikimit t\u00eb gjetura n\u00eb makin\u00eb.<\/p>\n<p>Aksidenti ka ndodhur rreth or\u00ebs 21:20, tek vendi i quajtur lapidari i Krrab\u00ebs&#8221;. Automjeti me t\u00eb cilin po udh\u00ebtonte ish-ministrit t\u00eb Transportit ka dal\u00eb nga rruga dhe p\u00ebr pasoj\u00eb 40-vje\u00e7ari, i cili ishte n\u00eb timon ka humbur jet\u00ebn.<\/p>\n<p>N\u00eb vendngjarje kan\u00eb shkuar bashk\u00ebshortja e zotit Olldashi, ish-kryeministri Sali Berisha, kryetari i Partis\u00eb Demokratike, Lulzim Basha, ministri i Brendsh\u00ebm, Saimir Tahiri, deputeti Taulant Balla si dhe nj\u00eb s\u00ebr\u00eb deputet\u00eb t\u00eb tjer\u00eb.<\/p>\n<p><strong>Sokol Olldashi ose njeriu i sfidave<\/strong><\/p>\n<p>Sokol Olldashi i lindur m\u00eb 17 dhjetor t\u00eb vitit 1972, ishte nj\u00eb nga figurat e spikatura t\u00eb Partis\u00eb Demokratike. Olldashi u afirmua si gazetar dhe n\u00eb vitin 2001 hyn n\u00eb politik\u00eb duke u zgjedhur deputet. N\u00eb vitin 2005, ai arriti t\u00eb fitoj\u00eb gar\u00ebn elektorale p\u00ebrball\u00eb Agron Duk\u00ebs, at\u00ebher\u00eb minist\u00ebr i Bujq\u00ebsis\u00eb dhe kandidat i PS-s\u00eb.<\/p>\n<p>Pas ardhjes n\u00eb pushtet t\u00eb PD-s\u00eb n\u00eb vitin 2005, Olldashi u em\u00ebruar n\u00eb krye t\u00eb Ministris\u00eb s\u00eb Brendshme. N\u00eb vitin 2007 hoqi dor\u00eb nga posti i ministrit dhe mandati i deputetit p\u00ebr t\u00eb garuar p\u00ebrball\u00eb Edi Ram\u00ebs p\u00ebr Bashkin\u00eb e Tiran\u00ebs. E humbi gar\u00ebn, por u em\u00ebrua minist\u00ebr i Transportit, post t\u00eb cilin e mbajti deri n\u00eb shtator t\u00eb k\u00ebtij viti. Pas kalimit t\u00eb PD-s\u00eb n\u00eb opozit\u00eb, Olldashi garoi me Lulzim Bash\u00ebn p\u00ebr t\u2019u zgjedhur kryetar i k\u00ebsaj partie.\u00a0Olldashi ishte nj\u00eb nga figurat m\u00eb karizmatike t\u00eb PD-s\u00eb dhe nj\u00eb nga njer\u00ebzit q\u00eb mori shum\u00eb sfida mbi supe.<\/p>\n<p><strong>Shekulli Online<\/strong><\/p>\n<!--YouTube Error: bad URL entered-->\n<p><strong>Telefonata e fundit e Sokol Olldashit: \u201c&#8230; Jam keq&#8230;!<\/strong><\/p>\n<div>\n<p><strong>Luis Tanushi \/Nikoleta Kova\u00e7i <\/strong><\/p>\n<p>-\u201cKam b\u00ebr\u00eb aksident, jam keq!\u201d K\u00ebto jan\u00eb fjal\u00ebt e fundit q\u00eb ka th\u00ebn\u00eb Sokol Olldashi, teksa automjeti i tij kishte p\u00ebrfunduar n\u00eb gremin\u00ebn e Krrab\u00ebs. Sinjali i fundit i jet\u00ebs s\u00eb tij ka shkuar n\u00eb celularin e shoferit t\u00eb tij, i cili n\u00eb momentin e marrjes s\u00eb lajmit t\u00eb keq ka lajm\u00ebruar sall\u00ebn operative dhe bashk\u00eb me deputetin e PD-s\u00eb, Igli Cara, jan\u00eb nisur n\u00eb drejtim t\u00eb vendit t\u00eb ngjarjes me iden\u00eb p\u00ebr t\u2019i dh\u00ebn\u00eb ndihm\u00ebn mikut t\u00eb tyre. Mir\u00ebpo, kur kan\u00eb mb\u00ebrritur n\u00eb vendin e ngjarjes, automjeti nuk \u00ebsht\u00eb par\u00eb n\u00eb rrug\u00eb, nd\u00ebrsa kalimtar\u00eb t\u00eb rastit kan\u00eb shquar dritat e bllokazhit t\u00eb nj\u00eb makin\u00eb n\u00eb humner\u00eb. Derisa ka mb\u00ebrritur policia, ambulancat, prokuroria, ka qen\u00eb shum\u00eb von\u00eb. Shum\u00eb von\u00eb p\u00ebr t\u00eb mbajtur n\u00eb jet\u00eb Olldashin! Trupi i tij \u00ebsht\u00eb nxjerr\u00eb rreth 1 or\u00eb e 15 minuta pas mb\u00ebrritjes s\u00eb policis\u00eb n\u00eb vendin e ngjarjes, m\u00eb pas \u00ebsht\u00eb transportuar n\u00eb drejtim t\u00eb morgut. N\u00eb vendin e aksidentit kan\u00eb mb\u00ebrritur krer\u00ebt e PD-s\u00eb, ministri i Brendsh\u00ebm, Tahiri, kryetari i Kuvendit, Ilir Meta dhe deputet\u00eb t\u00eb opozit\u00ebs. Bashk\u00ebshorten e Sokol Olldashit, Enkeled\u00ebn, e ka shoq\u00ebruar deputetja e PD-s\u00eb, Mesila Doda. Ishte e trishtuar. Gruaja ka p\u00ebrjetuar mjaft r\u00ebnd\u00eb ngjarjen, nd\u00ebrsa policia dhe personat e tjer\u00eb jan\u00eb munduar ta qet\u00ebsojn\u00eb gruan p\u00ebr gjendjen e tij duke i th\u00ebn\u00eb se \u00ebsht\u00eb gjall\u00eb.<\/p>\n<p><strong>Aksidenti<\/strong><\/p>\n<p>Referuar t\u00eb dh\u00ebnave t\u00eb ardhura nga Policia e Shtetit, informacion q\u00eb u l\u00ebshua n\u00eb 00.35 minuta t\u00eb dit\u00ebs s\u00eb sotme b\u00ebhet me dije se n\u00eb makin\u00ebn me t\u00eb cil\u00ebn udh\u00ebtonte deputeti i Partis\u00eb Demokratike nuk ka patur person tjet\u00ebr p\u00ebrve\u00e7 Sokol Olldashit. Policia nuk ka dh\u00ebn\u00eb asnj\u00eb lloj informacioni tjet\u00ebr n\u00eb lidhje me ngjarjen e r\u00ebnd\u00eb n\u00eb t\u00eb cil\u00ebn ka humbur jet\u00ebn i vet\u00ebm n\u00eb gremin\u00eb 41 vje\u00e7ari. Policia q\u00eb ka mb\u00ebrritur n\u00eb vendin e ngjarjes me n\u00eb krye nj\u00eb prokuror dhe ekspert\u00eb t\u00eb policis\u00eb rrugore t\u00eb cil\u00ebt dyshojn\u00eb se makina ka hyr\u00eb me shpejt\u00ebsi n\u00eb kthes\u00eb \u00e7`ka ka shkaktuar zhvendosjen e saj dhe r\u00ebnien n\u00eb humner\u00eb. Nga informacionet e dh\u00ebna q\u00eb dha shoferi i tij dhe kolegu Igli Cara, kan\u00eb mundur t\u00eb fiksojn\u00eb se telefonata q\u00eb \u00ebsht\u00eb kryer nga Sokol Olldashi ka qen\u00eb pik\u00ebrisht n\u00eb or\u00ebn 21.18 minuta. Vendi n\u00eb t\u00eb cilin, mjeti personal i Sokol Olldashit, nj\u00eb Audi Q7, ka dal\u00eb nga rruga, \u00ebsht\u00eb kthesa e lapidarit t\u00eb Krrab\u00ebs, nj\u00eb pjes\u00eb rruge t\u00ebr\u00ebsisht pa sinjalistik\u00eb dhe pa asnj\u00eb barrier\u00eb an\u00ebsore. Mjeti \u00ebsht\u00eb gjendur n\u00eb nj\u00eb pozicion 180 grad\u00eb n\u00eb humner\u00eb, nd\u00ebrsa trupi i tij \u00ebsht\u00eb mund\u00ebsuar t\u00eb nxirret vet\u00ebm pas m\u00eb shum\u00eb se nj\u00eb ore. Pas konfirmimit se Sokol Olldashi kishte nd\u00ebrruar jet\u00eb, v\u00ebmendja \u00ebsht\u00eb postuar nga vendi i ngjarjes, Krraba, n\u00eb ambientet e jashtme t\u00eb morgut t\u00eb Tiran\u00ebs. Thuajse gjith\u00eb funksionar\u00ebt e lart\u00eb t\u00eb PD-s\u00eb, ministra, krer\u00eb t\u00eb Policis\u00eb s\u00eb Shtetit, miq t\u00eb af\u00ebrt t\u00eb t\u00eb ndjerit kan\u00eb q\u00ebndruar p\u00ebr or\u00eb t\u00eb t\u00ebra n\u00eb morg p\u00ebr t\u00eb pritur daljen e trupit t\u00eb njeriut dhe mikut t\u00eb tyre.<\/p>\n<p><strong> Hetimet <\/strong><\/p>\n<p>Nj\u00eb prokuror, krer\u00eb t\u00eb Policis\u00eb s\u00eb Shtetit dhe ekspert\u00eb t\u00eb policis\u00eb rrugore kan\u00eb nisur hetimet n\u00eb vend e ngjarjes nd\u00ebrsa automjeti \u00ebsht\u00eb nxjerr rreth mesnat\u00ebs nga gremina. Makina q\u00eb i mori jet\u00ebn deputetit t\u00eb PD-s\u00eb do t\u2019i n\u00ebnshtrohet nj\u00eb ekspertimi tekniko shkencor p\u00ebr t\u00eb m\u00ebsuar n\u00ebse ka qen\u00eb mjeti q\u00eb ka p\u00ebsuar ndonj\u00eb defekt, ka qen\u00eb ndonj\u00eb pakujdesi e vet\u00eb viktim\u00ebs apo mos ka patur ndonj\u00eb p\u00ebrplasje me ndonj\u00eb automjet tjet\u00ebr q\u00eb mund t\u00eb jet\u00eb larguar nga vendi i ngjarjes. Gjithashtu ekspert\u00ebt rrugor\u00eb do t\u00eb ekspertojn\u00eb dit\u00ebn e sotme edhe kushtet e rrug\u00ebs, pasi dyshohet se mjeti ka dal\u00eb nga rruga, edhe pse kjo lloj makine mund t\u00eb konsiderohet si nj\u00eb prej mjeteve m\u00eb t\u00eb sigurta p\u00ebr \u00e7far\u00ebdolloj kushtesh n\u00eb rrug\u00eb. Policia ndoshta do t\u00eb dal\u00eb n\u00eb konkluzion p\u00ebrfundimtar p\u00ebr sa i p\u00ebrket k\u00ebtij aksidenti t\u00eb r\u00ebnd\u00eb dit\u00ebn e sotme.<\/p>\n<p><strong>Dita e fundit e Olldashit n\u00eb Kuvend<\/strong><\/p>\n<p>Tymoste papushim dhe bisedonte me Finon n\u00eb pushim t\u00eb mbledhjes. U largua para se t\u00eb mbaronte seanca e Komisionit t\u00eb Ligjeve, p\u00ebr t\u00eb mos u kthyer m\u00eb<\/p>\n<p>K\u00ebt\u00eb t\u00eb enjte do t\u00eb duhet q\u00eb t\u00eb kishte mbajtur fjalimin tij n\u00eb parlament, por q\u00eb p\u00ebr fat t\u00eb keq nuk mundi. Si \u00e7do m\u00ebngjes, edhe dje, Koli, si\u00e7 e th\u00ebrrasin miqt\u00eb e tij, u tregua korrekt me respektimin e orarit t\u00eb fillimit t\u00eb mbledhjes s\u00eb Komisionit t\u00eb Ligjeve. Me llull\u00ebn n\u00eb buz\u00eb me t\u00eb cil\u00ebn pinte edhe cigaret e tij, i veshur si zakonisht shum\u00eb shik, rreth or\u00ebs 10:45 ngjiti shkall\u00ebt e selis\u00eb s\u00eb Kryesis\u00eb s\u00eb Kuvendit p\u00ebr t\u2019u futur te mbledhja e Komisionit t\u00eb Ligjeve. Ndon\u00ebse kishte nj\u00eb karrier\u00eb tep\u00ebr t\u00eb pasur n\u00eb qeveri, duke qen\u00eb nj\u00eb nga ministrat m\u00eb jet\u00ebgjat\u00eb t\u00eb qeverisjes 8-vje\u00e7are t\u00eb demokrat\u00ebve, nuk harronte kurr\u00eb t\u00eb kaluar\u00ebn e tij si gazetar. Para se t\u00eb futej brenda n\u00eb komision, p\u00ebrsh\u00ebndeti gazetar\u00ebt dhe kameraman\u00ebt. Politikani i ashp\u00ebr, i njohur si pjes\u00ebmarr\u00ebs i t\u00eb gjitha protestave t\u00eb PD-s\u00eb n\u00eb koh\u00eb e v\u00ebshtira t\u00eb saj, ulej gjithmon\u00eb n\u00eb krah t\u00eb Edi Palok\u00ebs, politikan q\u00eb ashtu sikurse Olldashi ka qen\u00eb gazetar. P\u00ebr shkak t\u00eb seanc\u00ebs d\u00ebgjimore maraton\u00eb me Avokatin e Popullit, por edhe p\u00ebr shkak t\u00eb vesit t\u00eb tij p\u00ebr duhanin, doli disa her\u00eb nga mbledhja p\u00ebr t\u00eb q\u00ebndruar disa minuta n\u00eb korridor. Pavar\u00ebsisht bindjeve t\u00eb ndryshme politike, deputeti Olldashi nuk hezitoi q\u00eb t\u00eb pinte cigare me kolegun e tij socialit Bashkim Fino, t\u00eb cil\u00ebt kishin t\u00eb p\u00ebrbashk\u00ebt dashurin\u00eb e tyre p\u00ebr purot. Nuk do t\u00eb priste deri n\u00eb p\u00ebrfundim t\u00eb mbledhjes, por do t\u00eb largohej m\u00eb shpejt p\u00ebr t\u00eb mos u rikthyer kurr\u00eb n\u00eb Kryesin\u00eb e Kuvendit, shkall\u00ebt e t\u00eb cilit filloi q\u00eb t\u2019i ngjiste si gazetar i thjesht\u00eb n\u00eb fillim t\u00eb viteve \u201990 e p\u00ebr t\u00eb zbritur p\u00ebr her\u00eb t\u00eb fundit si deputet i PD-s\u00eb n\u00eb mandatin e tij t\u00eb tret\u00eb.<\/p>\n<p><strong>Kush \u00ebsht\u00eb Sokol Olldashi<\/strong><\/p>\n<p>Sokol Olldashi ka lindur m\u00eb 17 dhjetor 1972 n\u00eb Durr\u00ebs. ishte deputet i Partis\u00eb Demokratike n\u00eb Kuvendin e Shqip\u00ebris\u00eb dhe ish Minist\u00ebr i Pun\u00ebve Publike dhe Transportit n\u00eb qeverin\u00eb shqiptare. Shkollimin e mes\u00ebm e ka kryer n\u00eb vendlindje nd\u00ebrsa studimet e larta p\u00ebr drejt\u00ebsi i kreu m\u00eb 1995 dhe n\u00eb vitin 2004 n\u00eb Kolegjin e Mbrojtjes, pran\u00eb Komand\u00ebs s\u00eb Doktrinave. Q\u00eb nga koha e studimeve fillon t\u00eb punoj\u00eb si gazetar n\u00eb Agjencin\u00eb Telegrafike Shqiptare dhe b\u00ebhet kryeredaktor i televizionit ATN pastaj zgjidhet n\u00eb krye t\u00eb Forumit Rinor t\u00eb Partis\u00eb Demokratike, dhe n\u00eb vitin 2001, zgjidhet deputet n\u00eb Parlament. N\u00eb vitin 2007, merr postin e Ministrit t\u00eb Pun\u00ebve Publike, Transportit dhe Telekomunikacionit n\u00eb qeverin\u00eb e Shqip\u00ebris\u00eb. \u00a0I martuar dhe ka dy f\u00ebmij\u00eb.<\/p>\n<p><strong>Veprimtaria profesionale\u00a0<\/strong><\/p>\n<p>N\u00ebntor 1999 &#8211; Qershor 2001 Kryeredaktor n\u00eb televizionin ATN1<\/p>\n<p>Tetor 1995 &#8211; N\u00ebntor 1999 Z\u00ebvend\u00ebskryeredaktor p\u00ebr politik\u00ebn n\u00eb gazet\u00ebn \u201cAlbania\u201d<\/p>\n<p>Tetor 1994 &#8211; Janar 1996 Reporter pran\u00eb Agjencis\u00eb Telegrafike Shqiptare (ATSH)<\/p>\n<p>Veprimtaria politike<\/p>\n<p>An\u00ebtar i Partis\u00eb Demokratike, dega Durr\u00ebs, q\u00eb n\u00eb dhjetor 1990<\/p>\n<p>An\u00ebtar i mbledhjes themeluese t\u00eb FRPD-s\u00eb<\/p>\n<p>Maj 2002 &#8211; Shtator 2007, Kryetar i Forumit Rinor t\u00eb Partis\u00eb Demokratike (FRPD)<\/p>\n<p>Maj 2005 &#8211; Maj 2009 Kryetar i Partis\u00eb Demokratike t\u00eb Tiran\u00ebs<\/p>\n<p>An\u00ebtar i Kryesis\u00eb s\u00eb PD-s\u00eb q\u00eb nga viti 2002<\/p>\n<p>Qershor 2001 &#8211; Maj 2005, Deputet i Kuvendit t\u00eb Shqip\u00ebris\u00eb, (lista shum\u00ebem\u00ebrore)<\/p>\n<p>2005 &#8211; 2007 Deputet i Kuvendit t\u00eb Shqip\u00ebris\u00eb, zgjedhur n\u00eb zon\u00ebn elektorale 26, Durr\u00ebs<\/p>\n<p>2009 \u2013 2013 Deputet i Qarkut Fier<\/p>\n<p><strong>Peza: Takimi i fundit me t\u00eb<\/strong><\/p>\n<p>Deputeti socialist Alfred Peza shprehet se p\u00ebr her\u00eb t\u00eb fundit kolegun e tij ka e takuar n\u00eb nj\u00eb nga baret n\u00eb qend\u00ebr t\u00eb Tiran\u00ebs. \u201cE takova mikun dhe kolegun tim Sokol Olldashi sot n\u00eb 18.30 n\u00eb bar-in e H.R \u2026\u201d, shkruan Peza i cili e ka njohur deputetin Olldashi edhe si gazetar. N\u00eb at\u00eb koh\u00eb, Peza ka qen\u00eb gazetar te Koha Jon\u00eb, nd\u00ebrsa Olldashi reporter pran\u00eb Agjencis\u00eb Telegrafike Shqiptare (ATSH) .<\/p>\n<p><strong>Basha dhe Berisha n\u00eb vendngjarje<\/strong><\/p>\n<p>Ngjarja tragjike ka b\u00ebr\u00eb s\u00eb bashku t\u00eb gjith\u00eb klas\u00ebn politike t\u00eb cil\u00ebt i jan\u00eb drejtuar vendit t\u00eb ngjarjes. N\u00eb or\u00ebn 23: 32, kreu i PD-s\u00eb, Lulzim Basha dhe deputeti Sali Berisha shkuan n\u00eb vendin e ngjarjes. P\u00ebr atje jan\u00eb nisur direkt edhe deputet\u00eb e tjer\u00eb t\u00eb PD-s\u00eb si dhe djali i Berish\u00ebs, Shk\u00eblzeni, nd\u00ebrsa nuk kan\u00eb hezituar q\u00eb t\u00eb shkojn\u00eb edhe deputet\u00ebt e s\u00eb majt\u00ebs. Kryetari i Kuvendit Ilir Meta ka mb\u00ebrritur n\u00eb vendngjarje, nd\u00ebrsa nuk kan\u00eb munguar edhe ministri i Brendsh\u00ebm Saimir Tahiri, deputeti Balla dhe zv\/ ministra t\u00eb tjer\u00eb t\u00eb qeveris\u00eb s\u00eb majt\u00eb. T\u00eb gjith\u00eb m\u00eb pas zhvendosen tek Spitali Ushtarak, ku kan\u00eb qen\u00eb me dhjet\u00ebra qytetar\u00eb dhe an\u00ebtar\u00eb t\u00eb Forumit Rinor Demokrat, forum t\u00eb ciline drejtoi p\u00ebr disa vite.<\/p>\n<p><em>Egla Bardhi \/Gazetare<\/em><\/p>\n<p>&nbsp;<\/p>\n<p><strong>Historia e patreguar<\/strong><\/p>\n<p>\u201cKurr\u00eb nuk e kam takuar zotin Olldashi, por ishte i vetmi politikan i cili pasi kishte lexuar nj\u00eb artikull timin te gazeta &#8220;Shekulli&#8221; p\u00ebr nj\u00eb pacient t\u00eb vog\u00ebl n\u00eb pediatrik, t\u00eb cilit i rrezikohej jeta p\u00ebr shkak se nuk kishte nj\u00eb aparat frym\u00ebmarrje, m\u00eb mori n\u00eb telefon dhe m\u00eb pyeti se sa kushtonte. Zoti Olldashi i bleu aparatin foshnj\u00ebs dhe m\u2019u lut q\u00eb t\u00eb mos e b\u00ebja publik faktin q\u00eb aparatur\u00ebn ia dhuroi pik\u00ebrisht ai. Para 2 vitesh i kisha premtuar se nuk do e b\u00ebja publik gjestin e tij shum\u00eb human dhe njer\u00ebzor sepse e k\u00ebrkoi me shum\u00eb k\u00ebmb\u00ebngulje n\u00eb telefon. Nuk e di, por sapo mora vesh lajmin, nuk munda t\u00eb mos e shkruaj\u201d.<\/p>\n<p><strong>Lamtumir\u00eb Koli!<\/strong><\/p>\n<p>Arben Rrozhani<\/p>\n<p>-Sokol Olldashi mbr\u00ebm\u00eb kaloi matan\u00eb. M\u00eb 17 dhjetor do t\u00eb festonte 41 vjetorin. U shua n\u00eb nj\u00eb rr\u00ebpir\u00eb, n\u00eb nj\u00eb aksident tragjik, n\u00eb rrug\u00ebn q\u00eb vet\u00eb kishte \u201cnd\u00ebrtuar\u201d gjat\u00eb koh\u00ebs kur ishte minist\u00ebr i Transporteve. Si\u00e7 mund t\u2019i ndodh\u00eb gjithkujt nga ne, si\u00e7 u ka ndodhur rreth 20 mij\u00eb shqiptar\u00ebve n\u00eb k\u00ebto dy dekadat e fundit. Kryefamiljari do t\u2019i mungoj\u00eb bashk\u00ebshortes dhe dy djemve ende t\u00eb parritur, n\u00ebn\u00ebs Kozeta do t\u2019i mungoj\u00eb djali me t\u00eb cilin kishte lidhur jet\u00ebn n\u00eb Shqip\u00ebri, nj\u00eb vend bosh do t\u00eb jet\u00eb n\u00eb an\u00ebn e djatht\u00eb t\u00eb Kuvendit, ku q\u00ebndron e ulur opozita dhe nj\u00eb z\u00eb i pakompromis do t\u2019i mungoj\u00eb PD-s\u00eb. Ne do t\u00eb na mungoj\u00eb ish-kolegu. E njoha n\u00eb korrik 1996, kur u b\u00ebra pjes\u00eb e stafit t\u00eb gazet\u00ebs \u201cAlbania\u201d. I qeshur dhe i \u201cshkolluar\u201d n\u00eb ATSH, Sokoli ishte nj\u00ebra nga ata djem q\u00eb kishin vuajtur nga rregjimi komunist. Pinjoll i nj\u00eb familjeje t\u00eb nomenklatur\u00ebs komuniste, q\u00eb u p\u00ebrndoq nga regjimi n\u00eb em\u00ebr t\u00eb luft\u00ebs brenda llojit, Koli e kishte kaluar f\u00ebmij\u00ebrin\u00eb dhe rinin\u00eb n\u00eb internim. Atje te bitumi i Selenic\u00ebs ku familjarisht ishte internuar, shum\u00eb larg nga Durr\u00ebsi ku kishte lindur dhe nga Tirana, ku n\u00ebna e tij Kozeta do t\u00eb ringrinte jet\u00ebn pas r\u00ebnies s\u00eb sistemit komunist. Koli ishte nj\u00eb gazetar q\u00eb besonte verb\u00ebrisht te e djathta, pa asnj\u00eb m\u00ebdyshje, ndaj dhe nuk ishte \u00e7udi t\u00eb t\u00eb shikonte me dyshim pse vije t\u00eb punoje n\u00eb nj\u00eb gazet\u00eb ngusht\u00ebsisht t\u00eb lidhur me ish-presidentin Berisha, kur m\u00eb par\u00eb kishe qen\u00eb pjes\u00eb e stafit t\u00eb \u201cKoha Jon\u00eb\u201d, gazet\u00ebs q\u00eb ishte dh\u00ebmb p\u00ebr dhm\u00ebb me qeverisjen e demokrat\u00ebve n\u00eb at\u00eb koh\u00eb. K\u00ebshtu mbeti deri n\u00eb fund.<\/p>\n<p>Me k\u00ebt\u00eb motiv do t\u00eb largohej nga gazeta asokohe, e cila mbante an\u00ebn e fraksionit t\u00eb drejtuar nga Genc Pollo, p\u00ebr t\u00eb mos e tradh\u00ebtuar Sali Berish\u00ebn. Koli ishte nj\u00eb shok i mir\u00eb. Kemi ndar\u00eb \u00e7ap\u00ebn e buk\u00ebs bashk\u00eb. At\u00eb \u201cbuk\u00eb me shum\u00eb vaj\u201d-si\u00e7 e thumbonte asokohe botuesi Ylli Rakipi. Vite kaluam te tavolinat e bilardos, te pallatet e \u201cMoskateve\u201d, loja q\u00eb ai e kishte aq p\u00ebr Lamtumir\u00eb Koli! zem\u00ebr. N\u00eb klubet e Tiran\u00ebs s\u00eb re, ku i p\u00eblqente t\u00eb pinte pak si tep\u00ebr konjakun dhe cigaren q\u00eb se hiqte asnj\u00ebher\u00eb nga buza. Ishte nj\u00eb djal\u00eb q\u00eb k\u00ebrkonte dhe arrinte at\u00eb q\u00eb donte, edhe partneren e jet\u00ebs. Ishte nj\u00ebri prej nesh q\u00eb besoi te bindjet e veta politike dhe u shp\u00ebrblye. Mori p\u00ebrsip\u00ebr p\u00ebrgjegj\u00ebsi t\u00eb m\u00ebdha mbi supe pas ardhjes s\u00eb Berish\u00ebs s\u00ebrish n\u00eb pushtet. Ishte minist\u00ebr i Brendsh\u00ebm n\u00eb momentet e v\u00ebshtira, kur qeverisja e djatht\u00eb nisi t\u00eb b\u00ebj\u00eb arrestoj\u00eb eksponent\u00ebt kryesor\u00eb t\u00eb krimit t\u00eb organizuar, q\u00eb akuzoheshin p\u00ebr vepra t\u00eb r\u00ebnda penale. M\u00eb pas n\u00eb Ministrin\u00eb e Transporteve, post q\u00eb do ta mbante p\u00ebr shum\u00eb vite, duke qen\u00eb njeriu i besuar i ish-kryeministrit Berisha n\u00eb financimet kolosale q\u00eb u b\u00ebn\u00eb p\u00ebr rrjetin rrugor n\u00eb Shqip\u00ebri. K\u00ebrkoi t\u00eb marr\u00eb m\u00eb shum\u00eb p\u00ebrgjegj\u00ebsi pas humbjes s\u00eb PDs\u00eb n\u00eb zgjedhjet e 23 qershorit. Ngulmoi p\u00ebr nj\u00eb gar\u00eb t\u00eb drejt\u00eb n\u00eb konkurimin e hapur nga Berisha, pas dor\u00ebheqjes s\u00eb tij publike n\u00eb 29 qershor. Besoi dhe luftoi p\u00ebr t\u00eb qen\u00eb ai lideri i ardhsh\u00ebm i demokrat\u00ebve t\u00eb demoralizuar nga humbja shokuese n\u00eb zgjedhje. Nuk u t\u00ebrhoq edhe pse e nuhati se fituesi ishte paracaktuar dhe luftoi deri dit\u00ebn e fundit p\u00ebr t\u00eb patur nj\u00eb gar\u00eb t\u00eb ndershme dhe t\u00eb drejt\u00eb n\u00eb partin\u00eb ku ai kishte besuar verb\u00ebrisht prej m\u00ebse dy dekadash. Humbi, por ishte fituesi moral i asaj gare, duke patur n\u00eb krah edhe ish-koleg\u00ebt e tij t\u00eb medias. Sepse ishte nj\u00ebri prej nesh, edhe pse prej 8 vitesh me kostumin e zyrtarit t\u00eb lart\u00eb. Muajt m\u00eb pas treguan se kishte patur t\u00eb drejt\u00eb, se beteja e tij p\u00ebr t\u00eb patur nj\u00eb parti t\u00eb fort\u00eb opozitare kishte qen\u00eb nj\u00eb kauz\u00eb politike p\u00ebr ringritjen e opozit\u00ebs, q\u00eb ende nuk e ka marr\u00eb veten, q\u00eb ende s\u2019ka b\u00ebr\u00eb analiz\u00ebn e humbjes dhe q\u00eb ende nuk e ka nj\u00eb kryetar real zyrtar. Humbja e tij fizike \u00ebsht\u00eb e r\u00ebnd\u00eb p\u00ebr familjen dhe miqt\u00eb e tij. \u00cbsht\u00eb edhe humbja jon\u00eb. E nj\u00eb brezi q\u00eb k\u00ebrkonte t\u00eb jet\u00eb protagonist n\u00eb bindjet e tij. Nj\u00eb humbje shum\u00eb e parakohshme.<\/p>\n<p><strong>Shekulli Online<\/strong><\/p>\n<\/div>\n","protected":false},"excerpt":{"rendered":"<p>Deputeti i Partis\u00eb Demokratik\u00eb, Sokol Olldashi ka humbur jet\u00ebn n\u00eb nj\u00eb aksident rrugor n\u00eb aksin Tiran\u00eb-Elbasan. Ministria e Brendshme ka konfirmuar se \u00ebsht\u00eb trupi i Olldashit ai i cili \u00ebsht\u00eb gjetur n\u00eb makin\u00eb. M\u00ebsohet se fytyra e deputeti t\u00eb ndjer\u00eb \u00ebsht\u00eb e shp\u00ebrfytyruar, por identifikimi \u00ebsht\u00eb b\u00ebr\u00eb nga mjetet e identifikimit t\u00eb gjetura n\u00eb makin\u00eb. [&hellip;]<\/p>\n","protected":false},"author":1,"featured_media":0,"comment_status":"closed","ping_status":"closed","sticky":false,"template":"","format":"standard","meta":{"spay_email":"","jetpack_publicize_message":"","jetpack_is_tweetstorm":false,"jetpack_publicize_feature_enabled":true},"categories":[1,6950],"tags":[],"jetpack_publicize_connections":[],"yoast_head":"<!-- This site is optimized with the Yoast SEO plugin v19.1 - https:\/\/yoast.com\/wordpress\/plugins\/seo\/ -->\n<title>Humb jet\u00ebn n\u00eb aksident Sokol Olldashi - Video - Lajme nga Ulqini<\/title>\n<meta name=\"description\" content=\"Deputeti i Partis\u00eb Demokratik\u00eb, Sokol Olldashi ka humbur jet\u00ebn n\u00eb nj\u00eb aksident rrugor n\u00eb aksin Tiran\u00eb-Elbasan. Ministria e Brendshme ka konfirmuar se\" \/>\n<meta name=\"robots\" content=\"index, follow, max-snippet:-1, max-image-preview:large, max-video-preview:-1\" \/>\n<link rel=\"canonical\" href=\"https:\/\/www.visit-ulcinj.com\/blog\/2013\/11\/21\/humb-jeten-ne-aksident-sokol-olldashi-video\/\" \/>\n<meta property=\"og:locale\" content=\"en_US\" \/>\n<meta property=\"og:type\" content=\"article\" \/>\n<meta property=\"og:title\" content=\"Humb jet\u00ebn n\u00eb aksident Sokol Olldashi - Video - Lajme nga Ulqini\" \/>\n<meta property=\"og:description\" content=\"Deputeti i Partis\u00eb Demokratik\u00eb, Sokol Olldashi ka humbur jet\u00ebn n\u00eb nj\u00eb aksident rrugor n\u00eb aksin Tiran\u00eb-Elbasan. Ministria e Brendshme ka konfirmuar se\" \/>\n<meta property=\"og:url\" content=\"https:\/\/www.visit-ulcinj.com\/blog\/2013\/11\/21\/humb-jeten-ne-aksident-sokol-olldashi-video\/\" \/>\n<meta property=\"og:site_name\" content=\"Lajme nga Ulqini\" \/>\n<meta property=\"article:published_time\" content=\"2013-11-21T06:34:58+00:00\" \/>\n<meta property=\"article:modified_time\" content=\"2013-11-21T15:23:09+00:00\" \/>\n<meta property=\"og:image\" content=\"http:\/\/www.visit-ulcinj.com\/blog\/wp-content\/uploads\/2013\/11\/olldashi-aksident-sonte.jpg\" \/>\n<meta name=\"twitter:label1\" content=\"Written by\" \/>\n\t<meta name=\"twitter:data1\" content=\"ulqini\" \/>\n\t<meta name=\"twitter:label2\" content=\"Est. reading time\" \/>\n\t<meta name=\"twitter:data2\" content=\"14 minutes\" \/>\n<script type=\"application\/ld+json\" class=\"yoast-schema-graph\">{\"@context\":\"https:\/\/schema.org\",\"@graph\":[{\"@type\":\"WebSite\",\"@id\":\"https:\/\/www.visit-ulcinj.com\/blog\/#website\",\"url\":\"https:\/\/www.visit-ulcinj.com\/blog\/\",\"name\":\"Lajme nga Ulqini\",\"description\":\"Lajme,Vijesti,Ulqini,Ulqin,Crna Gora,Mali i Zi\",\"potentialAction\":[{\"@type\":\"SearchAction\",\"target\":{\"@type\":\"EntryPoint\",\"urlTemplate\":\"https:\/\/www.visit-ulcinj.com\/blog\/?s={search_term_string}\"},\"query-input\":\"required name=search_term_string\"}],\"inLanguage\":\"en-US\"},{\"@type\":\"ImageObject\",\"inLanguage\":\"en-US\",\"@id\":\"https:\/\/www.visit-ulcinj.com\/blog\/2013\/11\/21\/humb-jeten-ne-aksident-sokol-olldashi-video\/#primaryimage\",\"url\":\"https:\/\/www.visit-ulcinj.com\/blog\/wp-content\/uploads\/2013\/11\/olldashi-aksident-sonte.jpg\",\"contentUrl\":\"https:\/\/www.visit-ulcinj.com\/blog\/wp-content\/uploads\/2013\/11\/olldashi-aksident-sonte.jpg\",\"width\":680,\"height\":489},{\"@type\":\"WebPage\",\"@id\":\"https:\/\/www.visit-ulcinj.com\/blog\/2013\/11\/21\/humb-jeten-ne-aksident-sokol-olldashi-video\/#webpage\",\"url\":\"https:\/\/www.visit-ulcinj.com\/blog\/2013\/11\/21\/humb-jeten-ne-aksident-sokol-olldashi-video\/\",\"name\":\"Humb jet\u00ebn n\u00eb aksident Sokol Olldashi - Video - Lajme nga Ulqini\",\"isPartOf\":{\"@id\":\"https:\/\/www.visit-ulcinj.com\/blog\/#website\"},\"primaryImageOfPage\":{\"@id\":\"https:\/\/www.visit-ulcinj.com\/blog\/2013\/11\/21\/humb-jeten-ne-aksident-sokol-olldashi-video\/#primaryimage\"},\"datePublished\":\"2013-11-21T06:34:58+00:00\",\"dateModified\":\"2013-11-21T15:23:09+00:00\",\"author\":{\"@id\":\"https:\/\/www.visit-ulcinj.com\/blog\/#\/schema\/person\/dcab619c614d3038751c63bc2aadc06d\"},\"description\":\"Deputeti i Partis\u00eb Demokratik\u00eb, Sokol Olldashi ka humbur jet\u00ebn n\u00eb nj\u00eb aksident rrugor n\u00eb aksin Tiran\u00eb-Elbasan. Ministria e Brendshme ka konfirmuar se\",\"breadcrumb\":{\"@id\":\"https:\/\/www.visit-ulcinj.com\/blog\/2013\/11\/21\/humb-jeten-ne-aksident-sokol-olldashi-video\/#breadcrumb\"},\"inLanguage\":\"en-US\",\"potentialAction\":[{\"@type\":\"ReadAction\",\"target\":[\"https:\/\/www.visit-ulcinj.com\/blog\/2013\/11\/21\/humb-jeten-ne-aksident-sokol-olldashi-video\/\"]}]},{\"@type\":\"BreadcrumbList\",\"@id\":\"https:\/\/www.visit-ulcinj.com\/blog\/2013\/11\/21\/humb-jeten-ne-aksident-sokol-olldashi-video\/#breadcrumb\",\"itemListElement\":[{\"@type\":\"ListItem\",\"position\":1,\"name\":\"Humb jet\u00ebn n\u00eb aksident Sokol Olldashi &#8211; Video\"}]},{\"@type\":\"Person\",\"@id\":\"https:\/\/www.visit-ulcinj.com\/blog\/#\/schema\/person\/dcab619c614d3038751c63bc2aadc06d\",\"name\":\"ulqini\",\"sameAs\":[\"http:\/\/www.visit-ulcinj.com\"],\"url\":\"https:\/\/www.visit-ulcinj.com\/blog\/author\/admin\/\"}]}<\/script>\n<!-- \/ Yoast SEO plugin. -->","yoast_head_json":{"title":"Humb jet\u00ebn n\u00eb aksident Sokol Olldashi - Video - Lajme nga Ulqini","description":"Deputeti i Partis\u00eb Demokratik\u00eb, Sokol Olldashi ka humbur jet\u00ebn n\u00eb nj\u00eb aksident rrugor n\u00eb aksin Tiran\u00eb-Elbasan. Ministria e Brendshme ka konfirmuar se","robots":{"index":"index","follow":"follow","max-snippet":"max-snippet:-1","max-image-preview":"max-image-preview:large","max-video-preview":"max-video-preview:-1"},"canonical":"https:\/\/www.visit-ulcinj.com\/blog\/2013\/11\/21\/humb-jeten-ne-aksident-sokol-olldashi-video\/","og_locale":"en_US","og_type":"article","og_title":"Humb jet\u00ebn n\u00eb aksident Sokol Olldashi - Video - Lajme nga Ulqini","og_description":"Deputeti i Partis\u00eb Demokratik\u00eb, Sokol Olldashi ka humbur jet\u00ebn n\u00eb nj\u00eb aksident rrugor n\u00eb aksin Tiran\u00eb-Elbasan. Ministria e Brendshme ka konfirmuar se","og_url":"https:\/\/www.visit-ulcinj.com\/blog\/2013\/11\/21\/humb-jeten-ne-aksident-sokol-olldashi-video\/","og_site_name":"Lajme nga Ulqini","article_published_time":"2013-11-21T06:34:58+00:00","article_modified_time":"2013-11-21T15:23:09+00:00","og_image":[{"url":"http:\/\/www.visit-ulcinj.com\/blog\/wp-content\/uploads\/2013\/11\/olldashi-aksident-sonte.jpg"}],"twitter_misc":{"Written by":"ulqini","Est. reading time":"14 minutes"},"schema":{"@context":"https:\/\/schema.org","@graph":[{"@type":"WebSite","@id":"https:\/\/www.visit-ulcinj.com\/blog\/#website","url":"https:\/\/www.visit-ulcinj.com\/blog\/","name":"Lajme nga Ulqini","description":"Lajme,Vijesti,Ulqini,Ulqin,Crna Gora,Mali i Zi","potentialAction":[{"@type":"SearchAction","target":{"@type":"EntryPoint","urlTemplate":"https:\/\/www.visit-ulcinj.com\/blog\/?s={search_term_string}"},"query-input":"required name=search_term_string"}],"inLanguage":"en-US"},{"@type":"ImageObject","inLanguage":"en-US","@id":"https:\/\/www.visit-ulcinj.com\/blog\/2013\/11\/21\/humb-jeten-ne-aksident-sokol-olldashi-video\/#primaryimage","url":"https:\/\/www.visit-ulcinj.com\/blog\/wp-content\/uploads\/2013\/11\/olldashi-aksident-sonte.jpg","contentUrl":"https:\/\/www.visit-ulcinj.com\/blog\/wp-content\/uploads\/2013\/11\/olldashi-aksident-sonte.jpg","width":680,"height":489},{"@type":"WebPage","@id":"https:\/\/www.visit-ulcinj.com\/blog\/2013\/11\/21\/humb-jeten-ne-aksident-sokol-olldashi-video\/#webpage","url":"https:\/\/www.visit-ulcinj.com\/blog\/2013\/11\/21\/humb-jeten-ne-aksident-sokol-olldashi-video\/","name":"Humb jet\u00ebn n\u00eb aksident Sokol Olldashi - Video - Lajme nga Ulqini","isPartOf":{"@id":"https:\/\/www.visit-ulcinj.com\/blog\/#website"},"primaryImageOfPage":{"@id":"https:\/\/www.visit-ulcinj.com\/blog\/2013\/11\/21\/humb-jeten-ne-aksident-sokol-olldashi-video\/#primaryimage"},"datePublished":"2013-11-21T06:34:58+00:00","dateModified":"2013-11-21T15:23:09+00:00","author":{"@id":"https:\/\/www.visit-ulcinj.com\/blog\/#\/schema\/person\/dcab619c614d3038751c63bc2aadc06d"},"description":"Deputeti i Partis\u00eb Demokratik\u00eb, Sokol Olldashi ka humbur jet\u00ebn n\u00eb nj\u00eb aksident rrugor n\u00eb aksin Tiran\u00eb-Elbasan. Ministria e Brendshme ka konfirmuar se","breadcrumb":{"@id":"https:\/\/www.visit-ulcinj.com\/blog\/2013\/11\/21\/humb-jeten-ne-aksident-sokol-olldashi-video\/#breadcrumb"},"inLanguage":"en-US","potentialAction":[{"@type":"ReadAction","target":["https:\/\/www.visit-ulcinj.com\/blog\/2013\/11\/21\/humb-jeten-ne-aksident-sokol-olldashi-video\/"]}]},{"@type":"BreadcrumbList","@id":"https:\/\/www.visit-ulcinj.com\/blog\/2013\/11\/21\/humb-jeten-ne-aksident-sokol-olldashi-video\/#breadcrumb","itemListElement":[{"@type":"ListItem","position":1,"name":"Humb jet\u00ebn n\u00eb aksident Sokol Olldashi &#8211; Video"}]},{"@type":"Person","@id":"https:\/\/www.visit-ulcinj.com\/blog\/#\/schema\/person\/dcab619c614d3038751c63bc2aadc06d","name":"ulqini","sameAs":["http:\/\/www.visit-ulcinj.com"],"url":"https:\/\/www.visit-ulcinj.com\/blog\/author\/admin\/"}]}},"jetpack_featured_media_url":"","jetpack_sharing_enabled":true,"jetpack_shortlink":"https:\/\/wp.me\/pe6lTn-jSC","_links":{"self":[{"href":"https:\/\/www.visit-ulcinj.com\/blog\/wp-json\/wp\/v2\/posts\/76422"}],"collection":[{"href":"https:\/\/www.visit-ulcinj.com\/blog\/wp-json\/wp\/v2\/posts"}],"about":[{"href":"https:\/\/www.visit-ulcinj.com\/blog\/wp-json\/wp\/v2\/types\/post"}],"author":[{"embeddable":true,"href":"https:\/\/www.visit-ulcinj.com\/blog\/wp-json\/wp\/v2\/users\/1"}],"replies":[{"embeddable":true,"href":"https:\/\/www.visit-ulcinj.com\/blog\/wp-json\/wp\/v2\/comments?post=76422"}],"version-history":[{"count":3,"href":"https:\/\/www.visit-ulcinj.com\/blog\/wp-json\/wp\/v2\/posts\/76422\/revisions"}],"predecessor-version":[{"id":76426,"href":"https:\/\/www.visit-ulcinj.com\/blog\/wp-json\/wp\/v2\/posts\/76422\/revisions\/76426"}],"wp:attachment":[{"href":"https:\/\/www.visit-ulcinj.com\/blog\/wp-json\/wp\/v2\/media?parent=76422"}],"wp:term":[{"taxonomy":"category","embeddable":true,"href":"https:\/\/www.visit-ulcinj.com\/blog\/wp-json\/wp\/v2\/categories?post=76422"},{"taxonomy":"post_tag","embeddable":true,"href":"https:\/\/www.visit-ulcinj.com\/blog\/wp-json\/wp\/v2\/tags?post=76422"}],"curies":[{"name":"wp","href":"https:\/\/api.w.org\/{rel}","templated":true}]}}