{"id":76441,"date":"2013-11-21T20:06:50","date_gmt":"2013-11-21T19:06:50","guid":{"rendered":"http:\/\/www.visit-ulcinj.com\/blog\/?p=76441"},"modified":"2013-11-24T17:46:34","modified_gmt":"2013-11-24T16:46:34","slug":"vizita-e-ambasadorit-gjerman-ne-ulqin-foto","status":"publish","type":"post","link":"https:\/\/www.visit-ulcinj.com\/blog\/2013\/11\/21\/vizita-e-ambasadorit-gjerman-ne-ulqin-foto\/","title":{"rendered":"Vizita e ambasadorit Gjerman ne Ulqin + Foto"},"content":{"rendered":"<p><strong><a href=\"http:\/\/www.visit-ulcinj.com\/blog\/wp-content\/uploads\/2013\/11\/Vizita-e-ambasadorit-Gjerman-ne-Ulqin-Cungu-Fischer.jpg\"><img loading=\"lazy\" class=\"alignleft  wp-image-76442\" alt=\"Vizita e ambasadorit Gjerman ne Ulqin-Cungu-Fischer\" src=\"http:\/\/www.visit-ulcinj.com\/blog\/wp-content\/uploads\/2013\/11\/Vizita-e-ambasadorit-Gjerman-ne-Ulqin-Cungu-Fischer.jpg\" width=\"508\" height=\"360\" \/><\/a>Vizita ambasadorit t\u00eb Gjermanis\u00eb n\u00eb Mal t\u00eb Zi z. Pius Fischer n\u00eb Ulqin<\/strong><\/p>\n<p>Sot n\u00eb vizit\u00eb nj\u00ebditore n\u00eb Komun\u00ebn e Ulqinit ishte ambasadori i Gjermanis\u00eb n\u00eb Mal t\u00eb Zi z. Pius Fischer. Me k\u00ebt\u00eb rast ai \u00ebsht\u00eb takuar me Kryetarin e Komun\u00ebs s\u00eb ulqinit Nazif Cungu, e m\u00eb pas kan\u00eb pasuar takimet me p\u00ebrfaq\u00ebsuesit e KFW Bank\u00ebs dhe DEG-ut.<br \/>\nKryetari Cungu e ka njoftuar ambasadorin me situat\u00ebn aktuale n\u00eb Komun\u00ebn e Ulqinit. Ai i ka kujtuar t\u00eb pranishmit me r\u00ebnd\u00ebsin\u00eb e raporteve me Gjermanin\u00eb dhe kujton se turist\u00ebt gjerman\u00eb kan\u00eb qen\u00eb vizitor\u00ebt kryesor\u00eb t\u00eb Ulqinit.<\/p>\n<p>Ai e ka njoftuar ambasadorin me aktivitetet e nd\u00ebrmarra me q\u00ebllim t\u00eb p\u00ebrmir\u00ebsimit t\u00eb situat\u00ebs n\u00eb vet\u00ebqeverisjen lokale krahas situat\u00ebs s\u00eb v\u00ebshtir\u00eb n\u00eb t\u00eb cil\u00ebn ajo gjendet, n\u00eb radh\u00eb t\u00eb par\u00eb p\u00ebr shkak t\u00eb borxheve t\u00eb m\u00ebdha nga periudha e kaluar. Masat e ashpra t\u00eb kursimit, zvog\u00eblimi i shpenzimeve, zvog\u00eblimi i numrit t\u00eb pun\u00ebtor\u00ebve, ulja e rrogave dhe n\u00eb fund n\u00ebnshkrimi i planit sanues jan\u00eb masat e domosdoshme q\u00eb kan\u00eb si objektiv daljen prej k\u00ebsaj situate, ka theksuar Cungu. Realizimi i IT infrastruktur\u00ebs s\u00eb objektit t\u00eb Komun\u00ebs s\u00eb Ulqinit, themelimi i byros\u00eb s\u00eb qytetar\u00ebve jan\u00eb aktivitete t\u00eb nd\u00ebrmarra p\u00ebr rritjen e transparenc\u00ebs dhe efikasitetit t\u00eb pun\u00ebs. Cungu ka theksuar se me t\u00eb gjitha k\u00ebto aktivitete ngadal\u00eb po realizohet konsolidimi i situat\u00ebs financiare t\u00eb Komun\u00ebs. Ai ka kujtuar p\u00ebr l\u00ebvizjen e madhe p\u00ebrpara sa i p\u00ebrket miratimit t\u00eb dokumenteve planifikuese si kusht p\u00ebr zhvillimin hap\u00ebsinor t\u00eb Komun\u00ebs s\u00eb Ulqinit. Ka theksuar pun\u00ebn e byros\u00eb p\u00ebr projekte nd\u00ebrkomb\u00ebtare e cila n\u00eb nj\u00eb periudh\u00eb t\u00eb shkurt\u00ebr ka pasur sukses t\u00eb t\u00ebrheq shtat\u00eb IPA projekte n\u00eb shum\u00ebn prej 1,2 milion\u00eb Euro. Kontaktet e rregullta me investitor\u00ebt potencial\u00eb, pjes\u00ebmarrja n\u00eb panairin e investimeve n\u00eb Mynih jan\u00eb masat me objektiv t\u00ebrheqjen e investimeve n\u00eb Ulqin.<br \/>\nAmbasadori Fischer i ka vler\u00ebsuar pozitivisht masat e nd\u00ebrmarra dhe ka theksuar q\u00eb duhet ngulur k\u00ebmb\u00eb p\u00ebr zbatimin e tyre. Ai gjithashtu \u00ebsht\u00eb informuar p\u00ebr projektet t\u00eb cil\u00ebt Qeveria e Gjermanis\u00eb p\u00ebrmes KFW bank\u00ebs dhe DEG \u2013 ut do t\u00eb p\u00ebrkrahi n\u00eb Ulqin, q\u00eb sipas vler\u00ebsimit t\u00eb tij paraqesin kusht p\u00ebr zhvillimin e Ulqinit.<br \/>\nN\u00eb takim me Vodakomin \u00ebsht\u00eb prezantuar projekti i uj\u00ebsjell\u00ebsit dhe kanalizimit, i cili n\u00eb baz\u00eb t\u00eb studimit t\u00eb fizibilitetit t\u00eb kompanis\u00eb Gjermane Delhem ka vler\u00ebn prej 136 milion\u00eb Euro. Ata kan\u00eb prezantuar t\u00eb gjitha p\u00ebrgatitjet p\u00ebr fillimin e faz\u00ebs s\u00eb par\u00eb t\u00eb realizimit t\u00eb projektit p\u00ebr t\u00eb cilin banka gjermane KFW do t\u00eb lejoj\u00eb 20 milion\u00eb Euro. Ata e kan\u00eb njoftuar ambasadorin q\u00eb vijon tenderi p\u00ebr zgjedhjen e konsultuesit i cili do t\u00eb p\u00ebrcjell\u00eb faz\u00ebn e par\u00eb t\u00eb projektit.<br \/>\nAmbasadorit gjithashtu i \u00ebsht\u00eb prezantuar projekti i hoteleve Plazhi i madh, i zinxhirit spanjoll Iberostar. Ky projekt \u00ebsht\u00eb nj\u00ebri prej pes\u00eb projekteve t\u00eb prezantuar DEG-ut i cili ka nxitur interesimin p\u00ebr financim.<br \/>\nPas vizit\u00ebs n\u00eb Komun\u00ebn e Ulqinit ka pasuar vizita n\u00eb Sh. F. Marshall Tito me t\u00eb cilin rast ambasadori ka theksuar q\u00eb KFW banka ka shprehur gatishm\u00ebri p\u00ebr donacion p\u00ebr sanimin e k\u00ebsaj shkolle si dhe t\u00eb shkoll\u00ebs s\u00eb mesme V\u00ebllaz\u00ebrim bashkim.<br \/>\nGjithashtu jan\u00eb sh\u00ebnuar edhe lokacione t\u00eb caktuara n\u00eb t\u00eb cil\u00ebt me ndihm\u00ebn e instrumenteve gjermane do t\u00eb caktohet matja e humbjeve n\u00eb sistemin e uj\u00ebsjell\u00ebsit t\u00eb Komun\u00ebs s\u00eb Ulqinit.<br \/>\nAmbasadori gjithashtu ka vizituar edhe gjirin e Valdanosit.<\/p>\n\n\t\t<style type=\"text\/css\">\n\t\t\t#gallery-1 {\n\t\t\t\tmargin: auto;\n\t\t\t}\n\t\t\t#gallery-1 .gallery-item {\n\t\t\t\tfloat: left;\n\t\t\t\tmargin-top: 10px;\n\t\t\t\ttext-align: center;\n\t\t\t\twidth: 33%;\n\t\t\t}\n\t\t\t#gallery-1 img {\n\t\t\t\tborder: 2px solid #cfcfcf;\n\t\t\t}\n\t\t\t#gallery-1 .gallery-caption {\n\t\t\t\tmargin-left: 0;\n\t\t\t}\n\t\t\t\/* see gallery_shortcode() in wp-includes\/media.php *\/\n\t\t<\/style>\n\t\t<div id='gallery-1' class='gallery galleryid-76441 gallery-columns-3 gallery-size-thumbnail'><dl class='gallery-item'>\n\t\t\t<dt class='gallery-icon landscape'>\n\t\t\t\t<a href='https:\/\/www.visit-ulcinj.com\/blog\/2013\/11\/21\/vizita-e-ambasadorit-gjerman-ne-ulqin-foto\/vizita-e-ambasadorit-gjerman-ne-ulqin-cungu-fischer-1\/'><img width=\"150\" height=\"150\" src=\"https:\/\/www.visit-ulcinj.com\/blog\/wp-content\/uploads\/2013\/11\/Vizita-e-ambasadorit-Gjerman-ne-Ulqin-Cungu-Fischer-1-150x150.jpg\" class=\"attachment-thumbnail size-thumbnail\" alt=\"\" loading=\"lazy\" \/><\/a>\n\t\t\t<\/dt><\/dl><dl class='gallery-item'>\n\t\t\t<dt class='gallery-icon landscape'>\n\t\t\t\t<a href='https:\/\/www.visit-ulcinj.com\/blog\/2013\/11\/21\/vizita-e-ambasadorit-gjerman-ne-ulqin-foto\/vizita-e-ambasadorit-gjerman-ne-ulqin-cungu-fischer-3\/'><img width=\"150\" height=\"150\" src=\"https:\/\/www.visit-ulcinj.com\/blog\/wp-content\/uploads\/2013\/11\/Vizita-e-ambasadorit-Gjerman-ne-Ulqin-Cungu-Fischer-3-150x150.jpg\" class=\"attachment-thumbnail size-thumbnail\" alt=\"\" loading=\"lazy\" \/><\/a>\n\t\t\t<\/dt><\/dl><dl class='gallery-item'>\n\t\t\t<dt class='gallery-icon landscape'>\n\t\t\t\t<a href='https:\/\/www.visit-ulcinj.com\/blog\/2013\/11\/21\/vizita-e-ambasadorit-gjerman-ne-ulqin-foto\/vizita-e-ambasadorit-gjerman-ne-ulqin-cungu-fischer-4\/'><img width=\"150\" height=\"150\" src=\"https:\/\/www.visit-ulcinj.com\/blog\/wp-content\/uploads\/2013\/11\/Vizita-e-ambasadorit-Gjerman-ne-Ulqin-Cungu-Fischer-4-150x150.jpg\" class=\"attachment-thumbnail size-thumbnail\" alt=\"\" loading=\"lazy\" \/><\/a>\n\t\t\t<\/dt><\/dl><br style=\"clear: both\" \/><dl class='gallery-item'>\n\t\t\t<dt class='gallery-icon landscape'>\n\t\t\t\t<a href='https:\/\/www.visit-ulcinj.com\/blog\/2013\/11\/21\/vizita-e-ambasadorit-gjerman-ne-ulqin-foto\/vizita-e-ambasadorit-gjerman-ne-ulqin-cungu-fischer-5\/'><img width=\"150\" height=\"150\" src=\"https:\/\/www.visit-ulcinj.com\/blog\/wp-content\/uploads\/2013\/11\/Vizita-e-ambasadorit-Gjerman-ne-Ulqin-Cungu-Fischer-5-150x150.jpg\" class=\"attachment-thumbnail size-thumbnail\" alt=\"\" loading=\"lazy\" \/><\/a>\n\t\t\t<\/dt><\/dl><dl class='gallery-item'>\n\t\t\t<dt class='gallery-icon landscape'>\n\t\t\t\t<a href='https:\/\/www.visit-ulcinj.com\/blog\/2013\/11\/21\/vizita-e-ambasadorit-gjerman-ne-ulqin-foto\/vizita-e-ambasadorit-gjerman-ne-ulqin-cungu-fischer-6\/'><img width=\"150\" height=\"150\" src=\"https:\/\/www.visit-ulcinj.com\/blog\/wp-content\/uploads\/2013\/11\/Vizita-e-ambasadorit-Gjerman-ne-Ulqin-Cungu-Fischer-6-150x150.jpg\" class=\"attachment-thumbnail size-thumbnail\" alt=\"\" loading=\"lazy\" \/><\/a>\n\t\t\t<\/dt><\/dl><dl class='gallery-item'>\n\t\t\t<dt class='gallery-icon landscape'>\n\t\t\t\t<a href='https:\/\/www.visit-ulcinj.com\/blog\/2013\/11\/21\/vizita-e-ambasadorit-gjerman-ne-ulqin-foto\/vizita-e-ambasadorit-gjerman-ne-ulqin-cungu-fischer\/'><img width=\"150\" height=\"150\" src=\"https:\/\/www.visit-ulcinj.com\/blog\/wp-content\/uploads\/2013\/11\/Vizita-e-ambasadorit-Gjerman-ne-Ulqin-Cungu-Fischer-150x150.jpg\" class=\"attachment-thumbnail size-thumbnail\" alt=\"\" loading=\"lazy\" \/><\/a>\n\t\t\t<\/dt><\/dl><br style=\"clear: both\" \/>\n\t\t<\/div>\n\n<p>&nbsp;<\/p>\n","protected":false},"excerpt":{"rendered":"<p>Vizita ambasadorit t\u00eb Gjermanis\u00eb n\u00eb Mal t\u00eb Zi z. Pius Fischer n\u00eb Ulqin Sot n\u00eb vizit\u00eb nj\u00ebditore n\u00eb Komun\u00ebn e Ulqinit ishte ambasadori i Gjermanis\u00eb n\u00eb Mal t\u00eb Zi z. Pius Fischer. Me k\u00ebt\u00eb rast ai \u00ebsht\u00eb takuar me Kryetarin e Komun\u00ebs s\u00eb ulqinit Nazif Cungu, e m\u00eb pas kan\u00eb pasuar takimet me p\u00ebrfaq\u00ebsuesit e [&hellip;]<\/p>\n","protected":false},"author":1,"featured_media":0,"comment_status":"closed","ping_status":"closed","sticky":false,"template":"","format":"standard","meta":{"spay_email":"","jetpack_publicize_message":"","jetpack_is_tweetstorm":false,"jetpack_publicize_feature_enabled":true},"categories":[6],"tags":[],"jetpack_publicize_connections":[],"yoast_head":"<!-- This site is optimized with the Yoast SEO plugin v19.1 - https:\/\/yoast.com\/wordpress\/plugins\/seo\/ -->\n<title>Vizita e ambasadorit Gjerman ne Ulqin + Foto - Lajme nga Ulqini<\/title>\n<meta name=\"description\" content=\"Vizita ambasadorit t\u00eb Gjermanis\u00eb n\u00eb Mal t\u00eb Zi z. Pius Fischer n\u00eb Ulqin Sot n\u00eb vizit\u00eb nj\u00ebditore n\u00eb Komun\u00ebn e Ulqinit ishte ambasadori i Gjermanis\u00eb n\u00eb Mal\" \/>\n<meta name=\"robots\" content=\"index, follow, max-snippet:-1, max-image-preview:large, max-video-preview:-1\" \/>\n<link rel=\"canonical\" href=\"https:\/\/www.visit-ulcinj.com\/blog\/2013\/11\/21\/vizita-e-ambasadorit-gjerman-ne-ulqin-foto\/\" \/>\n<meta property=\"og:locale\" content=\"en_US\" \/>\n<meta property=\"og:type\" content=\"article\" \/>\n<meta property=\"og:title\" content=\"Vizita e ambasadorit Gjerman ne Ulqin + Foto - Lajme nga Ulqini\" \/>\n<meta property=\"og:description\" content=\"Vizita ambasadorit t\u00eb Gjermanis\u00eb n\u00eb Mal t\u00eb Zi z. Pius Fischer n\u00eb Ulqin Sot n\u00eb vizit\u00eb nj\u00ebditore n\u00eb Komun\u00ebn e Ulqinit ishte ambasadori i Gjermanis\u00eb n\u00eb Mal\" \/>\n<meta property=\"og:url\" content=\"https:\/\/www.visit-ulcinj.com\/blog\/2013\/11\/21\/vizita-e-ambasadorit-gjerman-ne-ulqin-foto\/\" \/>\n<meta property=\"og:site_name\" content=\"Lajme nga Ulqini\" \/>\n<meta property=\"article:published_time\" content=\"2013-11-21T19:06:50+00:00\" \/>\n<meta property=\"article:modified_time\" content=\"2013-11-24T16:46:34+00:00\" \/>\n<meta property=\"og:image\" content=\"https:\/\/www.visit-ulcinj.com\/blog\/wp-content\/uploads\/2013\/11\/Vizita-e-ambasadorit-Gjerman-ne-Ulqin-Cungu-Fischer-1-150x150.jpg\" \/>\n<meta name=\"twitter:label1\" content=\"Written by\" \/>\n\t<meta name=\"twitter:data1\" content=\"ulqini\" \/>\n\t<meta name=\"twitter:label2\" content=\"Est. reading time\" \/>\n\t<meta name=\"twitter:data2\" content=\"3 minutes\" \/>\n<script type=\"application\/ld+json\" class=\"yoast-schema-graph\">{\"@context\":\"https:\/\/schema.org\",\"@graph\":[{\"@type\":\"WebSite\",\"@id\":\"https:\/\/www.visit-ulcinj.com\/blog\/#website\",\"url\":\"https:\/\/www.visit-ulcinj.com\/blog\/\",\"name\":\"Lajme nga Ulqini\",\"description\":\"Lajme,Vijesti,Ulqini,Ulqin,Crna Gora,Mali i Zi\",\"potentialAction\":[{\"@type\":\"SearchAction\",\"target\":{\"@type\":\"EntryPoint\",\"urlTemplate\":\"https:\/\/www.visit-ulcinj.com\/blog\/?s={search_term_string}\"},\"query-input\":\"required name=search_term_string\"}],\"inLanguage\":\"en-US\"},{\"@type\":\"ImageObject\",\"inLanguage\":\"en-US\",\"@id\":\"https:\/\/www.visit-ulcinj.com\/blog\/2013\/11\/21\/vizita-e-ambasadorit-gjerman-ne-ulqin-foto\/#primaryimage\",\"url\":\"https:\/\/www.visit-ulcinj.com\/blog\/wp-content\/uploads\/2013\/11\/Vizita-e-ambasadorit-Gjerman-ne-Ulqin-Cungu-Fischer.jpg\",\"contentUrl\":\"https:\/\/www.visit-ulcinj.com\/blog\/wp-content\/uploads\/2013\/11\/Vizita-e-ambasadorit-Gjerman-ne-Ulqin-Cungu-Fischer.jpg\",\"width\":768,\"height\":509},{\"@type\":\"WebPage\",\"@id\":\"https:\/\/www.visit-ulcinj.com\/blog\/2013\/11\/21\/vizita-e-ambasadorit-gjerman-ne-ulqin-foto\/#webpage\",\"url\":\"https:\/\/www.visit-ulcinj.com\/blog\/2013\/11\/21\/vizita-e-ambasadorit-gjerman-ne-ulqin-foto\/\",\"name\":\"Vizita e ambasadorit Gjerman ne Ulqin + Foto - Lajme nga Ulqini\",\"isPartOf\":{\"@id\":\"https:\/\/www.visit-ulcinj.com\/blog\/#website\"},\"primaryImageOfPage\":{\"@id\":\"https:\/\/www.visit-ulcinj.com\/blog\/2013\/11\/21\/vizita-e-ambasadorit-gjerman-ne-ulqin-foto\/#primaryimage\"},\"datePublished\":\"2013-11-21T19:06:50+00:00\",\"dateModified\":\"2013-11-24T16:46:34+00:00\",\"author\":{\"@id\":\"https:\/\/www.visit-ulcinj.com\/blog\/#\/schema\/person\/dcab619c614d3038751c63bc2aadc06d\"},\"description\":\"Vizita ambasadorit t\u00eb Gjermanis\u00eb n\u00eb Mal t\u00eb Zi z. Pius Fischer n\u00eb Ulqin Sot n\u00eb vizit\u00eb nj\u00ebditore n\u00eb Komun\u00ebn e Ulqinit ishte ambasadori i Gjermanis\u00eb n\u00eb Mal\",\"breadcrumb\":{\"@id\":\"https:\/\/www.visit-ulcinj.com\/blog\/2013\/11\/21\/vizita-e-ambasadorit-gjerman-ne-ulqin-foto\/#breadcrumb\"},\"inLanguage\":\"en-US\",\"potentialAction\":[{\"@type\":\"ReadAction\",\"target\":[\"https:\/\/www.visit-ulcinj.com\/blog\/2013\/11\/21\/vizita-e-ambasadorit-gjerman-ne-ulqin-foto\/\"]}]},{\"@type\":\"BreadcrumbList\",\"@id\":\"https:\/\/www.visit-ulcinj.com\/blog\/2013\/11\/21\/vizita-e-ambasadorit-gjerman-ne-ulqin-foto\/#breadcrumb\",\"itemListElement\":[{\"@type\":\"ListItem\",\"position\":1,\"name\":\"Vizita e ambasadorit Gjerman ne Ulqin + Foto\"}]},{\"@type\":\"Person\",\"@id\":\"https:\/\/www.visit-ulcinj.com\/blog\/#\/schema\/person\/dcab619c614d3038751c63bc2aadc06d\",\"name\":\"ulqini\",\"sameAs\":[\"http:\/\/www.visit-ulcinj.com\"],\"url\":\"https:\/\/www.visit-ulcinj.com\/blog\/author\/admin\/\"}]}<\/script>\n<!-- \/ Yoast SEO plugin. -->","yoast_head_json":{"title":"Vizita e ambasadorit Gjerman ne Ulqin + Foto - Lajme nga Ulqini","description":"Vizita ambasadorit t\u00eb Gjermanis\u00eb n\u00eb Mal t\u00eb Zi z. Pius Fischer n\u00eb Ulqin Sot n\u00eb vizit\u00eb nj\u00ebditore n\u00eb Komun\u00ebn e Ulqinit ishte ambasadori i Gjermanis\u00eb n\u00eb Mal","robots":{"index":"index","follow":"follow","max-snippet":"max-snippet:-1","max-image-preview":"max-image-preview:large","max-video-preview":"max-video-preview:-1"},"canonical":"https:\/\/www.visit-ulcinj.com\/blog\/2013\/11\/21\/vizita-e-ambasadorit-gjerman-ne-ulqin-foto\/","og_locale":"en_US","og_type":"article","og_title":"Vizita e ambasadorit Gjerman ne Ulqin + Foto - Lajme nga Ulqini","og_description":"Vizita ambasadorit t\u00eb Gjermanis\u00eb n\u00eb Mal t\u00eb Zi z. Pius Fischer n\u00eb Ulqin Sot n\u00eb vizit\u00eb nj\u00ebditore n\u00eb Komun\u00ebn e Ulqinit ishte ambasadori i Gjermanis\u00eb n\u00eb Mal","og_url":"https:\/\/www.visit-ulcinj.com\/blog\/2013\/11\/21\/vizita-e-ambasadorit-gjerman-ne-ulqin-foto\/","og_site_name":"Lajme nga Ulqini","article_published_time":"2013-11-21T19:06:50+00:00","article_modified_time":"2013-11-24T16:46:34+00:00","og_image":[{"url":"https:\/\/www.visit-ulcinj.com\/blog\/wp-content\/uploads\/2013\/11\/Vizita-e-ambasadorit-Gjerman-ne-Ulqin-Cungu-Fischer-1-150x150.jpg"}],"twitter_misc":{"Written by":"ulqini","Est. reading time":"3 minutes"},"schema":{"@context":"https:\/\/schema.org","@graph":[{"@type":"WebSite","@id":"https:\/\/www.visit-ulcinj.com\/blog\/#website","url":"https:\/\/www.visit-ulcinj.com\/blog\/","name":"Lajme nga Ulqini","description":"Lajme,Vijesti,Ulqini,Ulqin,Crna Gora,Mali i Zi","potentialAction":[{"@type":"SearchAction","target":{"@type":"EntryPoint","urlTemplate":"https:\/\/www.visit-ulcinj.com\/blog\/?s={search_term_string}"},"query-input":"required name=search_term_string"}],"inLanguage":"en-US"},{"@type":"ImageObject","inLanguage":"en-US","@id":"https:\/\/www.visit-ulcinj.com\/blog\/2013\/11\/21\/vizita-e-ambasadorit-gjerman-ne-ulqin-foto\/#primaryimage","url":"https:\/\/www.visit-ulcinj.com\/blog\/wp-content\/uploads\/2013\/11\/Vizita-e-ambasadorit-Gjerman-ne-Ulqin-Cungu-Fischer.jpg","contentUrl":"https:\/\/www.visit-ulcinj.com\/blog\/wp-content\/uploads\/2013\/11\/Vizita-e-ambasadorit-Gjerman-ne-Ulqin-Cungu-Fischer.jpg","width":768,"height":509},{"@type":"WebPage","@id":"https:\/\/www.visit-ulcinj.com\/blog\/2013\/11\/21\/vizita-e-ambasadorit-gjerman-ne-ulqin-foto\/#webpage","url":"https:\/\/www.visit-ulcinj.com\/blog\/2013\/11\/21\/vizita-e-ambasadorit-gjerman-ne-ulqin-foto\/","name":"Vizita e ambasadorit Gjerman ne Ulqin + Foto - Lajme nga Ulqini","isPartOf":{"@id":"https:\/\/www.visit-ulcinj.com\/blog\/#website"},"primaryImageOfPage":{"@id":"https:\/\/www.visit-ulcinj.com\/blog\/2013\/11\/21\/vizita-e-ambasadorit-gjerman-ne-ulqin-foto\/#primaryimage"},"datePublished":"2013-11-21T19:06:50+00:00","dateModified":"2013-11-24T16:46:34+00:00","author":{"@id":"https:\/\/www.visit-ulcinj.com\/blog\/#\/schema\/person\/dcab619c614d3038751c63bc2aadc06d"},"description":"Vizita ambasadorit t\u00eb Gjermanis\u00eb n\u00eb Mal t\u00eb Zi z. Pius Fischer n\u00eb Ulqin Sot n\u00eb vizit\u00eb nj\u00ebditore n\u00eb Komun\u00ebn e Ulqinit ishte ambasadori i Gjermanis\u00eb n\u00eb Mal","breadcrumb":{"@id":"https:\/\/www.visit-ulcinj.com\/blog\/2013\/11\/21\/vizita-e-ambasadorit-gjerman-ne-ulqin-foto\/#breadcrumb"},"inLanguage":"en-US","potentialAction":[{"@type":"ReadAction","target":["https:\/\/www.visit-ulcinj.com\/blog\/2013\/11\/21\/vizita-e-ambasadorit-gjerman-ne-ulqin-foto\/"]}]},{"@type":"BreadcrumbList","@id":"https:\/\/www.visit-ulcinj.com\/blog\/2013\/11\/21\/vizita-e-ambasadorit-gjerman-ne-ulqin-foto\/#breadcrumb","itemListElement":[{"@type":"ListItem","position":1,"name":"Vizita e ambasadorit Gjerman ne Ulqin + Foto"}]},{"@type":"Person","@id":"https:\/\/www.visit-ulcinj.com\/blog\/#\/schema\/person\/dcab619c614d3038751c63bc2aadc06d","name":"ulqini","sameAs":["http:\/\/www.visit-ulcinj.com"],"url":"https:\/\/www.visit-ulcinj.com\/blog\/author\/admin\/"}]}},"jetpack_featured_media_url":"","jetpack_sharing_enabled":true,"jetpack_shortlink":"https:\/\/wp.me\/pe6lTn-jSV","_links":{"self":[{"href":"https:\/\/www.visit-ulcinj.com\/blog\/wp-json\/wp\/v2\/posts\/76441"}],"collection":[{"href":"https:\/\/www.visit-ulcinj.com\/blog\/wp-json\/wp\/v2\/posts"}],"about":[{"href":"https:\/\/www.visit-ulcinj.com\/blog\/wp-json\/wp\/v2\/types\/post"}],"author":[{"embeddable":true,"href":"https:\/\/www.visit-ulcinj.com\/blog\/wp-json\/wp\/v2\/users\/1"}],"replies":[{"embeddable":true,"href":"https:\/\/www.visit-ulcinj.com\/blog\/wp-json\/wp\/v2\/comments?post=76441"}],"version-history":[{"count":1,"href":"https:\/\/www.visit-ulcinj.com\/blog\/wp-json\/wp\/v2\/posts\/76441\/revisions"}],"predecessor-version":[{"id":76448,"href":"https:\/\/www.visit-ulcinj.com\/blog\/wp-json\/wp\/v2\/posts\/76441\/revisions\/76448"}],"wp:attachment":[{"href":"https:\/\/www.visit-ulcinj.com\/blog\/wp-json\/wp\/v2\/media?parent=76441"}],"wp:term":[{"taxonomy":"category","embeddable":true,"href":"https:\/\/www.visit-ulcinj.com\/blog\/wp-json\/wp\/v2\/categories?post=76441"},{"taxonomy":"post_tag","embeddable":true,"href":"https:\/\/www.visit-ulcinj.com\/blog\/wp-json\/wp\/v2\/tags?post=76441"}],"curies":[{"name":"wp","href":"https:\/\/api.w.org\/{rel}","templated":true}]}}