{"id":76449,"date":"2013-11-21T20:12:19","date_gmt":"2013-11-21T19:12:19","guid":{"rendered":"http:\/\/www.visit-ulcinj.com\/blog\/?p=76449"},"modified":"2013-11-21T20:19:44","modified_gmt":"2013-11-21T19:19:44","slug":"posjeta-njemackog-ambasadora-ulcinju","status":"publish","type":"post","link":"https:\/\/www.visit-ulcinj.com\/blog\/2013\/11\/21\/posjeta-njemackog-ambasadora-ulcinju\/","title":{"rendered":"Posjeta njemackog ambasadora Ulcinju"},"content":{"rendered":"<p><strong><a href=\"http:\/\/www.visit-ulcinj.com\/blog\/wp-content\/uploads\/2013\/11\/Vizita-e-ambasadorit-Gjerman-ne-Ulqin-Cungu-Fischer-5.jpg\"><img loading=\"lazy\" class=\"alignleft  wp-image-76446\" alt=\"Vizita e ambasadorit Gjerman ne Ulqin-Cungu-Fischer-5\" src=\"http:\/\/www.visit-ulcinj.com\/blog\/wp-content\/uploads\/2013\/11\/Vizita-e-ambasadorit-Gjerman-ne-Ulqin-Cungu-Fischer-5.jpg\" width=\"508\" height=\"360\" \/><\/a>Posjeta njema\u010dkog ambasadora Fischer op\u0161tini Ulcinj <\/strong><\/p>\n<p>Danas je u jednodnevnoj posjeti op\u0161tini Ulcinj boravio amabasdor njema\u010dke u Crnoj Gori g-din Pius Fischer. On se tom prilikom sastao sa Predsjednikom op\u0161tine Ulcnj Nazifom Cungu, nakon \u010dega su slijedili sastanci sa predstavnicima KFW banke i DEGa.<br \/>\nPredsjednik Cungu je obavjestio ambasadora o trenutnoj situaiji u op\u0161tini Ulcinj. On je prisutne podsjetio na zna\u010daj odnosa sa Njema\u010dkom i podsjetio da su njema\u010dki turisti bili glavni posjetioci Ulcinja<\/p>\n<p>On je amabasadora obavjestio o aktivnostima preuzetim u cilju poboljsanja situacije u lokalnoj samoupravi pored teske finasijske situacije u kojoj se ona nalazi, prvenstveno zbog ogromnih dugovanja iz proteklog perioda. Stroge mjere \u0161tednje, smanjenje tro\u0161kova, smanjenje broja radnika, smanjenje plata i na kraju potipsivanje sanacionog plana su neophodne mjere u cilju izlazka iz ove situacije, naglasio je Cungu. Reaizacija IT infrastrukture objekta Op\u0161tine Ulcinj, osnivanje Gra\u0111anskog biroa su preuzete aktivnosti za pove\u0107anje transparentnosti i efikasnosti uprave. Cungu je naglasio se sa svim ovim aktivnostima polako realizuje konsolidacija finasijske situacije Op\u0161tine . On je podsjetio na veliki pomak u usvajanju planske dokumentacije kao uslov prostornog razvoja op\u0161tine Ulcinj. Istakao je rad biroa za me\u0111unarodne projekte koji je u kratkom periodu uspjeo da privu\u010de sedam IPA projekata u iznosu od 1,2 miliona eura. Redovni kontakti sa potencialnim investitorima, u\u010destvovanje na sajmu investicija u Minhenu su mjere u cilju provla\u010denja investicija u Ulcinju.<br \/>\nAmbasador Fischer je poztivno ocjenio sve preuzete mjere i naglasio da na njima treba istrajati. On se tako\u0111e informsao o projektima koje \u0107e Njema\u010dka vlada preko KFW banke i DEGa podr\u017eati u Ulcinju , koji po njegovoj procjeni predstavljaju uslov za razvoj Ulcinja.<br \/>\nNa sastanku sa Vodacomom predstavljen je projekat vodovoda i kanalizacije, koji na osnovi studije fizibiliteta njema\u010dke kompanije Dalhem ima vrijednost 136 milion eura. Oni su prezentovali sve pripreme za po\u010detak prve faze realizacije projekta za koji \u0107e njema\u010dka banka KFW odobriti 20 miliona eura. Oni su obavjestili ambasadora da je u toku tender za izbor konsultanta koji \u0107e pratiti prvu fazu projekta.<br \/>\nAmbasadoru je tako\u0111e predstavljen projekat hotela Velika Plaza, \u0161panskog lanca Iberostar. Ovaj projekat je jedan od pet projekta predstavljenih DEGu koji je izazvao najvi\u0161e interesovanja za finasiranje.<br \/>\nPosle posjete Op\u0161tini Ulcinj uslijedila je posjeta o.\u0161. Marshall Tito prilikom koje je ambasador istakao da je KFW banka pokazala spremnost za donaciju za sanaciju ove \u0161kole kao i srednje \u0161kole Bratstvo i Jedinstvo.<br \/>\nTako\u0111e su obila\u017eeni i odre\u0111ene lokacije u kojima se pomo\u0107u njema\u010dkih insturmenata odradilo mjerenje gubitaka vode u sistemu vodovoda op\u0161tine Ulcinj.<br \/>\nAmbasador je tako\u0111e posjetio uvalu Valdanos.<\/p>\n\n\t\t<style type=\"text\/css\">\n\t\t\t#gallery-1 {\n\t\t\t\tmargin: auto;\n\t\t\t}\n\t\t\t#gallery-1 .gallery-item {\n\t\t\t\tfloat: left;\n\t\t\t\tmargin-top: 10px;\n\t\t\t\ttext-align: center;\n\t\t\t\twidth: 33%;\n\t\t\t}\n\t\t\t#gallery-1 img {\n\t\t\t\tborder: 2px solid #cfcfcf;\n\t\t\t}\n\t\t\t#gallery-1 .gallery-caption {\n\t\t\t\tmargin-left: 0;\n\t\t\t}\n\t\t\t\/* see gallery_shortcode() in wp-includes\/media.php *\/\n\t\t<\/style>\n\t\t<div id='gallery-1' class='gallery galleryid-76449 gallery-columns-3 gallery-size-thumbnail'><dl class='gallery-item'>\n\t\t\t<dt class='gallery-icon landscape'>\n\t\t\t\t<a href='https:\/\/www.visit-ulcinj.com\/blog\/2013\/11\/21\/vizita-e-ambasadorit-gjerman-ne-ulqin-foto\/vizita-e-ambasadorit-gjerman-ne-ulqin-cungu-fischer-6\/'><img width=\"150\" height=\"150\" src=\"https:\/\/www.visit-ulcinj.com\/blog\/wp-content\/uploads\/2013\/11\/Vizita-e-ambasadorit-Gjerman-ne-Ulqin-Cungu-Fischer-6-150x150.jpg\" class=\"attachment-thumbnail size-thumbnail\" alt=\"\" loading=\"lazy\" \/><\/a>\n\t\t\t<\/dt><\/dl><dl class='gallery-item'>\n\t\t\t<dt class='gallery-icon landscape'>\n\t\t\t\t<a href='https:\/\/www.visit-ulcinj.com\/blog\/2013\/11\/21\/vizita-e-ambasadorit-gjerman-ne-ulqin-foto\/vizita-e-ambasadorit-gjerman-ne-ulqin-cungu-fischer-5\/'><img width=\"150\" height=\"150\" src=\"https:\/\/www.visit-ulcinj.com\/blog\/wp-content\/uploads\/2013\/11\/Vizita-e-ambasadorit-Gjerman-ne-Ulqin-Cungu-Fischer-5-150x150.jpg\" class=\"attachment-thumbnail size-thumbnail\" alt=\"\" loading=\"lazy\" \/><\/a>\n\t\t\t<\/dt><\/dl><dl class='gallery-item'>\n\t\t\t<dt class='gallery-icon landscape'>\n\t\t\t\t<a href='https:\/\/www.visit-ulcinj.com\/blog\/2013\/11\/21\/vizita-e-ambasadorit-gjerman-ne-ulqin-foto\/vizita-e-ambasadorit-gjerman-ne-ulqin-cungu-fischer-4\/'><img width=\"150\" height=\"150\" src=\"https:\/\/www.visit-ulcinj.com\/blog\/wp-content\/uploads\/2013\/11\/Vizita-e-ambasadorit-Gjerman-ne-Ulqin-Cungu-Fischer-4-150x150.jpg\" class=\"attachment-thumbnail size-thumbnail\" alt=\"\" loading=\"lazy\" \/><\/a>\n\t\t\t<\/dt><\/dl><br style=\"clear: both\" \/><dl class='gallery-item'>\n\t\t\t<dt class='gallery-icon landscape'>\n\t\t\t\t<a href='https:\/\/www.visit-ulcinj.com\/blog\/2013\/11\/21\/vizita-e-ambasadorit-gjerman-ne-ulqin-foto\/vizita-e-ambasadorit-gjerman-ne-ulqin-cungu-fischer-3\/'><img width=\"150\" height=\"150\" src=\"https:\/\/www.visit-ulcinj.com\/blog\/wp-content\/uploads\/2013\/11\/Vizita-e-ambasadorit-Gjerman-ne-Ulqin-Cungu-Fischer-3-150x150.jpg\" class=\"attachment-thumbnail size-thumbnail\" alt=\"\" loading=\"lazy\" \/><\/a>\n\t\t\t<\/dt><\/dl><dl class='gallery-item'>\n\t\t\t<dt class='gallery-icon landscape'>\n\t\t\t\t<a href='https:\/\/www.visit-ulcinj.com\/blog\/2013\/11\/21\/vizita-e-ambasadorit-gjerman-ne-ulqin-foto\/vizita-e-ambasadorit-gjerman-ne-ulqin-cungu-fischer-1\/'><img width=\"150\" height=\"150\" src=\"https:\/\/www.visit-ulcinj.com\/blog\/wp-content\/uploads\/2013\/11\/Vizita-e-ambasadorit-Gjerman-ne-Ulqin-Cungu-Fischer-1-150x150.jpg\" class=\"attachment-thumbnail size-thumbnail\" alt=\"\" loading=\"lazy\" \/><\/a>\n\t\t\t<\/dt><\/dl><dl class='gallery-item'>\n\t\t\t<dt class='gallery-icon landscape'>\n\t\t\t\t<a href='https:\/\/www.visit-ulcinj.com\/blog\/2013\/11\/21\/vizita-e-ambasadorit-gjerman-ne-ulqin-foto\/vizita-e-ambasadorit-gjerman-ne-ulqin-cungu-fischer\/'><img width=\"150\" height=\"150\" src=\"https:\/\/www.visit-ulcinj.com\/blog\/wp-content\/uploads\/2013\/11\/Vizita-e-ambasadorit-Gjerman-ne-Ulqin-Cungu-Fischer-150x150.jpg\" class=\"attachment-thumbnail size-thumbnail\" alt=\"\" loading=\"lazy\" \/><\/a>\n\t\t\t<\/dt><\/dl><br style=\"clear: both\" \/>\n\t\t<\/div>\n\n","protected":false},"excerpt":{"rendered":"<p>Posjeta njema\u010dkog ambasadora Fischer op\u0161tini Ulcinj Danas je u jednodnevnoj posjeti op\u0161tini Ulcinj boravio amabasdor njema\u010dke u Crnoj Gori g-din Pius Fischer. On se tom prilikom sastao sa Predsjednikom op\u0161tine Ulcnj Nazifom Cungu, nakon \u010dega su slijedili sastanci sa predstavnicima KFW banke i DEGa. Predsjednik Cungu je obavjestio ambasadora o trenutnoj situaiji u op\u0161tini Ulcinj. [&hellip;]<\/p>\n","protected":false},"author":1,"featured_media":0,"comment_status":"closed","ping_status":"closed","sticky":false,"template":"","format":"standard","meta":{"spay_email":"","jetpack_publicize_message":"","jetpack_is_tweetstorm":false,"jetpack_publicize_feature_enabled":true},"categories":[6950],"tags":[],"jetpack_publicize_connections":[],"yoast_head":"<!-- This site is optimized with the Yoast SEO plugin v19.1 - https:\/\/yoast.com\/wordpress\/plugins\/seo\/ -->\n<title>Posjeta njemackog ambasadora Ulcinju - Lajme nga Ulqini<\/title>\n<meta name=\"description\" content=\"Posjeta njema\u010dkog ambasadora Fischer op\u0161tini Ulcinj Danas je u jednodnevnoj posjeti op\u0161tini Ulcinj boravio amabasdor njema\u010dke u Crnoj Gori g-din Pius\" \/>\n<meta name=\"robots\" content=\"index, follow, max-snippet:-1, max-image-preview:large, max-video-preview:-1\" \/>\n<link rel=\"canonical\" href=\"https:\/\/www.visit-ulcinj.com\/blog\/2013\/11\/21\/posjeta-njemackog-ambasadora-ulcinju\/\" \/>\n<meta property=\"og:locale\" content=\"en_US\" \/>\n<meta property=\"og:type\" content=\"article\" \/>\n<meta property=\"og:title\" content=\"Posjeta njemackog ambasadora Ulcinju - Lajme nga Ulqini\" \/>\n<meta property=\"og:description\" content=\"Posjeta njema\u010dkog ambasadora Fischer op\u0161tini Ulcinj Danas je u jednodnevnoj posjeti op\u0161tini Ulcinj boravio amabasdor njema\u010dke u Crnoj Gori g-din Pius\" \/>\n<meta property=\"og:url\" content=\"https:\/\/www.visit-ulcinj.com\/blog\/2013\/11\/21\/posjeta-njemackog-ambasadora-ulcinju\/\" \/>\n<meta property=\"og:site_name\" content=\"Lajme nga Ulqini\" \/>\n<meta property=\"article:published_time\" content=\"2013-11-21T19:12:19+00:00\" \/>\n<meta property=\"article:modified_time\" content=\"2013-11-21T19:19:44+00:00\" \/>\n<meta property=\"og:image\" content=\"https:\/\/www.visit-ulcinj.com\/blog\/wp-content\/uploads\/2013\/11\/Vizita-e-ambasadorit-Gjerman-ne-Ulqin-Cungu-Fischer-6-150x150.jpg\" \/>\n<meta name=\"twitter:label1\" content=\"Written by\" \/>\n\t<meta name=\"twitter:data1\" content=\"ulqini\" \/>\n\t<meta name=\"twitter:label2\" content=\"Est. reading time\" \/>\n\t<meta name=\"twitter:data2\" content=\"2 minutes\" \/>\n<script type=\"application\/ld+json\" class=\"yoast-schema-graph\">{\"@context\":\"https:\/\/schema.org\",\"@graph\":[{\"@type\":\"WebSite\",\"@id\":\"https:\/\/www.visit-ulcinj.com\/blog\/#website\",\"url\":\"https:\/\/www.visit-ulcinj.com\/blog\/\",\"name\":\"Lajme nga Ulqini\",\"description\":\"Lajme,Vijesti,Ulqini,Ulqin,Crna Gora,Mali i Zi\",\"potentialAction\":[{\"@type\":\"SearchAction\",\"target\":{\"@type\":\"EntryPoint\",\"urlTemplate\":\"https:\/\/www.visit-ulcinj.com\/blog\/?s={search_term_string}\"},\"query-input\":\"required name=search_term_string\"}],\"inLanguage\":\"en-US\"},{\"@type\":\"ImageObject\",\"inLanguage\":\"en-US\",\"@id\":\"https:\/\/www.visit-ulcinj.com\/blog\/2013\/11\/21\/posjeta-njemackog-ambasadora-ulcinju\/#primaryimage\",\"url\":\"https:\/\/www.visit-ulcinj.com\/blog\/wp-content\/uploads\/2013\/11\/Vizita-e-ambasadorit-Gjerman-ne-Ulqin-Cungu-Fischer-5.jpg\",\"contentUrl\":\"https:\/\/www.visit-ulcinj.com\/blog\/wp-content\/uploads\/2013\/11\/Vizita-e-ambasadorit-Gjerman-ne-Ulqin-Cungu-Fischer-5.jpg\",\"width\":768,\"height\":509},{\"@type\":\"WebPage\",\"@id\":\"https:\/\/www.visit-ulcinj.com\/blog\/2013\/11\/21\/posjeta-njemackog-ambasadora-ulcinju\/#webpage\",\"url\":\"https:\/\/www.visit-ulcinj.com\/blog\/2013\/11\/21\/posjeta-njemackog-ambasadora-ulcinju\/\",\"name\":\"Posjeta njemackog ambasadora Ulcinju - Lajme nga Ulqini\",\"isPartOf\":{\"@id\":\"https:\/\/www.visit-ulcinj.com\/blog\/#website\"},\"primaryImageOfPage\":{\"@id\":\"https:\/\/www.visit-ulcinj.com\/blog\/2013\/11\/21\/posjeta-njemackog-ambasadora-ulcinju\/#primaryimage\"},\"datePublished\":\"2013-11-21T19:12:19+00:00\",\"dateModified\":\"2013-11-21T19:19:44+00:00\",\"author\":{\"@id\":\"https:\/\/www.visit-ulcinj.com\/blog\/#\/schema\/person\/dcab619c614d3038751c63bc2aadc06d\"},\"description\":\"Posjeta njema\u010dkog ambasadora Fischer op\u0161tini Ulcinj Danas je u jednodnevnoj posjeti op\u0161tini Ulcinj boravio amabasdor njema\u010dke u Crnoj Gori g-din Pius\",\"breadcrumb\":{\"@id\":\"https:\/\/www.visit-ulcinj.com\/blog\/2013\/11\/21\/posjeta-njemackog-ambasadora-ulcinju\/#breadcrumb\"},\"inLanguage\":\"en-US\",\"potentialAction\":[{\"@type\":\"ReadAction\",\"target\":[\"https:\/\/www.visit-ulcinj.com\/blog\/2013\/11\/21\/posjeta-njemackog-ambasadora-ulcinju\/\"]}]},{\"@type\":\"BreadcrumbList\",\"@id\":\"https:\/\/www.visit-ulcinj.com\/blog\/2013\/11\/21\/posjeta-njemackog-ambasadora-ulcinju\/#breadcrumb\",\"itemListElement\":[{\"@type\":\"ListItem\",\"position\":1,\"name\":\"Posjeta njemackog ambasadora Ulcinju\"}]},{\"@type\":\"Person\",\"@id\":\"https:\/\/www.visit-ulcinj.com\/blog\/#\/schema\/person\/dcab619c614d3038751c63bc2aadc06d\",\"name\":\"ulqini\",\"sameAs\":[\"http:\/\/www.visit-ulcinj.com\"],\"url\":\"https:\/\/www.visit-ulcinj.com\/blog\/author\/admin\/\"}]}<\/script>\n<!-- \/ Yoast SEO plugin. -->","yoast_head_json":{"title":"Posjeta njemackog ambasadora Ulcinju - Lajme nga Ulqini","description":"Posjeta njema\u010dkog ambasadora Fischer op\u0161tini Ulcinj Danas je u jednodnevnoj posjeti op\u0161tini Ulcinj boravio amabasdor njema\u010dke u Crnoj Gori g-din Pius","robots":{"index":"index","follow":"follow","max-snippet":"max-snippet:-1","max-image-preview":"max-image-preview:large","max-video-preview":"max-video-preview:-1"},"canonical":"https:\/\/www.visit-ulcinj.com\/blog\/2013\/11\/21\/posjeta-njemackog-ambasadora-ulcinju\/","og_locale":"en_US","og_type":"article","og_title":"Posjeta njemackog ambasadora Ulcinju - Lajme nga Ulqini","og_description":"Posjeta njema\u010dkog ambasadora Fischer op\u0161tini Ulcinj Danas je u jednodnevnoj posjeti op\u0161tini Ulcinj boravio amabasdor njema\u010dke u Crnoj Gori g-din Pius","og_url":"https:\/\/www.visit-ulcinj.com\/blog\/2013\/11\/21\/posjeta-njemackog-ambasadora-ulcinju\/","og_site_name":"Lajme nga Ulqini","article_published_time":"2013-11-21T19:12:19+00:00","article_modified_time":"2013-11-21T19:19:44+00:00","og_image":[{"url":"https:\/\/www.visit-ulcinj.com\/blog\/wp-content\/uploads\/2013\/11\/Vizita-e-ambasadorit-Gjerman-ne-Ulqin-Cungu-Fischer-6-150x150.jpg"}],"twitter_misc":{"Written by":"ulqini","Est. reading time":"2 minutes"},"schema":{"@context":"https:\/\/schema.org","@graph":[{"@type":"WebSite","@id":"https:\/\/www.visit-ulcinj.com\/blog\/#website","url":"https:\/\/www.visit-ulcinj.com\/blog\/","name":"Lajme nga Ulqini","description":"Lajme,Vijesti,Ulqini,Ulqin,Crna Gora,Mali i Zi","potentialAction":[{"@type":"SearchAction","target":{"@type":"EntryPoint","urlTemplate":"https:\/\/www.visit-ulcinj.com\/blog\/?s={search_term_string}"},"query-input":"required name=search_term_string"}],"inLanguage":"en-US"},{"@type":"ImageObject","inLanguage":"en-US","@id":"https:\/\/www.visit-ulcinj.com\/blog\/2013\/11\/21\/posjeta-njemackog-ambasadora-ulcinju\/#primaryimage","url":"https:\/\/www.visit-ulcinj.com\/blog\/wp-content\/uploads\/2013\/11\/Vizita-e-ambasadorit-Gjerman-ne-Ulqin-Cungu-Fischer-5.jpg","contentUrl":"https:\/\/www.visit-ulcinj.com\/blog\/wp-content\/uploads\/2013\/11\/Vizita-e-ambasadorit-Gjerman-ne-Ulqin-Cungu-Fischer-5.jpg","width":768,"height":509},{"@type":"WebPage","@id":"https:\/\/www.visit-ulcinj.com\/blog\/2013\/11\/21\/posjeta-njemackog-ambasadora-ulcinju\/#webpage","url":"https:\/\/www.visit-ulcinj.com\/blog\/2013\/11\/21\/posjeta-njemackog-ambasadora-ulcinju\/","name":"Posjeta njemackog ambasadora Ulcinju - Lajme nga Ulqini","isPartOf":{"@id":"https:\/\/www.visit-ulcinj.com\/blog\/#website"},"primaryImageOfPage":{"@id":"https:\/\/www.visit-ulcinj.com\/blog\/2013\/11\/21\/posjeta-njemackog-ambasadora-ulcinju\/#primaryimage"},"datePublished":"2013-11-21T19:12:19+00:00","dateModified":"2013-11-21T19:19:44+00:00","author":{"@id":"https:\/\/www.visit-ulcinj.com\/blog\/#\/schema\/person\/dcab619c614d3038751c63bc2aadc06d"},"description":"Posjeta njema\u010dkog ambasadora Fischer op\u0161tini Ulcinj Danas je u jednodnevnoj posjeti op\u0161tini Ulcinj boravio amabasdor njema\u010dke u Crnoj Gori g-din Pius","breadcrumb":{"@id":"https:\/\/www.visit-ulcinj.com\/blog\/2013\/11\/21\/posjeta-njemackog-ambasadora-ulcinju\/#breadcrumb"},"inLanguage":"en-US","potentialAction":[{"@type":"ReadAction","target":["https:\/\/www.visit-ulcinj.com\/blog\/2013\/11\/21\/posjeta-njemackog-ambasadora-ulcinju\/"]}]},{"@type":"BreadcrumbList","@id":"https:\/\/www.visit-ulcinj.com\/blog\/2013\/11\/21\/posjeta-njemackog-ambasadora-ulcinju\/#breadcrumb","itemListElement":[{"@type":"ListItem","position":1,"name":"Posjeta njemackog ambasadora Ulcinju"}]},{"@type":"Person","@id":"https:\/\/www.visit-ulcinj.com\/blog\/#\/schema\/person\/dcab619c614d3038751c63bc2aadc06d","name":"ulqini","sameAs":["http:\/\/www.visit-ulcinj.com"],"url":"https:\/\/www.visit-ulcinj.com\/blog\/author\/admin\/"}]}},"jetpack_featured_media_url":"","jetpack_sharing_enabled":true,"jetpack_shortlink":"https:\/\/wp.me\/pe6lTn-jT3","_links":{"self":[{"href":"https:\/\/www.visit-ulcinj.com\/blog\/wp-json\/wp\/v2\/posts\/76449"}],"collection":[{"href":"https:\/\/www.visit-ulcinj.com\/blog\/wp-json\/wp\/v2\/posts"}],"about":[{"href":"https:\/\/www.visit-ulcinj.com\/blog\/wp-json\/wp\/v2\/types\/post"}],"author":[{"embeddable":true,"href":"https:\/\/www.visit-ulcinj.com\/blog\/wp-json\/wp\/v2\/users\/1"}],"replies":[{"embeddable":true,"href":"https:\/\/www.visit-ulcinj.com\/blog\/wp-json\/wp\/v2\/comments?post=76449"}],"version-history":[{"count":1,"href":"https:\/\/www.visit-ulcinj.com\/blog\/wp-json\/wp\/v2\/posts\/76449\/revisions"}],"predecessor-version":[{"id":76450,"href":"https:\/\/www.visit-ulcinj.com\/blog\/wp-json\/wp\/v2\/posts\/76449\/revisions\/76450"}],"wp:attachment":[{"href":"https:\/\/www.visit-ulcinj.com\/blog\/wp-json\/wp\/v2\/media?parent=76449"}],"wp:term":[{"taxonomy":"category","embeddable":true,"href":"https:\/\/www.visit-ulcinj.com\/blog\/wp-json\/wp\/v2\/categories?post=76449"},{"taxonomy":"post_tag","embeddable":true,"href":"https:\/\/www.visit-ulcinj.com\/blog\/wp-json\/wp\/v2\/tags?post=76449"}],"curies":[{"name":"wp","href":"https:\/\/api.w.org\/{rel}","templated":true}]}}