{"id":76451,"date":"2013-11-21T20:18:30","date_gmt":"2013-11-21T19:18:30","guid":{"rendered":"http:\/\/www.visit-ulcinj.com\/blog\/?p=76451"},"modified":"2013-11-21T20:22:28","modified_gmt":"2013-11-21T19:22:28","slug":"dukanovic-abazovicu-sjedi-bitango","status":"publish","type":"post","link":"https:\/\/www.visit-ulcinj.com\/blog\/2013\/11\/21\/dukanovic-abazovicu-sjedi-bitango\/","title":{"rendered":"\u0110ukanovi\u0107 Abazovi\u0107u: Sjedi, bitango &#8211; Video"},"content":{"rendered":"<p><strong><a href=\"http:\/\/www.visit-ulcinj.com\/blog\/wp-content\/uploads\/2013\/11\/DJukanovic-Abazovicu-Sjedi-bitango.jpg\"><img loading=\"lazy\" class=\"alignleft  wp-image-76452\" alt=\"DJukanovic Abazovicu-Sjedi, bitango\" src=\"http:\/\/www.visit-ulcinj.com\/blog\/wp-content\/uploads\/2013\/11\/DJukanovic-Abazovicu-Sjedi-bitango.jpg\" width=\"508\" height=\"360\" \/><\/a>Pozitivna tra\u017ei hitnu sjednicu Kolegijuma<\/strong><\/p>\n<p>Abazovi\u0107 je upozorio \u0110ukanovi\u0107a da je to posljednji put da neko ka\u017ee da bilo koji poslanik Pozitivne brani interese mafije<\/p>\n<p>Premijer Milo \u0110ukanovi\u0107 kazao je da niko nema ekskluzivno pravo na vrije\u0111anje i izvinio se parlamentu i javnosti zbog vrije\u0111anja poslanika poslanika Pozitivne Crne Gore Dritana Abazovi\u0107a, ali ne i njemu i njegovoj partiji.<\/p>\n<p>\u0110ukanovi\u0107 je Abazovi\u0107a na plenumu nazvao bitangom i budalom i kako je Abazovi\u0107 naveo, \u00a0pozivao ga na fizi\u010dki obra\u010dun. \u0110ukanovi\u0107 je nakon \u0161to mu se Abazovi\u0107 obratio, poslaniku Pozitivne rekao \u201csjedi bitango\u201d a iz Pozitivne su saop\u0161tili da ga je zvao na fizi\u010dki obra\u010dun i nazvao ga budalom.<\/p>\n<p><a href=\"http:\/\/www.vijesti.me\/vijesti\/dukanovic-abazovicu-sjedi-bitango-pozitivna-trazi-hitnu-sjednicu-kolegijuma-clanak-161717\" target=\"_blank\"><strong>Darvin Muri\u0107<\/strong><\/a><br \/>\n<a href=\"http:\/\/www.vijesti.me\/vijesti\/dukanovic-abazovicu-sjedi-bitango-pozitivna-trazi-hitnu-sjednicu-kolegijuma-clanak-161717\" target=\"_blank\"><strong> Z a vise citajte Vijesti online<\/strong> &#8211; <strong>Darvin Muri\u0107<\/strong><\/a><\/p>\n<!--YouTube Error: bad URL entered-->\n","protected":false},"excerpt":{"rendered":"<p>Pozitivna tra\u017ei hitnu sjednicu Kolegijuma Abazovi\u0107 je upozorio \u0110ukanovi\u0107a da je to posljednji put da neko ka\u017ee da bilo koji poslanik Pozitivne brani interese mafije Premijer Milo \u0110ukanovi\u0107 kazao je da niko nema ekskluzivno pravo na vrije\u0111anje i izvinio se parlamentu i javnosti zbog vrije\u0111anja poslanika poslanika Pozitivne Crne Gore Dritana Abazovi\u0107a, ali ne i [&hellip;]<\/p>\n","protected":false},"author":1,"featured_media":0,"comment_status":"closed","ping_status":"closed","sticky":false,"template":"","format":"standard","meta":{"spay_email":"","jetpack_publicize_message":"","jetpack_is_tweetstorm":false,"jetpack_publicize_feature_enabled":true},"categories":[8337],"tags":[],"jetpack_publicize_connections":[],"yoast_head":"<!-- This site is optimized with the Yoast SEO plugin v19.1 - https:\/\/yoast.com\/wordpress\/plugins\/seo\/ -->\n<title>\u0110ukanovi\u0107 Abazovi\u0107u: Sjedi, bitango - Video - Lajme nga Ulqini<\/title>\n<meta name=\"description\" content=\"Pozitivna tra\u017ei hitnu sjednicu Kolegijuma Abazovi\u0107 je upozorio \u0110ukanovi\u0107a da je to posljednji put da neko ka\u017ee da bilo koji poslanik Pozitivne brani\" \/>\n<meta name=\"robots\" content=\"index, follow, max-snippet:-1, max-image-preview:large, max-video-preview:-1\" \/>\n<link rel=\"canonical\" href=\"https:\/\/www.visit-ulcinj.com\/blog\/2013\/11\/21\/dukanovic-abazovicu-sjedi-bitango\/\" \/>\n<meta property=\"og:locale\" content=\"en_US\" \/>\n<meta property=\"og:type\" content=\"article\" \/>\n<meta property=\"og:title\" content=\"\u0110ukanovi\u0107 Abazovi\u0107u: Sjedi, bitango - Video - Lajme nga Ulqini\" \/>\n<meta property=\"og:description\" content=\"Pozitivna tra\u017ei hitnu sjednicu Kolegijuma Abazovi\u0107 je upozorio \u0110ukanovi\u0107a da je to posljednji put da neko ka\u017ee da bilo koji poslanik Pozitivne brani\" \/>\n<meta property=\"og:url\" content=\"https:\/\/www.visit-ulcinj.com\/blog\/2013\/11\/21\/dukanovic-abazovicu-sjedi-bitango\/\" \/>\n<meta property=\"og:site_name\" content=\"Lajme nga Ulqini\" \/>\n<meta property=\"article:published_time\" content=\"2013-11-21T19:18:30+00:00\" \/>\n<meta property=\"article:modified_time\" content=\"2013-11-21T19:22:28+00:00\" \/>\n<meta property=\"og:image\" content=\"http:\/\/www.visit-ulcinj.com\/blog\/wp-content\/uploads\/2013\/11\/DJukanovic-Abazovicu-Sjedi-bitango.jpg\" \/>\n<meta name=\"twitter:label1\" content=\"Written by\" \/>\n\t<meta name=\"twitter:data1\" content=\"ulqini\" \/>\n\t<meta name=\"twitter:label2\" content=\"Est. reading time\" \/>\n\t<meta name=\"twitter:data2\" content=\"1 minute\" \/>\n<script type=\"application\/ld+json\" class=\"yoast-schema-graph\">{\"@context\":\"https:\/\/schema.org\",\"@graph\":[{\"@type\":\"WebSite\",\"@id\":\"https:\/\/www.visit-ulcinj.com\/blog\/#website\",\"url\":\"https:\/\/www.visit-ulcinj.com\/blog\/\",\"name\":\"Lajme nga Ulqini\",\"description\":\"Lajme,Vijesti,Ulqini,Ulqin,Crna Gora,Mali i Zi\",\"potentialAction\":[{\"@type\":\"SearchAction\",\"target\":{\"@type\":\"EntryPoint\",\"urlTemplate\":\"https:\/\/www.visit-ulcinj.com\/blog\/?s={search_term_string}\"},\"query-input\":\"required name=search_term_string\"}],\"inLanguage\":\"en-US\"},{\"@type\":\"ImageObject\",\"inLanguage\":\"en-US\",\"@id\":\"https:\/\/www.visit-ulcinj.com\/blog\/2013\/11\/21\/dukanovic-abazovicu-sjedi-bitango\/#primaryimage\",\"url\":\"https:\/\/www.visit-ulcinj.com\/blog\/wp-content\/uploads\/2013\/11\/DJukanovic-Abazovicu-Sjedi-bitango.jpg\",\"contentUrl\":\"https:\/\/www.visit-ulcinj.com\/blog\/wp-content\/uploads\/2013\/11\/DJukanovic-Abazovicu-Sjedi-bitango.jpg\",\"width\":1000,\"height\":712},{\"@type\":\"WebPage\",\"@id\":\"https:\/\/www.visit-ulcinj.com\/blog\/2013\/11\/21\/dukanovic-abazovicu-sjedi-bitango\/#webpage\",\"url\":\"https:\/\/www.visit-ulcinj.com\/blog\/2013\/11\/21\/dukanovic-abazovicu-sjedi-bitango\/\",\"name\":\"\u0110ukanovi\u0107 Abazovi\u0107u: Sjedi, bitango - Video - Lajme nga Ulqini\",\"isPartOf\":{\"@id\":\"https:\/\/www.visit-ulcinj.com\/blog\/#website\"},\"primaryImageOfPage\":{\"@id\":\"https:\/\/www.visit-ulcinj.com\/blog\/2013\/11\/21\/dukanovic-abazovicu-sjedi-bitango\/#primaryimage\"},\"datePublished\":\"2013-11-21T19:18:30+00:00\",\"dateModified\":\"2013-11-21T19:22:28+00:00\",\"author\":{\"@id\":\"https:\/\/www.visit-ulcinj.com\/blog\/#\/schema\/person\/dcab619c614d3038751c63bc2aadc06d\"},\"description\":\"Pozitivna tra\u017ei hitnu sjednicu Kolegijuma Abazovi\u0107 je upozorio \u0110ukanovi\u0107a da je to posljednji put da neko ka\u017ee da bilo koji poslanik Pozitivne brani\",\"breadcrumb\":{\"@id\":\"https:\/\/www.visit-ulcinj.com\/blog\/2013\/11\/21\/dukanovic-abazovicu-sjedi-bitango\/#breadcrumb\"},\"inLanguage\":\"en-US\",\"potentialAction\":[{\"@type\":\"ReadAction\",\"target\":[\"https:\/\/www.visit-ulcinj.com\/blog\/2013\/11\/21\/dukanovic-abazovicu-sjedi-bitango\/\"]}]},{\"@type\":\"BreadcrumbList\",\"@id\":\"https:\/\/www.visit-ulcinj.com\/blog\/2013\/11\/21\/dukanovic-abazovicu-sjedi-bitango\/#breadcrumb\",\"itemListElement\":[{\"@type\":\"ListItem\",\"position\":1,\"name\":\"\u0110ukanovi\u0107 Abazovi\u0107u: Sjedi, bitango &#8211; Video\"}]},{\"@type\":\"Person\",\"@id\":\"https:\/\/www.visit-ulcinj.com\/blog\/#\/schema\/person\/dcab619c614d3038751c63bc2aadc06d\",\"name\":\"ulqini\",\"sameAs\":[\"http:\/\/www.visit-ulcinj.com\"],\"url\":\"https:\/\/www.visit-ulcinj.com\/blog\/author\/admin\/\"}]}<\/script>\n<!-- \/ Yoast SEO plugin. -->","yoast_head_json":{"title":"\u0110ukanovi\u0107 Abazovi\u0107u: Sjedi, bitango - Video - Lajme nga Ulqini","description":"Pozitivna tra\u017ei hitnu sjednicu Kolegijuma Abazovi\u0107 je upozorio \u0110ukanovi\u0107a da je to posljednji put da neko ka\u017ee da bilo koji poslanik Pozitivne brani","robots":{"index":"index","follow":"follow","max-snippet":"max-snippet:-1","max-image-preview":"max-image-preview:large","max-video-preview":"max-video-preview:-1"},"canonical":"https:\/\/www.visit-ulcinj.com\/blog\/2013\/11\/21\/dukanovic-abazovicu-sjedi-bitango\/","og_locale":"en_US","og_type":"article","og_title":"\u0110ukanovi\u0107 Abazovi\u0107u: Sjedi, bitango - Video - Lajme nga Ulqini","og_description":"Pozitivna tra\u017ei hitnu sjednicu Kolegijuma Abazovi\u0107 je upozorio \u0110ukanovi\u0107a da je to posljednji put da neko ka\u017ee da bilo koji poslanik Pozitivne brani","og_url":"https:\/\/www.visit-ulcinj.com\/blog\/2013\/11\/21\/dukanovic-abazovicu-sjedi-bitango\/","og_site_name":"Lajme nga Ulqini","article_published_time":"2013-11-21T19:18:30+00:00","article_modified_time":"2013-11-21T19:22:28+00:00","og_image":[{"url":"http:\/\/www.visit-ulcinj.com\/blog\/wp-content\/uploads\/2013\/11\/DJukanovic-Abazovicu-Sjedi-bitango.jpg"}],"twitter_misc":{"Written by":"ulqini","Est. reading time":"1 minute"},"schema":{"@context":"https:\/\/schema.org","@graph":[{"@type":"WebSite","@id":"https:\/\/www.visit-ulcinj.com\/blog\/#website","url":"https:\/\/www.visit-ulcinj.com\/blog\/","name":"Lajme nga Ulqini","description":"Lajme,Vijesti,Ulqini,Ulqin,Crna Gora,Mali i Zi","potentialAction":[{"@type":"SearchAction","target":{"@type":"EntryPoint","urlTemplate":"https:\/\/www.visit-ulcinj.com\/blog\/?s={search_term_string}"},"query-input":"required name=search_term_string"}],"inLanguage":"en-US"},{"@type":"ImageObject","inLanguage":"en-US","@id":"https:\/\/www.visit-ulcinj.com\/blog\/2013\/11\/21\/dukanovic-abazovicu-sjedi-bitango\/#primaryimage","url":"https:\/\/www.visit-ulcinj.com\/blog\/wp-content\/uploads\/2013\/11\/DJukanovic-Abazovicu-Sjedi-bitango.jpg","contentUrl":"https:\/\/www.visit-ulcinj.com\/blog\/wp-content\/uploads\/2013\/11\/DJukanovic-Abazovicu-Sjedi-bitango.jpg","width":1000,"height":712},{"@type":"WebPage","@id":"https:\/\/www.visit-ulcinj.com\/blog\/2013\/11\/21\/dukanovic-abazovicu-sjedi-bitango\/#webpage","url":"https:\/\/www.visit-ulcinj.com\/blog\/2013\/11\/21\/dukanovic-abazovicu-sjedi-bitango\/","name":"\u0110ukanovi\u0107 Abazovi\u0107u: Sjedi, bitango - Video - Lajme nga Ulqini","isPartOf":{"@id":"https:\/\/www.visit-ulcinj.com\/blog\/#website"},"primaryImageOfPage":{"@id":"https:\/\/www.visit-ulcinj.com\/blog\/2013\/11\/21\/dukanovic-abazovicu-sjedi-bitango\/#primaryimage"},"datePublished":"2013-11-21T19:18:30+00:00","dateModified":"2013-11-21T19:22:28+00:00","author":{"@id":"https:\/\/www.visit-ulcinj.com\/blog\/#\/schema\/person\/dcab619c614d3038751c63bc2aadc06d"},"description":"Pozitivna tra\u017ei hitnu sjednicu Kolegijuma Abazovi\u0107 je upozorio \u0110ukanovi\u0107a da je to posljednji put da neko ka\u017ee da bilo koji poslanik Pozitivne brani","breadcrumb":{"@id":"https:\/\/www.visit-ulcinj.com\/blog\/2013\/11\/21\/dukanovic-abazovicu-sjedi-bitango\/#breadcrumb"},"inLanguage":"en-US","potentialAction":[{"@type":"ReadAction","target":["https:\/\/www.visit-ulcinj.com\/blog\/2013\/11\/21\/dukanovic-abazovicu-sjedi-bitango\/"]}]},{"@type":"BreadcrumbList","@id":"https:\/\/www.visit-ulcinj.com\/blog\/2013\/11\/21\/dukanovic-abazovicu-sjedi-bitango\/#breadcrumb","itemListElement":[{"@type":"ListItem","position":1,"name":"\u0110ukanovi\u0107 Abazovi\u0107u: Sjedi, bitango &#8211; Video"}]},{"@type":"Person","@id":"https:\/\/www.visit-ulcinj.com\/blog\/#\/schema\/person\/dcab619c614d3038751c63bc2aadc06d","name":"ulqini","sameAs":["http:\/\/www.visit-ulcinj.com"],"url":"https:\/\/www.visit-ulcinj.com\/blog\/author\/admin\/"}]}},"jetpack_featured_media_url":"","jetpack_sharing_enabled":true,"jetpack_shortlink":"https:\/\/wp.me\/pe6lTn-jT5","_links":{"self":[{"href":"https:\/\/www.visit-ulcinj.com\/blog\/wp-json\/wp\/v2\/posts\/76451"}],"collection":[{"href":"https:\/\/www.visit-ulcinj.com\/blog\/wp-json\/wp\/v2\/posts"}],"about":[{"href":"https:\/\/www.visit-ulcinj.com\/blog\/wp-json\/wp\/v2\/types\/post"}],"author":[{"embeddable":true,"href":"https:\/\/www.visit-ulcinj.com\/blog\/wp-json\/wp\/v2\/users\/1"}],"replies":[{"embeddable":true,"href":"https:\/\/www.visit-ulcinj.com\/blog\/wp-json\/wp\/v2\/comments?post=76451"}],"version-history":[{"count":4,"href":"https:\/\/www.visit-ulcinj.com\/blog\/wp-json\/wp\/v2\/posts\/76451\/revisions"}],"predecessor-version":[{"id":76456,"href":"https:\/\/www.visit-ulcinj.com\/blog\/wp-json\/wp\/v2\/posts\/76451\/revisions\/76456"}],"wp:attachment":[{"href":"https:\/\/www.visit-ulcinj.com\/blog\/wp-json\/wp\/v2\/media?parent=76451"}],"wp:term":[{"taxonomy":"category","embeddable":true,"href":"https:\/\/www.visit-ulcinj.com\/blog\/wp-json\/wp\/v2\/categories?post=76451"},{"taxonomy":"post_tag","embeddable":true,"href":"https:\/\/www.visit-ulcinj.com\/blog\/wp-json\/wp\/v2\/tags?post=76451"}],"curies":[{"name":"wp","href":"https:\/\/api.w.org\/{rel}","templated":true}]}}