{"id":76465,"date":"2013-11-22T18:05:45","date_gmt":"2013-11-22T17:05:45","guid":{"rendered":"http:\/\/www.visit-ulcinj.com\/blog\/?p=76465"},"modified":"2013-11-22T18:05:45","modified_gmt":"2013-11-22T17:05:45","slug":"demokratski-front-borba-za-fotelju-predsjednika-ulcinja","status":"publish","type":"post","link":"https:\/\/www.visit-ulcinj.com\/blog\/2013\/11\/22\/demokratski-front-borba-za-fotelju-predsjednika-ulcinja\/","title":{"rendered":"Demokratski front: Borba za fotelju predsjednika Ulcinja"},"content":{"rendered":"<p><a href=\"http:\/\/www.visit-ulcinj.com\/blog\/wp-content\/uploads\/2012\/11\/DEMOKRATSKI-FRONT-ULCINJA.jpg\"><img loading=\"lazy\" class=\"alignleft  wp-image-65854\" alt=\"DEMOKRATSKI FRONT ULCINJA\" src=\"http:\/\/www.visit-ulcinj.com\/blog\/wp-content\/uploads\/2012\/11\/DEMOKRATSKI-FRONT-ULCINJA.jpg\" width=\"508\" height=\"316\" \/><\/a>Demokratski front Ulcinja ocijenio je ju\u010de kako vjeruje da \u0107e se na predstoje\u0107im lokalnim izborima, koji su zakazani za 26. januar, neki od politi\u010dkih subjekata respektabilnih nacionalnih albanskih partija izvu\u0107i iz zagrljaja DPS-a, a Ulcinjani kona\u010dno imati snage da prepoznaju nove vrijednosti na politi\u010dkoj mapi najju\u017enije op\u0161tine. U saop\u0161tenju za javnost DF-a, tim povodom, navodi se da bi nove snage i nova lica zajedno mogli zaustaviti sunovrat grada, a iza sebe ostaviti politi\u010dke subjekte, koji samo vode trku za fotelju predsjednika op\u0161tine.<br \/>\n\u2013 Ulcinjanima nakon dvije decenije iznova \u201egodine po\u010dinju januarom\u201d u re\u017eiji DPS-a. U tome ima simbolike, jer lokalni izbori u Ulcinju, sa vi\u0161e aspekata su specifi\u010dni u odnosu na ostale gradove Crne Gore. Prevashodno u tome \u0161to se u Ulcinju ne glasa za novi saziv lokalne skup\u0161tine, koja bi novom energijom gra\u0111anima donijela napredak i boljitak, ve\u0107 se borba vodi koja od partija \u0107e preuzeti mjesto predsjednika op\u0161tine. Drugi aspekt, mimo ostalih op\u0161tina u Crnoj Gori, je \u0161to sve sada\u0161nje stranke, koje su \u010dinile vladaju\u0107u koaliciju ovog puta li\u0161ene podr\u0161ke SDP-a i ve\u0107ine opozicionih partija, prevashodno DUA, u izbornu trku ulaze juri\u0161aju\u0107i za koalicijom sa DPS-om. Za onim istim DPS-om, koji je lokalnu vlast u poslednjih osam mjeseci dr\u017eao na \u201ekratkom lancu\u201d, znaju\u0107i da mo\u017ee da sakupi ve\u0107inu za smjenu lokalne vlasti u bilo kom momentu. Za definitivnu smjenu izabran je januar 2014. godine. Tu tako\u0111e ima simbolike, jer isti ljudi, koji su od januara 1991. godine potro\u0161ili sve programe za razvoj Ulcinja, sada imaju samo jedan cilj da predsjednik Op\u0161tine bude njihov nosilac liste \u2013 predsjednik OO DPS-a Ulcinj \u2013 navodi se u saop\u0161tenju i dodaje da kako god se zavr\u0161ili januarski izbori evidentno je da \u0107e se koplja lomiti oko toga koje \u0107e nacionalne albanske partije podr\u017eati kandidata DPS-a za mjesto predsjednika Op\u0161tine.<br \/>\n\u2013 Ovdje po\u010dinje i zavr\u0161ava se sav smisao lokalnih izbora u Ulcinju. Jer, \u0161ta nam mogu novo ponuditi partije koje u poslednjih dvadeset godina u razli\u010ditim oblicima vode ka izumiranju jedne od najja\u010dih turisti\u010dkih destinacija osamdesetih godina u Crnoj Gori. Upravo zbog toga Demokratski front Ulcinj izlazi sa programom koji \u0107e prvenstveno biti okrenut obi\u010dnom \u010dovjeku. Sa planom i dinamikom pobolj\u0161anja uslova \u017eivota obi\u010dnih gra\u0111ana, koji \u0107emo u narednim danima izlo\u017eiti. Demokratski front ima \u201enultu ta\u010dku tolerancije\u201d u odnosu na DPS i ukoliko zaslu\u017ei povjerenje gra\u0111ana, ne\u0107e ulaziti ni u kakve pregovore oko ve\u0107ine u lokalnom parlamentu sa DPS-om, niti sa onima koji budu pregovarali sa tom partijom, kako prije tako i nakon izbora \u2013 tvrde u DF-u.<\/p>\n<p><strong>M.K.<\/strong><\/p>\n<p><strong>Izvor: DAN<\/strong><\/p>\n","protected":false},"excerpt":{"rendered":"<p>Demokratski front Ulcinja ocijenio je ju\u010de kako vjeruje da \u0107e se na predstoje\u0107im lokalnim izborima, koji su zakazani za 26. januar, neki od politi\u010dkih subjekata respektabilnih nacionalnih albanskih partija izvu\u0107i iz zagrljaja DPS-a, a Ulcinjani kona\u010dno imati snage da prepoznaju nove vrijednosti na politi\u010dkoj mapi najju\u017enije op\u0161tine. U saop\u0161tenju za javnost DF-a, tim povodom, navodi [&hellip;]<\/p>\n","protected":false},"author":1,"featured_media":0,"comment_status":"closed","ping_status":"closed","sticky":false,"template":"","format":"standard","meta":{"spay_email":"","jetpack_publicize_message":"","jetpack_is_tweetstorm":false,"jetpack_publicize_feature_enabled":true},"categories":[8337],"tags":[],"jetpack_publicize_connections":[],"yoast_head":"<!-- This site is optimized with the Yoast SEO plugin v19.1 - https:\/\/yoast.com\/wordpress\/plugins\/seo\/ -->\n<title>Demokratski front: Borba za fotelju predsjednika Ulcinja - Lajme nga Ulqini<\/title>\n<meta name=\"description\" content=\"Demokratski front Ulcinja ocijenio je ju\u010de kako vjeruje da \u0107e se na predstoje\u0107im lokalnim izborima, koji su zakazani za 26. januar, neki od politi\u010dkih\" \/>\n<meta name=\"robots\" content=\"index, follow, max-snippet:-1, max-image-preview:large, max-video-preview:-1\" \/>\n<link rel=\"canonical\" href=\"https:\/\/www.visit-ulcinj.com\/blog\/2013\/11\/22\/demokratski-front-borba-za-fotelju-predsjednika-ulcinja\/\" \/>\n<meta property=\"og:locale\" content=\"en_US\" \/>\n<meta property=\"og:type\" content=\"article\" \/>\n<meta property=\"og:title\" content=\"Demokratski front: Borba za fotelju predsjednika Ulcinja - Lajme nga Ulqini\" \/>\n<meta property=\"og:description\" content=\"Demokratski front Ulcinja ocijenio je ju\u010de kako vjeruje da \u0107e se na predstoje\u0107im lokalnim izborima, koji su zakazani za 26. januar, neki od politi\u010dkih\" \/>\n<meta property=\"og:url\" content=\"https:\/\/www.visit-ulcinj.com\/blog\/2013\/11\/22\/demokratski-front-borba-za-fotelju-predsjednika-ulcinja\/\" \/>\n<meta property=\"og:site_name\" content=\"Lajme nga Ulqini\" \/>\n<meta property=\"article:published_time\" content=\"2013-11-22T17:05:45+00:00\" \/>\n<meta property=\"og:image\" content=\"http:\/\/www.visit-ulcinj.com\/blog\/wp-content\/uploads\/2012\/11\/DEMOKRATSKI-FRONT-ULCINJA.jpg\" \/>\n<meta name=\"twitter:label1\" content=\"Written by\" \/>\n\t<meta name=\"twitter:data1\" content=\"ulqini\" \/>\n\t<meta name=\"twitter:label2\" content=\"Est. reading time\" \/>\n\t<meta name=\"twitter:data2\" content=\"2 minutes\" \/>\n<script type=\"application\/ld+json\" class=\"yoast-schema-graph\">{\"@context\":\"https:\/\/schema.org\",\"@graph\":[{\"@type\":\"WebSite\",\"@id\":\"https:\/\/www.visit-ulcinj.com\/blog\/#website\",\"url\":\"https:\/\/www.visit-ulcinj.com\/blog\/\",\"name\":\"Lajme nga Ulqini\",\"description\":\"Lajme,Vijesti,Ulqini,Ulqin,Crna Gora,Mali i Zi\",\"potentialAction\":[{\"@type\":\"SearchAction\",\"target\":{\"@type\":\"EntryPoint\",\"urlTemplate\":\"https:\/\/www.visit-ulcinj.com\/blog\/?s={search_term_string}\"},\"query-input\":\"required name=search_term_string\"}],\"inLanguage\":\"en-US\"},{\"@type\":\"ImageObject\",\"inLanguage\":\"en-US\",\"@id\":\"https:\/\/www.visit-ulcinj.com\/blog\/2013\/11\/22\/demokratski-front-borba-za-fotelju-predsjednika-ulcinja\/#primaryimage\",\"url\":\"https:\/\/www.visit-ulcinj.com\/blog\/wp-content\/uploads\/2012\/11\/DEMOKRATSKI-FRONT-ULCINJA.jpg\",\"contentUrl\":\"https:\/\/www.visit-ulcinj.com\/blog\/wp-content\/uploads\/2012\/11\/DEMOKRATSKI-FRONT-ULCINJA.jpg\",\"width\":\"519\",\"height\":\"316\"},{\"@type\":\"WebPage\",\"@id\":\"https:\/\/www.visit-ulcinj.com\/blog\/2013\/11\/22\/demokratski-front-borba-za-fotelju-predsjednika-ulcinja\/#webpage\",\"url\":\"https:\/\/www.visit-ulcinj.com\/blog\/2013\/11\/22\/demokratski-front-borba-za-fotelju-predsjednika-ulcinja\/\",\"name\":\"Demokratski front: Borba za fotelju predsjednika Ulcinja - Lajme nga Ulqini\",\"isPartOf\":{\"@id\":\"https:\/\/www.visit-ulcinj.com\/blog\/#website\"},\"primaryImageOfPage\":{\"@id\":\"https:\/\/www.visit-ulcinj.com\/blog\/2013\/11\/22\/demokratski-front-borba-za-fotelju-predsjednika-ulcinja\/#primaryimage\"},\"datePublished\":\"2013-11-22T17:05:45+00:00\",\"dateModified\":\"2013-11-22T17:05:45+00:00\",\"author\":{\"@id\":\"https:\/\/www.visit-ulcinj.com\/blog\/#\/schema\/person\/dcab619c614d3038751c63bc2aadc06d\"},\"description\":\"Demokratski front Ulcinja ocijenio je ju\u010de kako vjeruje da \u0107e se na predstoje\u0107im lokalnim izborima, koji su zakazani za 26. januar, neki od politi\u010dkih\",\"breadcrumb\":{\"@id\":\"https:\/\/www.visit-ulcinj.com\/blog\/2013\/11\/22\/demokratski-front-borba-za-fotelju-predsjednika-ulcinja\/#breadcrumb\"},\"inLanguage\":\"en-US\",\"potentialAction\":[{\"@type\":\"ReadAction\",\"target\":[\"https:\/\/www.visit-ulcinj.com\/blog\/2013\/11\/22\/demokratski-front-borba-za-fotelju-predsjednika-ulcinja\/\"]}]},{\"@type\":\"BreadcrumbList\",\"@id\":\"https:\/\/www.visit-ulcinj.com\/blog\/2013\/11\/22\/demokratski-front-borba-za-fotelju-predsjednika-ulcinja\/#breadcrumb\",\"itemListElement\":[{\"@type\":\"ListItem\",\"position\":1,\"name\":\"Demokratski front: Borba za fotelju predsjednika Ulcinja\"}]},{\"@type\":\"Person\",\"@id\":\"https:\/\/www.visit-ulcinj.com\/blog\/#\/schema\/person\/dcab619c614d3038751c63bc2aadc06d\",\"name\":\"ulqini\",\"sameAs\":[\"http:\/\/www.visit-ulcinj.com\"],\"url\":\"https:\/\/www.visit-ulcinj.com\/blog\/author\/admin\/\"}]}<\/script>\n<!-- \/ Yoast SEO plugin. -->","yoast_head_json":{"title":"Demokratski front: Borba za fotelju predsjednika Ulcinja - Lajme nga Ulqini","description":"Demokratski front Ulcinja ocijenio je ju\u010de kako vjeruje da \u0107e se na predstoje\u0107im lokalnim izborima, koji su zakazani za 26. januar, neki od politi\u010dkih","robots":{"index":"index","follow":"follow","max-snippet":"max-snippet:-1","max-image-preview":"max-image-preview:large","max-video-preview":"max-video-preview:-1"},"canonical":"https:\/\/www.visit-ulcinj.com\/blog\/2013\/11\/22\/demokratski-front-borba-za-fotelju-predsjednika-ulcinja\/","og_locale":"en_US","og_type":"article","og_title":"Demokratski front: Borba za fotelju predsjednika Ulcinja - Lajme nga Ulqini","og_description":"Demokratski front Ulcinja ocijenio je ju\u010de kako vjeruje da \u0107e se na predstoje\u0107im lokalnim izborima, koji su zakazani za 26. januar, neki od politi\u010dkih","og_url":"https:\/\/www.visit-ulcinj.com\/blog\/2013\/11\/22\/demokratski-front-borba-za-fotelju-predsjednika-ulcinja\/","og_site_name":"Lajme nga Ulqini","article_published_time":"2013-11-22T17:05:45+00:00","og_image":[{"url":"http:\/\/www.visit-ulcinj.com\/blog\/wp-content\/uploads\/2012\/11\/DEMOKRATSKI-FRONT-ULCINJA.jpg"}],"twitter_misc":{"Written by":"ulqini","Est. reading time":"2 minutes"},"schema":{"@context":"https:\/\/schema.org","@graph":[{"@type":"WebSite","@id":"https:\/\/www.visit-ulcinj.com\/blog\/#website","url":"https:\/\/www.visit-ulcinj.com\/blog\/","name":"Lajme nga Ulqini","description":"Lajme,Vijesti,Ulqini,Ulqin,Crna Gora,Mali i Zi","potentialAction":[{"@type":"SearchAction","target":{"@type":"EntryPoint","urlTemplate":"https:\/\/www.visit-ulcinj.com\/blog\/?s={search_term_string}"},"query-input":"required name=search_term_string"}],"inLanguage":"en-US"},{"@type":"ImageObject","inLanguage":"en-US","@id":"https:\/\/www.visit-ulcinj.com\/blog\/2013\/11\/22\/demokratski-front-borba-za-fotelju-predsjednika-ulcinja\/#primaryimage","url":"https:\/\/www.visit-ulcinj.com\/blog\/wp-content\/uploads\/2012\/11\/DEMOKRATSKI-FRONT-ULCINJA.jpg","contentUrl":"https:\/\/www.visit-ulcinj.com\/blog\/wp-content\/uploads\/2012\/11\/DEMOKRATSKI-FRONT-ULCINJA.jpg","width":"519","height":"316"},{"@type":"WebPage","@id":"https:\/\/www.visit-ulcinj.com\/blog\/2013\/11\/22\/demokratski-front-borba-za-fotelju-predsjednika-ulcinja\/#webpage","url":"https:\/\/www.visit-ulcinj.com\/blog\/2013\/11\/22\/demokratski-front-borba-za-fotelju-predsjednika-ulcinja\/","name":"Demokratski front: Borba za fotelju predsjednika Ulcinja - Lajme nga Ulqini","isPartOf":{"@id":"https:\/\/www.visit-ulcinj.com\/blog\/#website"},"primaryImageOfPage":{"@id":"https:\/\/www.visit-ulcinj.com\/blog\/2013\/11\/22\/demokratski-front-borba-za-fotelju-predsjednika-ulcinja\/#primaryimage"},"datePublished":"2013-11-22T17:05:45+00:00","dateModified":"2013-11-22T17:05:45+00:00","author":{"@id":"https:\/\/www.visit-ulcinj.com\/blog\/#\/schema\/person\/dcab619c614d3038751c63bc2aadc06d"},"description":"Demokratski front Ulcinja ocijenio je ju\u010de kako vjeruje da \u0107e se na predstoje\u0107im lokalnim izborima, koji su zakazani za 26. januar, neki od politi\u010dkih","breadcrumb":{"@id":"https:\/\/www.visit-ulcinj.com\/blog\/2013\/11\/22\/demokratski-front-borba-za-fotelju-predsjednika-ulcinja\/#breadcrumb"},"inLanguage":"en-US","potentialAction":[{"@type":"ReadAction","target":["https:\/\/www.visit-ulcinj.com\/blog\/2013\/11\/22\/demokratski-front-borba-za-fotelju-predsjednika-ulcinja\/"]}]},{"@type":"BreadcrumbList","@id":"https:\/\/www.visit-ulcinj.com\/blog\/2013\/11\/22\/demokratski-front-borba-za-fotelju-predsjednika-ulcinja\/#breadcrumb","itemListElement":[{"@type":"ListItem","position":1,"name":"Demokratski front: Borba za fotelju predsjednika Ulcinja"}]},{"@type":"Person","@id":"https:\/\/www.visit-ulcinj.com\/blog\/#\/schema\/person\/dcab619c614d3038751c63bc2aadc06d","name":"ulqini","sameAs":["http:\/\/www.visit-ulcinj.com"],"url":"https:\/\/www.visit-ulcinj.com\/blog\/author\/admin\/"}]}},"jetpack_featured_media_url":"","jetpack_sharing_enabled":true,"jetpack_shortlink":"https:\/\/wp.me\/pe6lTn-jTj","_links":{"self":[{"href":"https:\/\/www.visit-ulcinj.com\/blog\/wp-json\/wp\/v2\/posts\/76465"}],"collection":[{"href":"https:\/\/www.visit-ulcinj.com\/blog\/wp-json\/wp\/v2\/posts"}],"about":[{"href":"https:\/\/www.visit-ulcinj.com\/blog\/wp-json\/wp\/v2\/types\/post"}],"author":[{"embeddable":true,"href":"https:\/\/www.visit-ulcinj.com\/blog\/wp-json\/wp\/v2\/users\/1"}],"replies":[{"embeddable":true,"href":"https:\/\/www.visit-ulcinj.com\/blog\/wp-json\/wp\/v2\/comments?post=76465"}],"version-history":[{"count":1,"href":"https:\/\/www.visit-ulcinj.com\/blog\/wp-json\/wp\/v2\/posts\/76465\/revisions"}],"predecessor-version":[{"id":76466,"href":"https:\/\/www.visit-ulcinj.com\/blog\/wp-json\/wp\/v2\/posts\/76465\/revisions\/76466"}],"wp:attachment":[{"href":"https:\/\/www.visit-ulcinj.com\/blog\/wp-json\/wp\/v2\/media?parent=76465"}],"wp:term":[{"taxonomy":"category","embeddable":true,"href":"https:\/\/www.visit-ulcinj.com\/blog\/wp-json\/wp\/v2\/categories?post=76465"},{"taxonomy":"post_tag","embeddable":true,"href":"https:\/\/www.visit-ulcinj.com\/blog\/wp-json\/wp\/v2\/tags?post=76465"}],"curies":[{"name":"wp","href":"https:\/\/api.w.org\/{rel}","templated":true}]}}