{"id":76467,"date":"2013-11-23T18:33:49","date_gmt":"2013-11-23T17:33:49","guid":{"rendered":"http:\/\/www.visit-ulcinj.com\/blog\/?p=76467"},"modified":"2013-11-23T20:15:18","modified_gmt":"2013-11-23T19:15:18","slug":"ne-tetove-mbahet-panairi-artizaneve-nga-ulqini-video","status":"publish","type":"post","link":"https:\/\/www.visit-ulcinj.com\/blog\/2013\/11\/23\/ne-tetove-mbahet-panairi-artizaneve-nga-ulqini-video\/","title":{"rendered":"Ne Tetov\u00eb, mbahet panairi i artizan\u00ebve nga Ulqini &#8211; Video"},"content":{"rendered":"<p><a href=\"http:\/\/www.visit-ulcinj.com\/blog\/wp-content\/uploads\/2013\/11\/Panairi-tetove-ulqin.jpg\"><img loading=\"lazy\" class=\"alignleft size-full wp-image-76468\" alt=\"Panairi-tetove-ulqin\" src=\"http:\/\/www.visit-ulcinj.com\/blog\/wp-content\/uploads\/2013\/11\/Panairi-tetove-ulqin.jpg\" width=\"360\" height=\"270\" srcset=\"https:\/\/www.visit-ulcinj.com\/blog\/wp-content\/uploads\/2013\/11\/Panairi-tetove-ulqin.jpg 360w, https:\/\/www.visit-ulcinj.com\/blog\/wp-content\/uploads\/2013\/11\/Panairi-tetove-ulqin-300x225.jpg 300w\" sizes=\"(max-width: 360px) 100vw, 360px\" \/><\/a>N\u00eb Tetov\u00eb po mbahet panairi i artizanateve, n\u00eb t\u00eb cilin po marrin pjes\u00eb artizan\u00eb dhe artist\u00eb nga gjitha trojet ku banojn\u00eb shqiptar\u00ebt. Panairi po mbahet n\u00eb Sht\u00ebpin\u00eb e Kultur\u00ebs n\u00eb Tetov\u00eb dhe \u00ebsht\u00eb pjes\u00eb e shum\u00eb manifestimeve q\u00eb po mbahen p\u00ebr nder\u00eb t\u00eb festave t\u00eb N\u00ebntorit. N\u00eb ekspozit\u00ebn e artizanateve, vizitor\u00ebt kan\u00eb mund\u00ebsi q\u00eb t\u00eb shohin veshjet tradicionale shqiptare nga t\u00eb gjitha trojet.<\/p>\n<p>\u201cUn\u00eb jam p\u00ebr herr\u00eb t\u00eb dyt\u00eb n\u00eb Tetov\u00eb Brenda nj\u00eb muaji dhe \u00ebsht\u00eb k\u00ebnaq\u00ebsi q\u00eb pas pes\u00eb panaireve q\u00eb organizova n\u00eb Ulqin. Ky \u00ebsht\u00eb ndoshta edhe nj\u00eb nd\u00ebr panairet m\u00eb t\u00eb bukura dhe si\u00e7 e shihni edhe vet merr pjes\u00eb edhe nj\u00eb mjesht\u00ebr shum\u00eb i madh i artit \u00ebsht\u00eb Pjet\u00ebr Vukaj nga P\u00ebrmeti i Shqip\u00ebris\u00eb i cili \u00ebsht\u00eb edhe fitues i shum\u00eb dekoratave n\u00eb vende t\u00eb ndryshme t\u00eb bot\u00ebs\u201d, tha Ramiz Hajdari, organizator i panairit.<\/p>\n<p>N\u00eb k\u00ebt\u00eb panair po merr pjes\u00eb edhe artisti shqiptar Pjet\u00ebr Vukaj, i cili gdhendjet e tij artistike n\u00eb l\u00ebkur\u00ebn e dhis\u00eb k\u00ebsaj radhe i solli p\u00ebr ekspozim edhe n\u00eb Tetov\u00eb.<\/p>\n<p>\u201cKy lloj arti ishte nj\u00eb rast\u00ebsi, se kisha menduar m\u00eb par\u00eb por, duke gdhendur l\u00ebkur\u00ebn e nj\u00eb lahute m\u00eb doli nj\u00eb portret pa dashje pastaj eksperimentova me dashje disa vite por pa sukses por pastaj fillova duke b\u00eb eksperimente natyrale dhe ia arrita q\u00ebllimit. Kam botime patriotike si Sk\u00ebnderbeun Adem Jasharin e t\u00eb tjer\u00eb, kam portrete kreshnik\u00ebsh mal\u00ebsor\u00ebsh ka edhe motive nga Tetova\u201d, tha\u00a0 Pjet\u00ebr Vukaj, artist.<\/p>\n<p>Publiku Tetovar e ka mir\u00ebpritur k\u00ebt\u00eb lloj ekspozite, me shpres\u00eb se t\u00eb rinjt\u00eb do m\u00ebsojn\u00eb m\u00eb tep\u00ebr p\u00ebr t\u00eb kaluar\u00ebn e popullit t\u00eb tyre veshjet dhe m\u00ebnyr\u00ebn e jetes\u00ebs.<\/p>\n<p>\u201cMendoj se ky organizim \u00ebsht\u00eb shum\u00eb i q\u00eblluar pik\u00ebrisht n\u00eb festat e\u00a0 N\u00ebntorit dhe mendoj se artizanatet e k\u00ebtilla duhet t\u00eb kultivohen dhe t\u00eb trash\u00ebgohen nga gjeneratat e reja\u201d.<\/p>\n<p>\u201cShum\u00eb mir\u00eb \u00ebsht\u00eb kjo, t\u00eb p\u00ebrs\u00ebriten rinia ti dij m\u00eb mir\u00eb se kush jan\u00eb t\u00eb par\u00ebt e tyre dhe si jan\u00eb veshur p\u00ebrse k\u00ebshtu\u201d.<\/p>\n<p>P\u00ebr t\u00eb gjith\u00eb qytetar\u00ebt e interesuar jo vet\u00ebm nga Tetova por edhe m\u00eb gjer\u00eb, panairi do t\u00eb jet\u00eb i hapur deri m\u00eb 29 n\u00ebntor.<\/p>\n<p><strong>Bashkim Sulejmani<br \/>\n<\/strong><\/p>\n<p><strong>ALSAT-M<\/strong><\/p>\n<!--YouTube Error: bad URL entered-->\n","protected":false},"excerpt":{"rendered":"<p>N\u00eb Tetov\u00eb po mbahet panairi i artizanateve, n\u00eb t\u00eb cilin po marrin pjes\u00eb artizan\u00eb dhe artist\u00eb nga gjitha trojet ku banojn\u00eb shqiptar\u00ebt. Panairi po mbahet n\u00eb Sht\u00ebpin\u00eb e Kultur\u00ebs n\u00eb Tetov\u00eb dhe \u00ebsht\u00eb pjes\u00eb e shum\u00eb manifestimeve q\u00eb po mbahen p\u00ebr nder\u00eb t\u00eb festave t\u00eb N\u00ebntorit. N\u00eb ekspozit\u00ebn e artizanateve, vizitor\u00ebt kan\u00eb mund\u00ebsi q\u00eb t\u00eb [&hellip;]<\/p>\n","protected":false},"author":1,"featured_media":0,"comment_status":"closed","ping_status":"closed","sticky":false,"template":"","format":"standard","meta":{"spay_email":"","jetpack_publicize_message":"","jetpack_is_tweetstorm":false,"jetpack_publicize_feature_enabled":true},"categories":[1,12],"tags":[],"jetpack_publicize_connections":[],"yoast_head":"<!-- This site is optimized with the Yoast SEO plugin v19.1 - https:\/\/yoast.com\/wordpress\/plugins\/seo\/ -->\n<title>Ne Tetov\u00eb, mbahet panairi i artizan\u00ebve nga Ulqini - Video - Lajme nga Ulqini<\/title>\n<meta name=\"description\" content=\"N\u00eb Tetov\u00eb po mbahet panairi i artizanateve, n\u00eb t\u00eb cilin po marrin pjes\u00eb artizan\u00eb dhe artist\u00eb nga gjitha trojet ku banojn\u00eb shqiptar\u00ebt. Panairi po mbahet n\u00eb\" \/>\n<meta name=\"robots\" content=\"index, follow, max-snippet:-1, max-image-preview:large, max-video-preview:-1\" \/>\n<link rel=\"canonical\" href=\"https:\/\/www.visit-ulcinj.com\/blog\/2013\/11\/23\/ne-tetove-mbahet-panairi-artizaneve-nga-ulqini-video\/\" \/>\n<meta property=\"og:locale\" content=\"en_US\" \/>\n<meta property=\"og:type\" content=\"article\" \/>\n<meta property=\"og:title\" content=\"Ne Tetov\u00eb, mbahet panairi i artizan\u00ebve nga Ulqini - Video - Lajme nga Ulqini\" \/>\n<meta property=\"og:description\" content=\"N\u00eb Tetov\u00eb po mbahet panairi i artizanateve, n\u00eb t\u00eb cilin po marrin pjes\u00eb artizan\u00eb dhe artist\u00eb nga gjitha trojet ku banojn\u00eb shqiptar\u00ebt. Panairi po mbahet n\u00eb\" \/>\n<meta property=\"og:url\" content=\"https:\/\/www.visit-ulcinj.com\/blog\/2013\/11\/23\/ne-tetove-mbahet-panairi-artizaneve-nga-ulqini-video\/\" \/>\n<meta property=\"og:site_name\" content=\"Lajme nga Ulqini\" \/>\n<meta property=\"article:published_time\" content=\"2013-11-23T17:33:49+00:00\" \/>\n<meta property=\"article:modified_time\" content=\"2013-11-23T19:15:18+00:00\" \/>\n<meta property=\"og:image\" content=\"http:\/\/www.visit-ulcinj.com\/blog\/wp-content\/uploads\/2013\/11\/Panairi-tetove-ulqin.jpg\" \/>\n<meta name=\"twitter:label1\" content=\"Written by\" \/>\n\t<meta name=\"twitter:data1\" content=\"ulqini\" \/>\n\t<meta name=\"twitter:label2\" content=\"Est. reading time\" \/>\n\t<meta name=\"twitter:data2\" content=\"2 minutes\" \/>\n<script type=\"application\/ld+json\" class=\"yoast-schema-graph\">{\"@context\":\"https:\/\/schema.org\",\"@graph\":[{\"@type\":\"WebSite\",\"@id\":\"https:\/\/www.visit-ulcinj.com\/blog\/#website\",\"url\":\"https:\/\/www.visit-ulcinj.com\/blog\/\",\"name\":\"Lajme nga Ulqini\",\"description\":\"Lajme,Vijesti,Ulqini,Ulqin,Crna Gora,Mali i Zi\",\"potentialAction\":[{\"@type\":\"SearchAction\",\"target\":{\"@type\":\"EntryPoint\",\"urlTemplate\":\"https:\/\/www.visit-ulcinj.com\/blog\/?s={search_term_string}\"},\"query-input\":\"required name=search_term_string\"}],\"inLanguage\":\"en-US\"},{\"@type\":\"ImageObject\",\"inLanguage\":\"en-US\",\"@id\":\"https:\/\/www.visit-ulcinj.com\/blog\/2013\/11\/23\/ne-tetove-mbahet-panairi-artizaneve-nga-ulqini-video\/#primaryimage\",\"url\":\"https:\/\/www.visit-ulcinj.com\/blog\/wp-content\/uploads\/2013\/11\/Panairi-tetove-ulqin.jpg\",\"contentUrl\":\"https:\/\/www.visit-ulcinj.com\/blog\/wp-content\/uploads\/2013\/11\/Panairi-tetove-ulqin.jpg\",\"width\":360,\"height\":270},{\"@type\":\"WebPage\",\"@id\":\"https:\/\/www.visit-ulcinj.com\/blog\/2013\/11\/23\/ne-tetove-mbahet-panairi-artizaneve-nga-ulqini-video\/#webpage\",\"url\":\"https:\/\/www.visit-ulcinj.com\/blog\/2013\/11\/23\/ne-tetove-mbahet-panairi-artizaneve-nga-ulqini-video\/\",\"name\":\"Ne Tetov\u00eb, mbahet panairi i artizan\u00ebve nga Ulqini - Video - Lajme nga Ulqini\",\"isPartOf\":{\"@id\":\"https:\/\/www.visit-ulcinj.com\/blog\/#website\"},\"primaryImageOfPage\":{\"@id\":\"https:\/\/www.visit-ulcinj.com\/blog\/2013\/11\/23\/ne-tetove-mbahet-panairi-artizaneve-nga-ulqini-video\/#primaryimage\"},\"datePublished\":\"2013-11-23T17:33:49+00:00\",\"dateModified\":\"2013-11-23T19:15:18+00:00\",\"author\":{\"@id\":\"https:\/\/www.visit-ulcinj.com\/blog\/#\/schema\/person\/dcab619c614d3038751c63bc2aadc06d\"},\"description\":\"N\u00eb Tetov\u00eb po mbahet panairi i artizanateve, n\u00eb t\u00eb cilin po marrin pjes\u00eb artizan\u00eb dhe artist\u00eb nga gjitha trojet ku banojn\u00eb shqiptar\u00ebt. Panairi po mbahet n\u00eb\",\"breadcrumb\":{\"@id\":\"https:\/\/www.visit-ulcinj.com\/blog\/2013\/11\/23\/ne-tetove-mbahet-panairi-artizaneve-nga-ulqini-video\/#breadcrumb\"},\"inLanguage\":\"en-US\",\"potentialAction\":[{\"@type\":\"ReadAction\",\"target\":[\"https:\/\/www.visit-ulcinj.com\/blog\/2013\/11\/23\/ne-tetove-mbahet-panairi-artizaneve-nga-ulqini-video\/\"]}]},{\"@type\":\"BreadcrumbList\",\"@id\":\"https:\/\/www.visit-ulcinj.com\/blog\/2013\/11\/23\/ne-tetove-mbahet-panairi-artizaneve-nga-ulqini-video\/#breadcrumb\",\"itemListElement\":[{\"@type\":\"ListItem\",\"position\":1,\"name\":\"Ne Tetov\u00eb, mbahet panairi i artizan\u00ebve nga Ulqini &#8211; Video\"}]},{\"@type\":\"Person\",\"@id\":\"https:\/\/www.visit-ulcinj.com\/blog\/#\/schema\/person\/dcab619c614d3038751c63bc2aadc06d\",\"name\":\"ulqini\",\"sameAs\":[\"http:\/\/www.visit-ulcinj.com\"],\"url\":\"https:\/\/www.visit-ulcinj.com\/blog\/author\/admin\/\"}]}<\/script>\n<!-- \/ Yoast SEO plugin. -->","yoast_head_json":{"title":"Ne Tetov\u00eb, mbahet panairi i artizan\u00ebve nga Ulqini - Video - Lajme nga Ulqini","description":"N\u00eb Tetov\u00eb po mbahet panairi i artizanateve, n\u00eb t\u00eb cilin po marrin pjes\u00eb artizan\u00eb dhe artist\u00eb nga gjitha trojet ku banojn\u00eb shqiptar\u00ebt. Panairi po mbahet n\u00eb","robots":{"index":"index","follow":"follow","max-snippet":"max-snippet:-1","max-image-preview":"max-image-preview:large","max-video-preview":"max-video-preview:-1"},"canonical":"https:\/\/www.visit-ulcinj.com\/blog\/2013\/11\/23\/ne-tetove-mbahet-panairi-artizaneve-nga-ulqini-video\/","og_locale":"en_US","og_type":"article","og_title":"Ne Tetov\u00eb, mbahet panairi i artizan\u00ebve nga Ulqini - Video - Lajme nga Ulqini","og_description":"N\u00eb Tetov\u00eb po mbahet panairi i artizanateve, n\u00eb t\u00eb cilin po marrin pjes\u00eb artizan\u00eb dhe artist\u00eb nga gjitha trojet ku banojn\u00eb shqiptar\u00ebt. Panairi po mbahet n\u00eb","og_url":"https:\/\/www.visit-ulcinj.com\/blog\/2013\/11\/23\/ne-tetove-mbahet-panairi-artizaneve-nga-ulqini-video\/","og_site_name":"Lajme nga Ulqini","article_published_time":"2013-11-23T17:33:49+00:00","article_modified_time":"2013-11-23T19:15:18+00:00","og_image":[{"url":"http:\/\/www.visit-ulcinj.com\/blog\/wp-content\/uploads\/2013\/11\/Panairi-tetove-ulqin.jpg"}],"twitter_misc":{"Written by":"ulqini","Est. reading time":"2 minutes"},"schema":{"@context":"https:\/\/schema.org","@graph":[{"@type":"WebSite","@id":"https:\/\/www.visit-ulcinj.com\/blog\/#website","url":"https:\/\/www.visit-ulcinj.com\/blog\/","name":"Lajme nga Ulqini","description":"Lajme,Vijesti,Ulqini,Ulqin,Crna Gora,Mali i Zi","potentialAction":[{"@type":"SearchAction","target":{"@type":"EntryPoint","urlTemplate":"https:\/\/www.visit-ulcinj.com\/blog\/?s={search_term_string}"},"query-input":"required name=search_term_string"}],"inLanguage":"en-US"},{"@type":"ImageObject","inLanguage":"en-US","@id":"https:\/\/www.visit-ulcinj.com\/blog\/2013\/11\/23\/ne-tetove-mbahet-panairi-artizaneve-nga-ulqini-video\/#primaryimage","url":"https:\/\/www.visit-ulcinj.com\/blog\/wp-content\/uploads\/2013\/11\/Panairi-tetove-ulqin.jpg","contentUrl":"https:\/\/www.visit-ulcinj.com\/blog\/wp-content\/uploads\/2013\/11\/Panairi-tetove-ulqin.jpg","width":360,"height":270},{"@type":"WebPage","@id":"https:\/\/www.visit-ulcinj.com\/blog\/2013\/11\/23\/ne-tetove-mbahet-panairi-artizaneve-nga-ulqini-video\/#webpage","url":"https:\/\/www.visit-ulcinj.com\/blog\/2013\/11\/23\/ne-tetove-mbahet-panairi-artizaneve-nga-ulqini-video\/","name":"Ne Tetov\u00eb, mbahet panairi i artizan\u00ebve nga Ulqini - Video - Lajme nga Ulqini","isPartOf":{"@id":"https:\/\/www.visit-ulcinj.com\/blog\/#website"},"primaryImageOfPage":{"@id":"https:\/\/www.visit-ulcinj.com\/blog\/2013\/11\/23\/ne-tetove-mbahet-panairi-artizaneve-nga-ulqini-video\/#primaryimage"},"datePublished":"2013-11-23T17:33:49+00:00","dateModified":"2013-11-23T19:15:18+00:00","author":{"@id":"https:\/\/www.visit-ulcinj.com\/blog\/#\/schema\/person\/dcab619c614d3038751c63bc2aadc06d"},"description":"N\u00eb Tetov\u00eb po mbahet panairi i artizanateve, n\u00eb t\u00eb cilin po marrin pjes\u00eb artizan\u00eb dhe artist\u00eb nga gjitha trojet ku banojn\u00eb shqiptar\u00ebt. Panairi po mbahet n\u00eb","breadcrumb":{"@id":"https:\/\/www.visit-ulcinj.com\/blog\/2013\/11\/23\/ne-tetove-mbahet-panairi-artizaneve-nga-ulqini-video\/#breadcrumb"},"inLanguage":"en-US","potentialAction":[{"@type":"ReadAction","target":["https:\/\/www.visit-ulcinj.com\/blog\/2013\/11\/23\/ne-tetove-mbahet-panairi-artizaneve-nga-ulqini-video\/"]}]},{"@type":"BreadcrumbList","@id":"https:\/\/www.visit-ulcinj.com\/blog\/2013\/11\/23\/ne-tetove-mbahet-panairi-artizaneve-nga-ulqini-video\/#breadcrumb","itemListElement":[{"@type":"ListItem","position":1,"name":"Ne Tetov\u00eb, mbahet panairi i artizan\u00ebve nga Ulqini &#8211; Video"}]},{"@type":"Person","@id":"https:\/\/www.visit-ulcinj.com\/blog\/#\/schema\/person\/dcab619c614d3038751c63bc2aadc06d","name":"ulqini","sameAs":["http:\/\/www.visit-ulcinj.com"],"url":"https:\/\/www.visit-ulcinj.com\/blog\/author\/admin\/"}]}},"jetpack_featured_media_url":"","jetpack_sharing_enabled":true,"jetpack_shortlink":"https:\/\/wp.me\/pe6lTn-jTl","_links":{"self":[{"href":"https:\/\/www.visit-ulcinj.com\/blog\/wp-json\/wp\/v2\/posts\/76467"}],"collection":[{"href":"https:\/\/www.visit-ulcinj.com\/blog\/wp-json\/wp\/v2\/posts"}],"about":[{"href":"https:\/\/www.visit-ulcinj.com\/blog\/wp-json\/wp\/v2\/types\/post"}],"author":[{"embeddable":true,"href":"https:\/\/www.visit-ulcinj.com\/blog\/wp-json\/wp\/v2\/users\/1"}],"replies":[{"embeddable":true,"href":"https:\/\/www.visit-ulcinj.com\/blog\/wp-json\/wp\/v2\/comments?post=76467"}],"version-history":[{"count":1,"href":"https:\/\/www.visit-ulcinj.com\/blog\/wp-json\/wp\/v2\/posts\/76467\/revisions"}],"predecessor-version":[{"id":76469,"href":"https:\/\/www.visit-ulcinj.com\/blog\/wp-json\/wp\/v2\/posts\/76467\/revisions\/76469"}],"wp:attachment":[{"href":"https:\/\/www.visit-ulcinj.com\/blog\/wp-json\/wp\/v2\/media?parent=76467"}],"wp:term":[{"taxonomy":"category","embeddable":true,"href":"https:\/\/www.visit-ulcinj.com\/blog\/wp-json\/wp\/v2\/categories?post=76467"},{"taxonomy":"post_tag","embeddable":true,"href":"https:\/\/www.visit-ulcinj.com\/blog\/wp-json\/wp\/v2\/tags?post=76467"}],"curies":[{"name":"wp","href":"https:\/\/api.w.org\/{rel}","templated":true}]}}