{"id":76471,"date":"2013-11-23T19:18:04","date_gmt":"2013-11-23T18:18:04","guid":{"rendered":"http:\/\/www.visit-ulcinj.com\/blog\/?p=76471"},"modified":"2013-11-23T19:18:04","modified_gmt":"2013-11-23T18:18:04","slug":"karamaga-mozda-je-uvrijedio-svog-nasljednika","status":"publish","type":"post","link":"https:\/\/www.visit-ulcinj.com\/blog\/2013\/11\/23\/karamaga-mozda-je-uvrijedio-svog-nasljednika\/","title":{"rendered":"Karamaga: Mo\u017eda je uvrijedio i svog nasljednika"},"content":{"rendered":"<p><a href=\"http:\/\/www.visit-ulcinj.com\/blog\/wp-content\/uploads\/2009\/06\/ismet-karamanaga.jpg\"><img loading=\"lazy\" class=\"alignleft  wp-image-22640\" alt=\"ismet-karamanaga\" src=\"http:\/\/www.visit-ulcinj.com\/blog\/wp-content\/uploads\/2009\/06\/ismet-karamanaga.jpg\" width=\"508\" height=\"353\" \/><\/a>Ulcinjani nijesu \u017eeljeli da komentari\u0161u to \u0161to je premijer njihovog sugra\u0111anina, najmla\u0111eg poslanika, Dritana Abazovi\u0107a nazvao \u201cbitangom\u201d.<\/p>\n<p>Oni koji su \u017eeljeli da ostanu anonimni uglavnom su ocijenili da \u0110ukanovi\u0107 nije smio da uvrijedi Abazovi\u0107a i da \u0107e se takav \u010din reflektovati na januarske izbore u Ulcinju.<\/p>\n<p>\u201cA bogami, te\u0161ko \u0107e do\u0107i za glas ovdje\u201d, kazao je jedan od Ulcinjana, dok je drugi kazao: \u201c(Mladena) Bojani\u0107a i nekako, ali Abazov\u0107a nikako.<\/p>\n<p>On je predstavnik respektabilne manjine u Crnoj Gori koji je privr\u017een njenoj dr\u017eavtvornosti. Gdje bismo danas bili da se tako ophodio kralj Nikola ili drugi vladari\u201d.<\/p>\n<p>Me\u0111utim, Ismet Karamanaga je ocijenio da se ovakve i sli\u010dne stvari de\u0161avaju i u mnogo razvijenijim demokratijama, tako da ovo ne \u201csmatra toliko tragi\u010dnim\u201d.<\/p>\n<p>\u201cSvjedoci smo tu\u010da i fizi\u010dkih konflikata u parlamentima Ukrajine i \u00a0Rumunije. I premijer i poslanici \u00a0su ljudi sa svim svojom vrlinama i manama, ali to nikako ne smijemo pripisati balkanskom mentalitetu, umoru ili provokacijama\u201d, kazao je Karamanaga \u201cVijestima\u201d.<\/p>\n<p>On je predsjednik NVO Kaljaja, odnosno Dru\u0161tva za za\u0161titu Starog grada, \u010diji je \u010dlan i \u0110ukanovi\u0107. Karamanaga je dodao da je jedna od najva\u017enijih osobina \u010dovjeka da zna da se kontroli\u0161e.<\/p>\n<p>Uvijek postoji, kako je naveo, druga\u010diji na\u010din kritikovanja i opho\u0111enja prema neistomi\u0161ljenicima, posebno kada se radi, o \u00a0s jedne strane, iskusnom politi\u010daru i \u010dovjeku koji nesporno ima ogroman autoritet, \u00a0i s druge strane, o \u00a0vrlo mladom, \u00a0inteligentnom i obrazovanom poslaniku koji \u0107e jednog dana mo\u017eda i biti premijer.<\/p>\n<p>\u201cMislim da bi svaki parlament bio ponosan da u svojim redovima ima tako mladog i perspektivnog \u00a0\u010dovjeka. Ovakve stvari se moraju potisnuti \u00a0u drugi plan, s obzirom na milion drugih problema sa kojima se svakodnevno suo\u010davamo\u201d, kazao je Karamanaga.<\/p>\n<p><a href=\"http:\/\/www.vijesti.me\/vijesti\/sabovic-to-kako-se-ponio-dukanovic-nema-ni-zanzibaru-clanak-162047\" target=\"_blank\"><strong>Dejan Peruni\u010di\u0107, Samir Adrovi\u0107<\/strong><\/a><\/p>\n<p><a href=\"http:\/\/www.vijesti.me\/vijesti\/sabovic-to-kako-se-ponio-dukanovic-nema-ni-zanzibaru-clanak-162047\" target=\"_blank\"><strong>Vijesti online<\/strong><\/a><\/p>\n","protected":false},"excerpt":{"rendered":"<p>Ulcinjani nijesu \u017eeljeli da komentari\u0161u to \u0161to je premijer njihovog sugra\u0111anina, najmla\u0111eg poslanika, Dritana Abazovi\u0107a nazvao \u201cbitangom\u201d. Oni koji su \u017eeljeli da ostanu anonimni uglavnom su ocijenili da \u0110ukanovi\u0107 nije smio da uvrijedi Abazovi\u0107a i da \u0107e se takav \u010din reflektovati na januarske izbore u Ulcinju. \u201cA bogami, te\u0161ko \u0107e do\u0107i za glas ovdje\u201d, kazao [&hellip;]<\/p>\n","protected":false},"author":1,"featured_media":0,"comment_status":"closed","ping_status":"closed","sticky":false,"template":"","format":"standard","meta":{"spay_email":"","jetpack_publicize_message":"","jetpack_is_tweetstorm":false,"jetpack_publicize_feature_enabled":true},"categories":[8337],"tags":[],"jetpack_publicize_connections":[],"yoast_head":"<!-- This site is optimized with the Yoast SEO plugin v19.1 - https:\/\/yoast.com\/wordpress\/plugins\/seo\/ -->\n<title>Karamaga: Mo\u017eda je uvrijedio i svog nasljednika - Lajme nga Ulqini<\/title>\n<meta name=\"description\" content=\"Ulcinjani nijesu \u017eeljeli da komentari\u0161u to \u0161to je premijer njihovog sugra\u0111anina, najmla\u0111eg poslanika, Dritana Abazovi\u0107a nazvao \u201cbitangom\u201d. Oni koji su\" \/>\n<meta name=\"robots\" content=\"index, follow, max-snippet:-1, max-image-preview:large, max-video-preview:-1\" \/>\n<link rel=\"canonical\" href=\"https:\/\/www.visit-ulcinj.com\/blog\/2013\/11\/23\/karamaga-mozda-je-uvrijedio-svog-nasljednika\/\" \/>\n<meta property=\"og:locale\" content=\"en_US\" \/>\n<meta property=\"og:type\" content=\"article\" \/>\n<meta property=\"og:title\" content=\"Karamaga: Mo\u017eda je uvrijedio i svog nasljednika - Lajme nga Ulqini\" \/>\n<meta property=\"og:description\" content=\"Ulcinjani nijesu \u017eeljeli da komentari\u0161u to \u0161to je premijer njihovog sugra\u0111anina, najmla\u0111eg poslanika, Dritana Abazovi\u0107a nazvao \u201cbitangom\u201d. Oni koji su\" \/>\n<meta property=\"og:url\" content=\"https:\/\/www.visit-ulcinj.com\/blog\/2013\/11\/23\/karamaga-mozda-je-uvrijedio-svog-nasljednika\/\" \/>\n<meta property=\"og:site_name\" content=\"Lajme nga Ulqini\" \/>\n<meta property=\"article:published_time\" content=\"2013-11-23T18:18:04+00:00\" \/>\n<meta property=\"og:image\" content=\"http:\/\/www.visit-ulcinj.com\/blog\/wp-content\/uploads\/2009\/06\/ismet-karamanaga.jpg\" \/>\n<meta name=\"twitter:label1\" content=\"Written by\" \/>\n\t<meta name=\"twitter:data1\" content=\"ulqini\" \/>\n\t<meta name=\"twitter:label2\" content=\"Est. reading time\" \/>\n\t<meta name=\"twitter:data2\" content=\"2 minutes\" \/>\n<script type=\"application\/ld+json\" class=\"yoast-schema-graph\">{\"@context\":\"https:\/\/schema.org\",\"@graph\":[{\"@type\":\"WebSite\",\"@id\":\"https:\/\/www.visit-ulcinj.com\/blog\/#website\",\"url\":\"https:\/\/www.visit-ulcinj.com\/blog\/\",\"name\":\"Lajme nga Ulqini\",\"description\":\"Lajme,Vijesti,Ulqini,Ulqin,Crna Gora,Mali i Zi\",\"potentialAction\":[{\"@type\":\"SearchAction\",\"target\":{\"@type\":\"EntryPoint\",\"urlTemplate\":\"https:\/\/www.visit-ulcinj.com\/blog\/?s={search_term_string}\"},\"query-input\":\"required name=search_term_string\"}],\"inLanguage\":\"en-US\"},{\"@type\":\"ImageObject\",\"inLanguage\":\"en-US\",\"@id\":\"https:\/\/www.visit-ulcinj.com\/blog\/2013\/11\/23\/karamaga-mozda-je-uvrijedio-svog-nasljednika\/#primaryimage\",\"url\":\"https:\/\/www.visit-ulcinj.com\/blog\/wp-content\/uploads\/2009\/06\/ismet-karamanaga.jpg\",\"contentUrl\":\"https:\/\/www.visit-ulcinj.com\/blog\/wp-content\/uploads\/2009\/06\/ismet-karamanaga.jpg\",\"width\":\"692\",\"height\":\"353\"},{\"@type\":\"WebPage\",\"@id\":\"https:\/\/www.visit-ulcinj.com\/blog\/2013\/11\/23\/karamaga-mozda-je-uvrijedio-svog-nasljednika\/#webpage\",\"url\":\"https:\/\/www.visit-ulcinj.com\/blog\/2013\/11\/23\/karamaga-mozda-je-uvrijedio-svog-nasljednika\/\",\"name\":\"Karamaga: Mo\u017eda je uvrijedio i svog nasljednika - Lajme nga Ulqini\",\"isPartOf\":{\"@id\":\"https:\/\/www.visit-ulcinj.com\/blog\/#website\"},\"primaryImageOfPage\":{\"@id\":\"https:\/\/www.visit-ulcinj.com\/blog\/2013\/11\/23\/karamaga-mozda-je-uvrijedio-svog-nasljednika\/#primaryimage\"},\"datePublished\":\"2013-11-23T18:18:04+00:00\",\"dateModified\":\"2013-11-23T18:18:04+00:00\",\"author\":{\"@id\":\"https:\/\/www.visit-ulcinj.com\/blog\/#\/schema\/person\/dcab619c614d3038751c63bc2aadc06d\"},\"description\":\"Ulcinjani nijesu \u017eeljeli da komentari\u0161u to \u0161to je premijer njihovog sugra\u0111anina, najmla\u0111eg poslanika, Dritana Abazovi\u0107a nazvao \u201cbitangom\u201d. Oni koji su\",\"breadcrumb\":{\"@id\":\"https:\/\/www.visit-ulcinj.com\/blog\/2013\/11\/23\/karamaga-mozda-je-uvrijedio-svog-nasljednika\/#breadcrumb\"},\"inLanguage\":\"en-US\",\"potentialAction\":[{\"@type\":\"ReadAction\",\"target\":[\"https:\/\/www.visit-ulcinj.com\/blog\/2013\/11\/23\/karamaga-mozda-je-uvrijedio-svog-nasljednika\/\"]}]},{\"@type\":\"BreadcrumbList\",\"@id\":\"https:\/\/www.visit-ulcinj.com\/blog\/2013\/11\/23\/karamaga-mozda-je-uvrijedio-svog-nasljednika\/#breadcrumb\",\"itemListElement\":[{\"@type\":\"ListItem\",\"position\":1,\"name\":\"Karamaga: Mo\u017eda je uvrijedio i svog nasljednika\"}]},{\"@type\":\"Person\",\"@id\":\"https:\/\/www.visit-ulcinj.com\/blog\/#\/schema\/person\/dcab619c614d3038751c63bc2aadc06d\",\"name\":\"ulqini\",\"sameAs\":[\"http:\/\/www.visit-ulcinj.com\"],\"url\":\"https:\/\/www.visit-ulcinj.com\/blog\/author\/admin\/\"}]}<\/script>\n<!-- \/ Yoast SEO plugin. -->","yoast_head_json":{"title":"Karamaga: Mo\u017eda je uvrijedio i svog nasljednika - Lajme nga Ulqini","description":"Ulcinjani nijesu \u017eeljeli da komentari\u0161u to \u0161to je premijer njihovog sugra\u0111anina, najmla\u0111eg poslanika, Dritana Abazovi\u0107a nazvao \u201cbitangom\u201d. Oni koji su","robots":{"index":"index","follow":"follow","max-snippet":"max-snippet:-1","max-image-preview":"max-image-preview:large","max-video-preview":"max-video-preview:-1"},"canonical":"https:\/\/www.visit-ulcinj.com\/blog\/2013\/11\/23\/karamaga-mozda-je-uvrijedio-svog-nasljednika\/","og_locale":"en_US","og_type":"article","og_title":"Karamaga: Mo\u017eda je uvrijedio i svog nasljednika - Lajme nga Ulqini","og_description":"Ulcinjani nijesu \u017eeljeli da komentari\u0161u to \u0161to je premijer njihovog sugra\u0111anina, najmla\u0111eg poslanika, Dritana Abazovi\u0107a nazvao \u201cbitangom\u201d. Oni koji su","og_url":"https:\/\/www.visit-ulcinj.com\/blog\/2013\/11\/23\/karamaga-mozda-je-uvrijedio-svog-nasljednika\/","og_site_name":"Lajme nga Ulqini","article_published_time":"2013-11-23T18:18:04+00:00","og_image":[{"url":"http:\/\/www.visit-ulcinj.com\/blog\/wp-content\/uploads\/2009\/06\/ismet-karamanaga.jpg"}],"twitter_misc":{"Written by":"ulqini","Est. reading time":"2 minutes"},"schema":{"@context":"https:\/\/schema.org","@graph":[{"@type":"WebSite","@id":"https:\/\/www.visit-ulcinj.com\/blog\/#website","url":"https:\/\/www.visit-ulcinj.com\/blog\/","name":"Lajme nga Ulqini","description":"Lajme,Vijesti,Ulqini,Ulqin,Crna Gora,Mali i Zi","potentialAction":[{"@type":"SearchAction","target":{"@type":"EntryPoint","urlTemplate":"https:\/\/www.visit-ulcinj.com\/blog\/?s={search_term_string}"},"query-input":"required name=search_term_string"}],"inLanguage":"en-US"},{"@type":"ImageObject","inLanguage":"en-US","@id":"https:\/\/www.visit-ulcinj.com\/blog\/2013\/11\/23\/karamaga-mozda-je-uvrijedio-svog-nasljednika\/#primaryimage","url":"https:\/\/www.visit-ulcinj.com\/blog\/wp-content\/uploads\/2009\/06\/ismet-karamanaga.jpg","contentUrl":"https:\/\/www.visit-ulcinj.com\/blog\/wp-content\/uploads\/2009\/06\/ismet-karamanaga.jpg","width":"692","height":"353"},{"@type":"WebPage","@id":"https:\/\/www.visit-ulcinj.com\/blog\/2013\/11\/23\/karamaga-mozda-je-uvrijedio-svog-nasljednika\/#webpage","url":"https:\/\/www.visit-ulcinj.com\/blog\/2013\/11\/23\/karamaga-mozda-je-uvrijedio-svog-nasljednika\/","name":"Karamaga: Mo\u017eda je uvrijedio i svog nasljednika - Lajme nga Ulqini","isPartOf":{"@id":"https:\/\/www.visit-ulcinj.com\/blog\/#website"},"primaryImageOfPage":{"@id":"https:\/\/www.visit-ulcinj.com\/blog\/2013\/11\/23\/karamaga-mozda-je-uvrijedio-svog-nasljednika\/#primaryimage"},"datePublished":"2013-11-23T18:18:04+00:00","dateModified":"2013-11-23T18:18:04+00:00","author":{"@id":"https:\/\/www.visit-ulcinj.com\/blog\/#\/schema\/person\/dcab619c614d3038751c63bc2aadc06d"},"description":"Ulcinjani nijesu \u017eeljeli da komentari\u0161u to \u0161to je premijer njihovog sugra\u0111anina, najmla\u0111eg poslanika, Dritana Abazovi\u0107a nazvao \u201cbitangom\u201d. Oni koji su","breadcrumb":{"@id":"https:\/\/www.visit-ulcinj.com\/blog\/2013\/11\/23\/karamaga-mozda-je-uvrijedio-svog-nasljednika\/#breadcrumb"},"inLanguage":"en-US","potentialAction":[{"@type":"ReadAction","target":["https:\/\/www.visit-ulcinj.com\/blog\/2013\/11\/23\/karamaga-mozda-je-uvrijedio-svog-nasljednika\/"]}]},{"@type":"BreadcrumbList","@id":"https:\/\/www.visit-ulcinj.com\/blog\/2013\/11\/23\/karamaga-mozda-je-uvrijedio-svog-nasljednika\/#breadcrumb","itemListElement":[{"@type":"ListItem","position":1,"name":"Karamaga: Mo\u017eda je uvrijedio i svog nasljednika"}]},{"@type":"Person","@id":"https:\/\/www.visit-ulcinj.com\/blog\/#\/schema\/person\/dcab619c614d3038751c63bc2aadc06d","name":"ulqini","sameAs":["http:\/\/www.visit-ulcinj.com"],"url":"https:\/\/www.visit-ulcinj.com\/blog\/author\/admin\/"}]}},"jetpack_featured_media_url":"","jetpack_sharing_enabled":true,"jetpack_shortlink":"https:\/\/wp.me\/pe6lTn-jTp","_links":{"self":[{"href":"https:\/\/www.visit-ulcinj.com\/blog\/wp-json\/wp\/v2\/posts\/76471"}],"collection":[{"href":"https:\/\/www.visit-ulcinj.com\/blog\/wp-json\/wp\/v2\/posts"}],"about":[{"href":"https:\/\/www.visit-ulcinj.com\/blog\/wp-json\/wp\/v2\/types\/post"}],"author":[{"embeddable":true,"href":"https:\/\/www.visit-ulcinj.com\/blog\/wp-json\/wp\/v2\/users\/1"}],"replies":[{"embeddable":true,"href":"https:\/\/www.visit-ulcinj.com\/blog\/wp-json\/wp\/v2\/comments?post=76471"}],"version-history":[{"count":1,"href":"https:\/\/www.visit-ulcinj.com\/blog\/wp-json\/wp\/v2\/posts\/76471\/revisions"}],"predecessor-version":[{"id":76472,"href":"https:\/\/www.visit-ulcinj.com\/blog\/wp-json\/wp\/v2\/posts\/76471\/revisions\/76472"}],"wp:attachment":[{"href":"https:\/\/www.visit-ulcinj.com\/blog\/wp-json\/wp\/v2\/media?parent=76471"}],"wp:term":[{"taxonomy":"category","embeddable":true,"href":"https:\/\/www.visit-ulcinj.com\/blog\/wp-json\/wp\/v2\/categories?post=76471"},{"taxonomy":"post_tag","embeddable":true,"href":"https:\/\/www.visit-ulcinj.com\/blog\/wp-json\/wp\/v2\/tags?post=76471"}],"curies":[{"name":"wp","href":"https:\/\/api.w.org\/{rel}","templated":true}]}}