{"id":76473,"date":"2013-11-23T20:13:09","date_gmt":"2013-11-23T19:13:09","guid":{"rendered":"http:\/\/www.visit-ulcinj.com\/blog\/?p=76473"},"modified":"2013-11-25T20:19:45","modified_gmt":"2013-11-25T19:19:45","slug":"interviste-asllan-zenelin-tv-teuta-video","status":"publish","type":"post","link":"https:\/\/www.visit-ulcinj.com\/blog\/2013\/11\/23\/interviste-asllan-zenelin-tv-teuta-video\/","title":{"rendered":"Intervist\u00eb me Asllan Zenelin &#8211; TV Teuta &#8211; Video"},"content":{"rendered":"<p><strong><a href=\"http:\/\/www.visit-ulcinj.com\/blog\/wp-content\/uploads\/2013\/11\/Asllan-Zeneli-Hatixhe-Nelaj-Interviste-TV-TEUTA.jpg\"><img loading=\"lazy\" class=\"alignleft  wp-image-76474\" alt=\"Asllan-Zeneli-Hatixhe-Nelaj-Interviste-TV-TEUTA\" src=\"http:\/\/www.visit-ulcinj.com\/blog\/wp-content\/uploads\/2013\/11\/Asllan-Zeneli-Hatixhe-Nelaj-Interviste-TV-TEUTA.jpg\" width=\"508\" height=\"360\" \/><\/a>Intervist\u00eb me Asllan Zenelin kryetar i USP &#8211; dega Ulqin<\/strong><\/p>\n<p>Kryetari i Lidhjes s\u00eb Sindikatave t\u00eb Lira t\u00eb Malit t\u00eb Zi, dega n\u00eb Ulqin, Asllan Zeneli ka reaguar pas pushimit t\u00eb nj\u00ebzet pun\u00ebtor\u00ebve t\u00eb Kripores \u201cBajo\u00a0Sekuliq\u201d n\u00eb Ulqin, ku 19 prej t\u00eb cil\u00ebve jan\u00eb shqiptar\u00eb, dhe q\u00eb jan\u00eb pushuar nga puna nga administrata\u00a0e falimentimit n\u00eb k\u00ebt\u00eb nd\u00ebrmarrje.<\/p>\n<p>Sipas z.Zeneli qytetar\u00ebt e Ulqinit jan\u00eb mesuar m\u00eb me premtime t\u00eb kota, por ato presin projekte konkrete. N\u00eb Komunen e Ulqinit situata \u00ebsht\u00eb katastrofale dhe \u00ebsht\u00eb nevoja q\u00eb kryetari i komun\u00ebs dhe deputet\u00ebt tan\u00eb t\u00eb ndermarrin di\u00e7ka urgjente p\u00ebr ekonomin e Ulqinit.<\/p>\n<p>Sipas z.Zeneli Ulqini \u00ebsht\u00eb qytet i falimentuar, kompanit\u00eb kan\u00eb d\u00ebshtuar, hotelet jan\u00eb mbyllur nd\u00ebrsa nuk ka tregues q\u00eb situata mund t\u00eb p\u00ebrmir\u00ebsohet. &#8220;Mjafton te ecesh nep\u00ebr qytet dhe t\u00eb bisedosh me njer\u00ebzit p\u00ebr ta kuptuar se sa e v\u00ebshtir\u00eb \u00ebsht\u00eb jeta p\u00ebr ta.<\/p>\n<p>N\u00eb fund t\u00eb intervist\u00ebs kryetari i Lidhjes s\u00eb Sindikatave t\u00eb Lira t\u00eb Malit t\u00eb Zi, dega n\u00eb Ulqin, Asllan Zeneli edhe pse shpreson q\u00eb t\u00eb jet\u00eb gabim ai mendon se dimri do t\u00eb jet\u00eb edhe m\u00eb i keq p\u00ebr Ulqinin. Ai ve ne dukje se nj\u00eb nga arsyet p\u00ebr gjendjen e veshtir\u00eb n\u00eb t\u00eb cil\u00ebn ndodhet shum qytetar jan\u00eb privatizimet e deshtuara n\u00eb ekonomi dhe falimentimet e nd\u00ebrmarrjeve n\u00eb komun\u00ebn e Ulqinit.<\/p>\n<p>&nbsp;<\/p>\n<!--Dailymotion error: bad or missing ID-->\n","protected":false},"excerpt":{"rendered":"<p>Intervist\u00eb me Asllan Zenelin kryetar i USP &#8211; dega Ulqin Kryetari i Lidhjes s\u00eb Sindikatave t\u00eb Lira t\u00eb Malit t\u00eb Zi, dega n\u00eb Ulqin, Asllan Zeneli ka reaguar pas pushimit t\u00eb nj\u00ebzet pun\u00ebtor\u00ebve t\u00eb Kripores \u201cBajo\u00a0Sekuliq\u201d n\u00eb Ulqin, ku 19 prej t\u00eb cil\u00ebve jan\u00eb shqiptar\u00eb, dhe q\u00eb jan\u00eb pushuar nga puna nga administrata\u00a0e falimentimit n\u00eb [&hellip;]<\/p>\n","protected":false},"author":1,"featured_media":0,"comment_status":"closed","ping_status":"closed","sticky":false,"template":"","format":"standard","meta":{"spay_email":"","jetpack_publicize_message":"","jetpack_is_tweetstorm":false,"jetpack_publicize_feature_enabled":true},"categories":[1,13],"tags":[],"jetpack_publicize_connections":[],"yoast_head":"<!-- This site is optimized with the Yoast SEO plugin v19.1 - https:\/\/yoast.com\/wordpress\/plugins\/seo\/ -->\n<title>Intervist\u00eb me Asllan Zenelin - TV Teuta - Video - Lajme nga Ulqini<\/title>\n<meta name=\"description\" content=\"Intervist\u00eb me Asllan Zenelin kryetar i USP - dega Ulqin Kryetari i Lidhjes s\u00eb Sindikatave t\u00eb Lira t\u00eb Malit t\u00eb Zi, dega n\u00eb Ulqin, Asllan Zeneli ka reaguar\" \/>\n<meta name=\"robots\" content=\"index, follow, max-snippet:-1, max-image-preview:large, max-video-preview:-1\" \/>\n<link rel=\"canonical\" href=\"https:\/\/www.visit-ulcinj.com\/blog\/2013\/11\/23\/interviste-asllan-zenelin-tv-teuta-video\/\" \/>\n<meta property=\"og:locale\" content=\"en_US\" \/>\n<meta property=\"og:type\" content=\"article\" \/>\n<meta property=\"og:title\" content=\"Intervist\u00eb me Asllan Zenelin - TV Teuta - Video - Lajme nga Ulqini\" \/>\n<meta property=\"og:description\" content=\"Intervist\u00eb me Asllan Zenelin kryetar i USP - dega Ulqin Kryetari i Lidhjes s\u00eb Sindikatave t\u00eb Lira t\u00eb Malit t\u00eb Zi, dega n\u00eb Ulqin, Asllan Zeneli ka reaguar\" \/>\n<meta property=\"og:url\" content=\"https:\/\/www.visit-ulcinj.com\/blog\/2013\/11\/23\/interviste-asllan-zenelin-tv-teuta-video\/\" \/>\n<meta property=\"og:site_name\" content=\"Lajme nga Ulqini\" \/>\n<meta property=\"article:published_time\" content=\"2013-11-23T19:13:09+00:00\" \/>\n<meta property=\"article:modified_time\" content=\"2013-11-25T19:19:45+00:00\" \/>\n<meta property=\"og:image\" content=\"http:\/\/www.visit-ulcinj.com\/blog\/wp-content\/uploads\/2013\/11\/Asllan-Zeneli-Hatixhe-Nelaj-Interviste-TV-TEUTA.jpg\" \/>\n<meta name=\"twitter:label1\" content=\"Written by\" \/>\n\t<meta name=\"twitter:data1\" content=\"ulqini\" \/>\n\t<meta name=\"twitter:label2\" content=\"Est. reading time\" \/>\n\t<meta name=\"twitter:data2\" content=\"1 minute\" \/>\n<script type=\"application\/ld+json\" class=\"yoast-schema-graph\">{\"@context\":\"https:\/\/schema.org\",\"@graph\":[{\"@type\":\"WebSite\",\"@id\":\"https:\/\/www.visit-ulcinj.com\/blog\/#website\",\"url\":\"https:\/\/www.visit-ulcinj.com\/blog\/\",\"name\":\"Lajme nga Ulqini\",\"description\":\"Lajme,Vijesti,Ulqini,Ulqin,Crna Gora,Mali i Zi\",\"potentialAction\":[{\"@type\":\"SearchAction\",\"target\":{\"@type\":\"EntryPoint\",\"urlTemplate\":\"https:\/\/www.visit-ulcinj.com\/blog\/?s={search_term_string}\"},\"query-input\":\"required name=search_term_string\"}],\"inLanguage\":\"en-US\"},{\"@type\":\"ImageObject\",\"inLanguage\":\"en-US\",\"@id\":\"https:\/\/www.visit-ulcinj.com\/blog\/2013\/11\/23\/interviste-asllan-zenelin-tv-teuta-video\/#primaryimage\",\"url\":\"https:\/\/www.visit-ulcinj.com\/blog\/wp-content\/uploads\/2013\/11\/Asllan-Zeneli-Hatixhe-Nelaj-Interviste-TV-TEUTA.jpg\",\"contentUrl\":\"https:\/\/www.visit-ulcinj.com\/blog\/wp-content\/uploads\/2013\/11\/Asllan-Zeneli-Hatixhe-Nelaj-Interviste-TV-TEUTA.jpg\",\"width\":489,\"height\":373},{\"@type\":\"WebPage\",\"@id\":\"https:\/\/www.visit-ulcinj.com\/blog\/2013\/11\/23\/interviste-asllan-zenelin-tv-teuta-video\/#webpage\",\"url\":\"https:\/\/www.visit-ulcinj.com\/blog\/2013\/11\/23\/interviste-asllan-zenelin-tv-teuta-video\/\",\"name\":\"Intervist\u00eb me Asllan Zenelin - TV Teuta - Video - Lajme nga Ulqini\",\"isPartOf\":{\"@id\":\"https:\/\/www.visit-ulcinj.com\/blog\/#website\"},\"primaryImageOfPage\":{\"@id\":\"https:\/\/www.visit-ulcinj.com\/blog\/2013\/11\/23\/interviste-asllan-zenelin-tv-teuta-video\/#primaryimage\"},\"datePublished\":\"2013-11-23T19:13:09+00:00\",\"dateModified\":\"2013-11-25T19:19:45+00:00\",\"author\":{\"@id\":\"https:\/\/www.visit-ulcinj.com\/blog\/#\/schema\/person\/dcab619c614d3038751c63bc2aadc06d\"},\"description\":\"Intervist\u00eb me Asllan Zenelin kryetar i USP - dega Ulqin Kryetari i Lidhjes s\u00eb Sindikatave t\u00eb Lira t\u00eb Malit t\u00eb Zi, dega n\u00eb Ulqin, Asllan Zeneli ka reaguar\",\"breadcrumb\":{\"@id\":\"https:\/\/www.visit-ulcinj.com\/blog\/2013\/11\/23\/interviste-asllan-zenelin-tv-teuta-video\/#breadcrumb\"},\"inLanguage\":\"en-US\",\"potentialAction\":[{\"@type\":\"ReadAction\",\"target\":[\"https:\/\/www.visit-ulcinj.com\/blog\/2013\/11\/23\/interviste-asllan-zenelin-tv-teuta-video\/\"]}]},{\"@type\":\"BreadcrumbList\",\"@id\":\"https:\/\/www.visit-ulcinj.com\/blog\/2013\/11\/23\/interviste-asllan-zenelin-tv-teuta-video\/#breadcrumb\",\"itemListElement\":[{\"@type\":\"ListItem\",\"position\":1,\"name\":\"Intervist\u00eb me Asllan Zenelin &#8211; TV Teuta &#8211; Video\"}]},{\"@type\":\"Person\",\"@id\":\"https:\/\/www.visit-ulcinj.com\/blog\/#\/schema\/person\/dcab619c614d3038751c63bc2aadc06d\",\"name\":\"ulqini\",\"sameAs\":[\"http:\/\/www.visit-ulcinj.com\"],\"url\":\"https:\/\/www.visit-ulcinj.com\/blog\/author\/admin\/\"}]}<\/script>\n<!-- \/ Yoast SEO plugin. -->","yoast_head_json":{"title":"Intervist\u00eb me Asllan Zenelin - TV Teuta - Video - Lajme nga Ulqini","description":"Intervist\u00eb me Asllan Zenelin kryetar i USP - dega Ulqin Kryetari i Lidhjes s\u00eb Sindikatave t\u00eb Lira t\u00eb Malit t\u00eb Zi, dega n\u00eb Ulqin, Asllan Zeneli ka reaguar","robots":{"index":"index","follow":"follow","max-snippet":"max-snippet:-1","max-image-preview":"max-image-preview:large","max-video-preview":"max-video-preview:-1"},"canonical":"https:\/\/www.visit-ulcinj.com\/blog\/2013\/11\/23\/interviste-asllan-zenelin-tv-teuta-video\/","og_locale":"en_US","og_type":"article","og_title":"Intervist\u00eb me Asllan Zenelin - TV Teuta - Video - Lajme nga Ulqini","og_description":"Intervist\u00eb me Asllan Zenelin kryetar i USP - dega Ulqin Kryetari i Lidhjes s\u00eb Sindikatave t\u00eb Lira t\u00eb Malit t\u00eb Zi, dega n\u00eb Ulqin, Asllan Zeneli ka reaguar","og_url":"https:\/\/www.visit-ulcinj.com\/blog\/2013\/11\/23\/interviste-asllan-zenelin-tv-teuta-video\/","og_site_name":"Lajme nga Ulqini","article_published_time":"2013-11-23T19:13:09+00:00","article_modified_time":"2013-11-25T19:19:45+00:00","og_image":[{"url":"http:\/\/www.visit-ulcinj.com\/blog\/wp-content\/uploads\/2013\/11\/Asllan-Zeneli-Hatixhe-Nelaj-Interviste-TV-TEUTA.jpg"}],"twitter_misc":{"Written by":"ulqini","Est. reading time":"1 minute"},"schema":{"@context":"https:\/\/schema.org","@graph":[{"@type":"WebSite","@id":"https:\/\/www.visit-ulcinj.com\/blog\/#website","url":"https:\/\/www.visit-ulcinj.com\/blog\/","name":"Lajme nga Ulqini","description":"Lajme,Vijesti,Ulqini,Ulqin,Crna Gora,Mali i Zi","potentialAction":[{"@type":"SearchAction","target":{"@type":"EntryPoint","urlTemplate":"https:\/\/www.visit-ulcinj.com\/blog\/?s={search_term_string}"},"query-input":"required name=search_term_string"}],"inLanguage":"en-US"},{"@type":"ImageObject","inLanguage":"en-US","@id":"https:\/\/www.visit-ulcinj.com\/blog\/2013\/11\/23\/interviste-asllan-zenelin-tv-teuta-video\/#primaryimage","url":"https:\/\/www.visit-ulcinj.com\/blog\/wp-content\/uploads\/2013\/11\/Asllan-Zeneli-Hatixhe-Nelaj-Interviste-TV-TEUTA.jpg","contentUrl":"https:\/\/www.visit-ulcinj.com\/blog\/wp-content\/uploads\/2013\/11\/Asllan-Zeneli-Hatixhe-Nelaj-Interviste-TV-TEUTA.jpg","width":489,"height":373},{"@type":"WebPage","@id":"https:\/\/www.visit-ulcinj.com\/blog\/2013\/11\/23\/interviste-asllan-zenelin-tv-teuta-video\/#webpage","url":"https:\/\/www.visit-ulcinj.com\/blog\/2013\/11\/23\/interviste-asllan-zenelin-tv-teuta-video\/","name":"Intervist\u00eb me Asllan Zenelin - TV Teuta - Video - Lajme nga Ulqini","isPartOf":{"@id":"https:\/\/www.visit-ulcinj.com\/blog\/#website"},"primaryImageOfPage":{"@id":"https:\/\/www.visit-ulcinj.com\/blog\/2013\/11\/23\/interviste-asllan-zenelin-tv-teuta-video\/#primaryimage"},"datePublished":"2013-11-23T19:13:09+00:00","dateModified":"2013-11-25T19:19:45+00:00","author":{"@id":"https:\/\/www.visit-ulcinj.com\/blog\/#\/schema\/person\/dcab619c614d3038751c63bc2aadc06d"},"description":"Intervist\u00eb me Asllan Zenelin kryetar i USP - dega Ulqin Kryetari i Lidhjes s\u00eb Sindikatave t\u00eb Lira t\u00eb Malit t\u00eb Zi, dega n\u00eb Ulqin, Asllan Zeneli ka reaguar","breadcrumb":{"@id":"https:\/\/www.visit-ulcinj.com\/blog\/2013\/11\/23\/interviste-asllan-zenelin-tv-teuta-video\/#breadcrumb"},"inLanguage":"en-US","potentialAction":[{"@type":"ReadAction","target":["https:\/\/www.visit-ulcinj.com\/blog\/2013\/11\/23\/interviste-asllan-zenelin-tv-teuta-video\/"]}]},{"@type":"BreadcrumbList","@id":"https:\/\/www.visit-ulcinj.com\/blog\/2013\/11\/23\/interviste-asllan-zenelin-tv-teuta-video\/#breadcrumb","itemListElement":[{"@type":"ListItem","position":1,"name":"Intervist\u00eb me Asllan Zenelin &#8211; TV Teuta &#8211; Video"}]},{"@type":"Person","@id":"https:\/\/www.visit-ulcinj.com\/blog\/#\/schema\/person\/dcab619c614d3038751c63bc2aadc06d","name":"ulqini","sameAs":["http:\/\/www.visit-ulcinj.com"],"url":"https:\/\/www.visit-ulcinj.com\/blog\/author\/admin\/"}]}},"jetpack_featured_media_url":"","jetpack_sharing_enabled":true,"jetpack_shortlink":"https:\/\/wp.me\/pe6lTn-jTr","_links":{"self":[{"href":"https:\/\/www.visit-ulcinj.com\/blog\/wp-json\/wp\/v2\/posts\/76473"}],"collection":[{"href":"https:\/\/www.visit-ulcinj.com\/blog\/wp-json\/wp\/v2\/posts"}],"about":[{"href":"https:\/\/www.visit-ulcinj.com\/blog\/wp-json\/wp\/v2\/types\/post"}],"author":[{"embeddable":true,"href":"https:\/\/www.visit-ulcinj.com\/blog\/wp-json\/wp\/v2\/users\/1"}],"replies":[{"embeddable":true,"href":"https:\/\/www.visit-ulcinj.com\/blog\/wp-json\/wp\/v2\/comments?post=76473"}],"version-history":[{"count":3,"href":"https:\/\/www.visit-ulcinj.com\/blog\/wp-json\/wp\/v2\/posts\/76473\/revisions"}],"predecessor-version":[{"id":76477,"href":"https:\/\/www.visit-ulcinj.com\/blog\/wp-json\/wp\/v2\/posts\/76473\/revisions\/76477"}],"wp:attachment":[{"href":"https:\/\/www.visit-ulcinj.com\/blog\/wp-json\/wp\/v2\/media?parent=76473"}],"wp:term":[{"taxonomy":"category","embeddable":true,"href":"https:\/\/www.visit-ulcinj.com\/blog\/wp-json\/wp\/v2\/categories?post=76473"},{"taxonomy":"post_tag","embeddable":true,"href":"https:\/\/www.visit-ulcinj.com\/blog\/wp-json\/wp\/v2\/tags?post=76473"}],"curies":[{"name":"wp","href":"https:\/\/api.w.org\/{rel}","templated":true}]}}